{"id":99043,"date":"2019-04-03T12:42:10","date_gmt":"2019-04-03T15:42:10","guid":{"rendered":"https:\/\/www.fraterinternacional.org\/?p=99043"},"modified":"2019-04-03T15:04:06","modified_gmt":"2019-04-03T18:04:06","slug":"juventud-misionera-siembra-espiritu-de-servicio-abnegado-en-la-argentina","status":"publish","type":"post","link":"https:\/\/www.fraterinternacional.org\/es\/juventud-misionera-siembra-espiritu-de-servicio-abnegado-en-la-argentina\/","title":{"rendered":"Juventud Misionera siembra esp\u00edritu de servicio abnegado en la Argentina"},"content":{"rendered":"<p style=\"text-align: justify;\">La <a href=\"https:\/\/juventudepelapaz.org\/es\/\">Juventud Misionera por la Paz<\/a> sigue sembrando el esp\u00edritu de servicio grupal abnegado en la Argentina. Hasta el momento lleva organizadas cinco vivencias misioneras en Buenos Aires y cuatro en C\u00f3rdoba.<\/p>\n<p style=\"text-align: justify;\">El entusiasmo por participar se renueva en cada encuentro y atrae a nuevos voluntarios, quienes, de acuerdo a sus testimonios, finalizan la experiencia con mucha alegr\u00eda y profunda gratitud en el coraz\u00f3n por la oportunidad de servir.<\/p>\n<p style=\"text-align: justify;\"><b><span lang=\"es-419\">Acci\u00f3n ecol\u00f3gica<\/span><\/b><\/p>\n<p style=\"text-align: justify;\"><a href=\"https:\/\/www.fraterinternacional.org\/wp-content\/uploads\/2019\/04\/img_-vivenciaargentina.jpg\"><img decoding=\"async\" class=\"size-medium wp-image-98975 alignleft\" src=\"https:\/\/www.fraterinternacional.org\/wp-content\/uploads\/2019\/04\/img_-vivenciaargentina-300x169.jpg\" alt=\"\" width=\"300\" height=\"169\" srcset=\"https:\/\/www.fraterinternacional.org\/wp-content\/uploads\/2019\/04\/img_-vivenciaargentina-200x112.jpg 200w, https:\/\/www.fraterinternacional.org\/wp-content\/uploads\/2019\/04\/img_-vivenciaargentina-300x169.jpg 300w, https:\/\/www.fraterinternacional.org\/wp-content\/uploads\/2019\/04\/img_-vivenciaargentina-400x225.jpg 400w, https:\/\/www.fraterinternacional.org\/wp-content\/uploads\/2019\/04\/img_-vivenciaargentina-600x337.jpg 600w, https:\/\/www.fraterinternacional.org\/wp-content\/uploads\/2019\/04\/img_-vivenciaargentina.jpg 690w\" sizes=\"(max-width: 300px) 100vw, 300px\" \/><\/a>En la \u00faltima actividad desarrollada en la provincia de Buenos Aires, los participantes dedicaron la tarde del s\u00e1bado 9 de febrero a unir esfuerzos con otros voluntarios del movimiento c\u00edvico \u201cVamos a hacerlo, Argentina\u201d, para limpiar un tramo de la costa del R\u00edo de la Plata, frente a la ciudad de San Isidro. Recolectaron residuos s\u00f3lidos como pl\u00e1sticos, aluminio, vidrio, etc.<\/p>\n<p style=\"text-align: justify;\">\u201cMe impact\u00f3 la cantidad de basura, pero a la vez me alegr\u00f3 ver a tanta gente, sobre todo muchos j\u00f3venes, de distintas organizaciones, unidos y s\u00faperactivos; me qued\u00f3 como una sensaci\u00f3n de esperanza\u201d, coment\u00f3 Constanza Bibolini.<\/p>\n<p style=\"text-align: justify;\">\u201cPas\u00e9 por la experiencia de sentirme tan chiquita porque era tanto lo que hab\u00eda que limpiar, que por momentos parec\u00eda que no ten\u00eda sentido, pero sabemos que s\u00ed lo tiene, demostrar que queremos otra cosa\u201d, afirm\u00f3 Griselda Tortella, quien estuvo con una hija y una sobrina.<\/p>\n<p style=\"font-weight: 400; text-align: justify;\"><a href=\"https:\/\/www.fraterinternacional.org\/wp-content\/uploads\/2019\/04\/img_vivencia-argentina4.jpg\"><img decoding=\"async\" class=\"size-medium wp-image-98970 alignright\" src=\"https:\/\/www.fraterinternacional.org\/wp-content\/uploads\/2019\/04\/img_vivencia-argentina4-300x169.jpg\" alt=\"\" width=\"300\" height=\"169\" srcset=\"https:\/\/www.fraterinternacional.org\/wp-content\/uploads\/2019\/04\/img_vivencia-argentina4-200x112.jpg 200w, https:\/\/www.fraterinternacional.org\/wp-content\/uploads\/2019\/04\/img_vivencia-argentina4-300x169.jpg 300w, https:\/\/www.fraterinternacional.org\/wp-content\/uploads\/2019\/04\/img_vivencia-argentina4-400x225.jpg 400w, https:\/\/www.fraterinternacional.org\/wp-content\/uploads\/2019\/04\/img_vivencia-argentina4-600x337.jpg 600w, https:\/\/www.fraterinternacional.org\/wp-content\/uploads\/2019\/04\/img_vivencia-argentina4.jpg 690w\" sizes=\"(max-width: 300px) 100vw, 300px\" \/><\/a>\u201cUno sabe que est\u00e1 todo contaminado, pero cuando empieza a limpiar comienza a tomar consciencia plena de lo que realmente pasa\u201d, dijo, a su vez, Carlos Carambia.<\/p>\n<p style=\"font-weight: 400; text-align: justify;\">El domingo 10, el grupo pas\u00f3 el d\u00eda colaborando en el Para\u00edso de los Animales, un refugio ubicado en la localidad de General Rodr\u00edguez.<\/p>\n<p style=\"font-weight: 400; text-align: justify;\"><b><span lang=\"es-419\">Alimentaci\u00f3n consciente<\/span><\/b><\/p>\n<p style=\"font-weight: 400; text-align: justify;\">D\u00edas antes, entre el 25 y el 27 de enero, el grupo joven de Buenos Aires vivi\u00f3 el cuarto encuentro de la Juventud Misionera por la Paz.<\/p>\n<p style=\"font-weight: 400; text-align: justify;\">El primer d\u00eda organiz\u00f3 el segundo taller de alimentaci\u00f3n consciente, el cual, fue abierto a todos los interesados y atrajo a varias personas nuevas. Tuvo una din\u00e1mica bastante participativa y varios de los presentes aportaron informaciones que enriquecieron el contenido del evento.<\/p>\n<p style=\"font-weight: 400; text-align: justify;\">El s\u00e1bado 26, el grupo se traslad\u00f3 al \u201cHogar Don de Mar\u00eda\u201d de las Misioneras de la Caridad, en Beccar, zona norte del Gran Buenos Aires. All\u00ed, las hermanas tienen dos frentes de servicio: un hogar femenino para personas con discapacidad f\u00edsica y mental en situaci\u00f3n de abandono y un comedor comunitario masculino.<\/p>\n<p style=\"font-weight: 400; text-align: justify;\">En el hogar femenino se brind\u00f3 compa\u00f1\u00eda a las internas, se ayud\u00f3 en la limpieza, en la preparaci\u00f3n de la comida y en varias reparaciones en la casa.<\/p>\n<p style=\"font-weight: 400; text-align: justify;\">En el comedor comunitario, se ayud\u00f3 en la preparaci\u00f3n de la comida y atenci\u00f3n de los usuarios, y posteriormente uno de los voluntarios repar\u00f3 dos cocinas y una estufa.<\/p>\n<p style=\"font-weight: 400; text-align: justify;\">El domingo 27 hubo una visita a los abuelos del geri\u00e1trico San Jorge, en Lan\u00fas, donde se comparti\u00f3 el desayuno y algunas actividades f\u00edsicas moderadas, como yoga en silla.<\/p>\n<p style=\"font-weight: 400; text-align: justify;\"><b><span lang=\"es-419\">La juventud en C\u00f3rdoba<\/span><\/b><\/p>\n<p style=\"font-weight: 400; text-align: justify;\"><a href=\"https:\/\/www.fraterinternacional.org\/wp-content\/uploads\/2019\/04\/img_vivencia-argentina3.jpg\"><img decoding=\"async\" class=\"size-medium wp-image-98982 alignleft\" src=\"https:\/\/www.fraterinternacional.org\/wp-content\/uploads\/2019\/04\/img_vivencia-argentina3-300x169.jpg\" alt=\"\" width=\"300\" height=\"169\" srcset=\"https:\/\/www.fraterinternacional.org\/wp-content\/uploads\/2019\/04\/img_vivencia-argentina3-200x112.jpg 200w, https:\/\/www.fraterinternacional.org\/wp-content\/uploads\/2019\/04\/img_vivencia-argentina3-300x169.jpg 300w, https:\/\/www.fraterinternacional.org\/wp-content\/uploads\/2019\/04\/img_vivencia-argentina3-400x225.jpg 400w, https:\/\/www.fraterinternacional.org\/wp-content\/uploads\/2019\/04\/img_vivencia-argentina3-600x337.jpg 600w, https:\/\/www.fraterinternacional.org\/wp-content\/uploads\/2019\/04\/img_vivencia-argentina3.jpg 690w\" sizes=\"(max-width: 300px) 100vw, 300px\" \/><\/a>En C\u00f3rdoba, las \u00faltimas jornadas estuvieron dedicadas al Reino Animal. Se realizaron los fines de semana del 15\/16 de diciembre de 2018 y del 16\/17 de febrero de 2019. En ambas ocasiones, el primer d\u00eda transcurri\u00f3 en el refugio canino municipal \u201cRevivir\u201d, localizado en Villa Allende (20 km al noroeste de la ciudad de C\u00f3rdoba), mientras que el segundo, en el refugio equino Fundaci\u00f3n \u201cSin estribos\u201d, en R\u00edo Ceballos (33 km al noroeste de la capital provincial).<\/p>\n<p style=\"font-weight: 400; text-align: justify;\"><span lang=\"es-419\">En ambos eventos se congregaron miembros de\u00a0<\/span><span lang=\"ES-AR\">la Red Misionera Planetaria, de la Red-Luz, de la <a href=\"https:\/\/www.fraterinternacional.org\/es\/comunidades-luz\/\">Comunidad-Luz de la Hermandad<\/a> y de la <a href=\"https:\/\/www.fraterinternacional.org\/es\/asociaciones-religiosas\/\">Orden Gracia Misericordia.<\/a><\/span><\/p>\n<p style=\"font-weight: 400; text-align: justify;\">En el refugio \u201cSin Estribos\u201d, espacio que rescata y rehabilita caballos maltratados y abandonados, se realizaron limpieza de establos, recolecci\u00f3n de abono, desmalezado y almacenamiento de fardos de paja. En la vivencia de febrero, los j\u00f3venes profundizaron el contacto con los animales, ya que por primera vez pudieron sacarlos a pasear hasta un r\u00edo cercano y aprendieron a curarles algunas heridas.<\/p>\n<p style=\"font-weight: 400; text-align: justify;\"><a href=\"https:\/\/www.fraterinternacional.org\/wp-content\/uploads\/2019\/04\/img_vivencia-argentina5.jpg\"><img decoding=\"async\" class=\"size-medium wp-image-98978 alignright\" src=\"https:\/\/www.fraterinternacional.org\/wp-content\/uploads\/2019\/04\/img_vivencia-argentina5-300x169.jpg\" alt=\"\" width=\"300\" height=\"169\" srcset=\"https:\/\/www.fraterinternacional.org\/wp-content\/uploads\/2019\/04\/img_vivencia-argentina5-200x112.jpg 200w, https:\/\/www.fraterinternacional.org\/wp-content\/uploads\/2019\/04\/img_vivencia-argentina5-300x169.jpg 300w, https:\/\/www.fraterinternacional.org\/wp-content\/uploads\/2019\/04\/img_vivencia-argentina5-400x225.jpg 400w, https:\/\/www.fraterinternacional.org\/wp-content\/uploads\/2019\/04\/img_vivencia-argentina5-600x337.jpg 600w, https:\/\/www.fraterinternacional.org\/wp-content\/uploads\/2019\/04\/img_vivencia-argentina5.jpg 690w\" sizes=\"(max-width: 300px) 100vw, 300px\" \/><\/a>En el canil, que alberga a m\u00e1s de 200 perros abandonados, la tarea consisti\u00f3 en limpiar y mejorar la infraestructura existente, desmalezar la entrada del local y sacar a pasear a los animales.<\/p>\n<p style=\"font-weight: 400; text-align: justify;\">Para m\u00e1s informaciones sobre las Vivencias de la Juventud Misionera por la Paz, tanto en Buenos Aires como en C\u00f3rdoba, se puede contactar al correo:<\/p>\n<p style=\"font-weight: 400; text-align: justify;\"><b><strong><a href=\"mailto:mision.humanitaria.argentina@gmail.com\">mision.humanitaria.argentina@gmail.com<\/a><\/strong><\/b><\/p>\n<p>&nbsp;<\/p>\n<p style=\"font-weight: 400;\">\n","protected":false},"excerpt":{"rendered":"<p>La Juventud Misionera por la Paz sigue sembrando el esp\u00edritu de servicio grupal abnegado en la Argentina. Hasta el momento [&hellip;]<\/p>\n","protected":false},"author":40,"featured_media":98984,"comment_status":"closed","ping_status":"closed","sticky":false,"template":"","format":"standard","meta":{"footnotes":""},"categories":[173],"tags":[4115],"class_list":["post-99043","post","type-post","status-publish","format-standard","has-post-thumbnail","hentry","category-noticia","tag-juventud-por-la-paz"],"yoast_head":"<!-- This site is optimized with the Yoast SEO Premium plugin v21.0 (Yoast SEO v21.0) - https:\/\/yoast.com\/wordpress\/plugins\/seo\/ -->\n<title>Juventud Misionera siembra esp\u00edritu de servicio abnegado en la Argentina -<\/title>\n<meta name=\"description\" content=\"La Juventud por la Paz regala amor en refugios animales, asilos, comedores y en actividades compartidas con otras organizaciones c\u00edvicas.\" \/>\n<meta name=\"robots\" content=\"index, follow, max-snippet:-1, max-image-preview:large, max-video-preview:-1\" \/>\n<link rel=\"canonical\" href=\"https:\/\/www.fraterinternacional.org\/es\/juventud-misionera-siembra-espiritu-de-servicio-abnegado-en-la-argentina\/\" \/>\n<meta property=\"og:locale\" content=\"es_ES\" \/>\n<meta property=\"og:type\" content=\"article\" \/>\n<meta property=\"og:title\" content=\"Juventud Misionera siembra esp\u00edritu de servicio abnegado en la Argentina\" \/>\n<meta property=\"og:description\" content=\"La Juventud por la Paz regala amor en refugios animales, asilos, comedores y en actividades compartidas con otras organizaciones c\u00edvicas.\" \/>\n<meta property=\"og:url\" content=\"https:\/\/www.fraterinternacional.org\/es\/juventud-misionera-siembra-espiritu-de-servicio-abnegado-en-la-argentina\/\" \/>\n<meta property=\"og:site_name\" content=\"Fraternidade - Federa\u00e7\u00e3o Humanit\u00e1ria Internacional\" \/>\n<meta property=\"article:publisher\" content=\"https:\/\/www.facebook.com\/fraternidadehumanitaria\" \/>\n<meta property=\"article:published_time\" content=\"2019-04-03T15:42:10+00:00\" \/>\n<meta property=\"article:modified_time\" content=\"2019-04-03T18:04:06+00:00\" \/>\n<meta property=\"og:image\" content=\"https:\/\/www.fraterinternacional.org\/wp-content\/uploads\/2019\/04\/img_vivencia-argentina3.jpg\" \/>\n\t<meta property=\"og:image:width\" content=\"690\" \/>\n\t<meta property=\"og:image:height\" content=\"388\" \/>\n\t<meta property=\"og:image:type\" content=\"image\/jpeg\" \/>\n<meta name=\"author\" content=\"Maria Clara\" \/>\n<meta name=\"twitter:card\" content=\"summary_large_image\" \/>\n<meta name=\"twitter:creator\" content=\"@fraternidadeFHI\" \/>\n<meta name=\"twitter:site\" content=\"@fraternidadeFHI\" \/>\n<meta name=\"twitter:label1\" content=\"Escrito por\" \/>\n\t<meta name=\"twitter:data1\" content=\"Maria Clara\" \/>\n\t<meta name=\"twitter:label2\" content=\"Tiempo de lectura\" \/>\n\t<meta name=\"twitter:data2\" content=\"4 minutos\" \/>\n<script type=\"application\/ld+json\" class=\"yoast-schema-graph\">{\"@context\":\"https:\/\/schema.org\",\"@graph\":[{\"@type\":\"WebPage\",\"@id\":\"https:\/\/www.fraterinternacional.org\/es\/juventud-misionera-siembra-espiritu-de-servicio-abnegado-en-la-argentina\/\",\"url\":\"https:\/\/www.fraterinternacional.org\/es\/juventud-misionera-siembra-espiritu-de-servicio-abnegado-en-la-argentina\/\",\"name\":\"Juventud Misionera siembra esp\u00edritu de servicio abnegado en la Argentina -\",\"isPartOf\":{\"@id\":\"https:\/\/www.fraterinternacional.org\/es\/#website\"},\"datePublished\":\"2019-04-03T15:42:10+00:00\",\"dateModified\":\"2019-04-03T18:04:06+00:00\",\"author\":{\"@id\":\"https:\/\/www.fraterinternacional.org\/es\/#\/schema\/person\/f590d67ca2cf1eb46cae07e5e40750ab\"},\"description\":\"La Juventud por la Paz regala amor en refugios animales, asilos, comedores y en actividades compartidas con otras organizaciones c\u00edvicas.\",\"breadcrumb\":{\"@id\":\"https:\/\/www.fraterinternacional.org\/es\/juventud-misionera-siembra-espiritu-de-servicio-abnegado-en-la-argentina\/#breadcrumb\"},\"inLanguage\":\"es\",\"potentialAction\":[{\"@type\":\"ReadAction\",\"target\":[\"https:\/\/www.fraterinternacional.org\/es\/juventud-misionera-siembra-espiritu-de-servicio-abnegado-en-la-argentina\/\"]}]},{\"@type\":\"BreadcrumbList\",\"@id\":\"https:\/\/www.fraterinternacional.org\/es\/juventud-misionera-siembra-espiritu-de-servicio-abnegado-en-la-argentina\/#breadcrumb\",\"itemListElement\":[{\"@type\":\"ListItem\",\"position\":1,\"name\":\"In\u00edcio\",\"item\":\"https:\/\/www.fraterinternacional.org\/es\/\"},{\"@type\":\"ListItem\",\"position\":2,\"name\":\"Juventud Misionera siembra esp\u00edritu de servicio abnegado en la Argentina\"}]},{\"@type\":\"WebSite\",\"@id\":\"https:\/\/www.fraterinternacional.org\/es\/#website\",\"url\":\"https:\/\/www.fraterinternacional.org\/es\/\",\"name\":\"Fraternidade - Federa\u00e7\u00e3o Humanit\u00e1ria Internacional\",\"description\":\"Fraternidade - Federa\u00e7\u00e3o Humanit\u00e1ria Internacional\",\"potentialAction\":[{\"@type\":\"SearchAction\",\"target\":{\"@type\":\"EntryPoint\",\"urlTemplate\":\"https:\/\/www.fraterinternacional.org\/es\/?s={search_term_string}\"},\"query-input\":\"required name=search_term_string\"}],\"inLanguage\":\"es\"},{\"@type\":\"Person\",\"@id\":\"https:\/\/www.fraterinternacional.org\/es\/#\/schema\/person\/f590d67ca2cf1eb46cae07e5e40750ab\",\"name\":\"Maria Clara\"}]}<\/script>\n<!-- \/ Yoast SEO Premium plugin. -->","yoast_head_json":{"title":"Juventud Misionera siembra esp\u00edritu de servicio abnegado en la Argentina -","description":"La Juventud por la Paz regala amor en refugios animales, asilos, comedores y en actividades compartidas con otras organizaciones c\u00edvicas.","robots":{"index":"index","follow":"follow","max-snippet":"max-snippet:-1","max-image-preview":"max-image-preview:large","max-video-preview":"max-video-preview:-1"},"canonical":"https:\/\/www.fraterinternacional.org\/es\/juventud-misionera-siembra-espiritu-de-servicio-abnegado-en-la-argentina\/","og_locale":"es_ES","og_type":"article","og_title":"Juventud Misionera siembra esp\u00edritu de servicio abnegado en la Argentina","og_description":"La Juventud por la Paz regala amor en refugios animales, asilos, comedores y en actividades compartidas con otras organizaciones c\u00edvicas.","og_url":"https:\/\/www.fraterinternacional.org\/es\/juventud-misionera-siembra-espiritu-de-servicio-abnegado-en-la-argentina\/","og_site_name":"Fraternidade - Federa\u00e7\u00e3o Humanit\u00e1ria Internacional","article_publisher":"https:\/\/www.facebook.com\/fraternidadehumanitaria","article_published_time":"2019-04-03T15:42:10+00:00","article_modified_time":"2019-04-03T18:04:06+00:00","og_image":[{"width":690,"height":388,"url":"https:\/\/www.fraterinternacional.org\/wp-content\/uploads\/2019\/04\/img_vivencia-argentina3.jpg","type":"image\/jpeg"}],"author":"Maria Clara","twitter_card":"summary_large_image","twitter_creator":"@fraternidadeFHI","twitter_site":"@fraternidadeFHI","twitter_misc":{"Escrito por":"Maria Clara","Tiempo de lectura":"4 minutos"},"schema":{"@context":"https:\/\/schema.org","@graph":[{"@type":"WebPage","@id":"https:\/\/www.fraterinternacional.org\/es\/juventud-misionera-siembra-espiritu-de-servicio-abnegado-en-la-argentina\/","url":"https:\/\/www.fraterinternacional.org\/es\/juventud-misionera-siembra-espiritu-de-servicio-abnegado-en-la-argentina\/","name":"Juventud Misionera siembra esp\u00edritu de servicio abnegado en la Argentina -","isPartOf":{"@id":"https:\/\/www.fraterinternacional.org\/es\/#website"},"datePublished":"2019-04-03T15:42:10+00:00","dateModified":"2019-04-03T18:04:06+00:00","author":{"@id":"https:\/\/www.fraterinternacional.org\/es\/#\/schema\/person\/f590d67ca2cf1eb46cae07e5e40750ab"},"description":"La Juventud por la Paz regala amor en refugios animales, asilos, comedores y en actividades compartidas con otras organizaciones c\u00edvicas.","breadcrumb":{"@id":"https:\/\/www.fraterinternacional.org\/es\/juventud-misionera-siembra-espiritu-de-servicio-abnegado-en-la-argentina\/#breadcrumb"},"inLanguage":"es","potentialAction":[{"@type":"ReadAction","target":["https:\/\/www.fraterinternacional.org\/es\/juventud-misionera-siembra-espiritu-de-servicio-abnegado-en-la-argentina\/"]}]},{"@type":"BreadcrumbList","@id":"https:\/\/www.fraterinternacional.org\/es\/juventud-misionera-siembra-espiritu-de-servicio-abnegado-en-la-argentina\/#breadcrumb","itemListElement":[{"@type":"ListItem","position":1,"name":"In\u00edcio","item":"https:\/\/www.fraterinternacional.org\/es\/"},{"@type":"ListItem","position":2,"name":"Juventud Misionera siembra esp\u00edritu de servicio abnegado en la Argentina"}]},{"@type":"WebSite","@id":"https:\/\/www.fraterinternacional.org\/es\/#website","url":"https:\/\/www.fraterinternacional.org\/es\/","name":"Fraternidade - Federa\u00e7\u00e3o Humanit\u00e1ria Internacional","description":"Fraternidade - Federa\u00e7\u00e3o Humanit\u00e1ria Internacional","potentialAction":[{"@type":"SearchAction","target":{"@type":"EntryPoint","urlTemplate":"https:\/\/www.fraterinternacional.org\/es\/?s={search_term_string}"},"query-input":"required name=search_term_string"}],"inLanguage":"es"},{"@type":"Person","@id":"https:\/\/www.fraterinternacional.org\/es\/#\/schema\/person\/f590d67ca2cf1eb46cae07e5e40750ab","name":"Maria Clara"}]}},"_links":{"self":[{"href":"https:\/\/www.fraterinternacional.org\/es\/wp-json\/wp\/v2\/posts\/99043"}],"collection":[{"href":"https:\/\/www.fraterinternacional.org\/es\/wp-json\/wp\/v2\/posts"}],"about":[{"href":"https:\/\/www.fraterinternacional.org\/es\/wp-json\/wp\/v2\/types\/post"}],"author":[{"embeddable":true,"href":"https:\/\/www.fraterinternacional.org\/es\/wp-json\/wp\/v2\/users\/40"}],"replies":[{"embeddable":true,"href":"https:\/\/www.fraterinternacional.org\/es\/wp-json\/wp\/v2\/comments?post=99043"}],"version-history":[{"count":0,"href":"https:\/\/www.fraterinternacional.org\/es\/wp-json\/wp\/v2\/posts\/99043\/revisions"}],"wp:featuredmedia":[{"embeddable":true,"href":"https:\/\/www.fraterinternacional.org\/es\/wp-json\/wp\/v2\/media\/98984"}],"wp:attachment":[{"href":"https:\/\/www.fraterinternacional.org\/es\/wp-json\/wp\/v2\/media?parent=99043"}],"wp:term":[{"taxonomy":"category","embeddable":true,"href":"https:\/\/www.fraterinternacional.org\/es\/wp-json\/wp\/v2\/categories?post=99043"},{"taxonomy":"post_tag","embeddable":true,"href":"https:\/\/www.fraterinternacional.org\/es\/wp-json\/wp\/v2\/tags?post=99043"}],"curies":[{"name":"wp","href":"https:\/\/api.w.org\/{rel}","templated":true}]}}