{"id":98900,"date":"2019-03-28T11:44:52","date_gmt":"2019-03-28T14:44:52","guid":{"rendered":"https:\/\/www.fraterinternacional.org\/?p=98900"},"modified":"2019-03-28T11:44:52","modified_gmt":"2019-03-28T14:44:52","slug":"musica-para-la-cura-y-elevacion-de-la-humanidad-mceh-presentaralo-mejor-del-2018","status":"publish","type":"post","link":"https:\/\/www.fraterinternacional.org\/es\/musica-para-la-cura-y-elevacion-de-la-humanidad-mceh-presentaralo-mejor-del-2018\/","title":{"rendered":"M\u00fasica para la Cura y Elevaci\u00f3n de la Humanidad (MCEH)  presentar\u00e1:\u201cLo Mejor del 2018\u201d"},"content":{"rendered":"<blockquote>\n<p style=\"font-weight: 400; text-align: justify;\">Los meses de marzo y abril estar\u00e1n inundados de la energ\u00eda musical de Cura y Elevaci\u00f3n de la Humanidad a trav\u00e9s de dos programas especiales que presentar\u00e1n\u00a0 \u201cLo Mejor del 2018\u201d.<\/p>\n<\/blockquote>\n<p style=\"font-weight: 400; text-align: justify;\">Cada mes el programa tendr\u00e1 una cuidadosa compilaci\u00f3n, a cargo del equipo de producci\u00f3n. Desde el mes \u00a0de mayo, de manera renovada, comenzar\u00e1n las transmisiones en vivo.<\/p>\n<p style=\"font-weight: 400; text-align: justify;\">As\u00ed, el pr\u00f3ximo 23 de marzo, a trav\u00e9s de Misericordia Mar\u00eda TV, se emitir\u00e1 el primer programa especial de M\u00fasica para la Cura y Elevaci\u00f3n de la Humanidad, donde\u00a0 podremos apreciar, nuevamente, momentos destacados e inolvidables del pasado 2018.<\/p>\n<p style=\"font-weight: 400; text-align: justify;\">Tambi\u00e9n ser\u00e1 una oportunidad imperdible para quienes, por desconocimiento u otra raz\u00f3n, no pudieron acompa\u00f1ar el ciclo pasado del programa.<\/p>\n<h3 style=\"font-weight: 400; text-align: center;\">Nueva temporada<\/h3>\n<p style=\"font-weight: 400; text-align: justify;\"><a href=\"https:\/\/www.fraterinternacional.org\/wp-content\/uploads\/2019\/03\/MCEH-img02.jpg\"><img decoding=\"async\" class=\"size-medium wp-image-98813 alignleft\" src=\"https:\/\/www.fraterinternacional.org\/wp-content\/uploads\/2019\/03\/MCEH-img02-300x169.jpg\" alt=\"M\u00fasica para a Cura e eleva\u00e7\u00e3o da Humanidade (MCEH) \" width=\"300\" height=\"169\" srcset=\"https:\/\/www.fraterinternacional.org\/wp-content\/uploads\/2019\/03\/MCEH-img02-200x112.jpg 200w, https:\/\/www.fraterinternacional.org\/wp-content\/uploads\/2019\/03\/MCEH-img02-300x169.jpg 300w, https:\/\/www.fraterinternacional.org\/wp-content\/uploads\/2019\/03\/MCEH-img02-400x225.jpg 400w, https:\/\/www.fraterinternacional.org\/wp-content\/uploads\/2019\/03\/MCEH-img02-600x337.jpg 600w, https:\/\/www.fraterinternacional.org\/wp-content\/uploads\/2019\/03\/MCEH-img02.jpg 690w\" sizes=\"(max-width: 300px) 100vw, 300px\" \/><\/a>La propuesta musical ser\u00e1 m\u00e1s ecum\u00e9nica, informa fray Benedetto, monje de la Orden Gracia Misericordia, quien es el director musical de (MCEH), y se basa en una renovaci\u00f3n considerable del programa que\u00a0 contemplar\u00e1 \u201cdiversas formas de m\u00fasica devocional, desde el g\u00e9nero cl\u00e1sico expresado en una pieza para misa de Ha\u00ebndel por ejemplo, hasta un Gospel, o bien podr\u00eda ser la m\u00fasica ra\u00edz, m\u00fasica folkl\u00f3rica\u00a0 que evidencie la devoci\u00f3n\u201d explica fray Benedetto.<\/p>\n<p style=\"font-weight: 400; text-align: justify;\">Este programa siempre ha incluido en su repertorio composiciones musicales elaboradas\u00a0 por miembros de las Corales de las Comunidades-Luz, los que de manera altruista entregan las mismas como una ofrenda de servicio. Al respecto fray Benedetto se\u00f1ala lo siguiente: \u201cla nueva temporada seguir\u00e1 incluyendo piezas de la autor\u00eda de los miembros de las Corales de las Comunidades-Luz\u201d.<\/p>\n<p style=\"font-weight: 400; text-align: justify;\">\u201cNuestro grupo vive esa entrega de servicio, a trav\u00e9s de la m\u00fasica, del sonido, contribuyendo de esta manera al desarrollo de programas que mantengan, en esencia, un repertorio de m\u00fasica que eleve y cure\u201d.<\/p>\n<h3 style=\"font-weight: 400; text-align: center;\">Invitaci\u00f3n ecum\u00e9nica<\/h3>\n<p style=\"font-weight: 400; text-align: justify;\"><b>\u201c<\/b>Cada tipo de m\u00fasica expresa un aspecto de la creaci\u00f3n universal y eso se deber\u00e1 reflejar de alguna manera en el programa\u201d.<\/p>\n<p style=\"font-weight: 400; text-align: justify;\"><a href=\"https:\/\/www.fraterinternacional.org\/wp-content\/uploads\/2019\/03\/MCEH-img01.jpg\"><img decoding=\"async\" class=\"size-medium wp-image-98810 alignright\" src=\"https:\/\/www.fraterinternacional.org\/wp-content\/uploads\/2019\/03\/MCEH-img01-300x169.jpg\" alt=\"\" width=\"300\" height=\"169\" srcset=\"https:\/\/www.fraterinternacional.org\/wp-content\/uploads\/2019\/03\/MCEH-img01-200x112.jpg 200w, https:\/\/www.fraterinternacional.org\/wp-content\/uploads\/2019\/03\/MCEH-img01-300x169.jpg 300w, https:\/\/www.fraterinternacional.org\/wp-content\/uploads\/2019\/03\/MCEH-img01-400x225.jpg 400w, https:\/\/www.fraterinternacional.org\/wp-content\/uploads\/2019\/03\/MCEH-img01-600x337.jpg 600w, https:\/\/www.fraterinternacional.org\/wp-content\/uploads\/2019\/03\/MCEH-img01.jpg 690w\" sizes=\"(max-width: 300px) 100vw, 300px\" \/><\/a>El equipo de M\u00fasica para la Cura y Elevaci\u00f3n de la Humanidad invita a m\u00fasicos, int\u00e9rpretes, instrumentistas, personas con alg\u00fan tipo de vivencia musical de todos los g\u00e9neros a formar parte de esta experiencia ecum\u00e9nica. El prop\u00f3sito es transitar por todas las vertientes de la m\u00fasica y, unidos, permitirse ser un canal para despertar\u00a0 en las almas atributos como la esperanza, la alegr\u00eda y el verdadero amor.<\/p>\n<p style=\"font-weight: 400;\">Si desea m\u00e1s informaci\u00f3n contacte:<\/p>\n<p><a href=\"https:\/\/www.fraterinternacional.org\/musica-como-elevacao\/\">https:\/\/www.fraterinternacional.org\/musica-como-elevacao\/<\/a><\/p>\n<p><a href=\"mailto:secretaria@comunidadefigueira.org.br\">secretaria@comunidadefigueira.org.br<\/a><\/p>\n<p><a href=\"https:\/\/www.misericordiamariatv.org\/\">https:\/\/www.misericordiamariatv.org\/<\/a><\/p>\n","protected":false},"excerpt":{"rendered":"<p>Los meses de marzo y abril estar\u00e1n inundados de la energ\u00eda musical de Cura y Elevaci\u00f3n de la Humanidad a [&hellip;]<\/p>\n","protected":false},"author":40,"featured_media":98809,"comment_status":"closed","ping_status":"closed","sticky":false,"template":"","format":"standard","meta":{"footnotes":""},"categories":[173],"tags":[197],"class_list":["post-98900","post","type-post","status-publish","format-standard","has-post-thumbnail","hentry","category-noticia","tag-la-musica-como-elevacion"],"yoast_head":"<!-- This site is optimized with the Yoast SEO Premium plugin v21.0 (Yoast SEO v21.0) - https:\/\/yoast.com\/wordpress\/plugins\/seo\/ -->\n<title>M\u00fasica para la Cura y Elevaci\u00f3n de la Humanidad (MCEH) presentar\u00e1:\u201cLo Mejor del 2018\u201d -<\/title>\n<meta name=\"description\" content=\"se retransmitir\u00e1n dos programas especiales \u201cLo mejor del 2018\u201dde MPCEH. El programa iniciar\u00e1 en mayo su nueva temporada con una propuesta ecum\u00e9nica.\" \/>\n<meta name=\"robots\" content=\"index, follow, max-snippet:-1, max-image-preview:large, max-video-preview:-1\" \/>\n<link rel=\"canonical\" href=\"https:\/\/www.fraterinternacional.org\/es\/musica-para-la-cura-y-elevacion-de-la-humanidad-mceh-presentaralo-mejor-del-2018\/\" \/>\n<meta property=\"og:locale\" content=\"es_ES\" \/>\n<meta property=\"og:type\" content=\"article\" \/>\n<meta property=\"og:title\" content=\"M\u00fasica para la Cura y Elevaci\u00f3n de la Humanidad (MCEH) presentar\u00e1:\u201cLo Mejor del 2018\u201d\" \/>\n<meta property=\"og:description\" content=\"se retransmitir\u00e1n dos programas especiales \u201cLo mejor del 2018\u201dde MPCEH. El programa iniciar\u00e1 en mayo su nueva temporada con una propuesta ecum\u00e9nica.\" \/>\n<meta property=\"og:url\" content=\"https:\/\/www.fraterinternacional.org\/es\/musica-para-la-cura-y-elevacion-de-la-humanidad-mceh-presentaralo-mejor-del-2018\/\" \/>\n<meta property=\"og:site_name\" content=\"Fraternidade - Federa\u00e7\u00e3o Humanit\u00e1ria Internacional\" \/>\n<meta property=\"article:publisher\" content=\"https:\/\/www.facebook.com\/fraternidadehumanitaria\" \/>\n<meta property=\"article:published_time\" content=\"2019-03-28T14:44:52+00:00\" \/>\n<meta property=\"og:image\" content=\"https:\/\/www.fraterinternacional.org\/wp-content\/uploads\/2019\/03\/mchh-capa.jpg\" \/>\n\t<meta property=\"og:image:width\" content=\"690\" \/>\n\t<meta property=\"og:image:height\" content=\"388\" \/>\n\t<meta property=\"og:image:type\" content=\"image\/jpeg\" \/>\n<meta name=\"author\" content=\"Maria Clara\" \/>\n<meta name=\"twitter:card\" content=\"summary_large_image\" \/>\n<meta name=\"twitter:creator\" content=\"@fraternidadeFHI\" \/>\n<meta name=\"twitter:site\" content=\"@fraternidadeFHI\" \/>\n<meta name=\"twitter:label1\" content=\"Escrito por\" \/>\n\t<meta name=\"twitter:data1\" content=\"Maria Clara\" \/>\n\t<meta name=\"twitter:label2\" content=\"Tiempo de lectura\" \/>\n\t<meta name=\"twitter:data2\" content=\"2 minutos\" \/>\n<script type=\"application\/ld+json\" class=\"yoast-schema-graph\">{\"@context\":\"https:\/\/schema.org\",\"@graph\":[{\"@type\":\"WebPage\",\"@id\":\"https:\/\/www.fraterinternacional.org\/es\/musica-para-la-cura-y-elevacion-de-la-humanidad-mceh-presentaralo-mejor-del-2018\/\",\"url\":\"https:\/\/www.fraterinternacional.org\/es\/musica-para-la-cura-y-elevacion-de-la-humanidad-mceh-presentaralo-mejor-del-2018\/\",\"name\":\"M\u00fasica para la Cura y Elevaci\u00f3n de la Humanidad (MCEH) presentar\u00e1:\u201cLo Mejor del 2018\u201d -\",\"isPartOf\":{\"@id\":\"https:\/\/www.fraterinternacional.org\/es\/#website\"},\"datePublished\":\"2019-03-28T14:44:52+00:00\",\"dateModified\":\"2019-03-28T14:44:52+00:00\",\"author\":{\"@id\":\"https:\/\/www.fraterinternacional.org\/es\/#\/schema\/person\/f590d67ca2cf1eb46cae07e5e40750ab\"},\"description\":\"se retransmitir\u00e1n dos programas especiales \u201cLo mejor del 2018\u201dde MPCEH. El programa iniciar\u00e1 en mayo su nueva temporada con una propuesta ecum\u00e9nica.\",\"breadcrumb\":{\"@id\":\"https:\/\/www.fraterinternacional.org\/es\/musica-para-la-cura-y-elevacion-de-la-humanidad-mceh-presentaralo-mejor-del-2018\/#breadcrumb\"},\"inLanguage\":\"es\",\"potentialAction\":[{\"@type\":\"ReadAction\",\"target\":[\"https:\/\/www.fraterinternacional.org\/es\/musica-para-la-cura-y-elevacion-de-la-humanidad-mceh-presentaralo-mejor-del-2018\/\"]}]},{\"@type\":\"BreadcrumbList\",\"@id\":\"https:\/\/www.fraterinternacional.org\/es\/musica-para-la-cura-y-elevacion-de-la-humanidad-mceh-presentaralo-mejor-del-2018\/#breadcrumb\",\"itemListElement\":[{\"@type\":\"ListItem\",\"position\":1,\"name\":\"In\u00edcio\",\"item\":\"https:\/\/www.fraterinternacional.org\/es\/\"},{\"@type\":\"ListItem\",\"position\":2,\"name\":\"M\u00fasica para la Cura y Elevaci\u00f3n de la Humanidad (MCEH) presentar\u00e1:\u201cLo Mejor del 2018\u201d\"}]},{\"@type\":\"WebSite\",\"@id\":\"https:\/\/www.fraterinternacional.org\/es\/#website\",\"url\":\"https:\/\/www.fraterinternacional.org\/es\/\",\"name\":\"Fraternidade - Federa\u00e7\u00e3o Humanit\u00e1ria Internacional\",\"description\":\"Fraternidade - Federa\u00e7\u00e3o Humanit\u00e1ria Internacional\",\"potentialAction\":[{\"@type\":\"SearchAction\",\"target\":{\"@type\":\"EntryPoint\",\"urlTemplate\":\"https:\/\/www.fraterinternacional.org\/es\/?s={search_term_string}\"},\"query-input\":\"required name=search_term_string\"}],\"inLanguage\":\"es\"},{\"@type\":\"Person\",\"@id\":\"https:\/\/www.fraterinternacional.org\/es\/#\/schema\/person\/f590d67ca2cf1eb46cae07e5e40750ab\",\"name\":\"Maria Clara\"}]}<\/script>\n<!-- \/ Yoast SEO Premium plugin. -->","yoast_head_json":{"title":"M\u00fasica para la Cura y Elevaci\u00f3n de la Humanidad (MCEH) presentar\u00e1:\u201cLo Mejor del 2018\u201d -","description":"se retransmitir\u00e1n dos programas especiales \u201cLo mejor del 2018\u201dde MPCEH. El programa iniciar\u00e1 en mayo su nueva temporada con una propuesta ecum\u00e9nica.","robots":{"index":"index","follow":"follow","max-snippet":"max-snippet:-1","max-image-preview":"max-image-preview:large","max-video-preview":"max-video-preview:-1"},"canonical":"https:\/\/www.fraterinternacional.org\/es\/musica-para-la-cura-y-elevacion-de-la-humanidad-mceh-presentaralo-mejor-del-2018\/","og_locale":"es_ES","og_type":"article","og_title":"M\u00fasica para la Cura y Elevaci\u00f3n de la Humanidad (MCEH) presentar\u00e1:\u201cLo Mejor del 2018\u201d","og_description":"se retransmitir\u00e1n dos programas especiales \u201cLo mejor del 2018\u201dde MPCEH. El programa iniciar\u00e1 en mayo su nueva temporada con una propuesta ecum\u00e9nica.","og_url":"https:\/\/www.fraterinternacional.org\/es\/musica-para-la-cura-y-elevacion-de-la-humanidad-mceh-presentaralo-mejor-del-2018\/","og_site_name":"Fraternidade - Federa\u00e7\u00e3o Humanit\u00e1ria Internacional","article_publisher":"https:\/\/www.facebook.com\/fraternidadehumanitaria","article_published_time":"2019-03-28T14:44:52+00:00","og_image":[{"width":690,"height":388,"url":"https:\/\/www.fraterinternacional.org\/wp-content\/uploads\/2019\/03\/mchh-capa.jpg","type":"image\/jpeg"}],"author":"Maria Clara","twitter_card":"summary_large_image","twitter_creator":"@fraternidadeFHI","twitter_site":"@fraternidadeFHI","twitter_misc":{"Escrito por":"Maria Clara","Tiempo de lectura":"2 minutos"},"schema":{"@context":"https:\/\/schema.org","@graph":[{"@type":"WebPage","@id":"https:\/\/www.fraterinternacional.org\/es\/musica-para-la-cura-y-elevacion-de-la-humanidad-mceh-presentaralo-mejor-del-2018\/","url":"https:\/\/www.fraterinternacional.org\/es\/musica-para-la-cura-y-elevacion-de-la-humanidad-mceh-presentaralo-mejor-del-2018\/","name":"M\u00fasica para la Cura y Elevaci\u00f3n de la Humanidad (MCEH) presentar\u00e1:\u201cLo Mejor del 2018\u201d -","isPartOf":{"@id":"https:\/\/www.fraterinternacional.org\/es\/#website"},"datePublished":"2019-03-28T14:44:52+00:00","dateModified":"2019-03-28T14:44:52+00:00","author":{"@id":"https:\/\/www.fraterinternacional.org\/es\/#\/schema\/person\/f590d67ca2cf1eb46cae07e5e40750ab"},"description":"se retransmitir\u00e1n dos programas especiales \u201cLo mejor del 2018\u201dde MPCEH. El programa iniciar\u00e1 en mayo su nueva temporada con una propuesta ecum\u00e9nica.","breadcrumb":{"@id":"https:\/\/www.fraterinternacional.org\/es\/musica-para-la-cura-y-elevacion-de-la-humanidad-mceh-presentaralo-mejor-del-2018\/#breadcrumb"},"inLanguage":"es","potentialAction":[{"@type":"ReadAction","target":["https:\/\/www.fraterinternacional.org\/es\/musica-para-la-cura-y-elevacion-de-la-humanidad-mceh-presentaralo-mejor-del-2018\/"]}]},{"@type":"BreadcrumbList","@id":"https:\/\/www.fraterinternacional.org\/es\/musica-para-la-cura-y-elevacion-de-la-humanidad-mceh-presentaralo-mejor-del-2018\/#breadcrumb","itemListElement":[{"@type":"ListItem","position":1,"name":"In\u00edcio","item":"https:\/\/www.fraterinternacional.org\/es\/"},{"@type":"ListItem","position":2,"name":"M\u00fasica para la Cura y Elevaci\u00f3n de la Humanidad (MCEH) presentar\u00e1:\u201cLo Mejor del 2018\u201d"}]},{"@type":"WebSite","@id":"https:\/\/www.fraterinternacional.org\/es\/#website","url":"https:\/\/www.fraterinternacional.org\/es\/","name":"Fraternidade - Federa\u00e7\u00e3o Humanit\u00e1ria Internacional","description":"Fraternidade - Federa\u00e7\u00e3o Humanit\u00e1ria Internacional","potentialAction":[{"@type":"SearchAction","target":{"@type":"EntryPoint","urlTemplate":"https:\/\/www.fraterinternacional.org\/es\/?s={search_term_string}"},"query-input":"required name=search_term_string"}],"inLanguage":"es"},{"@type":"Person","@id":"https:\/\/www.fraterinternacional.org\/es\/#\/schema\/person\/f590d67ca2cf1eb46cae07e5e40750ab","name":"Maria Clara"}]}},"_links":{"self":[{"href":"https:\/\/www.fraterinternacional.org\/es\/wp-json\/wp\/v2\/posts\/98900"}],"collection":[{"href":"https:\/\/www.fraterinternacional.org\/es\/wp-json\/wp\/v2\/posts"}],"about":[{"href":"https:\/\/www.fraterinternacional.org\/es\/wp-json\/wp\/v2\/types\/post"}],"author":[{"embeddable":true,"href":"https:\/\/www.fraterinternacional.org\/es\/wp-json\/wp\/v2\/users\/40"}],"replies":[{"embeddable":true,"href":"https:\/\/www.fraterinternacional.org\/es\/wp-json\/wp\/v2\/comments?post=98900"}],"version-history":[{"count":0,"href":"https:\/\/www.fraterinternacional.org\/es\/wp-json\/wp\/v2\/posts\/98900\/revisions"}],"wp:featuredmedia":[{"embeddable":true,"href":"https:\/\/www.fraterinternacional.org\/es\/wp-json\/wp\/v2\/media\/98809"}],"wp:attachment":[{"href":"https:\/\/www.fraterinternacional.org\/es\/wp-json\/wp\/v2\/media?parent=98900"}],"wp:term":[{"taxonomy":"category","embeddable":true,"href":"https:\/\/www.fraterinternacional.org\/es\/wp-json\/wp\/v2\/categories?post=98900"},{"taxonomy":"post_tag","embeddable":true,"href":"https:\/\/www.fraterinternacional.org\/es\/wp-json\/wp\/v2\/tags?post=98900"}],"curies":[{"name":"wp","href":"https:\/\/api.w.org\/{rel}","templated":true}]}}