{"id":98769,"date":"2019-03-20T14:11:35","date_gmt":"2019-03-20T17:11:35","guid":{"rendered":"https:\/\/www.fraterinternacional.org\/?p=98769"},"modified":"2019-03-20T14:29:58","modified_gmt":"2019-03-20T17:29:58","slug":"oracion-de-union-con-la-esencia-de-la-paz-de-dios","status":"publish","type":"post","link":"https:\/\/www.fraterinternacional.org\/es\/oracion-de-union-con-la-esencia-de-la-paz-de-dios\/","title":{"rendered":"Oraci\u00f3n de uni\u00f3n con la Esencia de la Paz de Dios"},"content":{"rendered":"<p style=\"text-align: center;\">Mar\u00eda, Madre,<\/p>\n<p style=\"text-align: center;\">Madre m\u00eda,<\/p>\n<p style=\"text-align: center;\">Reina de la Paz,<\/p>\n<p style=\"text-align: center;\">que Tus Rayos sublimes<\/p>\n<p style=\"text-align: center;\">se irradien en el mundo;<\/p>\n<p style=\"text-align: center;\">que Tu Inmaculada Paz<\/p>\n<p style=\"text-align: center;\">brote como un manantial inagotable<\/p>\n<p style=\"text-align: center;\">en nuestras almas;<\/p>\n<p style=\"text-align: center;\">que el coraz\u00f3n de cada hermano<\/p>\n<p style=\"text-align: center;\">alcance la eterna Paz,<\/p>\n<p style=\"text-align: center;\">para que junto a Cristo,<\/p>\n<p style=\"text-align: center;\">nuestro Se\u00f1or,<\/p>\n<p style=\"text-align: center;\">la humanidad se redima<\/p>\n<p style=\"text-align: center;\">y abra la puerta para el Perd\u00f3n y el Amor,<\/p>\n<p style=\"text-align: center;\">en honra al Padre Creador<\/p>\n<p style=\"text-align: center;\">por los muchos a\u00f1os de Paz<\/p>\n<p style=\"text-align: center;\">que vivir\u00e1 la Tierra.<\/p>\n<p style=\"text-align: center;\">Que as\u00ed sea.<\/p>\n<p>&nbsp;<\/p>\n<p style=\"text-align: center;\"><a href=\"http:\/\/www.divinamadre.org\/es\/oraciones-y-ejercicios-espirituales\" target=\"_blank\" rel=\"noopener noreferrer\">Acesse Oraciones y Ejercicios Espirituales<\/a><\/p>\n<p>&nbsp;<\/p>\n<p style=\"text-align: justify;\"><div class=\"fusion-aligncenter\"><a class=\"fusion-button button-3d button-small button-custom fusion-button-default button-1 fusion-button-default-span \" style=\"--button_accent_color:#ffffff;--button_accent_hover_color:#dedede;--button_border_hover_color:#dedede;--button_gradient_top_color:#d3b054;--button_gradient_bottom_color:#d3b054;--button_gradient_top_color_hover:#d3b054;--button_gradient_bottom_color_hover:#d3b054;\" target=\"_self\" href=\"https:\/\/www.fraterinternacional.org\/es\/category\/impulsos-para-la-semana\/oracion\/\"><span class=\"fusion-button-text\">Vea todos<\/span><\/a><\/div><\/p>\n<p>&nbsp;<\/p>\n<p><a href=\"https:\/\/www.fraterinternacional.org\/wp-content\/uploads\/2019\/03\/impora5_1812.jpg\"><img decoding=\"async\" class=\"size-full wp-image-98761 aligncenter\" src=\"https:\/\/www.fraterinternacional.org\/wp-content\/uploads\/2019\/03\/impora5_1812.jpg\" alt=\"\" width=\"690\" height=\"388\" srcset=\"https:\/\/www.fraterinternacional.org\/wp-content\/uploads\/2019\/03\/impora5_1812-200x112.jpg 200w, https:\/\/www.fraterinternacional.org\/wp-content\/uploads\/2019\/03\/impora5_1812-300x169.jpg 300w, https:\/\/www.fraterinternacional.org\/wp-content\/uploads\/2019\/03\/impora5_1812-400x225.jpg 400w, https:\/\/www.fraterinternacional.org\/wp-content\/uploads\/2019\/03\/impora5_1812-600x337.jpg 600w, https:\/\/www.fraterinternacional.org\/wp-content\/uploads\/2019\/03\/impora5_1812.jpg 690w\" sizes=\"(max-width: 690px) 100vw, 690px\" \/><\/a><\/p>\n","protected":false},"excerpt":{"rendered":"<p>Mar\u00eda, Madre, Madre m\u00eda, Reina de la Paz, que Tus Rayos sublimes se irradien en el mundo; que Tu Inmaculada [&hellip;]<\/p>\n","protected":false},"author":40,"featured_media":98763,"comment_status":"closed","ping_status":"closed","sticky":false,"template":"","format":"standard","meta":{"footnotes":""},"categories":[3237],"tags":[3238],"class_list":["post-98769","post","type-post","status-publish","format-standard","has-post-thumbnail","hentry","category-impulsos-para-la-semana","tag-oracion"],"yoast_head":"<!-- This site is optimized with the Yoast SEO Premium plugin v21.0 (Yoast SEO v21.0) - https:\/\/yoast.com\/wordpress\/plugins\/seo\/ -->\n<title>Oraci\u00f3n de uni\u00f3n con la Esencia de la Paz de Dios -<\/title>\n<meta name=\"robots\" content=\"index, follow, max-snippet:-1, max-image-preview:large, max-video-preview:-1\" \/>\n<link rel=\"canonical\" href=\"https:\/\/www.fraterinternacional.org\/es\/oracion-de-union-con-la-esencia-de-la-paz-de-dios\/\" \/>\n<meta property=\"og:locale\" content=\"es_ES\" \/>\n<meta property=\"og:type\" content=\"article\" \/>\n<meta property=\"og:title\" content=\"Oraci\u00f3n de uni\u00f3n con la Esencia de la Paz de Dios\" \/>\n<meta property=\"og:description\" content=\"Mar\u00eda, Madre, Madre m\u00eda, Reina de la Paz, que Tus Rayos sublimes se irradien en el mundo; que Tu Inmaculada [&hellip;]\" \/>\n<meta property=\"og:url\" content=\"https:\/\/www.fraterinternacional.org\/es\/oracion-de-union-con-la-esencia-de-la-paz-de-dios\/\" \/>\n<meta property=\"og:site_name\" content=\"Fraternidade - Federa\u00e7\u00e3o Humanit\u00e1ria Internacional\" \/>\n<meta property=\"article:publisher\" content=\"https:\/\/www.facebook.com\/fraternidadehumanitaria\" \/>\n<meta property=\"article:published_time\" content=\"2019-03-20T17:11:35+00:00\" \/>\n<meta property=\"article:modified_time\" content=\"2019-03-20T17:29:58+00:00\" \/>\n<meta property=\"og:image\" content=\"https:\/\/www.fraterinternacional.org\/wp-content\/uploads\/2019\/03\/impora5_1812.jpg\" \/>\n\t<meta property=\"og:image:width\" content=\"690\" \/>\n\t<meta property=\"og:image:height\" content=\"388\" \/>\n\t<meta property=\"og:image:type\" content=\"image\/jpeg\" \/>\n<meta name=\"author\" content=\"Maria Clara\" \/>\n<meta name=\"twitter:card\" content=\"summary_large_image\" \/>\n<meta name=\"twitter:creator\" content=\"@fraternidadeFHI\" \/>\n<meta name=\"twitter:site\" content=\"@fraternidadeFHI\" \/>\n<meta name=\"twitter:label1\" content=\"Escrito por\" \/>\n\t<meta name=\"twitter:data1\" content=\"Maria Clara\" \/>\n\t<meta name=\"twitter:label2\" content=\"Tiempo de lectura\" \/>\n\t<meta name=\"twitter:data2\" content=\"1 minuto\" \/>\n<script type=\"application\/ld+json\" class=\"yoast-schema-graph\">{\"@context\":\"https:\/\/schema.org\",\"@graph\":[{\"@type\":\"WebPage\",\"@id\":\"https:\/\/www.fraterinternacional.org\/es\/oracion-de-union-con-la-esencia-de-la-paz-de-dios\/\",\"url\":\"https:\/\/www.fraterinternacional.org\/es\/oracion-de-union-con-la-esencia-de-la-paz-de-dios\/\",\"name\":\"Oraci\u00f3n de uni\u00f3n con la Esencia de la Paz de Dios -\",\"isPartOf\":{\"@id\":\"https:\/\/www.fraterinternacional.org\/es\/#website\"},\"datePublished\":\"2019-03-20T17:11:35+00:00\",\"dateModified\":\"2019-03-20T17:29:58+00:00\",\"author\":{\"@id\":\"https:\/\/www.fraterinternacional.org\/es\/#\/schema\/person\/f590d67ca2cf1eb46cae07e5e40750ab\"},\"breadcrumb\":{\"@id\":\"https:\/\/www.fraterinternacional.org\/es\/oracion-de-union-con-la-esencia-de-la-paz-de-dios\/#breadcrumb\"},\"inLanguage\":\"es\",\"potentialAction\":[{\"@type\":\"ReadAction\",\"target\":[\"https:\/\/www.fraterinternacional.org\/es\/oracion-de-union-con-la-esencia-de-la-paz-de-dios\/\"]}]},{\"@type\":\"BreadcrumbList\",\"@id\":\"https:\/\/www.fraterinternacional.org\/es\/oracion-de-union-con-la-esencia-de-la-paz-de-dios\/#breadcrumb\",\"itemListElement\":[{\"@type\":\"ListItem\",\"position\":1,\"name\":\"In\u00edcio\",\"item\":\"https:\/\/www.fraterinternacional.org\/es\/\"},{\"@type\":\"ListItem\",\"position\":2,\"name\":\"Oraci\u00f3n de uni\u00f3n con la Esencia de la Paz de Dios\"}]},{\"@type\":\"WebSite\",\"@id\":\"https:\/\/www.fraterinternacional.org\/es\/#website\",\"url\":\"https:\/\/www.fraterinternacional.org\/es\/\",\"name\":\"Fraternidade - Federa\u00e7\u00e3o Humanit\u00e1ria Internacional\",\"description\":\"Fraternidade - Federa\u00e7\u00e3o Humanit\u00e1ria Internacional\",\"potentialAction\":[{\"@type\":\"SearchAction\",\"target\":{\"@type\":\"EntryPoint\",\"urlTemplate\":\"https:\/\/www.fraterinternacional.org\/es\/?s={search_term_string}\"},\"query-input\":\"required name=search_term_string\"}],\"inLanguage\":\"es\"},{\"@type\":\"Person\",\"@id\":\"https:\/\/www.fraterinternacional.org\/es\/#\/schema\/person\/f590d67ca2cf1eb46cae07e5e40750ab\",\"name\":\"Maria Clara\"}]}<\/script>\n<!-- \/ Yoast SEO Premium plugin. -->","yoast_head_json":{"title":"Oraci\u00f3n de uni\u00f3n con la Esencia de la Paz de Dios -","robots":{"index":"index","follow":"follow","max-snippet":"max-snippet:-1","max-image-preview":"max-image-preview:large","max-video-preview":"max-video-preview:-1"},"canonical":"https:\/\/www.fraterinternacional.org\/es\/oracion-de-union-con-la-esencia-de-la-paz-de-dios\/","og_locale":"es_ES","og_type":"article","og_title":"Oraci\u00f3n de uni\u00f3n con la Esencia de la Paz de Dios","og_description":"Mar\u00eda, Madre, Madre m\u00eda, Reina de la Paz, que Tus Rayos sublimes se irradien en el mundo; que Tu Inmaculada [&hellip;]","og_url":"https:\/\/www.fraterinternacional.org\/es\/oracion-de-union-con-la-esencia-de-la-paz-de-dios\/","og_site_name":"Fraternidade - Federa\u00e7\u00e3o Humanit\u00e1ria Internacional","article_publisher":"https:\/\/www.facebook.com\/fraternidadehumanitaria","article_published_time":"2019-03-20T17:11:35+00:00","article_modified_time":"2019-03-20T17:29:58+00:00","og_image":[{"width":690,"height":388,"url":"https:\/\/www.fraterinternacional.org\/wp-content\/uploads\/2019\/03\/impora5_1812.jpg","type":"image\/jpeg"}],"author":"Maria Clara","twitter_card":"summary_large_image","twitter_creator":"@fraternidadeFHI","twitter_site":"@fraternidadeFHI","twitter_misc":{"Escrito por":"Maria Clara","Tiempo de lectura":"1 minuto"},"schema":{"@context":"https:\/\/schema.org","@graph":[{"@type":"WebPage","@id":"https:\/\/www.fraterinternacional.org\/es\/oracion-de-union-con-la-esencia-de-la-paz-de-dios\/","url":"https:\/\/www.fraterinternacional.org\/es\/oracion-de-union-con-la-esencia-de-la-paz-de-dios\/","name":"Oraci\u00f3n de uni\u00f3n con la Esencia de la Paz de Dios -","isPartOf":{"@id":"https:\/\/www.fraterinternacional.org\/es\/#website"},"datePublished":"2019-03-20T17:11:35+00:00","dateModified":"2019-03-20T17:29:58+00:00","author":{"@id":"https:\/\/www.fraterinternacional.org\/es\/#\/schema\/person\/f590d67ca2cf1eb46cae07e5e40750ab"},"breadcrumb":{"@id":"https:\/\/www.fraterinternacional.org\/es\/oracion-de-union-con-la-esencia-de-la-paz-de-dios\/#breadcrumb"},"inLanguage":"es","potentialAction":[{"@type":"ReadAction","target":["https:\/\/www.fraterinternacional.org\/es\/oracion-de-union-con-la-esencia-de-la-paz-de-dios\/"]}]},{"@type":"BreadcrumbList","@id":"https:\/\/www.fraterinternacional.org\/es\/oracion-de-union-con-la-esencia-de-la-paz-de-dios\/#breadcrumb","itemListElement":[{"@type":"ListItem","position":1,"name":"In\u00edcio","item":"https:\/\/www.fraterinternacional.org\/es\/"},{"@type":"ListItem","position":2,"name":"Oraci\u00f3n de uni\u00f3n con la Esencia de la Paz de Dios"}]},{"@type":"WebSite","@id":"https:\/\/www.fraterinternacional.org\/es\/#website","url":"https:\/\/www.fraterinternacional.org\/es\/","name":"Fraternidade - Federa\u00e7\u00e3o Humanit\u00e1ria Internacional","description":"Fraternidade - Federa\u00e7\u00e3o Humanit\u00e1ria Internacional","potentialAction":[{"@type":"SearchAction","target":{"@type":"EntryPoint","urlTemplate":"https:\/\/www.fraterinternacional.org\/es\/?s={search_term_string}"},"query-input":"required name=search_term_string"}],"inLanguage":"es"},{"@type":"Person","@id":"https:\/\/www.fraterinternacional.org\/es\/#\/schema\/person\/f590d67ca2cf1eb46cae07e5e40750ab","name":"Maria Clara"}]}},"_links":{"self":[{"href":"https:\/\/www.fraterinternacional.org\/es\/wp-json\/wp\/v2\/posts\/98769"}],"collection":[{"href":"https:\/\/www.fraterinternacional.org\/es\/wp-json\/wp\/v2\/posts"}],"about":[{"href":"https:\/\/www.fraterinternacional.org\/es\/wp-json\/wp\/v2\/types\/post"}],"author":[{"embeddable":true,"href":"https:\/\/www.fraterinternacional.org\/es\/wp-json\/wp\/v2\/users\/40"}],"replies":[{"embeddable":true,"href":"https:\/\/www.fraterinternacional.org\/es\/wp-json\/wp\/v2\/comments?post=98769"}],"version-history":[{"count":0,"href":"https:\/\/www.fraterinternacional.org\/es\/wp-json\/wp\/v2\/posts\/98769\/revisions"}],"wp:featuredmedia":[{"embeddable":true,"href":"https:\/\/www.fraterinternacional.org\/es\/wp-json\/wp\/v2\/media\/98763"}],"wp:attachment":[{"href":"https:\/\/www.fraterinternacional.org\/es\/wp-json\/wp\/v2\/media?parent=98769"}],"wp:term":[{"taxonomy":"category","embeddable":true,"href":"https:\/\/www.fraterinternacional.org\/es\/wp-json\/wp\/v2\/categories?post=98769"},{"taxonomy":"post_tag","embeddable":true,"href":"https:\/\/www.fraterinternacional.org\/es\/wp-json\/wp\/v2\/tags?post=98769"}],"curies":[{"name":"wp","href":"https:\/\/api.w.org\/{rel}","templated":true}]}}