{"id":96657,"date":"2019-02-06T08:13:58","date_gmt":"2019-02-06T11:13:58","guid":{"rendered":"https:\/\/www.fraterinternacional.org\/?p=96657"},"modified":"2019-02-18T12:40:52","modified_gmt":"2019-02-18T15:40:52","slug":"mano-y-corazon-en-la-masa-taller-de-pan-casero-en-belo-horizonte","status":"publish","type":"post","link":"https:\/\/www.fraterinternacional.org\/es\/mano-y-corazon-en-la-masa-taller-de-pan-casero-en-belo-horizonte\/","title":{"rendered":"Mano (y coraz\u00f3n) en la masa: taller de pan casero en Belo Horizonte"},"content":{"rendered":"<p style=\"text-align: right;\"><em>\u00abEl poder debe nacer en vuestro interior e impregnar vuestra labor\u00bb &#8211; La Voz de Amhaj (<a href=\"http:\/\/www.trigueirinho.org.br\/\" target=\"_blank\" rel=\"noopener\">Trigueirinho<\/a>)<\/em><\/p>\n<p style=\"text-align: justify;\"><a href=\"https:\/\/www.fraterinternacional.org\/wp-content\/uploads\/2018\/12\/foto_181124_cjpbh_oficina_pao1.jpg\"><img decoding=\"async\" class=\"size-medium wp-image-93976 alignleft\" src=\"https:\/\/www.fraterinternacional.org\/wp-content\/uploads\/2018\/12\/foto_181124_cjpbh_oficina_pao1-300x169.jpg\" alt=\"\" width=\"300\" height=\"169\" srcset=\"https:\/\/www.fraterinternacional.org\/wp-content\/uploads\/2018\/12\/foto_181124_cjpbh_oficina_pao1-200x112.jpg 200w, https:\/\/www.fraterinternacional.org\/wp-content\/uploads\/2018\/12\/foto_181124_cjpbh_oficina_pao1-300x169.jpg 300w, https:\/\/www.fraterinternacional.org\/wp-content\/uploads\/2018\/12\/foto_181124_cjpbh_oficina_pao1-400x225.jpg 400w, https:\/\/www.fraterinternacional.org\/wp-content\/uploads\/2018\/12\/foto_181124_cjpbh_oficina_pao1-600x337.jpg 600w, https:\/\/www.fraterinternacional.org\/wp-content\/uploads\/2018\/12\/foto_181124_cjpbh_oficina_pao1.jpg 690w\" sizes=\"(max-width: 300px) 100vw, 300px\" \/><\/a>La <a href=\"https:\/\/juventudepelapaz.org\/es\/\" target=\"_blank\" rel=\"noopener\">Campa\u00f1a de la Juventud por la Paz<\/a> de Belo Horizonte (MG) promovi\u00f3 un \u00bb Taller de Arte Culinario\u00bb el 24 de noviembre de 2018. El grupo ofreci\u00f3 una \u00abclase pr\u00e1ctica\u00bb sobre c\u00f3mo hacer pan casero.<\/p>\n<p style=\"text-align: justify;\">\u00abDurante el taller, sent\u00ed alegr\u00eda y paz. Concentrarme en amasar la masa del pan, hacer todo un trabajo con las manos y preparar un alimento fue una especie de terapia. Me di cuenta de que fue una oportunidad de servicio y sent\u00ed ganas de aprender a hacer m\u00e1s alimentos en grupo, con personas que tambi\u00e9n buscan servir a Dios y que no se alimentan del sufrimiento animal\u00bb, relat\u00f3 Fernanda de S\u00e1, refiri\u00e9ndose tambi\u00e9n a la alimentaci\u00f3n vegana propuesta por la campa\u00f1a.<\/p>\n<p style=\"text-align: justify;\"><a href=\"https:\/\/www.fraterinternacional.org\/wp-content\/uploads\/2018\/12\/foto_181124_cjpbh_oficina_pao2.jpg\"><img decoding=\"async\" class=\"size-medium wp-image-93979 alignright\" src=\"https:\/\/www.fraterinternacional.org\/wp-content\/uploads\/2018\/12\/foto_181124_cjpbh_oficina_pao2-300x169.jpg\" alt=\"\" width=\"300\" height=\"169\" srcset=\"https:\/\/www.fraterinternacional.org\/wp-content\/uploads\/2018\/12\/foto_181124_cjpbh_oficina_pao2-200x112.jpg 200w, https:\/\/www.fraterinternacional.org\/wp-content\/uploads\/2018\/12\/foto_181124_cjpbh_oficina_pao2-300x169.jpg 300w, https:\/\/www.fraterinternacional.org\/wp-content\/uploads\/2018\/12\/foto_181124_cjpbh_oficina_pao2-400x225.jpg 400w, https:\/\/www.fraterinternacional.org\/wp-content\/uploads\/2018\/12\/foto_181124_cjpbh_oficina_pao2-600x337.jpg 600w, https:\/\/www.fraterinternacional.org\/wp-content\/uploads\/2018\/12\/foto_181124_cjpbh_oficina_pao2.jpg 690w\" sizes=\"(max-width: 300px) 100vw, 300px\" \/><\/a>La actividad se inici\u00f3 con una oraci\u00f3n y una breve exposici\u00f3n breve sobre el simbolismo espiritual del pan.<\/p>\n<p>Toda actividad vinculada a la Campa\u00f1a de la Juventud por la Paz tiene un prop\u00f3sito espiritual. La idea es que se haga la tarea conscientemente, buscando una conexi\u00f3n interna. Cada uno expresa ese estado de una forma diferente: alegr\u00eda, fraternidad, atenci\u00f3n, silencio, etc. La acci\u00f3n desinteresada y amorosa al hacer un pan, por ejemplo, beneficia tanto al que la hace como aquel que consume el alimento, m\u00e1s all\u00e1 de los efectos nutricionales.<\/p>\n<p>La confecci\u00f3n artesanal del pan es una oportunidad de, literalmente, \u00ab\u00a1poner la mano en la masa!\u00bb Las manos pueden ser canales de expresi\u00f3n de la energ\u00eda del coraz\u00f3n. \u00abCoraz\u00f3n\u00bb, en ese contexto, es s\u00edmbolo de un nivel de consciencia elevado.<\/p>\n<p style=\"text-align: justify;\"><a href=\"https:\/\/www.fraterinternacional.org\/wp-content\/uploads\/2018\/12\/foto_181124_cjpbh_oficina_pao3.jpg\"><img decoding=\"async\" class=\"size-medium wp-image-93982 alignleft\" src=\"https:\/\/www.fraterinternacional.org\/wp-content\/uploads\/2018\/12\/foto_181124_cjpbh_oficina_pao3-300x169.jpg\" alt=\"\" width=\"300\" height=\"169\" srcset=\"https:\/\/www.fraterinternacional.org\/wp-content\/uploads\/2018\/12\/foto_181124_cjpbh_oficina_pao3-200x112.jpg 200w, https:\/\/www.fraterinternacional.org\/wp-content\/uploads\/2018\/12\/foto_181124_cjpbh_oficina_pao3-300x169.jpg 300w, https:\/\/www.fraterinternacional.org\/wp-content\/uploads\/2018\/12\/foto_181124_cjpbh_oficina_pao3-400x225.jpg 400w, https:\/\/www.fraterinternacional.org\/wp-content\/uploads\/2018\/12\/foto_181124_cjpbh_oficina_pao3-600x337.jpg 600w, https:\/\/www.fraterinternacional.org\/wp-content\/uploads\/2018\/12\/foto_181124_cjpbh_oficina_pao3.jpg 690w\" sizes=\"(max-width: 300px) 100vw, 300px\" \/><\/a>Fernanda, que tuvo su primer contacto con la campa\u00f1a en BH, tambi\u00e9n coment\u00f3: \u00abSaber que el trigo absorbe de manera especial la energ\u00eda solar y que ponemos en el pan la energ\u00eda del coraz\u00f3n me hizo tener la noci\u00f3n de cu\u00e1n maravillosa fue esa oportunidad de servir, de orar y de mantenerme firme en el Camino de la Luz.<\/p>\n<p style=\"text-align: justify;\">El pan es un alimento popular que sostiene a buena parte de la humanidad desde hace milenios. El mismo Maestro Jes\u00fas us\u00f3 la imagen del pan para referirse al Estado Cr\u00edstico de Consciencia: \u00abYo soy el pan de vida\u00bb (Juan 6:48). Y el sacramento de la comuni\u00f3n usa el pan como s\u00edmbolo central de la ceremonia.<\/p>\n<p style=\"text-align: justify;\"><a href=\"https:\/\/www.fraterinternacional.org\/wp-content\/uploads\/2018\/12\/foto_181124_cjpbh_oficina_pao4.jpg\"><img decoding=\"async\" class=\"size-medium wp-image-93986 alignright\" src=\"https:\/\/www.fraterinternacional.org\/wp-content\/uploads\/2018\/12\/foto_181124_cjpbh_oficina_pao4-300x169.jpg\" alt=\"\" width=\"300\" height=\"169\" srcset=\"https:\/\/www.fraterinternacional.org\/wp-content\/uploads\/2018\/12\/foto_181124_cjpbh_oficina_pao4-200x112.jpg 200w, https:\/\/www.fraterinternacional.org\/wp-content\/uploads\/2018\/12\/foto_181124_cjpbh_oficina_pao4-300x169.jpg 300w, https:\/\/www.fraterinternacional.org\/wp-content\/uploads\/2018\/12\/foto_181124_cjpbh_oficina_pao4-400x225.jpg 400w, https:\/\/www.fraterinternacional.org\/wp-content\/uploads\/2018\/12\/foto_181124_cjpbh_oficina_pao4-600x337.jpg 600w, https:\/\/www.fraterinternacional.org\/wp-content\/uploads\/2018\/12\/foto_181124_cjpbh_oficina_pao4.jpg 690w\" sizes=\"(max-width: 300px) 100vw, 300px\" \/><\/a>Al final, los j\u00f3venes probaron el resultado del taller en una merienda colectiva. El grupo, contento por la experiencia, vislumbra otros talleres culinarios en breve.<\/p>\n<h3 style=\"text-align: justify;\">Mas informaciones:<\/h3>\n<p style=\"text-align: justify;\"><a href=\"http:\/\/www.juventudepelapaz.org\">https:\/\/juventudepelapaz.org\/es\/<\/a><\/p>\n","protected":false},"excerpt":{"rendered":"<p>\u00abEl poder debe nacer en vuestro interior e impregnar vuestra labor\u00bb &#8211; La Voz de Amhaj (Trigueirinho) La Campa\u00f1a de [&hellip;]<\/p>\n","protected":false},"author":38,"featured_media":93975,"comment_status":"closed","ping_status":"closed","sticky":false,"template":"","format":"standard","meta":{"footnotes":""},"categories":[173],"tags":[4115],"class_list":["post-96657","post","type-post","status-publish","format-standard","has-post-thumbnail","hentry","category-noticia","tag-juventud-por-la-paz"],"yoast_head":"<!-- This site is optimized with the Yoast SEO Premium plugin v21.0 (Yoast SEO v21.0) - https:\/\/yoast.com\/wordpress\/plugins\/seo\/ -->\n<title>Mano (y coraz\u00f3n) en la masa: taller de pan casero en Belo Horizonte<\/title>\n<meta name=\"description\" content=\"La acci\u00f3n desinteresada realizada al hacer un pan beneficia tanto al que hace como al que consume el alimento, m\u00e1s all\u00e1 de los efectos nutricionales.\" \/>\n<meta name=\"robots\" content=\"index, follow, max-snippet:-1, max-image-preview:large, max-video-preview:-1\" \/>\n<link rel=\"canonical\" href=\"https:\/\/www.fraterinternacional.org\/es\/mano-y-corazon-en-la-masa-taller-de-pan-casero-en-belo-horizonte\/\" \/>\n<meta property=\"og:locale\" content=\"es_ES\" \/>\n<meta property=\"og:type\" content=\"article\" \/>\n<meta property=\"og:title\" content=\"Mano (y coraz\u00f3n) en la masa: taller de pan casero en Belo Horizonte\" \/>\n<meta property=\"og:description\" content=\"La acci\u00f3n desinteresada realizada al hacer un pan beneficia tanto al que hace como al que consume el alimento, m\u00e1s all\u00e1 de los efectos nutricionales.\" \/>\n<meta property=\"og:url\" content=\"https:\/\/www.fraterinternacional.org\/es\/mano-y-corazon-en-la-masa-taller-de-pan-casero-en-belo-horizonte\/\" \/>\n<meta property=\"og:site_name\" content=\"Fraternidade - Federa\u00e7\u00e3o Humanit\u00e1ria Internacional\" \/>\n<meta property=\"article:publisher\" content=\"https:\/\/www.facebook.com\/fraternidadehumanitaria\" \/>\n<meta property=\"article:published_time\" content=\"2019-02-06T11:13:58+00:00\" \/>\n<meta property=\"article:modified_time\" content=\"2019-02-18T15:40:52+00:00\" \/>\n<meta property=\"og:image\" content=\"https:\/\/www.fraterinternacional.org\/wp-content\/uploads\/2018\/12\/foto_181124_cjpbh_oficina_pao.jpg\" \/>\n\t<meta property=\"og:image:width\" content=\"690\" \/>\n\t<meta property=\"og:image:height\" content=\"388\" \/>\n\t<meta property=\"og:image:type\" content=\"image\/jpeg\" \/>\n<meta name=\"author\" content=\"Guilherme\" \/>\n<meta name=\"twitter:card\" content=\"summary_large_image\" \/>\n<meta name=\"twitter:creator\" content=\"@fraternidadeFHI\" \/>\n<meta name=\"twitter:site\" content=\"@fraternidadeFHI\" \/>\n<meta name=\"twitter:label1\" content=\"Escrito por\" \/>\n\t<meta name=\"twitter:data1\" content=\"Guilherme\" \/>\n\t<meta name=\"twitter:label2\" content=\"Tiempo de lectura\" \/>\n\t<meta name=\"twitter:data2\" content=\"2 minutos\" \/>\n<script type=\"application\/ld+json\" class=\"yoast-schema-graph\">{\"@context\":\"https:\/\/schema.org\",\"@graph\":[{\"@type\":\"WebPage\",\"@id\":\"https:\/\/www.fraterinternacional.org\/es\/mano-y-corazon-en-la-masa-taller-de-pan-casero-en-belo-horizonte\/\",\"url\":\"https:\/\/www.fraterinternacional.org\/es\/mano-y-corazon-en-la-masa-taller-de-pan-casero-en-belo-horizonte\/\",\"name\":\"Mano (y coraz\u00f3n) en la masa: taller de pan casero en Belo Horizonte\",\"isPartOf\":{\"@id\":\"https:\/\/www.fraterinternacional.org\/es\/#website\"},\"datePublished\":\"2019-02-06T11:13:58+00:00\",\"dateModified\":\"2019-02-18T15:40:52+00:00\",\"author\":{\"@id\":\"https:\/\/www.fraterinternacional.org\/es\/#\/schema\/person\/c595ef819a07462bef55dcc6656276bf\"},\"description\":\"La acci\u00f3n desinteresada realizada al hacer un pan beneficia tanto al que hace como al que consume el alimento, m\u00e1s all\u00e1 de los efectos nutricionales.\",\"breadcrumb\":{\"@id\":\"https:\/\/www.fraterinternacional.org\/es\/mano-y-corazon-en-la-masa-taller-de-pan-casero-en-belo-horizonte\/#breadcrumb\"},\"inLanguage\":\"es\",\"potentialAction\":[{\"@type\":\"ReadAction\",\"target\":[\"https:\/\/www.fraterinternacional.org\/es\/mano-y-corazon-en-la-masa-taller-de-pan-casero-en-belo-horizonte\/\"]}]},{\"@type\":\"BreadcrumbList\",\"@id\":\"https:\/\/www.fraterinternacional.org\/es\/mano-y-corazon-en-la-masa-taller-de-pan-casero-en-belo-horizonte\/#breadcrumb\",\"itemListElement\":[{\"@type\":\"ListItem\",\"position\":1,\"name\":\"In\u00edcio\",\"item\":\"https:\/\/www.fraterinternacional.org\/es\/\"},{\"@type\":\"ListItem\",\"position\":2,\"name\":\"Mano (y coraz\u00f3n) en la masa: taller de pan casero en Belo Horizonte\"}]},{\"@type\":\"WebSite\",\"@id\":\"https:\/\/www.fraterinternacional.org\/es\/#website\",\"url\":\"https:\/\/www.fraterinternacional.org\/es\/\",\"name\":\"Fraternidade - Federa\u00e7\u00e3o Humanit\u00e1ria Internacional\",\"description\":\"Fraternidade - Federa\u00e7\u00e3o Humanit\u00e1ria Internacional\",\"potentialAction\":[{\"@type\":\"SearchAction\",\"target\":{\"@type\":\"EntryPoint\",\"urlTemplate\":\"https:\/\/www.fraterinternacional.org\/es\/?s={search_term_string}\"},\"query-input\":\"required name=search_term_string\"}],\"inLanguage\":\"es\"},{\"@type\":\"Person\",\"@id\":\"https:\/\/www.fraterinternacional.org\/es\/#\/schema\/person\/c595ef819a07462bef55dcc6656276bf\",\"name\":\"Guilherme\"}]}<\/script>\n<!-- \/ Yoast SEO Premium plugin. -->","yoast_head_json":{"title":"Mano (y coraz\u00f3n) en la masa: taller de pan casero en Belo Horizonte","description":"La acci\u00f3n desinteresada realizada al hacer un pan beneficia tanto al que hace como al que consume el alimento, m\u00e1s all\u00e1 de los efectos nutricionales.","robots":{"index":"index","follow":"follow","max-snippet":"max-snippet:-1","max-image-preview":"max-image-preview:large","max-video-preview":"max-video-preview:-1"},"canonical":"https:\/\/www.fraterinternacional.org\/es\/mano-y-corazon-en-la-masa-taller-de-pan-casero-en-belo-horizonte\/","og_locale":"es_ES","og_type":"article","og_title":"Mano (y coraz\u00f3n) en la masa: taller de pan casero en Belo Horizonte","og_description":"La acci\u00f3n desinteresada realizada al hacer un pan beneficia tanto al que hace como al que consume el alimento, m\u00e1s all\u00e1 de los efectos nutricionales.","og_url":"https:\/\/www.fraterinternacional.org\/es\/mano-y-corazon-en-la-masa-taller-de-pan-casero-en-belo-horizonte\/","og_site_name":"Fraternidade - Federa\u00e7\u00e3o Humanit\u00e1ria Internacional","article_publisher":"https:\/\/www.facebook.com\/fraternidadehumanitaria","article_published_time":"2019-02-06T11:13:58+00:00","article_modified_time":"2019-02-18T15:40:52+00:00","og_image":[{"width":690,"height":388,"url":"https:\/\/www.fraterinternacional.org\/wp-content\/uploads\/2018\/12\/foto_181124_cjpbh_oficina_pao.jpg","type":"image\/jpeg"}],"author":"Guilherme","twitter_card":"summary_large_image","twitter_creator":"@fraternidadeFHI","twitter_site":"@fraternidadeFHI","twitter_misc":{"Escrito por":"Guilherme","Tiempo de lectura":"2 minutos"},"schema":{"@context":"https:\/\/schema.org","@graph":[{"@type":"WebPage","@id":"https:\/\/www.fraterinternacional.org\/es\/mano-y-corazon-en-la-masa-taller-de-pan-casero-en-belo-horizonte\/","url":"https:\/\/www.fraterinternacional.org\/es\/mano-y-corazon-en-la-masa-taller-de-pan-casero-en-belo-horizonte\/","name":"Mano (y coraz\u00f3n) en la masa: taller de pan casero en Belo Horizonte","isPartOf":{"@id":"https:\/\/www.fraterinternacional.org\/es\/#website"},"datePublished":"2019-02-06T11:13:58+00:00","dateModified":"2019-02-18T15:40:52+00:00","author":{"@id":"https:\/\/www.fraterinternacional.org\/es\/#\/schema\/person\/c595ef819a07462bef55dcc6656276bf"},"description":"La acci\u00f3n desinteresada realizada al hacer un pan beneficia tanto al que hace como al que consume el alimento, m\u00e1s all\u00e1 de los efectos nutricionales.","breadcrumb":{"@id":"https:\/\/www.fraterinternacional.org\/es\/mano-y-corazon-en-la-masa-taller-de-pan-casero-en-belo-horizonte\/#breadcrumb"},"inLanguage":"es","potentialAction":[{"@type":"ReadAction","target":["https:\/\/www.fraterinternacional.org\/es\/mano-y-corazon-en-la-masa-taller-de-pan-casero-en-belo-horizonte\/"]}]},{"@type":"BreadcrumbList","@id":"https:\/\/www.fraterinternacional.org\/es\/mano-y-corazon-en-la-masa-taller-de-pan-casero-en-belo-horizonte\/#breadcrumb","itemListElement":[{"@type":"ListItem","position":1,"name":"In\u00edcio","item":"https:\/\/www.fraterinternacional.org\/es\/"},{"@type":"ListItem","position":2,"name":"Mano (y coraz\u00f3n) en la masa: taller de pan casero en Belo Horizonte"}]},{"@type":"WebSite","@id":"https:\/\/www.fraterinternacional.org\/es\/#website","url":"https:\/\/www.fraterinternacional.org\/es\/","name":"Fraternidade - Federa\u00e7\u00e3o Humanit\u00e1ria Internacional","description":"Fraternidade - Federa\u00e7\u00e3o Humanit\u00e1ria Internacional","potentialAction":[{"@type":"SearchAction","target":{"@type":"EntryPoint","urlTemplate":"https:\/\/www.fraterinternacional.org\/es\/?s={search_term_string}"},"query-input":"required name=search_term_string"}],"inLanguage":"es"},{"@type":"Person","@id":"https:\/\/www.fraterinternacional.org\/es\/#\/schema\/person\/c595ef819a07462bef55dcc6656276bf","name":"Guilherme"}]}},"_links":{"self":[{"href":"https:\/\/www.fraterinternacional.org\/es\/wp-json\/wp\/v2\/posts\/96657"}],"collection":[{"href":"https:\/\/www.fraterinternacional.org\/es\/wp-json\/wp\/v2\/posts"}],"about":[{"href":"https:\/\/www.fraterinternacional.org\/es\/wp-json\/wp\/v2\/types\/post"}],"author":[{"embeddable":true,"href":"https:\/\/www.fraterinternacional.org\/es\/wp-json\/wp\/v2\/users\/38"}],"replies":[{"embeddable":true,"href":"https:\/\/www.fraterinternacional.org\/es\/wp-json\/wp\/v2\/comments?post=96657"}],"version-history":[{"count":0,"href":"https:\/\/www.fraterinternacional.org\/es\/wp-json\/wp\/v2\/posts\/96657\/revisions"}],"wp:featuredmedia":[{"embeddable":true,"href":"https:\/\/www.fraterinternacional.org\/es\/wp-json\/wp\/v2\/media\/93975"}],"wp:attachment":[{"href":"https:\/\/www.fraterinternacional.org\/es\/wp-json\/wp\/v2\/media?parent=96657"}],"wp:term":[{"taxonomy":"category","embeddable":true,"href":"https:\/\/www.fraterinternacional.org\/es\/wp-json\/wp\/v2\/categories?post=96657"},{"taxonomy":"post_tag","embeddable":true,"href":"https:\/\/www.fraterinternacional.org\/es\/wp-json\/wp\/v2\/tags?post=96657"}],"curies":[{"name":"wp","href":"https:\/\/api.w.org\/{rel}","templated":true}]}}