{"id":95792,"date":"2019-01-21T16:43:31","date_gmt":"2019-01-21T19:43:31","guid":{"rendered":"https:\/\/www.fraterinternacional.org\/?p=95792"},"modified":"2019-01-21T16:43:31","modified_gmt":"2019-01-21T19:43:31","slug":"experiencia-que-cambia-vida-expresaron-peregrinos-belo-horizonte","status":"publish","type":"post","link":"https:\/\/www.fraterinternacional.org\/es\/experiencia-que-cambia-vida-expresaron-peregrinos-belo-horizonte\/","title":{"rendered":"\u201cUna experiencia que cambia la vida\u201d expresaron peregrinos de Belo Horizonte que fue su vivencia de un intenso d\u00eda"},"content":{"rendered":"<p style=\"text-align: justify;\"><a href=\"https:\/\/www.fraterinternacional.org\/wp-content\/uploads\/2018\/12\/foto_181111_peregrinacao_bh_cmf1.jpg\"><img decoding=\"async\" class=\"size-medium wp-image-94435 alignleft\" src=\"https:\/\/www.fraterinternacional.org\/wp-content\/uploads\/2018\/12\/foto_181111_peregrinacao_bh_cmf1-300x169.jpg\" alt=\"\" width=\"300\" height=\"169\" srcset=\"https:\/\/www.fraterinternacional.org\/wp-content\/uploads\/2018\/12\/foto_181111_peregrinacao_bh_cmf1-200x112.jpg 200w, https:\/\/www.fraterinternacional.org\/wp-content\/uploads\/2018\/12\/foto_181111_peregrinacao_bh_cmf1-300x169.jpg 300w, https:\/\/www.fraterinternacional.org\/wp-content\/uploads\/2018\/12\/foto_181111_peregrinacao_bh_cmf1-400x225.jpg 400w, https:\/\/www.fraterinternacional.org\/wp-content\/uploads\/2018\/12\/foto_181111_peregrinacao_bh_cmf1-600x337.jpg 600w, https:\/\/www.fraterinternacional.org\/wp-content\/uploads\/2018\/12\/foto_181111_peregrinacao_bh_cmf1.jpg 690w\" sizes=\"(max-width: 300px) 100vw, 300px\" \/><\/a>Desde tempranas horas de la ma\u00f1ana del domingo 11 de noviembre, la Casa del Peregrino del <a href=\"https:\/\/mensajerosdivinos.org\/es\/centros-marianos-de-oracion\" target=\"_blank\" rel=\"noopener\">Centro Mariano de Figueira<\/a>, con un ambiente alegre impregnado de devoci\u00f3n a trav\u00e9s de cantos, recibi\u00f3 a los peregrinos que llegaron de la ciudad de Belo Horizonte, capital del estado de Minas Gerais, Brasil. Un grupo que incluy\u00f3 viajeros que por primera vez realizaban esta visita, as\u00ed como integrantes de la <a href=\"http:\/\/www.fraterinternacional.org\/es\/red-luz\/\">Red-Luz<\/a> e <a href=\"https:\/\/mensajerosdivinos.org\/es\/espacio-para-los-hijos-de-maria\" target=\"_blank\" rel=\"noopener\">Hijos de Mar\u00eda<\/a>. En cualquiera de los casos se dieron el permiso de emprender el camino y de realizar la vivencia de un d\u00eda. La que algunos denominaron \u201cuna experiencia que cambia la vida\u201d. De esta manera, organizado por el Centro Mariano de Figueira y acompa\u00f1ados por miembros de la comunidad se dio inicio al encuentro que, posteriormente, los llevar\u00eda a recorrer la ruta de ese intenso d\u00eda.<\/p>\n<h3 style=\"text-align: justify;\">El sendero recorrido: Bosque de la Armon\u00eda<\/h3>\n<p style=\"text-align: justify;\"><a href=\"https:\/\/www.fraterinternacional.org\/wp-content\/uploads\/2018\/12\/foto_181111_peregrinacao_bh_cmf2.jpg\"><img decoding=\"async\" class=\"size-medium wp-image-94438 alignright\" src=\"https:\/\/www.fraterinternacional.org\/wp-content\/uploads\/2018\/12\/foto_181111_peregrinacao_bh_cmf2-300x169.jpg\" alt=\"\" width=\"300\" height=\"169\" srcset=\"https:\/\/www.fraterinternacional.org\/wp-content\/uploads\/2018\/12\/foto_181111_peregrinacao_bh_cmf2-200x112.jpg 200w, https:\/\/www.fraterinternacional.org\/wp-content\/uploads\/2018\/12\/foto_181111_peregrinacao_bh_cmf2-300x169.jpg 300w, https:\/\/www.fraterinternacional.org\/wp-content\/uploads\/2018\/12\/foto_181111_peregrinacao_bh_cmf2-400x225.jpg 400w, https:\/\/www.fraterinternacional.org\/wp-content\/uploads\/2018\/12\/foto_181111_peregrinacao_bh_cmf2-600x337.jpg 600w, https:\/\/www.fraterinternacional.org\/wp-content\/uploads\/2018\/12\/foto_181111_peregrinacao_bh_cmf2.jpg 690w\" sizes=\"(max-width: 300px) 100vw, 300px\" \/><\/a>Tras la recepci\u00f3n en la Casa del Peregrino, una vez que emprendieron la caminata, la primera parada se realiz\u00f3 en el B<em>osque de la Armon\u00eda,\u00a0<\/em>ese espacio verde que sugiere introspecci\u00f3n, donde se encuentra la Oca, un sitio cuya construcci\u00f3n fue totalmente inspirada en las originarias caba\u00f1as ind\u00edgenas suramericanas y que en este caso, es utilizado para vigilias de oraci\u00f3n. Con estas caracter\u00edsticas este bosque result\u00f3 el mejor sitio para iniciar el recorrido. Ubicados en c\u00edrculo realizaron una sinton\u00eda que ancl\u00f3 una energ\u00eda grupal que luego se manifestar\u00eda en cada paso recorrido, en cada sitio visitado, en cada coraz\u00f3n tocado.<\/p>\n<h3 style=\"text-align: justify;\">Paso a paso, hacia el Campanario<\/h3>\n<p style=\"text-align: justify;\"><a href=\"https:\/\/www.fraterinternacional.org\/wp-content\/uploads\/2018\/12\/foto_181111_peregrinacao_bh_cmf3.jpg\"><img decoding=\"async\" class=\"size-medium wp-image-94441 alignleft\" src=\"https:\/\/www.fraterinternacional.org\/wp-content\/uploads\/2018\/12\/foto_181111_peregrinacao_bh_cmf3-300x169.jpg\" alt=\"\" width=\"300\" height=\"169\" srcset=\"https:\/\/www.fraterinternacional.org\/wp-content\/uploads\/2018\/12\/foto_181111_peregrinacao_bh_cmf3-200x112.jpg 200w, https:\/\/www.fraterinternacional.org\/wp-content\/uploads\/2018\/12\/foto_181111_peregrinacao_bh_cmf3-300x169.jpg 300w, https:\/\/www.fraterinternacional.org\/wp-content\/uploads\/2018\/12\/foto_181111_peregrinacao_bh_cmf3-400x225.jpg 400w, https:\/\/www.fraterinternacional.org\/wp-content\/uploads\/2018\/12\/foto_181111_peregrinacao_bh_cmf3-600x337.jpg 600w, https:\/\/www.fraterinternacional.org\/wp-content\/uploads\/2018\/12\/foto_181111_peregrinacao_bh_cmf3.jpg 690w\" sizes=\"(max-width: 300px) 100vw, 300px\" \/><\/a>Guiados por monjes de la <a href=\"http:\/\/www.fraterinternacional.org\/es\/orden-gracia-misericordia\/\">Orden Gracia Misericordia<\/a> y tratando de mantener la energ\u00eda construida en la sinton\u00eda grupal, continuaron el camino en silencio, en su ritmo y tiempo cada cual fue guiando sus pasos hacia\u00a0<em>el Campanario,\u00a0<\/em>a pocos metros del <em>Portal de la Paz<\/em>\u00a0de la Colina de las Apariciones, \u00e1rea del Centro Mariano de Figueira. Una vez all\u00ed, respirando ese aire sacro, aguardaron las indicaciones que los organizar\u00edan en dos grupos para los posteriores puntos.<\/p>\n<h3 style=\"text-align: justify;\">Ermita del Cristo Glorificado y Casa Inmaculada Paz<\/h3>\n<p style=\"text-align: justify;\">Tanto la\u00a0<em>Ermita del Cristo Glorificado<\/em>\u00a0como la\u00a0<em>Casa Inmaculada Paz\u00a0<\/em>son espacios de oraci\u00f3n. All\u00ed, los peregrinos pudieron permanecer un tiempo prudente que les concedi\u00f3 la posibilidad de realizar, conscientemente, un momento de interiorizaci\u00f3n.<\/p>\n<h3 style=\"text-align: justify;\">La Cruz Azul: sellando la experiencia<\/h3>\n<p style=\"text-align: justify;\"><a href=\"https:\/\/www.fraterinternacional.org\/wp-content\/uploads\/2018\/12\/foto_181111_peregrinacao_bh_cmf.jpg\"><img decoding=\"async\" class=\"size-medium wp-image-94432 alignright\" src=\"https:\/\/www.fraterinternacional.org\/wp-content\/uploads\/2018\/12\/foto_181111_peregrinacao_bh_cmf-300x169.jpg\" alt=\"\" width=\"300\" height=\"169\" srcset=\"https:\/\/www.fraterinternacional.org\/wp-content\/uploads\/2018\/12\/foto_181111_peregrinacao_bh_cmf-200x112.jpg 200w, https:\/\/www.fraterinternacional.org\/wp-content\/uploads\/2018\/12\/foto_181111_peregrinacao_bh_cmf-300x169.jpg 300w, https:\/\/www.fraterinternacional.org\/wp-content\/uploads\/2018\/12\/foto_181111_peregrinacao_bh_cmf-400x225.jpg 400w, https:\/\/www.fraterinternacional.org\/wp-content\/uploads\/2018\/12\/foto_181111_peregrinacao_bh_cmf-600x337.jpg 600w, https:\/\/www.fraterinternacional.org\/wp-content\/uploads\/2018\/12\/foto_181111_peregrinacao_bh_cmf.jpg 690w\" sizes=\"(max-width: 300px) 100vw, 300px\" \/><\/a>Con el impulso recibido de las oraciones realizadas, los peregrinos se compactaron\u00a0 en un solo grupo y se dispusieron a subir el \u00faltimo tramo de la colina. Visiblemente animados, consiguieron llegar y estar frente a l<em>a Cruz Azul,\u00a0<\/em>imponente s\u00edmbolo de \u201cla presencia visible de Dios\u201d. Una vez all\u00ed, se encontraron con todo dispuesto para realizar la Comuni\u00f3n, sacramento que sellar\u00eda el recorrido por todos los puntos sagrados.<\/p>\n<p style=\"text-align: justify;\">As\u00ed descendieron la Colina, conmovidos por lo realizado y al abordarles para saber su impresi\u00f3n, algunos resumieron que el participar de un d\u00eda as\u00ed, sin saber que les esperaba, era permitirse una \u201cexperiencia que cambia la vida\u201d.<\/p>\n<p style=\"text-align: justify;\">\u201cPara el peregrino constituye una prueba no tener ninguna novedad que lo anime y que le haga caminar, pues debe incluso as\u00ed<em>\u00a0<\/em>permanecer fiel a la meta que se propuso cumplir\u201d (Extracto de un art\u00edculo de Jos\u00e9 <a href=\"http:\/\/www.trigueirinho.org.br\/\" target=\"_blank\" rel=\"noopener\">Trigueirinho,<\/a> titulado \u201cLa perseverante entrega del peregrino en el camino espiritual\u201d, publicado por el diario<em>\u00a0\u00abO Tempo\u00bb<\/em>, de Belo Horizonte, Minas Gerais, el 27-08-2017).<\/p>\n<h3 style=\"text-align: justify;\">\u00bfAlguna vez pensaste ser peregrino?<\/h3>\n<p style=\"text-align: justify;\">Para participar de estas peregrinaciones puedes pedir informaci\u00f3n en:<\/p>\n<h3 style=\"text-align: center;\"><a href=\"mailto:centromarianofigueira@associacaomaria.org\" target=\"_blank\" rel=\"noopener noreferrer\">centromarianofigueira@associacaomaria.org<\/a><\/h3>\n<h3 style=\"text-align: center;\">Secretaria Centro Mariano de Figueira: (+55) (35) 9 9947-8638<\/h3>\n","protected":false},"excerpt":{"rendered":"<p>Desde tempranas horas de la ma\u00f1ana del domingo 11 de noviembre, la Casa del Peregrino del Centro Mariano de Figueira, [&hellip;]<\/p>\n","protected":false},"author":16,"featured_media":94434,"comment_status":"closed","ping_status":"closed","sticky":false,"template":"","format":"standard","meta":{"footnotes":""},"categories":[173],"tags":[118],"class_list":["post-95792","post","type-post","status-publish","format-standard","has-post-thumbnail","hentry","category-noticia","tag-centros-marianos-es"],"yoast_head":"<!-- This site is optimized with the Yoast SEO Premium plugin v21.0 (Yoast SEO v21.0) - https:\/\/yoast.com\/wordpress\/plugins\/seo\/ -->\n<title>\u201cUna experiencia que cambia la vida\u201d expresaron peregrinos de Belo Horizonte que fue su vivencia de un intenso d\u00eda<\/title>\n<meta name=\"description\" content=\"Propiciar vivencias de un solo e intenso d\u00eda que se tornen en experiencias que cambian la vida para los peregrinos.\" \/>\n<meta name=\"robots\" content=\"index, follow, max-snippet:-1, max-image-preview:large, max-video-preview:-1\" \/>\n<link rel=\"canonical\" href=\"https:\/\/www.fraterinternacional.org\/es\/experiencia-que-cambia-vida-expresaron-peregrinos-belo-horizonte\/\" \/>\n<meta property=\"og:locale\" content=\"es_ES\" \/>\n<meta property=\"og:type\" content=\"article\" \/>\n<meta property=\"og:title\" content=\"\u201cUna experiencia que cambia la vida\u201d expresaron peregrinos de Belo Horizonte que fue su vivencia de un intenso d\u00eda\" \/>\n<meta property=\"og:description\" content=\"Propiciar vivencias de un solo e intenso d\u00eda que se tornen en experiencias que cambian la vida para los peregrinos.\" \/>\n<meta property=\"og:url\" content=\"https:\/\/www.fraterinternacional.org\/es\/experiencia-que-cambia-vida-expresaron-peregrinos-belo-horizonte\/\" \/>\n<meta property=\"og:site_name\" content=\"Fraternidade - Federa\u00e7\u00e3o Humanit\u00e1ria Internacional\" \/>\n<meta property=\"article:publisher\" content=\"https:\/\/www.facebook.com\/fraternidadehumanitaria\" \/>\n<meta property=\"article:published_time\" content=\"2019-01-21T19:43:31+00:00\" \/>\n<meta property=\"og:image\" content=\"https:\/\/www.fraterinternacional.org\/wp-content\/uploads\/2018\/12\/foto_181111_peregrinacao_bh_cmf.jpg\" \/>\n\t<meta property=\"og:image:width\" content=\"690\" \/>\n\t<meta property=\"og:image:height\" content=\"388\" \/>\n\t<meta property=\"og:image:type\" content=\"image\/jpeg\" \/>\n<meta name=\"author\" content=\"Sergio Redator Espanhol\" \/>\n<meta name=\"twitter:card\" content=\"summary_large_image\" \/>\n<meta name=\"twitter:creator\" content=\"@fraternidadeFHI\" \/>\n<meta name=\"twitter:site\" content=\"@fraternidadeFHI\" \/>\n<meta name=\"twitter:label1\" content=\"Escrito por\" \/>\n\t<meta name=\"twitter:data1\" content=\"Sergio Redator Espanhol\" \/>\n\t<meta name=\"twitter:label2\" content=\"Tiempo de lectura\" \/>\n\t<meta name=\"twitter:data2\" content=\"3 minutos\" \/>\n<script type=\"application\/ld+json\" class=\"yoast-schema-graph\">{\"@context\":\"https:\/\/schema.org\",\"@graph\":[{\"@type\":\"WebPage\",\"@id\":\"https:\/\/www.fraterinternacional.org\/es\/experiencia-que-cambia-vida-expresaron-peregrinos-belo-horizonte\/\",\"url\":\"https:\/\/www.fraterinternacional.org\/es\/experiencia-que-cambia-vida-expresaron-peregrinos-belo-horizonte\/\",\"name\":\"\u201cUna experiencia que cambia la vida\u201d expresaron peregrinos de Belo Horizonte que fue su vivencia de un intenso d\u00eda\",\"isPartOf\":{\"@id\":\"https:\/\/www.fraterinternacional.org\/es\/#website\"},\"datePublished\":\"2019-01-21T19:43:31+00:00\",\"dateModified\":\"2019-01-21T19:43:31+00:00\",\"author\":{\"@id\":\"https:\/\/www.fraterinternacional.org\/es\/#\/schema\/person\/cf24d3eac28b0e09714ecb8cbd865c28\"},\"description\":\"Propiciar vivencias de un solo e intenso d\u00eda que se tornen en experiencias que cambian la vida para los peregrinos.\",\"breadcrumb\":{\"@id\":\"https:\/\/www.fraterinternacional.org\/es\/experiencia-que-cambia-vida-expresaron-peregrinos-belo-horizonte\/#breadcrumb\"},\"inLanguage\":\"es\",\"potentialAction\":[{\"@type\":\"ReadAction\",\"target\":[\"https:\/\/www.fraterinternacional.org\/es\/experiencia-que-cambia-vida-expresaron-peregrinos-belo-horizonte\/\"]}]},{\"@type\":\"BreadcrumbList\",\"@id\":\"https:\/\/www.fraterinternacional.org\/es\/experiencia-que-cambia-vida-expresaron-peregrinos-belo-horizonte\/#breadcrumb\",\"itemListElement\":[{\"@type\":\"ListItem\",\"position\":1,\"name\":\"In\u00edcio\",\"item\":\"https:\/\/www.fraterinternacional.org\/es\/\"},{\"@type\":\"ListItem\",\"position\":2,\"name\":\"\u201cUna experiencia que cambia la vida\u201d expresaron peregrinos de Belo Horizonte que fue su vivencia de un intenso d\u00eda\"}]},{\"@type\":\"WebSite\",\"@id\":\"https:\/\/www.fraterinternacional.org\/es\/#website\",\"url\":\"https:\/\/www.fraterinternacional.org\/es\/\",\"name\":\"Fraternidade - Federa\u00e7\u00e3o Humanit\u00e1ria Internacional\",\"description\":\"Fraternidade - Federa\u00e7\u00e3o Humanit\u00e1ria Internacional\",\"potentialAction\":[{\"@type\":\"SearchAction\",\"target\":{\"@type\":\"EntryPoint\",\"urlTemplate\":\"https:\/\/www.fraterinternacional.org\/es\/?s={search_term_string}\"},\"query-input\":\"required name=search_term_string\"}],\"inLanguage\":\"es\"},{\"@type\":\"Person\",\"@id\":\"https:\/\/www.fraterinternacional.org\/es\/#\/schema\/person\/cf24d3eac28b0e09714ecb8cbd865c28\",\"name\":\"Sergio Redator Espanhol\"}]}<\/script>\n<!-- \/ Yoast SEO Premium plugin. -->","yoast_head_json":{"title":"\u201cUna experiencia que cambia la vida\u201d expresaron peregrinos de Belo Horizonte que fue su vivencia de un intenso d\u00eda","description":"Propiciar vivencias de un solo e intenso d\u00eda que se tornen en experiencias que cambian la vida para los peregrinos.","robots":{"index":"index","follow":"follow","max-snippet":"max-snippet:-1","max-image-preview":"max-image-preview:large","max-video-preview":"max-video-preview:-1"},"canonical":"https:\/\/www.fraterinternacional.org\/es\/experiencia-que-cambia-vida-expresaron-peregrinos-belo-horizonte\/","og_locale":"es_ES","og_type":"article","og_title":"\u201cUna experiencia que cambia la vida\u201d expresaron peregrinos de Belo Horizonte que fue su vivencia de un intenso d\u00eda","og_description":"Propiciar vivencias de un solo e intenso d\u00eda que se tornen en experiencias que cambian la vida para los peregrinos.","og_url":"https:\/\/www.fraterinternacional.org\/es\/experiencia-que-cambia-vida-expresaron-peregrinos-belo-horizonte\/","og_site_name":"Fraternidade - Federa\u00e7\u00e3o Humanit\u00e1ria Internacional","article_publisher":"https:\/\/www.facebook.com\/fraternidadehumanitaria","article_published_time":"2019-01-21T19:43:31+00:00","og_image":[{"width":690,"height":388,"url":"https:\/\/www.fraterinternacional.org\/wp-content\/uploads\/2018\/12\/foto_181111_peregrinacao_bh_cmf.jpg","type":"image\/jpeg"}],"author":"Sergio Redator Espanhol","twitter_card":"summary_large_image","twitter_creator":"@fraternidadeFHI","twitter_site":"@fraternidadeFHI","twitter_misc":{"Escrito por":"Sergio Redator Espanhol","Tiempo de lectura":"3 minutos"},"schema":{"@context":"https:\/\/schema.org","@graph":[{"@type":"WebPage","@id":"https:\/\/www.fraterinternacional.org\/es\/experiencia-que-cambia-vida-expresaron-peregrinos-belo-horizonte\/","url":"https:\/\/www.fraterinternacional.org\/es\/experiencia-que-cambia-vida-expresaron-peregrinos-belo-horizonte\/","name":"\u201cUna experiencia que cambia la vida\u201d expresaron peregrinos de Belo Horizonte que fue su vivencia de un intenso d\u00eda","isPartOf":{"@id":"https:\/\/www.fraterinternacional.org\/es\/#website"},"datePublished":"2019-01-21T19:43:31+00:00","dateModified":"2019-01-21T19:43:31+00:00","author":{"@id":"https:\/\/www.fraterinternacional.org\/es\/#\/schema\/person\/cf24d3eac28b0e09714ecb8cbd865c28"},"description":"Propiciar vivencias de un solo e intenso d\u00eda que se tornen en experiencias que cambian la vida para los peregrinos.","breadcrumb":{"@id":"https:\/\/www.fraterinternacional.org\/es\/experiencia-que-cambia-vida-expresaron-peregrinos-belo-horizonte\/#breadcrumb"},"inLanguage":"es","potentialAction":[{"@type":"ReadAction","target":["https:\/\/www.fraterinternacional.org\/es\/experiencia-que-cambia-vida-expresaron-peregrinos-belo-horizonte\/"]}]},{"@type":"BreadcrumbList","@id":"https:\/\/www.fraterinternacional.org\/es\/experiencia-que-cambia-vida-expresaron-peregrinos-belo-horizonte\/#breadcrumb","itemListElement":[{"@type":"ListItem","position":1,"name":"In\u00edcio","item":"https:\/\/www.fraterinternacional.org\/es\/"},{"@type":"ListItem","position":2,"name":"\u201cUna experiencia que cambia la vida\u201d expresaron peregrinos de Belo Horizonte que fue su vivencia de un intenso d\u00eda"}]},{"@type":"WebSite","@id":"https:\/\/www.fraterinternacional.org\/es\/#website","url":"https:\/\/www.fraterinternacional.org\/es\/","name":"Fraternidade - Federa\u00e7\u00e3o Humanit\u00e1ria Internacional","description":"Fraternidade - Federa\u00e7\u00e3o Humanit\u00e1ria Internacional","potentialAction":[{"@type":"SearchAction","target":{"@type":"EntryPoint","urlTemplate":"https:\/\/www.fraterinternacional.org\/es\/?s={search_term_string}"},"query-input":"required name=search_term_string"}],"inLanguage":"es"},{"@type":"Person","@id":"https:\/\/www.fraterinternacional.org\/es\/#\/schema\/person\/cf24d3eac28b0e09714ecb8cbd865c28","name":"Sergio Redator Espanhol"}]}},"_links":{"self":[{"href":"https:\/\/www.fraterinternacional.org\/es\/wp-json\/wp\/v2\/posts\/95792"}],"collection":[{"href":"https:\/\/www.fraterinternacional.org\/es\/wp-json\/wp\/v2\/posts"}],"about":[{"href":"https:\/\/www.fraterinternacional.org\/es\/wp-json\/wp\/v2\/types\/post"}],"author":[{"embeddable":true,"href":"https:\/\/www.fraterinternacional.org\/es\/wp-json\/wp\/v2\/users\/16"}],"replies":[{"embeddable":true,"href":"https:\/\/www.fraterinternacional.org\/es\/wp-json\/wp\/v2\/comments?post=95792"}],"version-history":[{"count":0,"href":"https:\/\/www.fraterinternacional.org\/es\/wp-json\/wp\/v2\/posts\/95792\/revisions"}],"wp:featuredmedia":[{"embeddable":true,"href":"https:\/\/www.fraterinternacional.org\/es\/wp-json\/wp\/v2\/media\/94434"}],"wp:attachment":[{"href":"https:\/\/www.fraterinternacional.org\/es\/wp-json\/wp\/v2\/media?parent=95792"}],"wp:term":[{"taxonomy":"category","embeddable":true,"href":"https:\/\/www.fraterinternacional.org\/es\/wp-json\/wp\/v2\/categories?post=95792"},{"taxonomy":"post_tag","embeddable":true,"href":"https:\/\/www.fraterinternacional.org\/es\/wp-json\/wp\/v2\/tags?post=95792"}],"curies":[{"name":"wp","href":"https:\/\/api.w.org\/{rel}","templated":true}]}}