{"id":95173,"date":"2019-01-09T14:35:58","date_gmt":"2019-01-09T17:35:58","guid":{"rendered":"https:\/\/www.fraterinternacional.org\/?p=95173"},"modified":"2019-02-05T09:05:18","modified_gmt":"2019-02-05T12:05:18","slug":"cura-planetaria-12-armagedon-despues-paz","status":"publish","type":"post","link":"https:\/\/www.fraterinternacional.org\/es\/cura-planetaria-12-armagedon-despues-paz\/","title":{"rendered":"Cura Planetaria 12 &#8211; Armaged\u00f3n, despu\u00e9s \u00a0de todo, reinar\u00e1 la paz"},"content":{"rendered":"<h3 style=\"text-align: center;\">Parte 12 &#8211; Armaged\u00f3n, despu\u00e9s \u00a0de todo, reinar\u00e1 la paz<br \/>\nTema:\u00a0Cura planetaria, Cura de la Humanidad<\/h3>\n<p style=\"text-align: justify;\"><a href=\"https:\/\/www.fraterinternacional.org\/wp-content\/uploads\/2019\/01\/armagedon_deserto.jpg\"><img decoding=\"async\" class=\"alignleft size-medium wp-image-95165\" src=\"https:\/\/www.fraterinternacional.org\/wp-content\/uploads\/2019\/01\/armagedon_deserto-300x169.jpg\" alt=\"Depois de tudo - Armagedon\" width=\"300\" height=\"169\" srcset=\"https:\/\/www.fraterinternacional.org\/wp-content\/uploads\/2019\/01\/armagedon_deserto-200x112.jpg 200w, https:\/\/www.fraterinternacional.org\/wp-content\/uploads\/2019\/01\/armagedon_deserto-300x169.jpg 300w, https:\/\/www.fraterinternacional.org\/wp-content\/uploads\/2019\/01\/armagedon_deserto-400x225.jpg 400w, https:\/\/www.fraterinternacional.org\/wp-content\/uploads\/2019\/01\/armagedon_deserto-600x337.jpg 600w, https:\/\/www.fraterinternacional.org\/wp-content\/uploads\/2019\/01\/armagedon_deserto.jpg 690w\" sizes=\"(max-width: 300px) 100vw, 300px\" \/><\/a>Llegamos con la PARTE 12 y PARTE 13 de estos IMPULSOS DE CURA, al final del ciclo de estudios sobre <em>Cura planetaria<\/em> que, como se vio, est\u00e1 \u00edntimamente vinculada a la Curaci\u00f3n de la propia <em>consciencia humana<\/em>. Las palabras amorosas, pero fuertes, de alerta de la <em>Hermandad C\u00f3smica<\/em>, en su incansable tarea de asistirnos e instruir, y publicadas en el <em>Impulso de Cura<\/em> anterior, fueron muy taxativas:<\/p>\n<p style=\"text-align: justify;\"><em>Mientras el nuevo tiempo se acerca, la purificaci\u00f3n se acelera, y esto no es un castigo. Dios nos ama y nos amar\u00e1 siempre, y nos ampara, a\u00fan m\u00e1s, a aquellos que est\u00e1n desamparados en este momento, pero esa purificaci\u00f3n planetaria forma parte de la transici\u00f3n que vivimos en estos tiempos hacia una nueva Humanidad y una Nueva Tierra. Ella suceder\u00e1 en diferentes regiones del Planeta e impactar\u00e1 m\u00e1s a aquellos que obstruyen el descenso de la Luz, y que no quieren cambiar los patrones de sus vidas. La Hermandad C\u00f3smica siempre ha ejercido incansablemente esta tarea de protegernos en alg\u00fan nivel, pero el libre albedr\u00edo humano es lo que casi siempre marc\u00f3 esta triste senda. Y \u00e9l es respetado por Ley. A pesar de tantas ayudas que recibieron para intentar enderezar ese camino, la acci\u00f3n misma de la humanidad la llev\u00f3 a desviarse de \u00e9l. \u00a1Cu\u00e1ntas veces fue corregido, alineado y elevado! Lo que es esencial a la evoluci\u00f3n de la Creaci\u00f3n debe ingresar en la vida de todos los seres.<\/em><\/p>\n<p style=\"text-align: justify;\"><em>Quien piensa seguir viviendo igual, como si nada estuviera sucediendo, porque a\u00fan no ha sido alcanzado m\u00e1s directamente por la purificaci\u00f3n, que pare, respire profundamente, permanezca en silencio, clame con el coraz\u00f3n por perd\u00f3n y misericordia, pero no retarde su despertar. Camine firme, sin prisa<\/em><em>, pero sin pausa.<\/em><\/p>\n<p style=\"text-align: justify;\">El Universo no se detiene, nunca; es incansable, implacable. La purificaci\u00f3n planetaria sigue su marcha, firme; se intensifica y se universaliza. Ya es un tema dominante en las comunicaciones de masas. La Instrucci\u00f3n prosigue, se ampl\u00eda, y se profundiza:<\/p>\n<p style=\"text-align: justify;\"><em>El hombre sobrepas\u00f3 el grado permitido de desajuste y de interferencia en las Leyes planetarias. Llevado por la ambici\u00f3n, el orgullo y la necesidad de satisfacci\u00f3n de sus m\u00e1s groseros apetitos, tuvo una intervenci\u00f3n nefasta en la Naturaleza. Ahora, en los d\u00edas finales de este siglo, antes de que un holocausto ocurra, liberando de ese modo al planeta hacia una etapa m\u00e1s luminosa y sutil, la purificaci\u00f3n y la transmutaci\u00f3n, en todos los Reinos de la Naturaleza, ser\u00e1n los procesos asumidos, tanto en la consciencia, como en la pr\u00e1ctica de la vida.<\/em><\/p>\n<p style=\"text-align: justify;\"><em>El despertar de la Tierra, sin embargo, no depende de una decisi\u00f3n humana. Sea cual sea el camino asumido por la parte perdida de esta humanidad, la liberaci\u00f3n y la luz se implantar\u00e1n en el Planeta. Esto est\u00e1 decidido por el Universo, y por eso los Hermanos del Cosmos est\u00e1n presentes. Cabe al hombre entregarse a la Ley Suprema y desapegarse.<\/em><\/p>\n<h5 style=\"text-align: right;\"><a href=\"http:\/\/www.irdin.org.br\/site\/produtos\/novos-tempos-nova-postura\/\" target=\"_blank\" rel=\"noopener\">Del <strong>nuevo libro de Triguerinho<\/strong>: <em>Nuevos Tiempos, Nueva Postura<\/em>, p\u00e1g. 16<\/a><\/h5>\n<h3 style=\"text-align: center;\">Vivimos momentos muy decisivos<\/h3>\n<p style=\"text-align: justify;\">As\u00ed, nos encontramos hoy en pleno <em>Armaged\u00f3n<\/em>. Esta palabra hebrea de poder, usada por <em>San Juan<\/em> en su libro de <em>revelaciones<\/em>, el <em>Apocalipsis<\/em>, al final del <em>Nuevo<\/em> <em>Testamento<\/em>, define una batalla que se traba en los planes espirituales entre las fuerzas del bien y las del mal, y en la que nos encontramos insertos como humanidad. As\u00ed, vivimos momentos muy decisivos, que se reflejan en la vida de cada uno de nosotros. Y ese mismo <em>Apocalipsis<\/em>, de <em>San Juan<\/em>, contiene adem\u00e1s una visi\u00f3n de futuro, de una Nueva Humanidad.<\/p>\n<p style=\"text-align: justify;\"><a href=\"https:\/\/www.fraterinternacional.org\/wp-content\/uploads\/2018\/02\/galaxia_via_lactea.jpg\"><img decoding=\"async\" class=\"size-medium wp-image-75549 alignright\" src=\"https:\/\/www.fraterinternacional.org\/wp-content\/uploads\/2018\/02\/galaxia_via_lactea-300x169.jpg\" alt=\"\" width=\"300\" height=\"169\" srcset=\"https:\/\/www.fraterinternacional.org\/wp-content\/uploads\/2018\/02\/galaxia_via_lactea-200x112.jpg 200w, https:\/\/www.fraterinternacional.org\/wp-content\/uploads\/2018\/02\/galaxia_via_lactea-300x169.jpg 300w, https:\/\/www.fraterinternacional.org\/wp-content\/uploads\/2018\/02\/galaxia_via_lactea-400x225.jpg 400w, https:\/\/www.fraterinternacional.org\/wp-content\/uploads\/2018\/02\/galaxia_via_lactea-600x337.jpg 600w, https:\/\/www.fraterinternacional.org\/wp-content\/uploads\/2018\/02\/galaxia_via_lactea.jpg 690w\" sizes=\"(max-width: 300px) 100vw, 300px\" \/><\/a>Un gran <em>Instructor universal<\/em> nos convoca a estar m\u00e1s despiertos y confiados ante ese importante momento evolutivo de la humanidad. Y sugiere contemplar el mundo en el que vivimos, y silenciar, por un instante, los pensamientos y las emociones. Y ese <em>Instructor<\/em> nos invita tambi\u00e9n a observar c\u00f3mo nuestro mundo interior reconoce que la vida que expresamos en la Tierra no tiene nada que ver con la vida ni con el pensamiento de Dios sobre nosotros y nuestra vida en este planeta. \u00c9l constata que la vida que vivimos no es lo que Dios, la Creaci\u00f3n, pens\u00f3 para nosotros. Vivimos algo totalmente por fuera del <em>Plan<\/em> <em>general de la Creaci\u00f3n<\/em>. Y nos revela y recuerda que tenemos dentro del coraz\u00f3n un modelo de c\u00f3mo deber\u00edamos ser. Por lo tanto, tenemos que encontrar en nuestro coraz\u00f3n ese modelo, porque as\u00ed podemos unirnos a \u00e9l y realmente ser lo que deber\u00edamos ser.<\/p>\n<h3 style=\"text-align: center;\">El <em>verdadero amor<\/em><\/h3>\n<p style=\"text-align: justify;\">Nuestro coraz\u00f3n, dice el <em>Instructor Divino<\/em>, anhela vivir la fraternidad, conocer el verdadero amor, principios que en la Tierra a\u00fan no expresamos. El verdadero amor fue lo que <em>Cristo<\/em> nos trajo y nos ense\u00f1\u00f3 a vivirlo, hasta el punto de donar su vida por la humanidad. \u00c9l mostr\u00f3, a trav\u00e9s de toda su vida, c\u00f3mo vivir ese amor, pero no lo vivimos, no seguimos sus pasos; fuimos muy superficiales y no correspondimos a lo que \u00c9l nos ense\u00f1\u00f3. Su <em>Instrucci\u00f3n<\/em> fue muy clara: el <em>verdadero amor<\/em> es aquel que nos lleva a dar la vida por nuestros amigos y a perdonar a los enemigos, am\u00e1ndolos tal como si fueran parte de nosotros. Esta aspiraci\u00f3n habita en nuestro interior y nuestra vida deber\u00eda ser pautada por ella. Como no lo es, cada uno de nosotros se siente un poco desplazado en la vida que lleva, y no sabe el porqu\u00e9. El modelo de la<em> Creaci\u00f3n<\/em> ser\u00eda ese, pero tantas cosas interfirieron que acabaron por llevarnos a una vida que no era la planeada para nosotros, ni para la humanidad. Y finalmente, el <em>Armaged\u00f3n<\/em> lleg\u00f3.<\/p>\n<p style=\"text-align: justify;\">As\u00ed, los problemas humanos se volvieron enormes y ser\u00eda de vital importancia centrarnos en algo positivo, despertar una actitud interna que perdimos a lo largo de nuestras encarnaciones, por ejemplo, el contacto fraterno con la Naturaleza. Ella, pr\u00e1cticamente, fue excluida de nuestra consciencia, nuestros pensamientos, nuestro coraz\u00f3n. Hoy se lleva una vida alienada e inconsciente en los centros urbanos, e incluso en el campo, y perdemos la verdadera consciencia de que, no solo estamos en la Naturaleza, sino de que somos parte de ella.<\/p>\n<p style=\"text-align: justify;\">Formamos el <em>Reino Humano<\/em>, al lado de los <em>Reinos<\/em> <em>Animal, Vegetal y Mineral<\/em>. Nos olvidamos de eso, y los tratamos como terribles y temibles depredadores. Depredamos sus recursos, destruimos y contaminamos los ecosistemas, todo de forma brutal. Y como humanidad, fuimos todos c\u00f3mplices de esa masacre, directa o indirectamente, y todo eso se refleja sobre cada uno de nosotros, y tendr\u00edamos que pasar por una profunda reforma, por una amplia transformaci\u00f3n.<\/p>\n<h3 style=\"text-align: center;\">Sabemos cu\u00e1ndo avanzamos y cu\u00e1ndo regresamos<\/h3>\n<p style=\"text-align: justify;\">Aquellos m\u00e1s atentos a lo que pasa en su interior perciben que un ciclo evolutivo de la vida planetaria y humana est\u00e1 llegando a su fin. As\u00ed, si no establecemos una paz en nuestro coraz\u00f3n ser\u00e1 muy dif\u00edcil vivir ese nuevo ciclo. El camino de la involuci\u00f3n, del retroceso, es muy familiar a la consciencia humana: sabemos cu\u00e1ndo avanzamos y cu\u00e1ndo regresamos. El Reino Vegetal, entre los Reinos de la Naturaleza, fue el que m\u00e1s cumpli\u00f3 su papel, el m\u00e1s fiel al Plan evolutivo As\u00ed, si nos abrimos de coraz\u00f3n a su energ\u00eda, podemos avanzar y salir de este estado de casi torpor e inconsciencia, y entrar en un nivel m\u00e1s constructivo y elevado de consciencia.<\/p>\n<p style=\"text-align: justify;\">Esta no es la primera vez que entramos en este estado de decadencia. Esto ya sucedi\u00f3 en la \u00e9poca de <em>Lemuria<\/em>, cuando la consciencia humana desarroll\u00f3 un anhelo incontrolable por manipular el poder, al punto de querer sustituir la <em>Creaci\u00f3n<\/em>. Entonces tambi\u00e9n se dio el <em>Apocalipsis<\/em>, y la <em>Lemuria<\/em> desapareci\u00f3. Volvimos a repetir eso en la <em>Atl\u00e1ntida<\/em>, cuando la humanidad hizo una peligrosa incursi\u00f3n en el campo de la magia, intentando controlar el mundo con ella. Y la <em>Atl\u00e1ntida<\/em> pas\u00f3 tambi\u00e9n por un cataclismo y desapareci\u00f3. Y ahora, esta vez, la mente humana, a trav\u00e9s de la tecnolog\u00eda, del falso poder de las m\u00e1quinas y de las computadoras, est\u00e1 intentando nuevamente igualar a las fuerzas naturales, a las energ\u00edas eternas de la <em>Creaci\u00f3n.<\/em> Como se nos ha otorgado el <em>libre albedr\u00edo,<\/em> como instrumento de aprendizaje y de evoluci\u00f3n, podemos usarlo libremente, pero tenemos que revisar seriamente este tema.<\/p>\n<p style=\"text-align: justify;\">El ser humano, por ejemplo, cree que tiene poder sobre los <em>Reinos de la Naturaleza<\/em>, y puede incluso masacrarlos, como lo est\u00e1 haciendo, pero \u00e9l no tiene ese poder, eso no est\u00e1 dentro de su \u00e1mbito de actuaci\u00f3n. Existe un poder mucho mayor, que vela por todos y por todo, por todo el Universo, manifestado y no manifestado, y que mantienen el equilibrio entre los Reinos. El propio equilibrio del <em>Reino Humano<\/em> es algo que da mucho trabajo al Universo.<\/p>\n<p style=\"text-align: justify;\">El hombre degradado todav\u00eda cree, por ejemplo, que tiene poder sobre la Vida, y diezma el <em>Reino Animal<\/em>, sin piedad, para usarlo para su consumo y placer; libera la cruel matanza animal para justificar pr\u00e1cticas corrompidas y degeneradas de supuestas investigaciones m\u00e9dico-cient\u00edficas; libera la pr\u00e1ctica brutal del aborto humano, que marca profundamente los esp\u00edritus y las almas de los seres no nacidos. Por esta raz\u00f3n, la Fuente Mayor del Amor-Sabidur\u00eda envi\u00f3 a sus <em>Mensajeros Divinos<\/em>, incluyendo a <em>Jesucristo, Mar\u00eda y San Jos\u00e9<\/em>, para que esa situaci\u00f3n cambiara y para que aprendi\u00e9ramos, con Ellos, como deber\u00edamos ser. Y el mismo Jesucristo, encarnado en cuerpo f\u00edsico, nos ense\u00f1\u00f3 a lo largo de toda su vida, a reconocer el <em>verdadero amor<\/em>, el que nos lleva a dar la vida por nuestros amigos, y a perdonar a los enemigos, am\u00e1ndolos como si fueran parte de nosotros, y amando al pr\u00f3jimo como a nosotros mismos.<\/p>\n<p style=\"text-align: justify;\">Nuestro <em>Instructor Divino<\/em> nos dice que muchos de nosotros no asimilamos los ejemplos de <em>Cristo.<\/em> Y eso se convirti\u00f3 en una cat\u00e1strofe para los Reinos de la Naturaleza, pues pasamos de Guardianes, como era el Plan, a depredadores de los Reinos.<\/p>\n<h3 style=\"text-align: center;\">El tema de la cura planetaria continuar\u00e1!<\/h3>\n<div class=\"fusion-aligncenter\"><a class=\"fusion-button button-3d button-small button-custom fusion-button-default button-1 fusion-button-default-span \" style=\"--button_accent_color:#ffffff;--button_accent_hover_color:#dedede;--button_border_hover_color:#dedede;--button_gradient_top_color:#d3b054;--button_gradient_bottom_color:#d3b054;--button_gradient_top_color_hover:#d3b054;--button_gradient_bottom_color_hover:#d3b054;\" target=\"_self\" href=\"https:\/\/www.fraterinternacional.org\/es\/category\/impulsos-para-la-semana\/cura-es\/\"><span class=\"fusion-button-text\">Vea Todos<\/span><\/a><\/div>\n<p>&nbsp;<\/p>\n<p><a href=\"https:\/\/www.fraterinternacional.org\/wp-content\/uploads\/2018\/05\/himalaias_celestial.jpg\"><img decoding=\"async\" class=\"aligncenter wp-image-80336 size-full\" src=\"https:\/\/www.fraterinternacional.org\/wp-content\/uploads\/2018\/05\/himalaias_celestial.jpg\" alt=\"\" width=\"960\" height=\"248\" srcset=\"https:\/\/www.fraterinternacional.org\/wp-content\/uploads\/2018\/05\/himalaias_celestial-200x52.jpg 200w, https:\/\/www.fraterinternacional.org\/wp-content\/uploads\/2018\/05\/himalaias_celestial-300x78.jpg 300w, https:\/\/www.fraterinternacional.org\/wp-content\/uploads\/2018\/05\/himalaias_celestial-400x103.jpg 400w, https:\/\/www.fraterinternacional.org\/wp-content\/uploads\/2018\/05\/himalaias_celestial-600x155.jpg 600w, https:\/\/www.fraterinternacional.org\/wp-content\/uploads\/2018\/05\/himalaias_celestial-800x207.jpg 800w, https:\/\/www.fraterinternacional.org\/wp-content\/uploads\/2018\/05\/himalaias_celestial.jpg 960w\" sizes=\"(max-width: 960px) 100vw, 960px\" \/><\/a><\/p>\n","protected":false},"excerpt":{"rendered":"<p>Parte 12 &#8211; Armaged\u00f3n, despu\u00e9s \u00a0de todo, reinar\u00e1 la paz Tema:\u00a0Cura planetaria, Cura de la Humanidad Llegamos con la PARTE [&hellip;]<\/p>\n","protected":false},"author":8,"featured_media":95167,"comment_status":"closed","ping_status":"closed","sticky":false,"template":"","format":"standard","meta":{"footnotes":""},"categories":[3237],"tags":[3240],"class_list":["post-95173","post","type-post","status-publish","format-standard","has-post-thumbnail","hentry","category-impulsos-para-la-semana","tag-cura-es"],"yoast_head":"<!-- This site is optimized with the Yoast SEO Premium plugin v21.0 (Yoast SEO v21.0) - https:\/\/yoast.com\/wordpress\/plugins\/seo\/ -->\n<title>Cura planetaria\u00a012\u00a0\u2013 Armaged\u00f3n, despu\u00e9s \u00a0de todo, reinar\u00e1 la paz<\/title>\n<meta name=\"description\" content=\"Camine firme, sin prisa, pero sin pausa. El Universo no se detiene, nunca; es incansable, implacable. Vivimos momentos muy decisivos.\" \/>\n<meta name=\"robots\" content=\"index, follow, max-snippet:-1, max-image-preview:large, max-video-preview:-1\" \/>\n<link rel=\"canonical\" href=\"https:\/\/www.fraterinternacional.org\/es\/cura-planetaria-12-armagedon-despues-paz\/\" \/>\n<meta property=\"og:locale\" content=\"es_ES\" \/>\n<meta property=\"og:type\" content=\"article\" \/>\n<meta property=\"og:title\" content=\"Cura Planetaria 12 - Armaged\u00f3n, despu\u00e9s \u00a0de todo, reinar\u00e1 la paz\" \/>\n<meta property=\"og:description\" content=\"Camine firme, sin prisa, pero sin pausa. El Universo no se detiene, nunca; es incansable, implacable. Vivimos momentos muy decisivos.\" \/>\n<meta property=\"og:url\" content=\"https:\/\/www.fraterinternacional.org\/es\/cura-planetaria-12-armagedon-despues-paz\/\" \/>\n<meta property=\"og:site_name\" content=\"Fraternidade - Federa\u00e7\u00e3o Humanit\u00e1ria Internacional\" \/>\n<meta property=\"article:publisher\" content=\"https:\/\/www.facebook.com\/fraternidadehumanitaria\" \/>\n<meta property=\"article:published_time\" content=\"2019-01-09T17:35:58+00:00\" \/>\n<meta property=\"article:modified_time\" content=\"2019-02-05T12:05:18+00:00\" \/>\n<meta property=\"og:image\" content=\"https:\/\/www.fraterinternacional.org\/wp-content\/uploads\/2019\/01\/armagedon_deserto.jpg\" \/>\n\t<meta property=\"og:image:width\" content=\"690\" \/>\n\t<meta property=\"og:image:height\" content=\"388\" \/>\n\t<meta property=\"og:image:type\" content=\"image\/jpeg\" \/>\n<meta name=\"author\" content=\"FFHI\" \/>\n<meta name=\"twitter:card\" content=\"summary_large_image\" \/>\n<meta name=\"twitter:creator\" content=\"@fraternidadeFHI\" \/>\n<meta name=\"twitter:site\" content=\"@fraternidadeFHI\" \/>\n<meta name=\"twitter:label1\" content=\"Escrito por\" \/>\n\t<meta name=\"twitter:data1\" content=\"FFHI\" \/>\n\t<meta name=\"twitter:label2\" content=\"Tiempo de lectura\" \/>\n\t<meta name=\"twitter:data2\" content=\"9 minutos\" \/>\n<script type=\"application\/ld+json\" class=\"yoast-schema-graph\">{\"@context\":\"https:\/\/schema.org\",\"@graph\":[{\"@type\":\"WebPage\",\"@id\":\"https:\/\/www.fraterinternacional.org\/es\/cura-planetaria-12-armagedon-despues-paz\/\",\"url\":\"https:\/\/www.fraterinternacional.org\/es\/cura-planetaria-12-armagedon-despues-paz\/\",\"name\":\"Cura planetaria\u00a012\u00a0\u2013 Armaged\u00f3n, despu\u00e9s \u00a0de todo, reinar\u00e1 la paz\",\"isPartOf\":{\"@id\":\"https:\/\/www.fraterinternacional.org\/es\/#website\"},\"datePublished\":\"2019-01-09T17:35:58+00:00\",\"dateModified\":\"2019-02-05T12:05:18+00:00\",\"author\":{\"@id\":\"https:\/\/www.fraterinternacional.org\/es\/#\/schema\/person\/8fd7058ced8aa6a1995cc0feee75819f\"},\"description\":\"Camine firme, sin prisa, pero sin pausa. El Universo no se detiene, nunca; es incansable, implacable. Vivimos momentos muy decisivos.\",\"breadcrumb\":{\"@id\":\"https:\/\/www.fraterinternacional.org\/es\/cura-planetaria-12-armagedon-despues-paz\/#breadcrumb\"},\"inLanguage\":\"es\",\"potentialAction\":[{\"@type\":\"ReadAction\",\"target\":[\"https:\/\/www.fraterinternacional.org\/es\/cura-planetaria-12-armagedon-despues-paz\/\"]}]},{\"@type\":\"BreadcrumbList\",\"@id\":\"https:\/\/www.fraterinternacional.org\/es\/cura-planetaria-12-armagedon-despues-paz\/#breadcrumb\",\"itemListElement\":[{\"@type\":\"ListItem\",\"position\":1,\"name\":\"In\u00edcio\",\"item\":\"https:\/\/www.fraterinternacional.org\/es\/\"},{\"@type\":\"ListItem\",\"position\":2,\"name\":\"Cura Planetaria 12 &#8211; Armaged\u00f3n, despu\u00e9s \u00a0de todo, reinar\u00e1 la paz\"}]},{\"@type\":\"WebSite\",\"@id\":\"https:\/\/www.fraterinternacional.org\/es\/#website\",\"url\":\"https:\/\/www.fraterinternacional.org\/es\/\",\"name\":\"Fraternidade - Federa\u00e7\u00e3o Humanit\u00e1ria Internacional\",\"description\":\"Fraternidade - Federa\u00e7\u00e3o Humanit\u00e1ria Internacional\",\"potentialAction\":[{\"@type\":\"SearchAction\",\"target\":{\"@type\":\"EntryPoint\",\"urlTemplate\":\"https:\/\/www.fraterinternacional.org\/es\/?s={search_term_string}\"},\"query-input\":\"required name=search_term_string\"}],\"inLanguage\":\"es\"},{\"@type\":\"Person\",\"@id\":\"https:\/\/www.fraterinternacional.org\/es\/#\/schema\/person\/8fd7058ced8aa6a1995cc0feee75819f\",\"name\":\"FFHI\"}]}<\/script>\n<!-- \/ Yoast SEO Premium plugin. -->","yoast_head_json":{"title":"Cura planetaria\u00a012\u00a0\u2013 Armaged\u00f3n, despu\u00e9s \u00a0de todo, reinar\u00e1 la paz","description":"Camine firme, sin prisa, pero sin pausa. El Universo no se detiene, nunca; es incansable, implacable. Vivimos momentos muy decisivos.","robots":{"index":"index","follow":"follow","max-snippet":"max-snippet:-1","max-image-preview":"max-image-preview:large","max-video-preview":"max-video-preview:-1"},"canonical":"https:\/\/www.fraterinternacional.org\/es\/cura-planetaria-12-armagedon-despues-paz\/","og_locale":"es_ES","og_type":"article","og_title":"Cura Planetaria 12 - Armaged\u00f3n, despu\u00e9s \u00a0de todo, reinar\u00e1 la paz","og_description":"Camine firme, sin prisa, pero sin pausa. El Universo no se detiene, nunca; es incansable, implacable. Vivimos momentos muy decisivos.","og_url":"https:\/\/www.fraterinternacional.org\/es\/cura-planetaria-12-armagedon-despues-paz\/","og_site_name":"Fraternidade - Federa\u00e7\u00e3o Humanit\u00e1ria Internacional","article_publisher":"https:\/\/www.facebook.com\/fraternidadehumanitaria","article_published_time":"2019-01-09T17:35:58+00:00","article_modified_time":"2019-02-05T12:05:18+00:00","og_image":[{"width":690,"height":388,"url":"https:\/\/www.fraterinternacional.org\/wp-content\/uploads\/2019\/01\/armagedon_deserto.jpg","type":"image\/jpeg"}],"author":"FFHI","twitter_card":"summary_large_image","twitter_creator":"@fraternidadeFHI","twitter_site":"@fraternidadeFHI","twitter_misc":{"Escrito por":"FFHI","Tiempo de lectura":"9 minutos"},"schema":{"@context":"https:\/\/schema.org","@graph":[{"@type":"WebPage","@id":"https:\/\/www.fraterinternacional.org\/es\/cura-planetaria-12-armagedon-despues-paz\/","url":"https:\/\/www.fraterinternacional.org\/es\/cura-planetaria-12-armagedon-despues-paz\/","name":"Cura planetaria\u00a012\u00a0\u2013 Armaged\u00f3n, despu\u00e9s \u00a0de todo, reinar\u00e1 la paz","isPartOf":{"@id":"https:\/\/www.fraterinternacional.org\/es\/#website"},"datePublished":"2019-01-09T17:35:58+00:00","dateModified":"2019-02-05T12:05:18+00:00","author":{"@id":"https:\/\/www.fraterinternacional.org\/es\/#\/schema\/person\/8fd7058ced8aa6a1995cc0feee75819f"},"description":"Camine firme, sin prisa, pero sin pausa. El Universo no se detiene, nunca; es incansable, implacable. Vivimos momentos muy decisivos.","breadcrumb":{"@id":"https:\/\/www.fraterinternacional.org\/es\/cura-planetaria-12-armagedon-despues-paz\/#breadcrumb"},"inLanguage":"es","potentialAction":[{"@type":"ReadAction","target":["https:\/\/www.fraterinternacional.org\/es\/cura-planetaria-12-armagedon-despues-paz\/"]}]},{"@type":"BreadcrumbList","@id":"https:\/\/www.fraterinternacional.org\/es\/cura-planetaria-12-armagedon-despues-paz\/#breadcrumb","itemListElement":[{"@type":"ListItem","position":1,"name":"In\u00edcio","item":"https:\/\/www.fraterinternacional.org\/es\/"},{"@type":"ListItem","position":2,"name":"Cura Planetaria 12 &#8211; Armaged\u00f3n, despu\u00e9s \u00a0de todo, reinar\u00e1 la paz"}]},{"@type":"WebSite","@id":"https:\/\/www.fraterinternacional.org\/es\/#website","url":"https:\/\/www.fraterinternacional.org\/es\/","name":"Fraternidade - Federa\u00e7\u00e3o Humanit\u00e1ria Internacional","description":"Fraternidade - Federa\u00e7\u00e3o Humanit\u00e1ria Internacional","potentialAction":[{"@type":"SearchAction","target":{"@type":"EntryPoint","urlTemplate":"https:\/\/www.fraterinternacional.org\/es\/?s={search_term_string}"},"query-input":"required name=search_term_string"}],"inLanguage":"es"},{"@type":"Person","@id":"https:\/\/www.fraterinternacional.org\/es\/#\/schema\/person\/8fd7058ced8aa6a1995cc0feee75819f","name":"FFHI"}]}},"_links":{"self":[{"href":"https:\/\/www.fraterinternacional.org\/es\/wp-json\/wp\/v2\/posts\/95173"}],"collection":[{"href":"https:\/\/www.fraterinternacional.org\/es\/wp-json\/wp\/v2\/posts"}],"about":[{"href":"https:\/\/www.fraterinternacional.org\/es\/wp-json\/wp\/v2\/types\/post"}],"author":[{"embeddable":true,"href":"https:\/\/www.fraterinternacional.org\/es\/wp-json\/wp\/v2\/users\/8"}],"replies":[{"embeddable":true,"href":"https:\/\/www.fraterinternacional.org\/es\/wp-json\/wp\/v2\/comments?post=95173"}],"version-history":[{"count":0,"href":"https:\/\/www.fraterinternacional.org\/es\/wp-json\/wp\/v2\/posts\/95173\/revisions"}],"wp:featuredmedia":[{"embeddable":true,"href":"https:\/\/www.fraterinternacional.org\/es\/wp-json\/wp\/v2\/media\/95167"}],"wp:attachment":[{"href":"https:\/\/www.fraterinternacional.org\/es\/wp-json\/wp\/v2\/media?parent=95173"}],"wp:term":[{"taxonomy":"category","embeddable":true,"href":"https:\/\/www.fraterinternacional.org\/es\/wp-json\/wp\/v2\/categories?post=95173"},{"taxonomy":"post_tag","embeddable":true,"href":"https:\/\/www.fraterinternacional.org\/es\/wp-json\/wp\/v2\/tags?post=95173"}],"curies":[{"name":"wp","href":"https:\/\/api.w.org\/{rel}","templated":true}]}}