{"id":94947,"date":"2019-01-10T14:19:58","date_gmt":"2019-01-10T17:19:58","guid":{"rendered":"https:\/\/www.fraterinternacional.org\/?p=94947"},"modified":"2019-01-10T14:19:58","modified_gmt":"2019-01-10T17:19:58","slug":"madre-luz","status":"publish","type":"post","link":"https:\/\/www.fraterinternacional.org\/es\/madre-luz\/","title":{"rendered":"Madre Luz"},"content":{"rendered":"<h3 style=\"text-align: center;\">Madre Luz<\/h3>\n<p style=\"text-align: center;\"><div class=\"fusion-video fusion-vimeo fusion-aligncenter\" style=\"--awb-max-width:600px;--awb-max-height:360px;--awb-width:100%;\" data-autoplay=\"1\"><div class=\"video-shortcode\"><div class=\"fluid-width-video-wrapper\" style=\"padding-top:60%;\" ><iframe title=\"Vimeo video player 1\" src=\"https:\/\/player.vimeo.com\/video\/309136719?autoplay=0&autopause=0\" width=\"600\" height=\"360\" allowfullscreen allow=\"autoplay; fullscreen\"><\/iframe><\/div><\/div><\/div><\/p>\n<h3 style=\"text-align: center;\">Madre Luz<\/h3>\n<h3 style=\"text-align: center;\"><em>M\u00fasica para la Cura y Elevaci\u00f3n de la Humanidad<\/em><\/h3>\n<p style=\"text-align: center;\">El encuentro\u00a0<em>M\u00fasica para la Cura y Elevaci\u00f3n de la Humanidad<\/em>\u00a0consiste en un ejercicio espiritual destinado a la cura planetaria. Un momento especial, que ocurre el 23 de cada mes, con la finalidad de elevar la consciencia humana por medio de la m\u00fasica.<\/p>\n<p style=\"text-align: center;\">La m\u00fasica y el canto son formas de expresar nuestra esencia interior.<br \/>\nCuando son inspirados por el esp\u00edritu, se vuelven instrumentos sagrados que nos conducen al amor y a la paz.<\/p>\n<h3 style=\"text-align: center;\" data-fontsize=\"20\" data-lineheight=\"27\"><a href=\"https:\/\/www.fraterinternacional.org\/es\/la-musica-como-elevacion\/\" target=\"_blank\" rel=\"noopener\">Conozca nuestro trabajo con la m\u00fasica clic aqu\u00ed<\/a><\/h3>\n<p style=\"text-align: center;\">Usted tambi\u00e9n puede <a href=\"https:\/\/www.youtube.com\/watch?v=NmHWoHGLkvw&amp;list=PL1H6gcPthOO9pXJS4q-aRKOPbSfe6jfVJ\" target=\"_blank\" rel=\"noopener\">ver aqu\u00ed los programas completos<\/a>.<br \/>\nSiga en directo, el d\u00eda 23 de cada mes a trav\u00e9s de<a href=\"https:\/\/www.misericordiamariatv.org\/pt-br\/programas\/musica-para-a-cura-e-a-elevacao-da-humanidade\" target=\"_blank\" rel=\"noopener\"> Miseric\u00f3rdia Maria TV<\/a>.<\/p>\n<p style=\"text-align: center;\"><div class=\"fusion-aligncenter\"><a class=\"fusion-button button-3d button-small button-custom fusion-button-default button-1 fusion-button-default-span \" style=\"--button_accent_color:#ffffff;--button_accent_hover_color:#dedede;--button_border_hover_color:#dedede;--button_gradient_top_color:#d3b054;--button_gradient_bottom_color:#d3b054;--button_gradient_top_color_hover:#d3b054;--button_gradient_bottom_color_hover:#d3b054;\" target=\"_blank\" rel=\"noopener noreferrer\" href=\"https:\/\/www.fraterinternacional.org\/es\/category\/impulsos-para-la-semana\/musica-es\/\"><span class=\"fusion-button-text\">Vea todos<\/span><\/a><\/div><\/p>\n","protected":false},"excerpt":{"rendered":"<p>Madre Luz Madre Luz M\u00fasica para la Cura y Elevaci\u00f3n de la Humanidad El encuentro\u00a0M\u00fasica para la Cura y Elevaci\u00f3n [&hellip;]<\/p>\n","protected":false},"author":45,"featured_media":94997,"comment_status":"closed","ping_status":"closed","sticky":false,"template":"","format":"standard","meta":{"footnotes":""},"categories":[3237],"tags":[3241],"class_list":["post-94947","post","type-post","status-publish","format-standard","has-post-thumbnail","hentry","category-impulsos-para-la-semana","tag-musica-es"],"yoast_head":"<!-- This site is optimized with the Yoast SEO Premium plugin v21.0 (Yoast SEO v21.0) - https:\/\/yoast.com\/wordpress\/plugins\/seo\/ -->\n<title>Madre Luz - M\u00fasica para la Cura y Elevaci\u00f3n de la Humanidad<\/title>\n<meta name=\"description\" content=\"Siga en directo, el d\u00eda 23 de cada mes a trav\u00e9s de Miseric\u00f3rdia Maria TV. Usted tambi\u00e9n puede ver aqu\u00ed los programas completos.\" \/>\n<meta name=\"robots\" content=\"index, follow, max-snippet:-1, max-image-preview:large, max-video-preview:-1\" \/>\n<link rel=\"canonical\" href=\"https:\/\/www.fraterinternacional.org\/es\/madre-luz\/\" \/>\n<meta property=\"og:locale\" content=\"es_ES\" \/>\n<meta property=\"og:type\" content=\"article\" \/>\n<meta property=\"og:title\" content=\"Madre Luz\" \/>\n<meta property=\"og:description\" content=\"Siga en directo, el d\u00eda 23 de cada mes a trav\u00e9s de Miseric\u00f3rdia Maria TV. Usted tambi\u00e9n puede ver aqu\u00ed los programas completos.\" \/>\n<meta property=\"og:url\" content=\"https:\/\/www.fraterinternacional.org\/es\/madre-luz\/\" \/>\n<meta property=\"og:site_name\" content=\"Fraternidade - Federa\u00e7\u00e3o Humanit\u00e1ria Internacional\" \/>\n<meta property=\"article:publisher\" content=\"https:\/\/www.facebook.com\/fraternidadehumanitaria\" \/>\n<meta property=\"article:published_time\" content=\"2019-01-10T17:19:58+00:00\" \/>\n<meta property=\"og:image\" content=\"https:\/\/www.fraterinternacional.org\/wp-content\/uploads\/2019\/01\/madre-luz.jpg\" \/>\n\t<meta property=\"og:image:width\" content=\"690\" \/>\n\t<meta property=\"og:image:height\" content=\"388\" \/>\n\t<meta property=\"og:image:type\" content=\"image\/jpeg\" \/>\n<meta name=\"author\" content=\"Paulo\" \/>\n<meta name=\"twitter:card\" content=\"summary_large_image\" \/>\n<meta name=\"twitter:creator\" content=\"@fraternidadeFHI\" \/>\n<meta name=\"twitter:site\" content=\"@fraternidadeFHI\" \/>\n<meta name=\"twitter:label1\" content=\"Escrito por\" \/>\n\t<meta name=\"twitter:data1\" content=\"Paulo\" \/>\n\t<meta name=\"twitter:label2\" content=\"Tiempo de lectura\" \/>\n\t<meta name=\"twitter:data2\" content=\"1 minuto\" \/>\n<script type=\"application\/ld+json\" class=\"yoast-schema-graph\">{\"@context\":\"https:\/\/schema.org\",\"@graph\":[{\"@type\":\"WebPage\",\"@id\":\"https:\/\/www.fraterinternacional.org\/es\/madre-luz\/\",\"url\":\"https:\/\/www.fraterinternacional.org\/es\/madre-luz\/\",\"name\":\"Madre Luz - M\u00fasica para la Cura y Elevaci\u00f3n de la Humanidad\",\"isPartOf\":{\"@id\":\"https:\/\/www.fraterinternacional.org\/es\/#website\"},\"datePublished\":\"2019-01-10T17:19:58+00:00\",\"dateModified\":\"2019-01-10T17:19:58+00:00\",\"author\":{\"@id\":\"https:\/\/www.fraterinternacional.org\/es\/#\/schema\/person\/d1ebc479cf94363f42a505a52d8ab723\"},\"description\":\"Siga en directo, el d\u00eda 23 de cada mes a trav\u00e9s de Miseric\u00f3rdia Maria TV. Usted tambi\u00e9n puede ver aqu\u00ed los programas completos.\",\"breadcrumb\":{\"@id\":\"https:\/\/www.fraterinternacional.org\/es\/madre-luz\/#breadcrumb\"},\"inLanguage\":\"es\",\"potentialAction\":[{\"@type\":\"ReadAction\",\"target\":[\"https:\/\/www.fraterinternacional.org\/es\/madre-luz\/\"]}]},{\"@type\":\"BreadcrumbList\",\"@id\":\"https:\/\/www.fraterinternacional.org\/es\/madre-luz\/#breadcrumb\",\"itemListElement\":[{\"@type\":\"ListItem\",\"position\":1,\"name\":\"In\u00edcio\",\"item\":\"https:\/\/www.fraterinternacional.org\/es\/\"},{\"@type\":\"ListItem\",\"position\":2,\"name\":\"Madre Luz\"}]},{\"@type\":\"WebSite\",\"@id\":\"https:\/\/www.fraterinternacional.org\/es\/#website\",\"url\":\"https:\/\/www.fraterinternacional.org\/es\/\",\"name\":\"Fraternidade - Federa\u00e7\u00e3o Humanit\u00e1ria Internacional\",\"description\":\"Fraternidade - Federa\u00e7\u00e3o Humanit\u00e1ria Internacional\",\"potentialAction\":[{\"@type\":\"SearchAction\",\"target\":{\"@type\":\"EntryPoint\",\"urlTemplate\":\"https:\/\/www.fraterinternacional.org\/es\/?s={search_term_string}\"},\"query-input\":\"required name=search_term_string\"}],\"inLanguage\":\"es\"},{\"@type\":\"Person\",\"@id\":\"https:\/\/www.fraterinternacional.org\/es\/#\/schema\/person\/d1ebc479cf94363f42a505a52d8ab723\",\"name\":\"Paulo\"}]}<\/script>\n<!-- \/ Yoast SEO Premium plugin. -->","yoast_head_json":{"title":"Madre Luz - M\u00fasica para la Cura y Elevaci\u00f3n de la Humanidad","description":"Siga en directo, el d\u00eda 23 de cada mes a trav\u00e9s de Miseric\u00f3rdia Maria TV. Usted tambi\u00e9n puede ver aqu\u00ed los programas completos.","robots":{"index":"index","follow":"follow","max-snippet":"max-snippet:-1","max-image-preview":"max-image-preview:large","max-video-preview":"max-video-preview:-1"},"canonical":"https:\/\/www.fraterinternacional.org\/es\/madre-luz\/","og_locale":"es_ES","og_type":"article","og_title":"Madre Luz","og_description":"Siga en directo, el d\u00eda 23 de cada mes a trav\u00e9s de Miseric\u00f3rdia Maria TV. Usted tambi\u00e9n puede ver aqu\u00ed los programas completos.","og_url":"https:\/\/www.fraterinternacional.org\/es\/madre-luz\/","og_site_name":"Fraternidade - Federa\u00e7\u00e3o Humanit\u00e1ria Internacional","article_publisher":"https:\/\/www.facebook.com\/fraternidadehumanitaria","article_published_time":"2019-01-10T17:19:58+00:00","og_image":[{"width":690,"height":388,"url":"https:\/\/www.fraterinternacional.org\/wp-content\/uploads\/2019\/01\/madre-luz.jpg","type":"image\/jpeg"}],"author":"Paulo","twitter_card":"summary_large_image","twitter_creator":"@fraternidadeFHI","twitter_site":"@fraternidadeFHI","twitter_misc":{"Escrito por":"Paulo","Tiempo de lectura":"1 minuto"},"schema":{"@context":"https:\/\/schema.org","@graph":[{"@type":"WebPage","@id":"https:\/\/www.fraterinternacional.org\/es\/madre-luz\/","url":"https:\/\/www.fraterinternacional.org\/es\/madre-luz\/","name":"Madre Luz - M\u00fasica para la Cura y Elevaci\u00f3n de la Humanidad","isPartOf":{"@id":"https:\/\/www.fraterinternacional.org\/es\/#website"},"datePublished":"2019-01-10T17:19:58+00:00","dateModified":"2019-01-10T17:19:58+00:00","author":{"@id":"https:\/\/www.fraterinternacional.org\/es\/#\/schema\/person\/d1ebc479cf94363f42a505a52d8ab723"},"description":"Siga en directo, el d\u00eda 23 de cada mes a trav\u00e9s de Miseric\u00f3rdia Maria TV. Usted tambi\u00e9n puede ver aqu\u00ed los programas completos.","breadcrumb":{"@id":"https:\/\/www.fraterinternacional.org\/es\/madre-luz\/#breadcrumb"},"inLanguage":"es","potentialAction":[{"@type":"ReadAction","target":["https:\/\/www.fraterinternacional.org\/es\/madre-luz\/"]}]},{"@type":"BreadcrumbList","@id":"https:\/\/www.fraterinternacional.org\/es\/madre-luz\/#breadcrumb","itemListElement":[{"@type":"ListItem","position":1,"name":"In\u00edcio","item":"https:\/\/www.fraterinternacional.org\/es\/"},{"@type":"ListItem","position":2,"name":"Madre Luz"}]},{"@type":"WebSite","@id":"https:\/\/www.fraterinternacional.org\/es\/#website","url":"https:\/\/www.fraterinternacional.org\/es\/","name":"Fraternidade - Federa\u00e7\u00e3o Humanit\u00e1ria Internacional","description":"Fraternidade - Federa\u00e7\u00e3o Humanit\u00e1ria Internacional","potentialAction":[{"@type":"SearchAction","target":{"@type":"EntryPoint","urlTemplate":"https:\/\/www.fraterinternacional.org\/es\/?s={search_term_string}"},"query-input":"required name=search_term_string"}],"inLanguage":"es"},{"@type":"Person","@id":"https:\/\/www.fraterinternacional.org\/es\/#\/schema\/person\/d1ebc479cf94363f42a505a52d8ab723","name":"Paulo"}]}},"_links":{"self":[{"href":"https:\/\/www.fraterinternacional.org\/es\/wp-json\/wp\/v2\/posts\/94947"}],"collection":[{"href":"https:\/\/www.fraterinternacional.org\/es\/wp-json\/wp\/v2\/posts"}],"about":[{"href":"https:\/\/www.fraterinternacional.org\/es\/wp-json\/wp\/v2\/types\/post"}],"author":[{"embeddable":true,"href":"https:\/\/www.fraterinternacional.org\/es\/wp-json\/wp\/v2\/users\/45"}],"replies":[{"embeddable":true,"href":"https:\/\/www.fraterinternacional.org\/es\/wp-json\/wp\/v2\/comments?post=94947"}],"version-history":[{"count":0,"href":"https:\/\/www.fraterinternacional.org\/es\/wp-json\/wp\/v2\/posts\/94947\/revisions"}],"wp:featuredmedia":[{"embeddable":true,"href":"https:\/\/www.fraterinternacional.org\/es\/wp-json\/wp\/v2\/media\/94997"}],"wp:attachment":[{"href":"https:\/\/www.fraterinternacional.org\/es\/wp-json\/wp\/v2\/media?parent=94947"}],"wp:term":[{"taxonomy":"category","embeddable":true,"href":"https:\/\/www.fraterinternacional.org\/es\/wp-json\/wp\/v2\/categories?post=94947"},{"taxonomy":"post_tag","embeddable":true,"href":"https:\/\/www.fraterinternacional.org\/es\/wp-json\/wp\/v2\/tags?post=94947"}],"curies":[{"name":"wp","href":"https:\/\/api.w.org\/{rel}","templated":true}]}}