{"id":94686,"date":"2018-12-27T19:47:40","date_gmt":"2018-12-27T22:47:40","guid":{"rendered":"https:\/\/www.fraterinternacional.org\/?p=94686"},"modified":"2018-12-27T19:47:40","modified_gmt":"2018-12-27T22:47:40","slug":"colombia-humanitaria-es-bueno-entregar-amor-los-que-sufren","status":"publish","type":"post","link":"https:\/\/www.fraterinternacional.org\/es\/colombia-humanitaria-es-bueno-entregar-amor-los-que-sufren\/","title":{"rendered":"Misi\u00f3n Colombia Humanitaria &#8211; \u201cEs muy bueno poder entregar amor a los que sufren\u201d"},"content":{"rendered":"<p style=\"text-align: justify;\"><a href=\"https:\/\/www.fraterinternacional.org\/wp-content\/uploads\/2018\/12\/img_MHColombia_181210_caminhantes_03.jpg\"><img decoding=\"async\" class=\"alignleft size-medium wp-image-94578\" src=\"https:\/\/www.fraterinternacional.org\/wp-content\/uploads\/2018\/12\/img_MHColombia_181210_caminhantes_03-300x169.jpg\" alt=\"\" width=\"300\" height=\"169\" srcset=\"https:\/\/www.fraterinternacional.org\/wp-content\/uploads\/2018\/12\/img_MHColombia_181210_caminhantes_03-200x112.jpg 200w, https:\/\/www.fraterinternacional.org\/wp-content\/uploads\/2018\/12\/img_MHColombia_181210_caminhantes_03-300x169.jpg 300w, https:\/\/www.fraterinternacional.org\/wp-content\/uploads\/2018\/12\/img_MHColombia_181210_caminhantes_03-400x225.jpg 400w, https:\/\/www.fraterinternacional.org\/wp-content\/uploads\/2018\/12\/img_MHColombia_181210_caminhantes_03-600x337.jpg 600w, https:\/\/www.fraterinternacional.org\/wp-content\/uploads\/2018\/12\/img_MHColombia_181210_caminhantes_03.jpg 690w\" sizes=\"(max-width: 300px) 100vw, 300px\" \/><\/a>La <a href=\"https:\/\/www.fraterinternacional.org\/es\/campanhas-ffhi\/mision-colombia-humanitaria\/\">Misi\u00f3n Colombia Humanitaria<\/a>, emprendimiento de la\u00a0<b>Fraternidade \u2013 Federaci\u00f3n Humanitaria Internacional (FFHI)<\/b>\u00a0en apoyo a los migrantes venezolanos y desplazados colombianos, entr\u00f3 en su tercer mes de desarrollo en la ciudad colombiana de C\u00facuta, en la frontera con Venezuela.<\/p>\n<p style=\"text-align: justify;\">La misma est\u00e1 a cargo de una veintena de voluntarios, varios de ellos sin experiencia previa en tareas humanitarias internacionales. Est\u00e1n all\u00ed impulsados por las ganas de hacer algo, lo que sea, para aliviar, aunque sea m\u00ednimamente, el dolor de miles de seres humanos que protagonizan, contra su voluntad, la peor crisis migratoria de Sudam\u00e9rica en las \u00faltimas d\u00e9cadas.<\/p>\n<div id=\"attachment_94575\" style=\"width: 310px\" class=\"wp-caption alignright\"><a href=\"https:\/\/www.fraterinternacional.org\/wp-content\/uploads\/2018\/12\/img_MHColombia_181210_caminhantes_02.jpg\"><img decoding=\"async\" aria-describedby=\"caption-attachment-94575\" class=\"wp-image-94575 size-medium\" src=\"https:\/\/www.fraterinternacional.org\/wp-content\/uploads\/2018\/12\/img_MHColombia_181210_caminhantes_02-300x177.jpg\" alt=\"\" width=\"300\" height=\"177\" srcset=\"https:\/\/www.fraterinternacional.org\/wp-content\/uploads\/2018\/12\/img_MHColombia_181210_caminhantes_02-200x118.jpg 200w, https:\/\/www.fraterinternacional.org\/wp-content\/uploads\/2018\/12\/img_MHColombia_181210_caminhantes_02-300x177.jpg 300w, https:\/\/www.fraterinternacional.org\/wp-content\/uploads\/2018\/12\/img_MHColombia_181210_caminhantes_02-400x235.jpg 400w, https:\/\/www.fraterinternacional.org\/wp-content\/uploads\/2018\/12\/img_MHColombia_181210_caminhantes_02-600x353.jpg 600w, https:\/\/www.fraterinternacional.org\/wp-content\/uploads\/2018\/12\/img_MHColombia_181210_caminhantes_02.jpg 690w\" sizes=\"(max-width: 300px) 100vw, 300px\" \/><\/a><p id=\"caption-attachment-94575\" class=\"wp-caption-text\">Familias migrantes intentan un autostop<\/p><\/div>\n<p style=\"text-align: justify;\">\u201cEs impactante ver a familias enteras, con ni\u00f1os peque\u00f1os, caminando por la carretera sin rumbo fijo, sin perspectivas, sin conocer a nadie, sin saber si conseguir\u00e1n llegar a alg\u00fan lugar. Y lo peor: sin saber hasta cu\u00e1ndo durar\u00e1 esa pesadilla\u201d, testimonia Bianca Montemovo, voluntaria brasile\u00f1a de 18 a\u00f1os de edad, quien representa a la <a href=\"https:\/\/juventudepelapaz.org\/es\/category\/servir-juntos-es-2\/\" target=\"_blank\" rel=\"noopener\">Juventud Misionera por la Paz<\/a>.<\/p>\n<p style=\"text-align: justify;\">Ella asegura estar aprendiendo mucho con la experiencia misionera. \u201cEs muy bueno poder entregar amor a los que sufren, porque uno ve que a veces solo necesitan de un saludo, una sonrisa, de no ser tratados con indiferencia\u201d, complementa para luego rematar: \u201cconsidero muy importante que otros tambi\u00e9n se animen a venir a ayudar\u201d.<\/p>\n<h3 style=\"text-align: center;\"><span lang=\"es-419\">Colombia Humanitaria<\/span><\/h3>\n<div id=\"attachment_94581\" style=\"width: 310px\" class=\"wp-caption alignleft\"><a href=\"https:\/\/www.fraterinternacional.org\/wp-content\/uploads\/2018\/12\/img_MHColombia_181210_centro_piloto_danca_criancas_01.jpg\"><img decoding=\"async\" aria-describedby=\"caption-attachment-94581\" class=\"wp-image-94581 size-medium\" src=\"https:\/\/www.fraterinternacional.org\/wp-content\/uploads\/2018\/12\/img_MHColombia_181210_centro_piloto_danca_criancas_01-300x169.jpg\" alt=\"\" width=\"300\" height=\"169\" srcset=\"https:\/\/www.fraterinternacional.org\/wp-content\/uploads\/2018\/12\/img_MHColombia_181210_centro_piloto_danca_criancas_01-200x112.jpg 200w, https:\/\/www.fraterinternacional.org\/wp-content\/uploads\/2018\/12\/img_MHColombia_181210_centro_piloto_danca_criancas_01-300x169.jpg 300w, https:\/\/www.fraterinternacional.org\/wp-content\/uploads\/2018\/12\/img_MHColombia_181210_centro_piloto_danca_criancas_01-400x225.jpg 400w, https:\/\/www.fraterinternacional.org\/wp-content\/uploads\/2018\/12\/img_MHColombia_181210_centro_piloto_danca_criancas_01-600x337.jpg 600w, https:\/\/www.fraterinternacional.org\/wp-content\/uploads\/2018\/12\/img_MHColombia_181210_centro_piloto_danca_criancas_01.jpg 690w\" sizes=\"(max-width: 300px) 100vw, 300px\" \/><\/a><p id=\"caption-attachment-94581\" class=\"wp-caption-text\">Actividad recreativa en el Centro Piloto<\/p><\/div>\n<p style=\"text-align: justify;\">La Misi\u00f3n Colombia Humanitaria transcurre b\u00e1sicamente en dos locales cat\u00f3licos de asistencia a migrantes, desplazados y familias de escasos recursos: el Centro Piloto Scalabriniano y el Centro de Migraciones. En el primero, 4500 ni\u00f1os y adolescentes que se encuentran fuera del sistema escolar reciben apoyo educativo emergencial. El segundo funciona como hospedaje temporal. Los misioneros de la Fraternidade ayudan en ambos locales con talleres de manualidades y de artesan\u00eda, as\u00ed como coordinando actividades f\u00edsicas y recreativas.<\/p>\n<p style=\"text-align: justify;\">\u201cLos ni\u00f1os desarrollan espont\u00e1neamente una fraternidad preciosa. Sin preguntarte siquiera c\u00f3mo te llamas o de d\u00f3nde vienes, ya te est\u00e1n amando, compartiendo todo, regalando sonrisas, regalando lo que sienten y entreg\u00e1ndote su gratitud, su cari\u00f1o, en un abrazo, un saludo. Son realmente ni\u00f1os muy educados, sensibles, abiertos, comunicativos\u201d, destaca Enoc, otro de los voluntarios.<\/p>\n<div id=\"attachment_94584\" style=\"width: 310px\" class=\"wp-caption alignright\"><a href=\"https:\/\/www.fraterinternacional.org\/wp-content\/uploads\/2018\/12\/img_MHColombia_181210_centro_piloto_danca_criancas_02.jpg\"><img decoding=\"async\" aria-describedby=\"caption-attachment-94584\" class=\"wp-image-94584 size-medium\" src=\"https:\/\/www.fraterinternacional.org\/wp-content\/uploads\/2018\/12\/img_MHColombia_181210_centro_piloto_danca_criancas_02-300x169.jpg\" alt=\"\" width=\"300\" height=\"169\" srcset=\"https:\/\/www.fraterinternacional.org\/wp-content\/uploads\/2018\/12\/img_MHColombia_181210_centro_piloto_danca_criancas_02-200x112.jpg 200w, https:\/\/www.fraterinternacional.org\/wp-content\/uploads\/2018\/12\/img_MHColombia_181210_centro_piloto_danca_criancas_02-300x169.jpg 300w, https:\/\/www.fraterinternacional.org\/wp-content\/uploads\/2018\/12\/img_MHColombia_181210_centro_piloto_danca_criancas_02-400x225.jpg 400w, https:\/\/www.fraterinternacional.org\/wp-content\/uploads\/2018\/12\/img_MHColombia_181210_centro_piloto_danca_criancas_02-600x337.jpg 600w, https:\/\/www.fraterinternacional.org\/wp-content\/uploads\/2018\/12\/img_MHColombia_181210_centro_piloto_danca_criancas_02.jpg 690w\" sizes=\"(max-width: 300px) 100vw, 300px\" \/><\/a><p id=\"caption-attachment-94584\" class=\"wp-caption-text\">Alegre ronda con canciones navide\u00f1as<\/p><\/div>\n<p style=\"text-align: justify;\">El relata que tuvo oportunidad de cantar con los chicos algunos villancicos navide\u00f1os y que de repente surgi\u00f3 una ronda muy creativa que se transform\u00f3 en un pesebre viviente. Entusiasmado, prosigue contando que la actividad result\u00f3 m\u00e1gica porque algunos peque\u00f1os que se mostraban desganados para todo, de repente se los vio cantar, hacer palmas y transformarse por completo.<\/p>\n<p style=\"text-align: justify;\">Renato Goshima, quien tambi\u00e9n representa a la Juventud Misionera por la Paz, comenta que en el Centro de Migraciones puede verse a los ni\u00f1os que se mantienen m\u00e1s alegres, m\u00e1s centrados en las actividades del d\u00eda, mientras que los adultos, si bien se distraen con los trabajos de artesan\u00eda que realizan, no pueden evitar la preocupaci\u00f3n por la incertidumbre que retornar\u00e1 a sus vidas cuando se cumpla el plazo de permanencia en el local de acogida.<\/p>\n<h3 style=\"text-align: center;\"><span lang=\"es-419\">Migraci\u00f3n se duplicar\u00eda en 2019<\/span><\/h3>\n<div id=\"attachment_94589\" style=\"width: 310px\" class=\"wp-caption alignleft\"><a href=\"https:\/\/www.fraterinternacional.org\/wp-content\/uploads\/2018\/12\/img_MHColombia_181210_casa_missionarios_preparo_materiais_artesanato_02.jpg\"><img decoding=\"async\" aria-describedby=\"caption-attachment-94589\" class=\"wp-image-94589 size-medium\" src=\"https:\/\/www.fraterinternacional.org\/wp-content\/uploads\/2018\/12\/img_MHColombia_181210_casa_missionarios_preparo_materiais_artesanato_02-300x169.jpg\" alt=\"\" width=\"300\" height=\"169\" srcset=\"https:\/\/www.fraterinternacional.org\/wp-content\/uploads\/2018\/12\/img_MHColombia_181210_casa_missionarios_preparo_materiais_artesanato_02-200x112.jpg 200w, https:\/\/www.fraterinternacional.org\/wp-content\/uploads\/2018\/12\/img_MHColombia_181210_casa_missionarios_preparo_materiais_artesanato_02-300x169.jpg 300w, https:\/\/www.fraterinternacional.org\/wp-content\/uploads\/2018\/12\/img_MHColombia_181210_casa_missionarios_preparo_materiais_artesanato_02-400x225.jpg 400w, https:\/\/www.fraterinternacional.org\/wp-content\/uploads\/2018\/12\/img_MHColombia_181210_casa_missionarios_preparo_materiais_artesanato_02-600x337.jpg 600w, https:\/\/www.fraterinternacional.org\/wp-content\/uploads\/2018\/12\/img_MHColombia_181210_casa_missionarios_preparo_materiais_artesanato_02.jpg 690w\" sizes=\"(max-width: 300px) 100vw, 300px\" \/><\/a><p id=\"caption-attachment-94589\" class=\"wp-caption-text\">Preparando materiales para trabajar con los ni\u00f1os<\/p><\/div>\n<p style=\"text-align: justify;\">Los misioneros acompa\u00f1an a los migrantes de lunes a viernes, por la ma\u00f1ana. El resto del tiempo ocupan con actividades de formaci\u00f3n misionera y entrenamiento f\u00edsico, caminatas de 15 a 20 kil\u00f3metros, mantenimiento de la casa donde se alojan, preparaci\u00f3n de los talleres que desarrollar\u00e1n al d\u00eda siguiente, ejercicios espirituales y descanso.<\/p>\n<p style=\"text-align: justify;\">Hasta noviembre, la cantidad de venezolanos que hab\u00edan huido de la crisis econ\u00f3mica, pol\u00edtica y social que afecta a su pa\u00eds ya sumaban tres millones en todo el mundo, seg\u00fan datos divulgados por la OIM (Organizaci\u00f3n Internacional de las Migraciones) y Acnur (Alto Comisionado de las Naciones Unidas para los Refugiados). De ese total, 2,3 millones sobreviven como pueden en diferentes pa\u00edses sudamericanos, siendo Colombia el principal receptor, con m\u00e1s de un mill\u00f3n de migrantes. La previsi\u00f3n para el 2019, seg\u00fan esos organismos multilaterales, es que la migraci\u00f3n venezolana se duplicar\u00e1.<\/p>\n<h3 style=\"text-align: center;\">Para colaborar con la Misi\u00f3n Colombia Humanitaria, haga clic:<\/h3>\n<h3 style=\"text-align: center;\"><a href=\"https:\/\/www.fraterinternacional.org\/es\/campanhas-ffhi\/mision-colombia-humanitaria\/\"> <strong>AQUI<\/strong><\/a><\/h3>\n<p>&nbsp;<\/p>\n\n\t\t<style type=\"text\/css\">\n\t\t\t#gallery-1 {\n\t\t\t\tmargin: auto;\n\t\t\t}\n\t\t\t#gallery-1 .gallery-item {\n\t\t\t\tfloat: left;\n\t\t\t\tmargin-top: 10px;\n\t\t\t\ttext-align: center;\n\t\t\t\twidth: 33%;\n\t\t\t}\n\t\t\t#gallery-1 img {\n\t\t\t\tborder: 2px solid #cfcfcf;\n\t\t\t}\n\t\t\t#gallery-1 .gallery-caption {\n\t\t\t\tmargin-left: 0;\n\t\t\t}\n\t\t\t\/* see gallery_shortcode() in wp-includes\/media.php *\/\n\t\t<\/style>\n\t\t<div id='gallery-1' class='gallery galleryid-94686 gallery-columns-3 gallery-size-thumbnail'><dl class='gallery-item'>\n\t\t\t<dt class='gallery-icon landscape'>\n\t\t\t\t<a data-rel=\"iLightbox[postimages]\" data-title=\"img_MHColombia_181210_centro_migrantes_artesanato_familias_04\" data-caption=\"Artesan\u00eda en familia\" href='https:\/\/www.fraterinternacional.org\/wp-content\/uploads\/2018\/12\/img_MHColombia_181210_centro_migrantes_artesanato_familias_04.jpg'><img decoding=\"async\" width=\"150\" height=\"150\" src=\"https:\/\/www.fraterinternacional.org\/wp-content\/uploads\/2018\/12\/img_MHColombia_181210_centro_migrantes_artesanato_familias_04-150x150.jpg\" class=\"attachment-thumbnail size-thumbnail\" alt=\"\" aria-describedby=\"gallery-1-94613\" \/><\/a>\n\t\t\t<\/dt>\n\t\t\t\t<dd class='wp-caption-text gallery-caption' id='gallery-1-94613'>\n\t\t\t\tArtesan\u00eda en familia\n\t\t\t\t<\/dd><\/dl><dl class='gallery-item'>\n\t\t\t<dt class='gallery-icon landscape'>\n\t\t\t\t<a data-rel=\"iLightbox[postimages]\" data-title=\"img_MHColombia_181210_presepio_casa_missionaria_cucuta_01\" data-caption=\"Pesebre en la casa misionera de C\u00facuta\" href='https:\/\/www.fraterinternacional.org\/wp-content\/uploads\/2018\/12\/img_MHColombia_181210_presepio_casa_missionaria_cucuta_01.jpg'><img decoding=\"async\" width=\"150\" height=\"150\" src=\"https:\/\/www.fraterinternacional.org\/wp-content\/uploads\/2018\/12\/img_MHColombia_181210_presepio_casa_missionaria_cucuta_01-150x150.jpg\" class=\"attachment-thumbnail size-thumbnail\" alt=\"\" aria-describedby=\"gallery-1-94607\" \/><\/a>\n\t\t\t<\/dt>\n\t\t\t\t<dd class='wp-caption-text gallery-caption' id='gallery-1-94607'>\n\t\t\t\tPesebre en la casa misionera de C\u00facuta\n\t\t\t\t<\/dd><\/dl><dl class='gallery-item'>\n\t\t\t<dt class='gallery-icon portrait'>\n\t\t\t\t<a data-rel=\"iLightbox[postimages]\" data-title=\"img_MHColombia_181210_centro_piloto_canto_criancas_01\" data-caption=\"\" href='https:\/\/www.fraterinternacional.org\/wp-content\/uploads\/2018\/12\/img_MHColombia_181210_centro_piloto_canto_criancas_01.jpg'><img decoding=\"async\" width=\"150\" height=\"150\" src=\"https:\/\/www.fraterinternacional.org\/wp-content\/uploads\/2018\/12\/img_MHColombia_181210_centro_piloto_canto_criancas_01-150x150.jpg\" class=\"attachment-thumbnail size-thumbnail\" alt=\"\" \/><\/a>\n\t\t\t<\/dt><\/dl><br style=\"clear: both\" \/>\n\t\t<\/div>\n\n<p>&nbsp;<\/p>\n","protected":false},"excerpt":{"rendered":"<p>La Misi\u00f3n Colombia Humanitaria, emprendimiento de la\u00a0Fraternidade \u2013 Federaci\u00f3n Humanitaria Internacional (FFHI)\u00a0en apoyo a los migrantes venezolanos y desplazados colombianos, [&hellip;]<\/p>\n","protected":false},"author":16,"featured_media":94574,"comment_status":"closed","ping_status":"closed","sticky":false,"template":"","format":"standard","meta":{"footnotes":""},"categories":[173,105,120],"tags":[4177,97],"class_list":["post-94686","post","type-post","status-publish","format-standard","has-post-thumbnail","hentry","category-noticia","category-noticias-de-las-misiones","category-red-luz-es","tag-missao-colombia-es","tag-servicio-humanitario-es"],"yoast_head":"<!-- This site is optimized with the Yoast SEO Premium plugin v21.0 (Yoast SEO v21.0) - https:\/\/yoast.com\/wordpress\/plugins\/seo\/ -->\n<title>Misi\u00f3n Colombia Humanitaria - \u201cEs muy bueno poder entregar amor a los que sufren\u201d<\/title>\n<meta name=\"description\" content=\"La Misi\u00f3n Colombia Humanitaria es desarrollada por una veintena de voluntarios, varios de ellos j\u00f3venes, que act\u00faan movidos por amor y ganas de ayudar.\" \/>\n<meta name=\"robots\" content=\"index, follow, max-snippet:-1, max-image-preview:large, max-video-preview:-1\" \/>\n<link rel=\"canonical\" href=\"https:\/\/www.fraterinternacional.org\/es\/colombia-humanitaria-es-bueno-entregar-amor-los-que-sufren\/\" \/>\n<meta property=\"og:locale\" content=\"es_ES\" \/>\n<meta property=\"og:type\" content=\"article\" \/>\n<meta property=\"og:title\" content=\"Misi\u00f3n Colombia Humanitaria - \u201cEs muy bueno poder entregar amor a los que sufren\u201d\" \/>\n<meta property=\"og:description\" content=\"La Misi\u00f3n Colombia Humanitaria es desarrollada por una veintena de voluntarios, varios de ellos j\u00f3venes, que act\u00faan movidos por amor y ganas de ayudar.\" \/>\n<meta property=\"og:url\" content=\"https:\/\/www.fraterinternacional.org\/es\/colombia-humanitaria-es-bueno-entregar-amor-los-que-sufren\/\" \/>\n<meta property=\"og:site_name\" content=\"Fraternidade - Federa\u00e7\u00e3o Humanit\u00e1ria Internacional\" \/>\n<meta property=\"article:publisher\" content=\"https:\/\/www.facebook.com\/fraternidadehumanitaria\" \/>\n<meta property=\"article:published_time\" content=\"2018-12-27T22:47:40+00:00\" \/>\n<meta property=\"og:image\" content=\"https:\/\/www.fraterinternacional.org\/wp-content\/uploads\/2018\/12\/img_MHColombia_181210_centro_piloto_danca_criancas_03.jpg\" \/>\n\t<meta property=\"og:image:width\" content=\"690\" \/>\n\t<meta property=\"og:image:height\" content=\"388\" \/>\n\t<meta property=\"og:image:type\" content=\"image\/jpeg\" \/>\n<meta name=\"author\" content=\"Sergio Redator Espanhol\" \/>\n<meta name=\"twitter:card\" content=\"summary_large_image\" \/>\n<meta name=\"twitter:creator\" content=\"@fraternidadeFHI\" \/>\n<meta name=\"twitter:site\" content=\"@fraternidadeFHI\" \/>\n<meta name=\"twitter:label1\" content=\"Escrito por\" \/>\n\t<meta name=\"twitter:data1\" content=\"Sergio Redator Espanhol\" \/>\n\t<meta name=\"twitter:label2\" content=\"Tiempo de lectura\" \/>\n\t<meta name=\"twitter:data2\" content=\"4 minutos\" \/>\n<script type=\"application\/ld+json\" class=\"yoast-schema-graph\">{\"@context\":\"https:\/\/schema.org\",\"@graph\":[{\"@type\":\"WebPage\",\"@id\":\"https:\/\/www.fraterinternacional.org\/es\/colombia-humanitaria-es-bueno-entregar-amor-los-que-sufren\/\",\"url\":\"https:\/\/www.fraterinternacional.org\/es\/colombia-humanitaria-es-bueno-entregar-amor-los-que-sufren\/\",\"name\":\"Misi\u00f3n Colombia Humanitaria - \u201cEs muy bueno poder entregar amor a los que sufren\u201d\",\"isPartOf\":{\"@id\":\"https:\/\/www.fraterinternacional.org\/es\/#website\"},\"datePublished\":\"2018-12-27T22:47:40+00:00\",\"dateModified\":\"2018-12-27T22:47:40+00:00\",\"author\":{\"@id\":\"https:\/\/www.fraterinternacional.org\/es\/#\/schema\/person\/cf24d3eac28b0e09714ecb8cbd865c28\"},\"description\":\"La Misi\u00f3n Colombia Humanitaria es desarrollada por una veintena de voluntarios, varios de ellos j\u00f3venes, que act\u00faan movidos por amor y ganas de ayudar.\",\"breadcrumb\":{\"@id\":\"https:\/\/www.fraterinternacional.org\/es\/colombia-humanitaria-es-bueno-entregar-amor-los-que-sufren\/#breadcrumb\"},\"inLanguage\":\"es\",\"potentialAction\":[{\"@type\":\"ReadAction\",\"target\":[\"https:\/\/www.fraterinternacional.org\/es\/colombia-humanitaria-es-bueno-entregar-amor-los-que-sufren\/\"]}]},{\"@type\":\"BreadcrumbList\",\"@id\":\"https:\/\/www.fraterinternacional.org\/es\/colombia-humanitaria-es-bueno-entregar-amor-los-que-sufren\/#breadcrumb\",\"itemListElement\":[{\"@type\":\"ListItem\",\"position\":1,\"name\":\"In\u00edcio\",\"item\":\"https:\/\/www.fraterinternacional.org\/es\/\"},{\"@type\":\"ListItem\",\"position\":2,\"name\":\"Misi\u00f3n Colombia Humanitaria &#8211; \u201cEs muy bueno poder entregar amor a los que sufren\u201d\"}]},{\"@type\":\"WebSite\",\"@id\":\"https:\/\/www.fraterinternacional.org\/es\/#website\",\"url\":\"https:\/\/www.fraterinternacional.org\/es\/\",\"name\":\"Fraternidade - Federa\u00e7\u00e3o Humanit\u00e1ria Internacional\",\"description\":\"Fraternidade - Federa\u00e7\u00e3o Humanit\u00e1ria Internacional\",\"potentialAction\":[{\"@type\":\"SearchAction\",\"target\":{\"@type\":\"EntryPoint\",\"urlTemplate\":\"https:\/\/www.fraterinternacional.org\/es\/?s={search_term_string}\"},\"query-input\":\"required name=search_term_string\"}],\"inLanguage\":\"es\"},{\"@type\":\"Person\",\"@id\":\"https:\/\/www.fraterinternacional.org\/es\/#\/schema\/person\/cf24d3eac28b0e09714ecb8cbd865c28\",\"name\":\"Sergio Redator Espanhol\"}]}<\/script>\n<!-- \/ Yoast SEO Premium plugin. -->","yoast_head_json":{"title":"Misi\u00f3n Colombia Humanitaria - \u201cEs muy bueno poder entregar amor a los que sufren\u201d","description":"La Misi\u00f3n Colombia Humanitaria es desarrollada por una veintena de voluntarios, varios de ellos j\u00f3venes, que act\u00faan movidos por amor y ganas de ayudar.","robots":{"index":"index","follow":"follow","max-snippet":"max-snippet:-1","max-image-preview":"max-image-preview:large","max-video-preview":"max-video-preview:-1"},"canonical":"https:\/\/www.fraterinternacional.org\/es\/colombia-humanitaria-es-bueno-entregar-amor-los-que-sufren\/","og_locale":"es_ES","og_type":"article","og_title":"Misi\u00f3n Colombia Humanitaria - \u201cEs muy bueno poder entregar amor a los que sufren\u201d","og_description":"La Misi\u00f3n Colombia Humanitaria es desarrollada por una veintena de voluntarios, varios de ellos j\u00f3venes, que act\u00faan movidos por amor y ganas de ayudar.","og_url":"https:\/\/www.fraterinternacional.org\/es\/colombia-humanitaria-es-bueno-entregar-amor-los-que-sufren\/","og_site_name":"Fraternidade - Federa\u00e7\u00e3o Humanit\u00e1ria Internacional","article_publisher":"https:\/\/www.facebook.com\/fraternidadehumanitaria","article_published_time":"2018-12-27T22:47:40+00:00","og_image":[{"width":690,"height":388,"url":"https:\/\/www.fraterinternacional.org\/wp-content\/uploads\/2018\/12\/img_MHColombia_181210_centro_piloto_danca_criancas_03.jpg","type":"image\/jpeg"}],"author":"Sergio Redator Espanhol","twitter_card":"summary_large_image","twitter_creator":"@fraternidadeFHI","twitter_site":"@fraternidadeFHI","twitter_misc":{"Escrito por":"Sergio Redator Espanhol","Tiempo de lectura":"4 minutos"},"schema":{"@context":"https:\/\/schema.org","@graph":[{"@type":"WebPage","@id":"https:\/\/www.fraterinternacional.org\/es\/colombia-humanitaria-es-bueno-entregar-amor-los-que-sufren\/","url":"https:\/\/www.fraterinternacional.org\/es\/colombia-humanitaria-es-bueno-entregar-amor-los-que-sufren\/","name":"Misi\u00f3n Colombia Humanitaria - \u201cEs muy bueno poder entregar amor a los que sufren\u201d","isPartOf":{"@id":"https:\/\/www.fraterinternacional.org\/es\/#website"},"datePublished":"2018-12-27T22:47:40+00:00","dateModified":"2018-12-27T22:47:40+00:00","author":{"@id":"https:\/\/www.fraterinternacional.org\/es\/#\/schema\/person\/cf24d3eac28b0e09714ecb8cbd865c28"},"description":"La Misi\u00f3n Colombia Humanitaria es desarrollada por una veintena de voluntarios, varios de ellos j\u00f3venes, que act\u00faan movidos por amor y ganas de ayudar.","breadcrumb":{"@id":"https:\/\/www.fraterinternacional.org\/es\/colombia-humanitaria-es-bueno-entregar-amor-los-que-sufren\/#breadcrumb"},"inLanguage":"es","potentialAction":[{"@type":"ReadAction","target":["https:\/\/www.fraterinternacional.org\/es\/colombia-humanitaria-es-bueno-entregar-amor-los-que-sufren\/"]}]},{"@type":"BreadcrumbList","@id":"https:\/\/www.fraterinternacional.org\/es\/colombia-humanitaria-es-bueno-entregar-amor-los-que-sufren\/#breadcrumb","itemListElement":[{"@type":"ListItem","position":1,"name":"In\u00edcio","item":"https:\/\/www.fraterinternacional.org\/es\/"},{"@type":"ListItem","position":2,"name":"Misi\u00f3n Colombia Humanitaria &#8211; \u201cEs muy bueno poder entregar amor a los que sufren\u201d"}]},{"@type":"WebSite","@id":"https:\/\/www.fraterinternacional.org\/es\/#website","url":"https:\/\/www.fraterinternacional.org\/es\/","name":"Fraternidade - Federa\u00e7\u00e3o Humanit\u00e1ria Internacional","description":"Fraternidade - Federa\u00e7\u00e3o Humanit\u00e1ria Internacional","potentialAction":[{"@type":"SearchAction","target":{"@type":"EntryPoint","urlTemplate":"https:\/\/www.fraterinternacional.org\/es\/?s={search_term_string}"},"query-input":"required name=search_term_string"}],"inLanguage":"es"},{"@type":"Person","@id":"https:\/\/www.fraterinternacional.org\/es\/#\/schema\/person\/cf24d3eac28b0e09714ecb8cbd865c28","name":"Sergio Redator Espanhol"}]}},"_links":{"self":[{"href":"https:\/\/www.fraterinternacional.org\/es\/wp-json\/wp\/v2\/posts\/94686"}],"collection":[{"href":"https:\/\/www.fraterinternacional.org\/es\/wp-json\/wp\/v2\/posts"}],"about":[{"href":"https:\/\/www.fraterinternacional.org\/es\/wp-json\/wp\/v2\/types\/post"}],"author":[{"embeddable":true,"href":"https:\/\/www.fraterinternacional.org\/es\/wp-json\/wp\/v2\/users\/16"}],"replies":[{"embeddable":true,"href":"https:\/\/www.fraterinternacional.org\/es\/wp-json\/wp\/v2\/comments?post=94686"}],"version-history":[{"count":0,"href":"https:\/\/www.fraterinternacional.org\/es\/wp-json\/wp\/v2\/posts\/94686\/revisions"}],"wp:featuredmedia":[{"embeddable":true,"href":"https:\/\/www.fraterinternacional.org\/es\/wp-json\/wp\/v2\/media\/94574"}],"wp:attachment":[{"href":"https:\/\/www.fraterinternacional.org\/es\/wp-json\/wp\/v2\/media?parent=94686"}],"wp:term":[{"taxonomy":"category","embeddable":true,"href":"https:\/\/www.fraterinternacional.org\/es\/wp-json\/wp\/v2\/categories?post=94686"},{"taxonomy":"post_tag","embeddable":true,"href":"https:\/\/www.fraterinternacional.org\/es\/wp-json\/wp\/v2\/tags?post=94686"}],"curies":[{"name":"wp","href":"https:\/\/api.w.org\/{rel}","templated":true}]}}