{"id":93776,"date":"2018-12-09T14:56:56","date_gmt":"2018-12-09T17:56:56","guid":{"rendered":"https:\/\/www.fraterinternacional.org\/?p=93776"},"modified":"2018-12-09T14:56:56","modified_gmt":"2018-12-09T17:56:56","slug":"mision-colombia-se-renueva","status":"publish","type":"post","link":"https:\/\/www.fraterinternacional.org\/es\/mision-colombia-se-renueva\/","title":{"rendered":"Misi\u00f3n Colombia Humanitaria se renueva para seguir ayudando a los migrantes venezolanos"},"content":{"rendered":"<p style=\"text-align: justify;\"><a href=\"https:\/\/www.fraterinternacional.org\/wp-content\/uploads\/2018\/12\/img_MHColombia_181203_segundo_grupo_missionarios_01.jpg\"><img decoding=\"async\" class=\"alignleft size-medium wp-image-93748\" src=\"https:\/\/www.fraterinternacional.org\/wp-content\/uploads\/2018\/12\/img_MHColombia_181203_segundo_grupo_missionarios_01-300x169.jpg\" alt=\"\" width=\"300\" height=\"169\" srcset=\"https:\/\/www.fraterinternacional.org\/wp-content\/uploads\/2018\/12\/img_MHColombia_181203_segundo_grupo_missionarios_01-200x112.jpg 200w, https:\/\/www.fraterinternacional.org\/wp-content\/uploads\/2018\/12\/img_MHColombia_181203_segundo_grupo_missionarios_01-300x169.jpg 300w, https:\/\/www.fraterinternacional.org\/wp-content\/uploads\/2018\/12\/img_MHColombia_181203_segundo_grupo_missionarios_01-400x225.jpg 400w, https:\/\/www.fraterinternacional.org\/wp-content\/uploads\/2018\/12\/img_MHColombia_181203_segundo_grupo_missionarios_01-600x337.jpg 600w, https:\/\/www.fraterinternacional.org\/wp-content\/uploads\/2018\/12\/img_MHColombia_181203_segundo_grupo_missionarios_01.jpg 690w\" sizes=\"(max-width: 300px) 100vw, 300px\" \/><\/a>Un segundo grupo de voluntarios ya se encuentra en C\u00facuta, Colombia, en sustituci\u00f3n de parte del equipo misionero que lleva adelante la <a href=\"https:\/\/www.fraterinternacional.org\/es\/campanhas-ffhi\/mision-colombia-humanitaria\/\">Misi\u00f3n Colombia Humanitaria<\/a>. En estos momentos, las tareas est\u00e1n a cargo de 17 personas, entre misioneros de la\u00a0<b>Fraternidade \u2013 Federaci\u00f3n Humanitaria Internacional (FFHI)<\/b>, colaboradores de la <a href=\"http:\/\/www.fraterinternacional.org\/es\/red-luz\/\">Red-Luz Planetaria<\/a>, representantes de la J<a href=\"https:\/\/juventudepelapaz.org\/es\/\" target=\"_blank\" rel=\"noopener\">uventud Misionera por la Paz<\/a> y monjes de la <a href=\"http:\/\/www.fraterinternacional.org\/es\/orden-gracia-misericordia\/\">Orden Gracia Misericordia<\/a>.<\/p>\n<p style=\"text-align: justify;\">El apoyo de la Misi\u00f3n Colombia Humanitaria se extendi\u00f3 ahora al Centro de Migraciones, un albergue de paso administrado por la Congregaci\u00f3n Scalabriniana en C\u00facuta. En este lugar, se comenz\u00f3 a impartir capacitaci\u00f3n en artesan\u00edas a los migrantes venezolanos, con el objetivo de proporcionarles una opci\u00f3n de ingresos econ\u00f3micos y restaurar, en parte, la golpeada autoestima de los mismos.<\/p>\n<div id=\"attachment_93751\" style=\"width: 310px\" class=\"wp-caption alignright\"><a href=\"https:\/\/www.fraterinternacional.org\/wp-content\/uploads\/2018\/12\/img_MHColombia_181203_centro_migrantes_enquete_01.jpg\"><img decoding=\"async\" aria-describedby=\"caption-attachment-93751\" class=\"wp-image-93751 size-medium\" src=\"https:\/\/www.fraterinternacional.org\/wp-content\/uploads\/2018\/12\/img_MHColombia_181203_centro_migrantes_enquete_01-300x169.jpg\" alt=\"\" width=\"300\" height=\"169\" srcset=\"https:\/\/www.fraterinternacional.org\/wp-content\/uploads\/2018\/12\/img_MHColombia_181203_centro_migrantes_enquete_01-200x112.jpg 200w, https:\/\/www.fraterinternacional.org\/wp-content\/uploads\/2018\/12\/img_MHColombia_181203_centro_migrantes_enquete_01-300x169.jpg 300w, https:\/\/www.fraterinternacional.org\/wp-content\/uploads\/2018\/12\/img_MHColombia_181203_centro_migrantes_enquete_01-400x225.jpg 400w, https:\/\/www.fraterinternacional.org\/wp-content\/uploads\/2018\/12\/img_MHColombia_181203_centro_migrantes_enquete_01-600x337.jpg 600w, https:\/\/www.fraterinternacional.org\/wp-content\/uploads\/2018\/12\/img_MHColombia_181203_centro_migrantes_enquete_01.jpg 690w\" sizes=\"(max-width: 300px) 100vw, 300px\" \/><\/a><p id=\"caption-attachment-93751\" class=\"wp-caption-text\">Encuesta a migrantes venezolanos<\/p><\/div>\n<p style=\"text-align: justify;\">Tambi\u00e9n se aplic\u00f3 una encuesta preparada por los scalabrinianos, junto con Acnur y algunas universidades colombianas, para medir el grado de discriminaci\u00f3n que sufren los migrantes venezolanos de parte de la poblaci\u00f3n colombiana. En esta investigaci\u00f3n ya se hab\u00eda colaborado cuando la misma se realiz\u00f3 en dos comedores comunitarios atendidos por la Congregaci\u00f3n Scalabriniana.<\/p>\n<p style=\"text-align: justify;\">El Centro de Migraciones ofrece hospedaje por corto tiempo, alimentaci\u00f3n y asesor\u00edas especializadas, tanto a los migrantes, como a los desplazados colombianos, as\u00ed como a refugiados, deportados e ind\u00edgenas que llegan para realizar tr\u00e1mites en la ciudad.<\/p>\n<h3 style=\"text-align: justify;\"><span lang=\"es-419\">Misi\u00f3n Colombia y los caminantes<\/span><\/h3>\n<p style=\"text-align: justify;\">Los misioneros humanitarios siguen ayudando tambi\u00e9n en el Centro Piloto Scalabriniano, tanto en las actividades de educaci\u00f3n alternativa ofrecida a los ni\u00f1os migrantes y desplazados, como en los talleres de artesan\u00eda brindados a los adultos. La propuesta de la instituci\u00f3n colombiana es trabajar\u00a0 temas vinculados a las pr\u00f3ximas fiestas navide\u00f1as.<\/p>\n<div id=\"attachment_93754\" style=\"width: 310px\" class=\"wp-caption alignleft\"><a href=\"https:\/\/www.fraterinternacional.org\/wp-content\/uploads\/2018\/12\/img_MHColombia_181115_caminantes_01.jpg\"><img decoding=\"async\" aria-describedby=\"caption-attachment-93754\" class=\"wp-image-93754 size-medium\" src=\"https:\/\/www.fraterinternacional.org\/wp-content\/uploads\/2018\/12\/img_MHColombia_181115_caminantes_01-300x169.jpg\" alt=\"\" width=\"300\" height=\"169\" srcset=\"https:\/\/www.fraterinternacional.org\/wp-content\/uploads\/2018\/12\/img_MHColombia_181115_caminantes_01-200x112.jpg 200w, https:\/\/www.fraterinternacional.org\/wp-content\/uploads\/2018\/12\/img_MHColombia_181115_caminantes_01-300x169.jpg 300w, https:\/\/www.fraterinternacional.org\/wp-content\/uploads\/2018\/12\/img_MHColombia_181115_caminantes_01-400x225.jpg 400w, https:\/\/www.fraterinternacional.org\/wp-content\/uploads\/2018\/12\/img_MHColombia_181115_caminantes_01-600x337.jpg 600w, https:\/\/www.fraterinternacional.org\/wp-content\/uploads\/2018\/12\/img_MHColombia_181115_caminantes_01.jpg 690w\" sizes=\"(max-width: 300px) 100vw, 300px\" \/><\/a><p id=\"caption-attachment-93754\" class=\"wp-caption-text\">Caminantes venezolanos hacen una parada<\/p><\/div>\n<p style=\"text-align: justify;\">El grupo contin\u00faa asimismo manteniendo reuniones de planificaci\u00f3n con agencias de la ONU y organismos no gubernamentales, para preparar el frente de trabajo que desarrollar\u00e1 con los caminantes venezolanos. El objetivo es establecer en la carretera C\u00facuta-Bogot\u00e1 un punto fijo de atenci\u00f3n, que est\u00e9 a cargo de la Misi\u00f3n Colombia Humanitaria, a fin de brindar una asistencia b\u00e1sica a los sufridos migrantes.<\/p>\n<p style=\"text-align: justify;\">La Misi\u00f3n Colombia Humanitaria es una oportunidad para manifestar el esp\u00edritu solidario que cada uno guarda en el coraz\u00f3n. El apoyo de todos es fundamental para aliviar el dolor de quienes hoy sufren los rigores de una crisis migratoria sin precedentes en Sudam\u00e9rica. No sea indiferente. S\u00famese a esta campa\u00f1a de amor.<\/p>\n<h3 style=\"text-align: center;\">Para saber c\u00f3mo participar, haga clic<\/h3>\n<h3 style=\"text-align: center;\"><a href=\"https:\/\/www.fraterinternacional.org\/es\/campanhas-ffhi\/mision-colombia-humanitaria\/\">AQUI<\/a><\/h3>\n<h3 style=\"text-align: center;\">Tambi\u00e9n puede obtener m\u00e1s informaciones en<\/h3>\n<h3 style=\"text-align: center;\">secretaria@fraterinternacional.org<\/h3>\n<h3 style=\"text-align: justify;\"><\/h3>\n\n\t\t<style type=\"text\/css\">\n\t\t\t#gallery-1 {\n\t\t\t\tmargin: auto;\n\t\t\t}\n\t\t\t#gallery-1 .gallery-item {\n\t\t\t\tfloat: left;\n\t\t\t\tmargin-top: 10px;\n\t\t\t\ttext-align: center;\n\t\t\t\twidth: 33%;\n\t\t\t}\n\t\t\t#gallery-1 img {\n\t\t\t\tborder: 2px solid #cfcfcf;\n\t\t\t}\n\t\t\t#gallery-1 .gallery-caption {\n\t\t\t\tmargin-left: 0;\n\t\t\t}\n\t\t\t\/* see gallery_shortcode() in wp-includes\/media.php *\/\n\t\t<\/style>\n\t\t<div id='gallery-1' class='gallery galleryid-93776 gallery-columns-3 gallery-size-medium'><dl class='gallery-item'>\n\t\t\t<dt class='gallery-icon landscape'>\n\t\t\t\t<a data-rel=\"iLightbox[postimages]\" data-title=\"img_MHColombia_181203_centro_migrantes_03\" data-caption=\"Artesan\u00eda\" href='https:\/\/www.fraterinternacional.org\/wp-content\/uploads\/2018\/12\/img_MHColombia_181203_centro_migrantes_03.jpg'><img decoding=\"async\" width=\"300\" height=\"169\" src=\"https:\/\/www.fraterinternacional.org\/wp-content\/uploads\/2018\/12\/img_MHColombia_181203_centro_migrantes_03-300x169.jpg\" class=\"attachment-medium size-medium\" alt=\"\" aria-describedby=\"gallery-1-93744\" srcset=\"https:\/\/www.fraterinternacional.org\/wp-content\/uploads\/2018\/12\/img_MHColombia_181203_centro_migrantes_03-200x112.jpg 200w, https:\/\/www.fraterinternacional.org\/wp-content\/uploads\/2018\/12\/img_MHColombia_181203_centro_migrantes_03-300x169.jpg 300w, https:\/\/www.fraterinternacional.org\/wp-content\/uploads\/2018\/12\/img_MHColombia_181203_centro_migrantes_03-400x225.jpg 400w, https:\/\/www.fraterinternacional.org\/wp-content\/uploads\/2018\/12\/img_MHColombia_181203_centro_migrantes_03-600x337.jpg 600w, https:\/\/www.fraterinternacional.org\/wp-content\/uploads\/2018\/12\/img_MHColombia_181203_centro_migrantes_03.jpg 690w\" sizes=\"(max-width: 300px) 100vw, 300px\" \/><\/a>\n\t\t\t<\/dt>\n\t\t\t\t<dd class='wp-caption-text gallery-caption' id='gallery-1-93744'>\n\t\t\t\tArtesan\u00eda\n\t\t\t\t<\/dd><\/dl><dl class='gallery-item'>\n\t\t\t<dt class='gallery-icon landscape'>\n\t\t\t\t<a data-rel=\"iLightbox[postimages]\" data-title=\"img_MHColombia_181203_centro_migrantes_02\" data-caption=\"Actividad manual con ni\u00f1os\" href='https:\/\/www.fraterinternacional.org\/wp-content\/uploads\/2018\/12\/img_MHColombia_181203_centro_migrantes_02.jpg'><img decoding=\"async\" width=\"300\" height=\"225\" src=\"https:\/\/www.fraterinternacional.org\/wp-content\/uploads\/2018\/12\/img_MHColombia_181203_centro_migrantes_02-300x225.jpg\" class=\"attachment-medium size-medium\" alt=\"\" aria-describedby=\"gallery-1-93759\" srcset=\"https:\/\/www.fraterinternacional.org\/wp-content\/uploads\/2018\/12\/img_MHColombia_181203_centro_migrantes_02-200x150.jpg 200w, https:\/\/www.fraterinternacional.org\/wp-content\/uploads\/2018\/12\/img_MHColombia_181203_centro_migrantes_02-300x225.jpg 300w, https:\/\/www.fraterinternacional.org\/wp-content\/uploads\/2018\/12\/img_MHColombia_181203_centro_migrantes_02-400x300.jpg 400w, https:\/\/www.fraterinternacional.org\/wp-content\/uploads\/2018\/12\/img_MHColombia_181203_centro_migrantes_02-600x450.jpg 600w, https:\/\/www.fraterinternacional.org\/wp-content\/uploads\/2018\/12\/img_MHColombia_181203_centro_migrantes_02.jpg 690w\" sizes=\"(max-width: 300px) 100vw, 300px\" \/><\/a>\n\t\t\t<\/dt>\n\t\t\t\t<dd class='wp-caption-text gallery-caption' id='gallery-1-93759'>\n\t\t\t\tActividad manual con ni\u00f1os\n\t\t\t\t<\/dd><\/dl><dl class='gallery-item'>\n\t\t\t<dt class='gallery-icon landscape'>\n\t\t\t\t<a data-rel=\"iLightbox[postimages]\" data-title=\"img_MHColombia_181203_centro_piloto_desenhos_natalinos_01\" data-caption=\"Creaciones navide\u00f1as\" href='https:\/\/www.fraterinternacional.org\/wp-content\/uploads\/2018\/12\/img_MHColombia_181203_centro_piloto_desenhos_natalinos_01.jpg'><img decoding=\"async\" width=\"300\" height=\"169\" src=\"https:\/\/www.fraterinternacional.org\/wp-content\/uploads\/2018\/12\/img_MHColombia_181203_centro_piloto_desenhos_natalinos_01-300x169.jpg\" class=\"attachment-medium size-medium\" alt=\"\" aria-describedby=\"gallery-1-93769\" srcset=\"https:\/\/www.fraterinternacional.org\/wp-content\/uploads\/2018\/12\/img_MHColombia_181203_centro_piloto_desenhos_natalinos_01-200x112.jpg 200w, https:\/\/www.fraterinternacional.org\/wp-content\/uploads\/2018\/12\/img_MHColombia_181203_centro_piloto_desenhos_natalinos_01-300x169.jpg 300w, https:\/\/www.fraterinternacional.org\/wp-content\/uploads\/2018\/12\/img_MHColombia_181203_centro_piloto_desenhos_natalinos_01-400x225.jpg 400w, https:\/\/www.fraterinternacional.org\/wp-content\/uploads\/2018\/12\/img_MHColombia_181203_centro_piloto_desenhos_natalinos_01-600x337.jpg 600w, https:\/\/www.fraterinternacional.org\/wp-content\/uploads\/2018\/12\/img_MHColombia_181203_centro_piloto_desenhos_natalinos_01.jpg 690w\" sizes=\"(max-width: 300px) 100vw, 300px\" \/><\/a>\n\t\t\t<\/dt>\n\t\t\t\t<dd class='wp-caption-text gallery-caption' id='gallery-1-93769'>\n\t\t\t\tCreaciones navide\u00f1as\n\t\t\t\t<\/dd><\/dl><br style=\"clear: both\" \/><dl class='gallery-item'>\n\t\t\t<dt class='gallery-icon landscape'>\n\t\t\t\t<a data-rel=\"iLightbox[postimages]\" data-title=\"img_MHColombia_181115_centro_piloto_atividade_fisica_criancas_01\" data-caption=\"Actividad f\u00edsica con ni\u00f1os\" href='https:\/\/www.fraterinternacional.org\/wp-content\/uploads\/2018\/12\/img_MHColombia_181115_centro_piloto_atividade_fisica_criancas_01.jpg'><img decoding=\"async\" width=\"300\" height=\"169\" src=\"https:\/\/www.fraterinternacional.org\/wp-content\/uploads\/2018\/12\/img_MHColombia_181115_centro_piloto_atividade_fisica_criancas_01-300x169.jpg\" class=\"attachment-medium size-medium\" alt=\"\" aria-describedby=\"gallery-1-93762\" srcset=\"https:\/\/www.fraterinternacional.org\/wp-content\/uploads\/2018\/12\/img_MHColombia_181115_centro_piloto_atividade_fisica_criancas_01-200x112.jpg 200w, https:\/\/www.fraterinternacional.org\/wp-content\/uploads\/2018\/12\/img_MHColombia_181115_centro_piloto_atividade_fisica_criancas_01-300x169.jpg 300w, https:\/\/www.fraterinternacional.org\/wp-content\/uploads\/2018\/12\/img_MHColombia_181115_centro_piloto_atividade_fisica_criancas_01-400x225.jpg 400w, https:\/\/www.fraterinternacional.org\/wp-content\/uploads\/2018\/12\/img_MHColombia_181115_centro_piloto_atividade_fisica_criancas_01-600x337.jpg 600w, https:\/\/www.fraterinternacional.org\/wp-content\/uploads\/2018\/12\/img_MHColombia_181115_centro_piloto_atividade_fisica_criancas_01.jpg 690w\" sizes=\"(max-width: 300px) 100vw, 300px\" \/><\/a>\n\t\t\t<\/dt>\n\t\t\t\t<dd class='wp-caption-text gallery-caption' id='gallery-1-93762'>\n\t\t\t\tActividad f\u00edsica con ni\u00f1os\n\t\t\t\t<\/dd><\/dl><dl class='gallery-item'>\n\t\t\t<dt class='gallery-icon landscape'>\n\t\t\t\t<a data-rel=\"iLightbox[postimages]\" data-title=\"img_MHColombia_181203_centro_piloto_02\" data-caption=\"Apoyo educativo\" href='https:\/\/www.fraterinternacional.org\/wp-content\/uploads\/2018\/12\/img_MHColombia_181203_centro_piloto_02.jpg'><img decoding=\"async\" width=\"300\" height=\"212\" src=\"https:\/\/www.fraterinternacional.org\/wp-content\/uploads\/2018\/12\/img_MHColombia_181203_centro_piloto_02-300x212.jpg\" class=\"attachment-medium size-medium\" alt=\"\" aria-describedby=\"gallery-1-93765\" srcset=\"https:\/\/www.fraterinternacional.org\/wp-content\/uploads\/2018\/12\/img_MHColombia_181203_centro_piloto_02-200x141.jpg 200w, https:\/\/www.fraterinternacional.org\/wp-content\/uploads\/2018\/12\/img_MHColombia_181203_centro_piloto_02-300x212.jpg 300w, https:\/\/www.fraterinternacional.org\/wp-content\/uploads\/2018\/12\/img_MHColombia_181203_centro_piloto_02-400x282.jpg 400w, https:\/\/www.fraterinternacional.org\/wp-content\/uploads\/2018\/12\/img_MHColombia_181203_centro_piloto_02-600x423.jpg 600w, https:\/\/www.fraterinternacional.org\/wp-content\/uploads\/2018\/12\/img_MHColombia_181203_centro_piloto_02.jpg 690w\" sizes=\"(max-width: 300px) 100vw, 300px\" \/><\/a>\n\t\t\t<\/dt>\n\t\t\t\t<dd class='wp-caption-text gallery-caption' id='gallery-1-93765'>\n\t\t\t\tApoyo educativo\n\t\t\t\t<\/dd><\/dl><dl class='gallery-item'>\n\t\t\t<dt class='gallery-icon landscape'>\n\t\t\t\t<a data-rel=\"iLightbox[postimages]\" data-title=\"img_MHColombia_181119_enquete_discriminacao01\" data-caption=\"Encuesta en el Centro Piloto\" href='https:\/\/www.fraterinternacional.org\/wp-content\/uploads\/2018\/12\/img_MHColombia_181119_enquete_discriminacao01.jpg'><img decoding=\"async\" width=\"300\" height=\"169\" src=\"https:\/\/www.fraterinternacional.org\/wp-content\/uploads\/2018\/12\/img_MHColombia_181119_enquete_discriminacao01-300x169.jpg\" class=\"attachment-medium size-medium\" alt=\"\" aria-describedby=\"gallery-1-93772\" srcset=\"https:\/\/www.fraterinternacional.org\/wp-content\/uploads\/2018\/12\/img_MHColombia_181119_enquete_discriminacao01-200x112.jpg 200w, https:\/\/www.fraterinternacional.org\/wp-content\/uploads\/2018\/12\/img_MHColombia_181119_enquete_discriminacao01-300x169.jpg 300w, https:\/\/www.fraterinternacional.org\/wp-content\/uploads\/2018\/12\/img_MHColombia_181119_enquete_discriminacao01-400x225.jpg 400w, https:\/\/www.fraterinternacional.org\/wp-content\/uploads\/2018\/12\/img_MHColombia_181119_enquete_discriminacao01-600x337.jpg 600w, https:\/\/www.fraterinternacional.org\/wp-content\/uploads\/2018\/12\/img_MHColombia_181119_enquete_discriminacao01.jpg 690w\" sizes=\"(max-width: 300px) 100vw, 300px\" \/><\/a>\n\t\t\t<\/dt>\n\t\t\t\t<dd class='wp-caption-text gallery-caption' id='gallery-1-93772'>\n\t\t\t\tEncuesta en el Centro Piloto\n\t\t\t\t<\/dd><\/dl><br style=\"clear: both\" \/>\n\t\t<\/div>\n\n","protected":false},"excerpt":{"rendered":"<p>Un segundo grupo de voluntarios ya se encuentra en C\u00facuta, Colombia, en sustituci\u00f3n de parte del equipo misionero que lleva [&hellip;]<\/p>\n","protected":false},"author":16,"featured_media":93747,"comment_status":"closed","ping_status":"closed","sticky":false,"template":"","format":"standard","meta":{"footnotes":""},"categories":[173,105],"tags":[4177,97],"class_list":["post-93776","post","type-post","status-publish","format-standard","has-post-thumbnail","hentry","category-noticia","category-noticias-de-las-misiones","tag-missao-colombia-es","tag-servicio-humanitario-es"],"yoast_head":"<!-- This site is optimized with the Yoast SEO Premium plugin v21.0 (Yoast SEO v21.0) - https:\/\/yoast.com\/wordpress\/plugins\/seo\/ -->\n<title>Misi\u00f3n Colombia Humanitaria se renueva para seguir ayudando a los migrantes venezolanos<\/title>\n<meta name=\"description\" content=\"Segundo grupo de voluntarios ya se encuentra en C\u00facuta para continuar con la Misi\u00f3n Colombia Humanitaria de la Fraternidade.\" \/>\n<meta name=\"robots\" content=\"index, follow, max-snippet:-1, max-image-preview:large, max-video-preview:-1\" \/>\n<link rel=\"canonical\" href=\"https:\/\/www.fraterinternacional.org\/es\/mision-colombia-se-renueva\/\" \/>\n<meta property=\"og:locale\" content=\"es_ES\" \/>\n<meta property=\"og:type\" content=\"article\" \/>\n<meta property=\"og:title\" content=\"Misi\u00f3n Colombia Humanitaria se renueva para seguir ayudando a los migrantes venezolanos\" \/>\n<meta property=\"og:description\" content=\"Segundo grupo de voluntarios ya se encuentra en C\u00facuta para continuar con la Misi\u00f3n Colombia Humanitaria de la Fraternidade.\" \/>\n<meta property=\"og:url\" content=\"https:\/\/www.fraterinternacional.org\/es\/mision-colombia-se-renueva\/\" \/>\n<meta property=\"og:site_name\" content=\"Fraternidade - Federa\u00e7\u00e3o Humanit\u00e1ria Internacional\" \/>\n<meta property=\"article:publisher\" content=\"https:\/\/www.facebook.com\/fraternidadehumanitaria\" \/>\n<meta property=\"article:published_time\" content=\"2018-12-09T17:56:56+00:00\" \/>\n<meta property=\"og:image\" content=\"https:\/\/www.fraterinternacional.org\/wp-content\/uploads\/2018\/12\/img_MHColombia_181203_centro_migrantes_04.jpg\" \/>\n\t<meta property=\"og:image:width\" content=\"690\" \/>\n\t<meta property=\"og:image:height\" content=\"388\" \/>\n\t<meta property=\"og:image:type\" content=\"image\/jpeg\" \/>\n<meta name=\"author\" content=\"Sergio Redator Espanhol\" \/>\n<meta name=\"twitter:card\" content=\"summary_large_image\" \/>\n<meta name=\"twitter:creator\" content=\"@fraternidadeFHI\" \/>\n<meta name=\"twitter:site\" content=\"@fraternidadeFHI\" \/>\n<meta name=\"twitter:label1\" content=\"Escrito por\" \/>\n\t<meta name=\"twitter:data1\" content=\"Sergio Redator Espanhol\" \/>\n\t<meta name=\"twitter:label2\" content=\"Tiempo de lectura\" \/>\n\t<meta name=\"twitter:data2\" content=\"2 minutos\" \/>\n<script type=\"application\/ld+json\" class=\"yoast-schema-graph\">{\"@context\":\"https:\/\/schema.org\",\"@graph\":[{\"@type\":\"WebPage\",\"@id\":\"https:\/\/www.fraterinternacional.org\/es\/mision-colombia-se-renueva\/\",\"url\":\"https:\/\/www.fraterinternacional.org\/es\/mision-colombia-se-renueva\/\",\"name\":\"Misi\u00f3n Colombia Humanitaria se renueva para seguir ayudando a los migrantes venezolanos\",\"isPartOf\":{\"@id\":\"https:\/\/www.fraterinternacional.org\/es\/#website\"},\"datePublished\":\"2018-12-09T17:56:56+00:00\",\"dateModified\":\"2018-12-09T17:56:56+00:00\",\"author\":{\"@id\":\"https:\/\/www.fraterinternacional.org\/es\/#\/schema\/person\/cf24d3eac28b0e09714ecb8cbd865c28\"},\"description\":\"Segundo grupo de voluntarios ya se encuentra en C\u00facuta para continuar con la Misi\u00f3n Colombia Humanitaria de la Fraternidade.\",\"breadcrumb\":{\"@id\":\"https:\/\/www.fraterinternacional.org\/es\/mision-colombia-se-renueva\/#breadcrumb\"},\"inLanguage\":\"es\",\"potentialAction\":[{\"@type\":\"ReadAction\",\"target\":[\"https:\/\/www.fraterinternacional.org\/es\/mision-colombia-se-renueva\/\"]}]},{\"@type\":\"BreadcrumbList\",\"@id\":\"https:\/\/www.fraterinternacional.org\/es\/mision-colombia-se-renueva\/#breadcrumb\",\"itemListElement\":[{\"@type\":\"ListItem\",\"position\":1,\"name\":\"In\u00edcio\",\"item\":\"https:\/\/www.fraterinternacional.org\/es\/\"},{\"@type\":\"ListItem\",\"position\":2,\"name\":\"Misi\u00f3n Colombia Humanitaria se renueva para seguir ayudando a los migrantes venezolanos\"}]},{\"@type\":\"WebSite\",\"@id\":\"https:\/\/www.fraterinternacional.org\/es\/#website\",\"url\":\"https:\/\/www.fraterinternacional.org\/es\/\",\"name\":\"Fraternidade - Federa\u00e7\u00e3o Humanit\u00e1ria Internacional\",\"description\":\"Fraternidade - Federa\u00e7\u00e3o Humanit\u00e1ria Internacional\",\"potentialAction\":[{\"@type\":\"SearchAction\",\"target\":{\"@type\":\"EntryPoint\",\"urlTemplate\":\"https:\/\/www.fraterinternacional.org\/es\/?s={search_term_string}\"},\"query-input\":\"required name=search_term_string\"}],\"inLanguage\":\"es\"},{\"@type\":\"Person\",\"@id\":\"https:\/\/www.fraterinternacional.org\/es\/#\/schema\/person\/cf24d3eac28b0e09714ecb8cbd865c28\",\"name\":\"Sergio Redator Espanhol\"}]}<\/script>\n<!-- \/ Yoast SEO Premium plugin. -->","yoast_head_json":{"title":"Misi\u00f3n Colombia Humanitaria se renueva para seguir ayudando a los migrantes venezolanos","description":"Segundo grupo de voluntarios ya se encuentra en C\u00facuta para continuar con la Misi\u00f3n Colombia Humanitaria de la Fraternidade.","robots":{"index":"index","follow":"follow","max-snippet":"max-snippet:-1","max-image-preview":"max-image-preview:large","max-video-preview":"max-video-preview:-1"},"canonical":"https:\/\/www.fraterinternacional.org\/es\/mision-colombia-se-renueva\/","og_locale":"es_ES","og_type":"article","og_title":"Misi\u00f3n Colombia Humanitaria se renueva para seguir ayudando a los migrantes venezolanos","og_description":"Segundo grupo de voluntarios ya se encuentra en C\u00facuta para continuar con la Misi\u00f3n Colombia Humanitaria de la Fraternidade.","og_url":"https:\/\/www.fraterinternacional.org\/es\/mision-colombia-se-renueva\/","og_site_name":"Fraternidade - Federa\u00e7\u00e3o Humanit\u00e1ria Internacional","article_publisher":"https:\/\/www.facebook.com\/fraternidadehumanitaria","article_published_time":"2018-12-09T17:56:56+00:00","og_image":[{"width":690,"height":388,"url":"https:\/\/www.fraterinternacional.org\/wp-content\/uploads\/2018\/12\/img_MHColombia_181203_centro_migrantes_04.jpg","type":"image\/jpeg"}],"author":"Sergio Redator Espanhol","twitter_card":"summary_large_image","twitter_creator":"@fraternidadeFHI","twitter_site":"@fraternidadeFHI","twitter_misc":{"Escrito por":"Sergio Redator Espanhol","Tiempo de lectura":"2 minutos"},"schema":{"@context":"https:\/\/schema.org","@graph":[{"@type":"WebPage","@id":"https:\/\/www.fraterinternacional.org\/es\/mision-colombia-se-renueva\/","url":"https:\/\/www.fraterinternacional.org\/es\/mision-colombia-se-renueva\/","name":"Misi\u00f3n Colombia Humanitaria se renueva para seguir ayudando a los migrantes venezolanos","isPartOf":{"@id":"https:\/\/www.fraterinternacional.org\/es\/#website"},"datePublished":"2018-12-09T17:56:56+00:00","dateModified":"2018-12-09T17:56:56+00:00","author":{"@id":"https:\/\/www.fraterinternacional.org\/es\/#\/schema\/person\/cf24d3eac28b0e09714ecb8cbd865c28"},"description":"Segundo grupo de voluntarios ya se encuentra en C\u00facuta para continuar con la Misi\u00f3n Colombia Humanitaria de la Fraternidade.","breadcrumb":{"@id":"https:\/\/www.fraterinternacional.org\/es\/mision-colombia-se-renueva\/#breadcrumb"},"inLanguage":"es","potentialAction":[{"@type":"ReadAction","target":["https:\/\/www.fraterinternacional.org\/es\/mision-colombia-se-renueva\/"]}]},{"@type":"BreadcrumbList","@id":"https:\/\/www.fraterinternacional.org\/es\/mision-colombia-se-renueva\/#breadcrumb","itemListElement":[{"@type":"ListItem","position":1,"name":"In\u00edcio","item":"https:\/\/www.fraterinternacional.org\/es\/"},{"@type":"ListItem","position":2,"name":"Misi\u00f3n Colombia Humanitaria se renueva para seguir ayudando a los migrantes venezolanos"}]},{"@type":"WebSite","@id":"https:\/\/www.fraterinternacional.org\/es\/#website","url":"https:\/\/www.fraterinternacional.org\/es\/","name":"Fraternidade - Federa\u00e7\u00e3o Humanit\u00e1ria Internacional","description":"Fraternidade - Federa\u00e7\u00e3o Humanit\u00e1ria Internacional","potentialAction":[{"@type":"SearchAction","target":{"@type":"EntryPoint","urlTemplate":"https:\/\/www.fraterinternacional.org\/es\/?s={search_term_string}"},"query-input":"required name=search_term_string"}],"inLanguage":"es"},{"@type":"Person","@id":"https:\/\/www.fraterinternacional.org\/es\/#\/schema\/person\/cf24d3eac28b0e09714ecb8cbd865c28","name":"Sergio Redator Espanhol"}]}},"_links":{"self":[{"href":"https:\/\/www.fraterinternacional.org\/es\/wp-json\/wp\/v2\/posts\/93776"}],"collection":[{"href":"https:\/\/www.fraterinternacional.org\/es\/wp-json\/wp\/v2\/posts"}],"about":[{"href":"https:\/\/www.fraterinternacional.org\/es\/wp-json\/wp\/v2\/types\/post"}],"author":[{"embeddable":true,"href":"https:\/\/www.fraterinternacional.org\/es\/wp-json\/wp\/v2\/users\/16"}],"replies":[{"embeddable":true,"href":"https:\/\/www.fraterinternacional.org\/es\/wp-json\/wp\/v2\/comments?post=93776"}],"version-history":[{"count":0,"href":"https:\/\/www.fraterinternacional.org\/es\/wp-json\/wp\/v2\/posts\/93776\/revisions"}],"wp:featuredmedia":[{"embeddable":true,"href":"https:\/\/www.fraterinternacional.org\/es\/wp-json\/wp\/v2\/media\/93747"}],"wp:attachment":[{"href":"https:\/\/www.fraterinternacional.org\/es\/wp-json\/wp\/v2\/media?parent=93776"}],"wp:term":[{"taxonomy":"category","embeddable":true,"href":"https:\/\/www.fraterinternacional.org\/es\/wp-json\/wp\/v2\/categories?post=93776"},{"taxonomy":"post_tag","embeddable":true,"href":"https:\/\/www.fraterinternacional.org\/es\/wp-json\/wp\/v2\/tags?post=93776"}],"curies":[{"name":"wp","href":"https:\/\/api.w.org\/{rel}","templated":true}]}}