{"id":92768,"date":"2018-11-23T14:11:52","date_gmt":"2018-11-23T17:11:52","guid":{"rendered":"https:\/\/www.fraterinternacional.org\/?p=92768"},"modified":"2018-11-23T14:11:52","modified_gmt":"2018-11-23T17:11:52","slug":"el-amanecer-de-un-nuevo-siglo","status":"publish","type":"post","link":"https:\/\/www.fraterinternacional.org\/es\/el-amanecer-de-un-nuevo-siglo\/","title":{"rendered":"El amanecer de un nuevo siglo &#8211; The dawn of a new century"},"content":{"rendered":"<div class=\"fusion-video fusion-vimeo fusion-aligncenter\" style=\"--awb-max-width:600px;--awb-max-height:360px;--awb-width:100%;\" data-autoplay=\"1\"><div class=\"video-shortcode\"><div class=\"fluid-width-video-wrapper\" style=\"padding-top:60%;\" ><iframe title=\"Vimeo video player 1\" src=\"https:\/\/player.vimeo.com\/video\/301963669?autoplay=0&autopause=0\" width=\"600\" height=\"360\" allowfullscreen allow=\"autoplay; fullscreen\"><\/iframe><\/div><\/div><\/div>\n<h3 style=\"text-align: center;\">El Amanecer de un nuevo siglo<br \/>\n(Rolf L\u00f8vland)<\/h3>\n<p style=\"text-align: center;\">Imagine nuestro planeta fluctuando silenciosamente en el espacio<br \/>\nA su alrededor una paloma blanca vuela<br \/>\nEternamente en c\u00edrculos.<br \/>\nCada cien a\u00f1os las alas de la paloma<br \/>\nTocan suavemente la superficie de la Tierra<br \/>\nEl tiempo que llevar\u00eda para el ala emplumada<br \/>\nCubrir este planeta totalmente<br \/>\nEs la eternidad<\/p>\n<p style=\"text-align: center;\">En la eternidad, el tiempo pasa<br \/>\nEn el tiempo, hay cambios<br \/>\nDespu\u00e9s, el ala de la paloma blanca<br \/>\nTocar\u00e1 nuestro mundo nuevamente<\/p>\n<p style=\"text-align: center;\">El Amanecer de un siglo.<br \/>\nTiempo para un nuevo comienzo<\/p>\n<p style=\"text-align: center;\">Ahora es la eternidad,<br \/>\nel inicio del<br \/>\nAmanecer de un siglo.<br \/>\nMil a\u00f1os<br \/>\nde alegr\u00eda y l\u00e1grimas<br \/>\ndejamos atr\u00e1s.<\/p>\n<p style=\"text-align: center;\">El amor es nuestro destino.<br \/>\nCelebremos el<br \/>\nAmanecer de un siglo,<br \/>\nque las voces resuenen.<br \/>\nRegocij\u00e9monos y cantemos,<br \/>\nahora es el momento.<\/p>\n<p style=\"text-align: center;\">Ahora es la eternidad,<br \/>\nel inicio del<br \/>\nAmanecer de un siglo.<br \/>\nMil a\u00f1os<br \/>\nde alegr\u00eda y l\u00e1grimas<br \/>\ndejamos atr\u00e1s.<\/p>\n<p style=\"text-align: center;\">El amor es nuestro destino.<br \/>\nCelebremos el<br \/>\nAmanecer de un siglo,<br \/>\nque las voces suenen.<br \/>\nRegocij\u00e9monos y cantemos,<br \/>\nahora es el momento.<\/p>\n<p style=\"text-align: center;\">El Amanecer de un siglo (5x)<\/p>\n<h3 style=\"text-align: center;\"><em>M\u00fasica para la Cura y Elevaci\u00f3n de la Humanidad<\/em><\/h3>\n<p style=\"text-align: justify;\">El encuentro\u00a0<em>M\u00fasica para la Cura y Elevaci\u00f3n de la Humanidad<\/em>\u00a0consiste en un ejercicio espiritual destinado a la cura planetaria. Un momento especial, que ocurre el 23 de cada mes, con la finalidad de elevar la consciencia humana por medio de la m\u00fasica.<\/p>\n<p style=\"text-align: center;\">La m\u00fasica y el canto son formas de expresar nuestra esencia interior.<br \/>\nCuando son inspirados por el esp\u00edritu, se vuelven instrumentos sagrados que nos conducen al amor y a la paz.<\/p>\n<h3 style=\"text-align: center;\"><a href=\"http:\/\/www.fraterinternacional.org\/es\/la-musica-como-elevacion\/\">Informaci\u00f3n acerca de nuestro trabajo con la m\u00fasica clic aqu\u00ed<\/a><\/h3>\n<p style=\"text-align: center;\">Usted tambi\u00e9n puede <a href=\"https:\/\/www.youtube.com\/watch?v=NmHWoHGLkvw&amp;list=PL1H6gcPthOO9pXJS4q-aRKOPbSfe6jfVJ\" target=\"_blank\" rel=\"noopener\">ver aqu\u00ed los programas completos<\/a>.<br \/>\nSiga en directo, el d\u00eda 23 de cada mes a trav\u00e9s de<a href=\"https:\/\/www.misericordiamariatv.org\/pt-br\/programas\/musica-para-a-cura-e-a-elevacao-da-humanidade\" target=\"_blank\" rel=\"noopener\"> Miseric\u00f3rdia Maria TV<\/a>.<\/p>\n<div class=\"fusion-aligncenter\"><a class=\"fusion-button button-3d button-small button-custom fusion-button-default button-1 fusion-button-default-span \" style=\"--button_accent_color:#ffffff;--button_accent_hover_color:#dedede;--button_border_hover_color:#dedede;--button_gradient_top_color:#d3b054;--button_gradient_bottom_color:#d3b054;--button_gradient_top_color_hover:#d3b054;--button_gradient_bottom_color_hover:#d3b054;\" target=\"_blank\" rel=\"noopener noreferrer\" href=\"https:\/\/www.fraterinternacional.org\/es\/category\/impulsos-para-la-semana\/musica-es\/\"><span class=\"fusion-button-text\">Vea todos<\/span><\/a><\/div>\n","protected":false},"excerpt":{"rendered":"<p>El Amanecer de un nuevo siglo (Rolf L\u00f8vland) Imagine nuestro planeta fluctuando silenciosamente en el espacio A su alrededor una [&hellip;]<\/p>\n","protected":false},"author":45,"featured_media":92764,"comment_status":"closed","ping_status":"closed","sticky":false,"template":"","format":"standard","meta":{"footnotes":""},"categories":[3237,3235],"tags":[3241],"class_list":["post-92768","post","type-post","status-publish","format-standard","has-post-thumbnail","hentry","category-impulsos-para-la-semana","category-videos-es","tag-musica-es"],"yoast_head":"<!-- This site is optimized with the Yoast SEO Premium plugin v21.0 (Yoast SEO v21.0) - https:\/\/yoast.com\/wordpress\/plugins\/seo\/ -->\n<title>El amanecer de un nuevo siglo - The dawn of a new century<\/title>\n<meta name=\"description\" content=\"Imagine nuestro planeta fluctuando silenciosamente en el espacio A su alrededor una paloma blanca vuela Eternamente en c\u00edrculos. Cada cien a\u00f1os las alas\" \/>\n<meta name=\"robots\" content=\"index, follow, max-snippet:-1, max-image-preview:large, max-video-preview:-1\" \/>\n<link rel=\"canonical\" href=\"https:\/\/www.fraterinternacional.org\/es\/el-amanecer-de-un-nuevo-siglo\/\" \/>\n<meta property=\"og:locale\" content=\"es_ES\" \/>\n<meta property=\"og:type\" content=\"article\" \/>\n<meta property=\"og:title\" content=\"El amanecer de un nuevo siglo - The dawn of a new century\" \/>\n<meta property=\"og:description\" content=\"Imagine nuestro planeta fluctuando silenciosamente en el espacio A su alrededor una paloma blanca vuela Eternamente en c\u00edrculos. Cada cien a\u00f1os las alas\" \/>\n<meta property=\"og:url\" content=\"https:\/\/www.fraterinternacional.org\/es\/el-amanecer-de-un-nuevo-siglo\/\" \/>\n<meta property=\"og:site_name\" content=\"Fraternidade - Federa\u00e7\u00e3o Humanit\u00e1ria Internacional\" \/>\n<meta property=\"article:publisher\" content=\"https:\/\/www.facebook.com\/fraternidadehumanitaria\" \/>\n<meta property=\"article:published_time\" content=\"2018-11-23T17:11:52+00:00\" \/>\n<meta property=\"og:image\" content=\"https:\/\/www.fraterinternacional.org\/wp-content\/uploads\/2018\/11\/img-dest-musica.jpg\" \/>\n\t<meta property=\"og:image:width\" content=\"690\" \/>\n\t<meta property=\"og:image:height\" content=\"388\" \/>\n\t<meta property=\"og:image:type\" content=\"image\/jpeg\" \/>\n<meta name=\"author\" content=\"Paulo\" \/>\n<meta name=\"twitter:card\" content=\"summary_large_image\" \/>\n<meta name=\"twitter:creator\" content=\"@fraternidadeFHI\" \/>\n<meta name=\"twitter:site\" content=\"@fraternidadeFHI\" \/>\n<meta name=\"twitter:label1\" content=\"Escrito por\" \/>\n\t<meta name=\"twitter:data1\" content=\"Paulo\" \/>\n\t<meta name=\"twitter:label2\" content=\"Tiempo de lectura\" \/>\n\t<meta name=\"twitter:data2\" content=\"2 minutos\" \/>\n<script type=\"application\/ld+json\" class=\"yoast-schema-graph\">{\"@context\":\"https:\/\/schema.org\",\"@graph\":[{\"@type\":\"WebPage\",\"@id\":\"https:\/\/www.fraterinternacional.org\/es\/el-amanecer-de-un-nuevo-siglo\/\",\"url\":\"https:\/\/www.fraterinternacional.org\/es\/el-amanecer-de-un-nuevo-siglo\/\",\"name\":\"El amanecer de un nuevo siglo - The dawn of a new century\",\"isPartOf\":{\"@id\":\"https:\/\/www.fraterinternacional.org\/es\/#website\"},\"datePublished\":\"2018-11-23T17:11:52+00:00\",\"dateModified\":\"2018-11-23T17:11:52+00:00\",\"author\":{\"@id\":\"https:\/\/www.fraterinternacional.org\/es\/#\/schema\/person\/d1ebc479cf94363f42a505a52d8ab723\"},\"description\":\"Imagine nuestro planeta fluctuando silenciosamente en el espacio A su alrededor una paloma blanca vuela Eternamente en c\u00edrculos. Cada cien a\u00f1os las alas\",\"breadcrumb\":{\"@id\":\"https:\/\/www.fraterinternacional.org\/es\/el-amanecer-de-un-nuevo-siglo\/#breadcrumb\"},\"inLanguage\":\"es\",\"potentialAction\":[{\"@type\":\"ReadAction\",\"target\":[\"https:\/\/www.fraterinternacional.org\/es\/el-amanecer-de-un-nuevo-siglo\/\"]}]},{\"@type\":\"BreadcrumbList\",\"@id\":\"https:\/\/www.fraterinternacional.org\/es\/el-amanecer-de-un-nuevo-siglo\/#breadcrumb\",\"itemListElement\":[{\"@type\":\"ListItem\",\"position\":1,\"name\":\"In\u00edcio\",\"item\":\"https:\/\/www.fraterinternacional.org\/es\/\"},{\"@type\":\"ListItem\",\"position\":2,\"name\":\"El amanecer de un nuevo siglo &#8211; The dawn of a new century\"}]},{\"@type\":\"WebSite\",\"@id\":\"https:\/\/www.fraterinternacional.org\/es\/#website\",\"url\":\"https:\/\/www.fraterinternacional.org\/es\/\",\"name\":\"Fraternidade - Federa\u00e7\u00e3o Humanit\u00e1ria Internacional\",\"description\":\"Fraternidade - Federa\u00e7\u00e3o Humanit\u00e1ria Internacional\",\"potentialAction\":[{\"@type\":\"SearchAction\",\"target\":{\"@type\":\"EntryPoint\",\"urlTemplate\":\"https:\/\/www.fraterinternacional.org\/es\/?s={search_term_string}\"},\"query-input\":\"required name=search_term_string\"}],\"inLanguage\":\"es\"},{\"@type\":\"Person\",\"@id\":\"https:\/\/www.fraterinternacional.org\/es\/#\/schema\/person\/d1ebc479cf94363f42a505a52d8ab723\",\"name\":\"Paulo\"}]}<\/script>\n<!-- \/ Yoast SEO Premium plugin. -->","yoast_head_json":{"title":"El amanecer de un nuevo siglo - The dawn of a new century","description":"Imagine nuestro planeta fluctuando silenciosamente en el espacio A su alrededor una paloma blanca vuela Eternamente en c\u00edrculos. Cada cien a\u00f1os las alas","robots":{"index":"index","follow":"follow","max-snippet":"max-snippet:-1","max-image-preview":"max-image-preview:large","max-video-preview":"max-video-preview:-1"},"canonical":"https:\/\/www.fraterinternacional.org\/es\/el-amanecer-de-un-nuevo-siglo\/","og_locale":"es_ES","og_type":"article","og_title":"El amanecer de un nuevo siglo - The dawn of a new century","og_description":"Imagine nuestro planeta fluctuando silenciosamente en el espacio A su alrededor una paloma blanca vuela Eternamente en c\u00edrculos. Cada cien a\u00f1os las alas","og_url":"https:\/\/www.fraterinternacional.org\/es\/el-amanecer-de-un-nuevo-siglo\/","og_site_name":"Fraternidade - Federa\u00e7\u00e3o Humanit\u00e1ria Internacional","article_publisher":"https:\/\/www.facebook.com\/fraternidadehumanitaria","article_published_time":"2018-11-23T17:11:52+00:00","og_image":[{"width":690,"height":388,"url":"https:\/\/www.fraterinternacional.org\/wp-content\/uploads\/2018\/11\/img-dest-musica.jpg","type":"image\/jpeg"}],"author":"Paulo","twitter_card":"summary_large_image","twitter_creator":"@fraternidadeFHI","twitter_site":"@fraternidadeFHI","twitter_misc":{"Escrito por":"Paulo","Tiempo de lectura":"2 minutos"},"schema":{"@context":"https:\/\/schema.org","@graph":[{"@type":"WebPage","@id":"https:\/\/www.fraterinternacional.org\/es\/el-amanecer-de-un-nuevo-siglo\/","url":"https:\/\/www.fraterinternacional.org\/es\/el-amanecer-de-un-nuevo-siglo\/","name":"El amanecer de un nuevo siglo - The dawn of a new century","isPartOf":{"@id":"https:\/\/www.fraterinternacional.org\/es\/#website"},"datePublished":"2018-11-23T17:11:52+00:00","dateModified":"2018-11-23T17:11:52+00:00","author":{"@id":"https:\/\/www.fraterinternacional.org\/es\/#\/schema\/person\/d1ebc479cf94363f42a505a52d8ab723"},"description":"Imagine nuestro planeta fluctuando silenciosamente en el espacio A su alrededor una paloma blanca vuela Eternamente en c\u00edrculos. Cada cien a\u00f1os las alas","breadcrumb":{"@id":"https:\/\/www.fraterinternacional.org\/es\/el-amanecer-de-un-nuevo-siglo\/#breadcrumb"},"inLanguage":"es","potentialAction":[{"@type":"ReadAction","target":["https:\/\/www.fraterinternacional.org\/es\/el-amanecer-de-un-nuevo-siglo\/"]}]},{"@type":"BreadcrumbList","@id":"https:\/\/www.fraterinternacional.org\/es\/el-amanecer-de-un-nuevo-siglo\/#breadcrumb","itemListElement":[{"@type":"ListItem","position":1,"name":"In\u00edcio","item":"https:\/\/www.fraterinternacional.org\/es\/"},{"@type":"ListItem","position":2,"name":"El amanecer de un nuevo siglo &#8211; The dawn of a new century"}]},{"@type":"WebSite","@id":"https:\/\/www.fraterinternacional.org\/es\/#website","url":"https:\/\/www.fraterinternacional.org\/es\/","name":"Fraternidade - Federa\u00e7\u00e3o Humanit\u00e1ria Internacional","description":"Fraternidade - Federa\u00e7\u00e3o Humanit\u00e1ria Internacional","potentialAction":[{"@type":"SearchAction","target":{"@type":"EntryPoint","urlTemplate":"https:\/\/www.fraterinternacional.org\/es\/?s={search_term_string}"},"query-input":"required name=search_term_string"}],"inLanguage":"es"},{"@type":"Person","@id":"https:\/\/www.fraterinternacional.org\/es\/#\/schema\/person\/d1ebc479cf94363f42a505a52d8ab723","name":"Paulo"}]}},"_links":{"self":[{"href":"https:\/\/www.fraterinternacional.org\/es\/wp-json\/wp\/v2\/posts\/92768"}],"collection":[{"href":"https:\/\/www.fraterinternacional.org\/es\/wp-json\/wp\/v2\/posts"}],"about":[{"href":"https:\/\/www.fraterinternacional.org\/es\/wp-json\/wp\/v2\/types\/post"}],"author":[{"embeddable":true,"href":"https:\/\/www.fraterinternacional.org\/es\/wp-json\/wp\/v2\/users\/45"}],"replies":[{"embeddable":true,"href":"https:\/\/www.fraterinternacional.org\/es\/wp-json\/wp\/v2\/comments?post=92768"}],"version-history":[{"count":0,"href":"https:\/\/www.fraterinternacional.org\/es\/wp-json\/wp\/v2\/posts\/92768\/revisions"}],"wp:featuredmedia":[{"embeddable":true,"href":"https:\/\/www.fraterinternacional.org\/es\/wp-json\/wp\/v2\/media\/92764"}],"wp:attachment":[{"href":"https:\/\/www.fraterinternacional.org\/es\/wp-json\/wp\/v2\/media?parent=92768"}],"wp:term":[{"taxonomy":"category","embeddable":true,"href":"https:\/\/www.fraterinternacional.org\/es\/wp-json\/wp\/v2\/categories?post=92768"},{"taxonomy":"post_tag","embeddable":true,"href":"https:\/\/www.fraterinternacional.org\/es\/wp-json\/wp\/v2\/tags?post=92768"}],"curies":[{"name":"wp","href":"https:\/\/api.w.org\/{rel}","templated":true}]}}