{"id":92607,"date":"2018-11-16T23:06:03","date_gmt":"2018-11-17T02:06:03","guid":{"rendered":"https:\/\/www.fraterinternacional.org\/?p=92607"},"modified":"2018-11-16T23:06:03","modified_gmt":"2018-11-17T02:06:03","slug":"mision-paraguay-desarrollo-8-encuentro-servicio-consciencia-indigena","status":"publish","type":"post","link":"https:\/\/www.fraterinternacional.org\/es\/mision-paraguay-desarrollo-8-encuentro-servicio-consciencia-indigena\/","title":{"rendered":"Misi\u00f3n Paraguay desarroll\u00f3 su 8.\u00ba Encuentro de Servicio a la Consciencia Ind\u00edgena en un clima de mucha alegr\u00eda"},"content":{"rendered":"<p style=\"text-align: justify;\"><a href=\"https:\/\/www.fraterinternacional.org\/wp-content\/uploads\/2018\/11\/mision_paraguay_octavo_encuentro_02.jpg\"><img decoding=\"async\" class=\"alignright size-medium wp-image-92596\" src=\"https:\/\/www.fraterinternacional.org\/wp-content\/uploads\/2018\/11\/mision_paraguay_octavo_encuentro_02-300x169.jpg\" alt=\"\" width=\"300\" height=\"169\" srcset=\"https:\/\/www.fraterinternacional.org\/wp-content\/uploads\/2018\/11\/mision_paraguay_octavo_encuentro_02-200x112.jpg 200w, https:\/\/www.fraterinternacional.org\/wp-content\/uploads\/2018\/11\/mision_paraguay_octavo_encuentro_02-300x169.jpg 300w, https:\/\/www.fraterinternacional.org\/wp-content\/uploads\/2018\/11\/mision_paraguay_octavo_encuentro_02-400x225.jpg 400w, https:\/\/www.fraterinternacional.org\/wp-content\/uploads\/2018\/11\/mision_paraguay_octavo_encuentro_02-600x337.jpg 600w, https:\/\/www.fraterinternacional.org\/wp-content\/uploads\/2018\/11\/mision_paraguay_octavo_encuentro_02.jpg 690w\" sizes=\"(max-width: 300px) 100vw, 300px\" \/><\/a>En un clima de mucha alegr\u00eda, armon\u00eda y organizaci\u00f3n se llev\u00f3 a cabo el 8.\u00ba Encuentro de Servicio a la Consciencia Ind\u00edgena de la <a href=\"http:\/\/www.fraterinternacional.org\/es\/campanhas-ffhi\/mision-paraguay\/?portfolioCats=190\">Misi\u00f3n Paraguay<\/a>.<\/p>\n<p style=\"text-align: justify;\">Del evento, preparado por la <a href=\"http:\/\/www.fraterinternacional.org\/es\/red-luz\/\">Red-Luz<\/a> Paraguay, participaron 25 personas, entre colaboradores locales y otros provenientes de Argentina y Brasil, as\u00ed como voluntarias paraguayas del \u00e1rea de la salud.<\/p>\n<p style=\"text-align: justify;\">Las actividades se desarrollaron el s\u00e1bado 3 de noviembre de 2018, en la comunidad Mbya Guarani \u201cYvu Por\u00e3 Renda\u201d, asentada en un barrio de Ciudad del Este, al oriente de Paraguay, en la frontera con Brasil y Argentina. La aldea congrega a unas 20 familias desplazadas por la deforestaci\u00f3n de la zona de Caaguaz\u00fa, centro del pa\u00eds.<\/p>\n<p style=\"text-align: justify;\">El d\u00eda se present\u00f3 especialmente soleado, pese a que los pron\u00f3sticos se mostraban desfavorables. Ya para el domingo, las intensas precipitaciones y el barro obligaron a cancelar el programa inicial de dos d\u00edas de convivencia con comunidades originarias.<\/p>\n<p style=\"text-align: justify;\">Los anfitriones Mbya Guarani recibieron a los misioneros humanitarios con m\u00fasica tradicional ind\u00edgena, colocada a trav\u00e9s de un altoparlante, la cual, acompa\u00f1\u00f3 todo el encuentro.<\/p>\n<h3 style=\"text-align: center;\">Servicios y donaciones<\/h3>\n<div id=\"attachment_92599\" style=\"width: 246px\" class=\"wp-caption alignright\"><a href=\"https:\/\/www.fraterinternacional.org\/wp-content\/uploads\/2018\/11\/mision_paraguay_octavo_encuentro_04.jpg\"><img decoding=\"async\" aria-describedby=\"caption-attachment-92599\" class=\"wp-image-92599 size-medium\" src=\"https:\/\/www.fraterinternacional.org\/wp-content\/uploads\/2018\/11\/mision_paraguay_octavo_encuentro_04-236x300.jpg\" alt=\"\" width=\"236\" height=\"300\" srcset=\"https:\/\/www.fraterinternacional.org\/wp-content\/uploads\/2018\/11\/mision_paraguay_octavo_encuentro_04-200x254.jpg 200w, https:\/\/www.fraterinternacional.org\/wp-content\/uploads\/2018\/11\/mision_paraguay_octavo_encuentro_04-236x300.jpg 236w, https:\/\/www.fraterinternacional.org\/wp-content\/uploads\/2018\/11\/mision_paraguay_octavo_encuentro_04-400x508.jpg 400w, https:\/\/www.fraterinternacional.org\/wp-content\/uploads\/2018\/11\/mision_paraguay_octavo_encuentro_04.jpg 543w\" sizes=\"(max-width: 236px) 100vw, 236px\" \/><\/a><p id=\"caption-attachment-92599\" class=\"wp-caption-text\">Alegr\u00eda infantil reflejada en la pintura de las mandalas<\/p><\/div>\n<p style=\"text-align: justify;\">Los visitantes ofrecieron varios servicios como atenci\u00f3n m\u00e9dica, de enfermer\u00eda y odontol\u00f3gica; corte de cabello, extracci\u00f3n de piojos y lavado de cabeza; distribuci\u00f3n de alimentos, ropa, calzados y cepillos de dientes.<\/p>\n<p style=\"text-align: justify;\">Tambi\u00e9n compartieron tareas especiales con los ni\u00f1os, como dibujos, pintura de mandalas, confecci\u00f3n de pulseras y collares.<\/p>\n<p style=\"text-align: justify;\">Los ind\u00edgenas se mostraron m\u00e1s confiados que en encuentros anteriores y se acercaron en mayor n\u00famero a las consultas de salud. La mayor\u00eda de las atenciones m\u00e9dicas fueron por problemas de piel.<\/p>\n<p style=\"text-align: justify;\">En el \u00e1rea odontol\u00f3gica hubo 35 pacientes, a quienes se aplic\u00f3 diversos tratamientos como obturaciones, profilaxis y fluorizaci\u00f3n, extracciones y limpieza de sarro. Tambi\u00e9n se les distribuy\u00f3 cepillos de dientes y dent\u00edfricos y se les ofreci\u00f3 orientaciones de higiene bucal. Las dentistas dijeron que observaron mejor\u00edas en las condiciones de varios ni\u00f1os que hab\u00edan atendido anteriormente.<\/p>\n<p style=\"text-align: justify;\">Tanto para las consultas m\u00e9dico-odontol\u00f3gicas como para las donaciones de alimentos, el cacique apel\u00f3 a un micr\u00f3fono, conectado al altoparlante, para ir llamando de manera ordenada a los beneficiarios.<\/p>\n<h3 style=\"text-align: center;\">Consciencia Ind\u00edgena<\/h3>\n<div id=\"attachment_92602\" style=\"width: 310px\" class=\"wp-caption alignleft\"><a href=\"https:\/\/www.fraterinternacional.org\/wp-content\/uploads\/2018\/11\/mision_paraguay_octavo_encuentro_03.jpg\"><img decoding=\"async\" aria-describedby=\"caption-attachment-92602\" class=\"wp-image-92602 size-medium\" src=\"https:\/\/www.fraterinternacional.org\/wp-content\/uploads\/2018\/11\/mision_paraguay_octavo_encuentro_03-300x225.jpg\" alt=\"\" width=\"300\" height=\"225\" srcset=\"https:\/\/www.fraterinternacional.org\/wp-content\/uploads\/2018\/11\/mision_paraguay_octavo_encuentro_03-200x150.jpg 200w, https:\/\/www.fraterinternacional.org\/wp-content\/uploads\/2018\/11\/mision_paraguay_octavo_encuentro_03-300x225.jpg 300w, https:\/\/www.fraterinternacional.org\/wp-content\/uploads\/2018\/11\/mision_paraguay_octavo_encuentro_03-400x300.jpg 400w, https:\/\/www.fraterinternacional.org\/wp-content\/uploads\/2018\/11\/mision_paraguay_octavo_encuentro_03-600x450.jpg 600w, https:\/\/www.fraterinternacional.org\/wp-content\/uploads\/2018\/11\/mision_paraguay_octavo_encuentro_03.jpg 690w\" sizes=\"(max-width: 300px) 100vw, 300px\" \/><\/a><p id=\"caption-attachment-92602\" class=\"wp-caption-text\">Ind\u00edgenas seleccionan las prendas con mucha armon\u00eda<\/p><\/div>\n<p style=\"text-align: justify;\">Como cierre de jornada, el mismo l\u00edder encabez\u00f3 un baile tradicional, seguido por ni\u00f1os, j\u00f3venes y ancianos, que portaban instrumentos musicales t\u00edpicos, a los que se sumaron todos los presentes. Seg\u00fan explicaron, se trataba de una danza utilizada solo en sesiones especiales de sanaci\u00f3n, que ellos ofrec\u00edan al grupo, en se\u00f1al de gratitud.<\/p>\n<p style=\"text-align: justify;\">Por \u00faltimo, el jefe ind\u00edgena valor\u00f3 el esfuerzo de los voluntarios para llegar al lugar y agradeci\u00f3 especialmente el apoyo que brind\u00f3 la Misi\u00f3n Paraguay, a lo largo de sus ediciones, para alcanzar la reconstrucci\u00f3n del Opy (casa de oraci\u00f3n y cura), espacio sagrado que est\u00e1 sirviendo, seg\u00fan entienden, para atraer la materializaci\u00f3n de las mejoras que est\u00e1n teniendo, como la instalaci\u00f3n de un tanque de agua y otras obras.<\/p>\n<p style=\"text-align: justify;\">\u201cEn esta misi\u00f3n sent\u00ed uni\u00f3n y armon\u00eda grupal, tanto en la comunidad ind\u00edgena como en la integraci\u00f3n del grupo con representantes de tres naciones que cargan con historias de desencuentros, lo que simboliza la madurez que se va logrando y la plasmaci\u00f3n del proyecto de Dios en esta humanidad, restaurando heridas y transform\u00e1ndolas en amor hacia todos los <a href=\"http:\/\/www.fraterinternacional.org\/es\/amor-y-servicio-los-reinos\/\">Reinos de la Naturaleza<\/a>\u201d, refiri\u00f3, al final del encuentro, Teresita Niveyro, una de las participantes, quien lleg\u00f3 desde Posadas, Argentina.<\/p>\n<h3 style=\"text-align: center;\">Amor<\/h3>\n<div id=\"attachment_92592\" style=\"width: 310px\" class=\"wp-caption alignright\"><a href=\"https:\/\/www.fraterinternacional.org\/wp-content\/uploads\/2018\/11\/mision_paraguay_octavo_encuentro_01.jpg\"><img decoding=\"async\" aria-describedby=\"caption-attachment-92592\" class=\"wp-image-92592 size-medium\" src=\"https:\/\/www.fraterinternacional.org\/wp-content\/uploads\/2018\/11\/mision_paraguay_octavo_encuentro_01-300x169.jpg\" alt=\"\" width=\"300\" height=\"169\" srcset=\"https:\/\/www.fraterinternacional.org\/wp-content\/uploads\/2018\/11\/mision_paraguay_octavo_encuentro_01-200x112.jpg 200w, https:\/\/www.fraterinternacional.org\/wp-content\/uploads\/2018\/11\/mision_paraguay_octavo_encuentro_01-300x169.jpg 300w, https:\/\/www.fraterinternacional.org\/wp-content\/uploads\/2018\/11\/mision_paraguay_octavo_encuentro_01-400x225.jpg 400w, https:\/\/www.fraterinternacional.org\/wp-content\/uploads\/2018\/11\/mision_paraguay_octavo_encuentro_01-600x337.jpg 600w, https:\/\/www.fraterinternacional.org\/wp-content\/uploads\/2018\/11\/mision_paraguay_octavo_encuentro_01.jpg 690w\" sizes=\"(max-width: 300px) 100vw, 300px\" \/><\/a><p id=\"caption-attachment-92592\" class=\"wp-caption-text\">Lavado de cabeza<\/p><\/div>\n<p style=\"text-align: justify;\">Laercio Borgato Morales, de Campo Grande, estado de Mato Grosso do Sul, Brasil, consider\u00f3 que se trat\u00f3 de \u201cun trabajo amoroso por parte de todos, una experiencia positiva que quedar\u00e1 marcada en mi ser\u201d.<\/p>\n<p style=\"text-align: justify;\">\u201c\u00a1Nos abrieron su mundo!, exclam\u00f3 Isabel Anderson, de la provincia argentina de Chaco. \u201cEsa danza de la cual pudimos participar, donde uno de los ancianos nos explicaba el significado de los movimientos, imitando una v\u00edbora y cuando hac\u00edamos el giro y \u00e9l se agachaba, simulando picarnos, tom\u00e1ndonos del tobillo para que aprendamos a estar siempre alertas, fue algo \u00fanico\u201d, prosigui\u00f3.<\/p>\n<p style=\"text-align: justify;\">Ederlene Colpo, de Foz de Yguazu, estado de Paran\u00e1, Brasil, coment\u00f3 su vivencia en el corte de cabello y lavado de cabeza de los nativos: \u201cPercibimos que tienen mucha falta de cari\u00f1o, de contacto amoroso, y entonces al hacerles masaje en la cabeza o al acomodar el pelo de un lado para otro, tuvimos la oportunidad de transmitirles un poco de amor y ellos lo percib\u00edan y se mostraban muy a gusto\u201d.<\/p>\n<p style=\"text-align: justify;\">La Misi\u00f3n Paraguay forma parte de la <a href=\"http:\/\/www.fraterinternacional.org\/es\/campanhas-ffhi\/mision-pueblos-originarios\/?portfolioCats=185\">Misi\u00f3n junto a los Pueblos Originarios<\/a>, una campa\u00f1a de la\u00a0<strong>Fraternidade \u2013 Federaci\u00f3n Humanitaria Internacional<\/strong>\u00a0<strong>(FFHI)<\/strong>.<\/p>\n<h3 style=\"text-align: center;\">M\u00e1s informaciones<\/h3>\n<h3 style=\"text-align: center;\">redluzparaguay@fraterinternacional.org<\/h3>\n<h3 style=\"text-align: center;\">WhatsApp y Telegram: (+595) (992) 403-388<\/h3>\n<h3 style=\"text-align: center;\"><\/h3>\n","protected":false},"excerpt":{"rendered":"<p>En un clima de mucha alegr\u00eda, armon\u00eda y organizaci\u00f3n se llev\u00f3 a cabo el 8.\u00ba Encuentro de Servicio a la [&hellip;]<\/p>\n","protected":false},"author":16,"featured_media":92594,"comment_status":"closed","ping_status":"closed","sticky":false,"template":"","format":"standard","meta":{"footnotes":""},"categories":[173,105,120],"tags":[2902,97],"class_list":["post-92607","post","type-post","status-publish","format-standard","has-post-thumbnail","hentry","category-noticia","category-noticias-de-las-misiones","category-red-luz-es","tag-mision-paraguay","tag-servicio-humanitario-es"],"yoast_head":"<!-- This site is optimized with the Yoast SEO Premium plugin v21.0 (Yoast SEO v21.0) - https:\/\/yoast.com\/wordpress\/plugins\/seo\/ -->\n<title>Misi\u00f3n Paraguay desarroll\u00f3 su 8.\u00ba Encuentro de Servicio a la Consciencia Ind\u00edgena en un clima de mucha alegr\u00eda<\/title>\n<meta name=\"description\" content=\"Voluntarios de la Red-Luz de Paraguay, Argentina y Brasil compartieron experiencia de uni\u00f3n y reparaci\u00f3n hist\u00f3rica con la Consciencia Ind\u00edgena.\" \/>\n<meta name=\"robots\" content=\"index, follow, max-snippet:-1, max-image-preview:large, max-video-preview:-1\" \/>\n<link rel=\"canonical\" href=\"https:\/\/www.fraterinternacional.org\/es\/mision-paraguay-desarrollo-8-encuentro-servicio-consciencia-indigena\/\" \/>\n<meta property=\"og:locale\" content=\"es_ES\" \/>\n<meta property=\"og:type\" content=\"article\" \/>\n<meta property=\"og:title\" content=\"Misi\u00f3n Paraguay desarroll\u00f3 su 8.\u00ba Encuentro de Servicio a la Consciencia Ind\u00edgena en un clima de mucha alegr\u00eda\" \/>\n<meta property=\"og:description\" content=\"Voluntarios de la Red-Luz de Paraguay, Argentina y Brasil compartieron experiencia de uni\u00f3n y reparaci\u00f3n hist\u00f3rica con la Consciencia Ind\u00edgena.\" \/>\n<meta property=\"og:url\" content=\"https:\/\/www.fraterinternacional.org\/es\/mision-paraguay-desarrollo-8-encuentro-servicio-consciencia-indigena\/\" \/>\n<meta property=\"og:site_name\" content=\"Fraternidade - Federa\u00e7\u00e3o Humanit\u00e1ria Internacional\" \/>\n<meta property=\"article:publisher\" content=\"https:\/\/www.facebook.com\/fraternidadehumanitaria\" \/>\n<meta property=\"article:published_time\" content=\"2018-11-17T02:06:03+00:00\" \/>\n<meta property=\"og:image\" content=\"https:\/\/www.fraterinternacional.org\/wp-content\/uploads\/2018\/11\/mision_paraguay_octavo_encuentro_01.jpg\" \/>\n\t<meta property=\"og:image:width\" content=\"690\" \/>\n\t<meta property=\"og:image:height\" content=\"388\" \/>\n\t<meta property=\"og:image:type\" content=\"image\/jpeg\" \/>\n<meta name=\"author\" content=\"Sergio Redator Espanhol\" \/>\n<meta name=\"twitter:card\" content=\"summary_large_image\" \/>\n<meta name=\"twitter:creator\" content=\"@fraternidadeFHI\" \/>\n<meta name=\"twitter:site\" content=\"@fraternidadeFHI\" \/>\n<meta name=\"twitter:label1\" content=\"Escrito por\" \/>\n\t<meta name=\"twitter:data1\" content=\"Sergio Redator Espanhol\" \/>\n\t<meta name=\"twitter:label2\" content=\"Tiempo de lectura\" \/>\n\t<meta name=\"twitter:data2\" content=\"4 minutos\" \/>\n<script type=\"application\/ld+json\" class=\"yoast-schema-graph\">{\"@context\":\"https:\/\/schema.org\",\"@graph\":[{\"@type\":\"WebPage\",\"@id\":\"https:\/\/www.fraterinternacional.org\/es\/mision-paraguay-desarrollo-8-encuentro-servicio-consciencia-indigena\/\",\"url\":\"https:\/\/www.fraterinternacional.org\/es\/mision-paraguay-desarrollo-8-encuentro-servicio-consciencia-indigena\/\",\"name\":\"Misi\u00f3n Paraguay desarroll\u00f3 su 8.\u00ba Encuentro de Servicio a la Consciencia Ind\u00edgena en un clima de mucha alegr\u00eda\",\"isPartOf\":{\"@id\":\"https:\/\/www.fraterinternacional.org\/es\/#website\"},\"datePublished\":\"2018-11-17T02:06:03+00:00\",\"dateModified\":\"2018-11-17T02:06:03+00:00\",\"author\":{\"@id\":\"https:\/\/www.fraterinternacional.org\/es\/#\/schema\/person\/cf24d3eac28b0e09714ecb8cbd865c28\"},\"description\":\"Voluntarios de la Red-Luz de Paraguay, Argentina y Brasil compartieron experiencia de uni\u00f3n y reparaci\u00f3n hist\u00f3rica con la Consciencia Ind\u00edgena.\",\"breadcrumb\":{\"@id\":\"https:\/\/www.fraterinternacional.org\/es\/mision-paraguay-desarrollo-8-encuentro-servicio-consciencia-indigena\/#breadcrumb\"},\"inLanguage\":\"es\",\"potentialAction\":[{\"@type\":\"ReadAction\",\"target\":[\"https:\/\/www.fraterinternacional.org\/es\/mision-paraguay-desarrollo-8-encuentro-servicio-consciencia-indigena\/\"]}]},{\"@type\":\"BreadcrumbList\",\"@id\":\"https:\/\/www.fraterinternacional.org\/es\/mision-paraguay-desarrollo-8-encuentro-servicio-consciencia-indigena\/#breadcrumb\",\"itemListElement\":[{\"@type\":\"ListItem\",\"position\":1,\"name\":\"In\u00edcio\",\"item\":\"https:\/\/www.fraterinternacional.org\/es\/\"},{\"@type\":\"ListItem\",\"position\":2,\"name\":\"Misi\u00f3n Paraguay desarroll\u00f3 su 8.\u00ba Encuentro de Servicio a la Consciencia Ind\u00edgena en un clima de mucha alegr\u00eda\"}]},{\"@type\":\"WebSite\",\"@id\":\"https:\/\/www.fraterinternacional.org\/es\/#website\",\"url\":\"https:\/\/www.fraterinternacional.org\/es\/\",\"name\":\"Fraternidade - Federa\u00e7\u00e3o Humanit\u00e1ria Internacional\",\"description\":\"Fraternidade - Federa\u00e7\u00e3o Humanit\u00e1ria Internacional\",\"potentialAction\":[{\"@type\":\"SearchAction\",\"target\":{\"@type\":\"EntryPoint\",\"urlTemplate\":\"https:\/\/www.fraterinternacional.org\/es\/?s={search_term_string}\"},\"query-input\":\"required name=search_term_string\"}],\"inLanguage\":\"es\"},{\"@type\":\"Person\",\"@id\":\"https:\/\/www.fraterinternacional.org\/es\/#\/schema\/person\/cf24d3eac28b0e09714ecb8cbd865c28\",\"name\":\"Sergio Redator Espanhol\"}]}<\/script>\n<!-- \/ Yoast SEO Premium plugin. -->","yoast_head_json":{"title":"Misi\u00f3n Paraguay desarroll\u00f3 su 8.\u00ba Encuentro de Servicio a la Consciencia Ind\u00edgena en un clima de mucha alegr\u00eda","description":"Voluntarios de la Red-Luz de Paraguay, Argentina y Brasil compartieron experiencia de uni\u00f3n y reparaci\u00f3n hist\u00f3rica con la Consciencia Ind\u00edgena.","robots":{"index":"index","follow":"follow","max-snippet":"max-snippet:-1","max-image-preview":"max-image-preview:large","max-video-preview":"max-video-preview:-1"},"canonical":"https:\/\/www.fraterinternacional.org\/es\/mision-paraguay-desarrollo-8-encuentro-servicio-consciencia-indigena\/","og_locale":"es_ES","og_type":"article","og_title":"Misi\u00f3n Paraguay desarroll\u00f3 su 8.\u00ba Encuentro de Servicio a la Consciencia Ind\u00edgena en un clima de mucha alegr\u00eda","og_description":"Voluntarios de la Red-Luz de Paraguay, Argentina y Brasil compartieron experiencia de uni\u00f3n y reparaci\u00f3n hist\u00f3rica con la Consciencia Ind\u00edgena.","og_url":"https:\/\/www.fraterinternacional.org\/es\/mision-paraguay-desarrollo-8-encuentro-servicio-consciencia-indigena\/","og_site_name":"Fraternidade - Federa\u00e7\u00e3o Humanit\u00e1ria Internacional","article_publisher":"https:\/\/www.facebook.com\/fraternidadehumanitaria","article_published_time":"2018-11-17T02:06:03+00:00","og_image":[{"width":690,"height":388,"url":"https:\/\/www.fraterinternacional.org\/wp-content\/uploads\/2018\/11\/mision_paraguay_octavo_encuentro_01.jpg","type":"image\/jpeg"}],"author":"Sergio Redator Espanhol","twitter_card":"summary_large_image","twitter_creator":"@fraternidadeFHI","twitter_site":"@fraternidadeFHI","twitter_misc":{"Escrito por":"Sergio Redator Espanhol","Tiempo de lectura":"4 minutos"},"schema":{"@context":"https:\/\/schema.org","@graph":[{"@type":"WebPage","@id":"https:\/\/www.fraterinternacional.org\/es\/mision-paraguay-desarrollo-8-encuentro-servicio-consciencia-indigena\/","url":"https:\/\/www.fraterinternacional.org\/es\/mision-paraguay-desarrollo-8-encuentro-servicio-consciencia-indigena\/","name":"Misi\u00f3n Paraguay desarroll\u00f3 su 8.\u00ba Encuentro de Servicio a la Consciencia Ind\u00edgena en un clima de mucha alegr\u00eda","isPartOf":{"@id":"https:\/\/www.fraterinternacional.org\/es\/#website"},"datePublished":"2018-11-17T02:06:03+00:00","dateModified":"2018-11-17T02:06:03+00:00","author":{"@id":"https:\/\/www.fraterinternacional.org\/es\/#\/schema\/person\/cf24d3eac28b0e09714ecb8cbd865c28"},"description":"Voluntarios de la Red-Luz de Paraguay, Argentina y Brasil compartieron experiencia de uni\u00f3n y reparaci\u00f3n hist\u00f3rica con la Consciencia Ind\u00edgena.","breadcrumb":{"@id":"https:\/\/www.fraterinternacional.org\/es\/mision-paraguay-desarrollo-8-encuentro-servicio-consciencia-indigena\/#breadcrumb"},"inLanguage":"es","potentialAction":[{"@type":"ReadAction","target":["https:\/\/www.fraterinternacional.org\/es\/mision-paraguay-desarrollo-8-encuentro-servicio-consciencia-indigena\/"]}]},{"@type":"BreadcrumbList","@id":"https:\/\/www.fraterinternacional.org\/es\/mision-paraguay-desarrollo-8-encuentro-servicio-consciencia-indigena\/#breadcrumb","itemListElement":[{"@type":"ListItem","position":1,"name":"In\u00edcio","item":"https:\/\/www.fraterinternacional.org\/es\/"},{"@type":"ListItem","position":2,"name":"Misi\u00f3n Paraguay desarroll\u00f3 su 8.\u00ba Encuentro de Servicio a la Consciencia Ind\u00edgena en un clima de mucha alegr\u00eda"}]},{"@type":"WebSite","@id":"https:\/\/www.fraterinternacional.org\/es\/#website","url":"https:\/\/www.fraterinternacional.org\/es\/","name":"Fraternidade - Federa\u00e7\u00e3o Humanit\u00e1ria Internacional","description":"Fraternidade - Federa\u00e7\u00e3o Humanit\u00e1ria Internacional","potentialAction":[{"@type":"SearchAction","target":{"@type":"EntryPoint","urlTemplate":"https:\/\/www.fraterinternacional.org\/es\/?s={search_term_string}"},"query-input":"required name=search_term_string"}],"inLanguage":"es"},{"@type":"Person","@id":"https:\/\/www.fraterinternacional.org\/es\/#\/schema\/person\/cf24d3eac28b0e09714ecb8cbd865c28","name":"Sergio Redator Espanhol"}]}},"_links":{"self":[{"href":"https:\/\/www.fraterinternacional.org\/es\/wp-json\/wp\/v2\/posts\/92607"}],"collection":[{"href":"https:\/\/www.fraterinternacional.org\/es\/wp-json\/wp\/v2\/posts"}],"about":[{"href":"https:\/\/www.fraterinternacional.org\/es\/wp-json\/wp\/v2\/types\/post"}],"author":[{"embeddable":true,"href":"https:\/\/www.fraterinternacional.org\/es\/wp-json\/wp\/v2\/users\/16"}],"replies":[{"embeddable":true,"href":"https:\/\/www.fraterinternacional.org\/es\/wp-json\/wp\/v2\/comments?post=92607"}],"version-history":[{"count":0,"href":"https:\/\/www.fraterinternacional.org\/es\/wp-json\/wp\/v2\/posts\/92607\/revisions"}],"wp:featuredmedia":[{"embeddable":true,"href":"https:\/\/www.fraterinternacional.org\/es\/wp-json\/wp\/v2\/media\/92594"}],"wp:attachment":[{"href":"https:\/\/www.fraterinternacional.org\/es\/wp-json\/wp\/v2\/media?parent=92607"}],"wp:term":[{"taxonomy":"category","embeddable":true,"href":"https:\/\/www.fraterinternacional.org\/es\/wp-json\/wp\/v2\/categories?post=92607"},{"taxonomy":"post_tag","embeddable":true,"href":"https:\/\/www.fraterinternacional.org\/es\/wp-json\/wp\/v2\/tags?post=92607"}],"curies":[{"name":"wp","href":"https:\/\/api.w.org\/{rel}","templated":true}]}}