{"id":92236,"date":"2018-11-11T14:13:20","date_gmt":"2018-11-11T17:13:20","guid":{"rendered":"https:\/\/www.fraterinternacional.org\/?p=92236"},"modified":"2018-11-11T14:15:41","modified_gmt":"2018-11-11T17:15:41","slug":"cura-planetaria-10-energias-cosmicas-teluricas-tectonicas","status":"publish","type":"post","link":"https:\/\/www.fraterinternacional.org\/es\/cura-planetaria-10-energias-cosmicas-teluricas-tectonicas\/","title":{"rendered":"Cura planetaria 10 &#8211; Energ\u00edas c\u00f3smicas, tel\u00faricas e tect\u00f4nicas"},"content":{"rendered":"<h3 style=\"text-align: center;\" data-fontsize=\"20\" data-lineheight=\"28\">Parte &#8211; 10 \u2013 Energ\u00edas c\u00f3smicas, tel\u00faricas e tect\u00f4nicas<br \/>\nTema: Cura planetaria, Cura de la Humanidad<\/h3>\n<p style=\"text-align: justify;\"><a href=\"https:\/\/www.fraterinternacional.org\/wp-content\/uploads\/2018\/02\/planeta_terra.jpg\"><img decoding=\"async\" class=\"alignleft size-medium wp-image-75161\" src=\"https:\/\/www.fraterinternacional.org\/wp-content\/uploads\/2018\/02\/planeta_terra-300x169.jpg\" alt=\"\" width=\"300\" height=\"169\" srcset=\"https:\/\/www.fraterinternacional.org\/wp-content\/uploads\/2018\/02\/planeta_terra-200x112.jpg 200w, https:\/\/www.fraterinternacional.org\/wp-content\/uploads\/2018\/02\/planeta_terra-300x169.jpg 300w, https:\/\/www.fraterinternacional.org\/wp-content\/uploads\/2018\/02\/planeta_terra-400x225.jpg 400w, https:\/\/www.fraterinternacional.org\/wp-content\/uploads\/2018\/02\/planeta_terra-600x337.jpg 600w, https:\/\/www.fraterinternacional.org\/wp-content\/uploads\/2018\/02\/planeta_terra.jpg 690w\" sizes=\"(max-width: 300px) 100vw, 300px\" \/><\/a>Nuestra amada Tierra es un Planeta-Escuela, internamente a\u00fan muy desconocido, que sostiene, desde eras planetarias, su propia escala vibratoria, dimensional y polar, que le permite conservar su posici\u00f3n de equilibrio dentro del vasto campo energ\u00e9tico-magn\u00e9tico de este <em>Universo local<\/em> al que pertenece. Y como todo cuerpo celeste en evoluci\u00f3n, recibe, continuamente, <em>energ\u00edas c\u00f3smicas<\/em> poderosas que emanan directamente del <em>Sol Central<\/em> de nuestra Galaxia, que la ponen en resonancia con la Vida Universal.<\/p>\n<p style=\"text-align: justify;\">Al ingresar aqu\u00ed, se teletransportan como a lo largo de una vasta red de laberintos que recorre el interior del Planeta y as\u00ed llegan al <em>Cristal<\/em> (energ\u00e9tico) <em>del centro de la Tierra<\/em>, que las convierte en <em>energ\u00edas tel\u00faricas<\/em>; pasan por procesos de readaptaci\u00f3n a la Tierra y se transforman, por fin, en <em>energ\u00edas tect\u00f3nicas<\/em>. Estas, a su vez, impulsan, sostienen y coordinan las corrientes ascendentes y descendientes de <em>magma<\/em> en el interior del <em>manto terrestre<\/em>, moviendo as\u00ed las <em>placas<\/em> <em>continentales<\/em> y <em>oce\u00e1nicas<\/em><sup>1<\/sup> en la superficie, lo que mantiene en equilibrio, de forma permanente, a los polos de la Tierra, y permite que cada polo participe en el equilibrio planetario, dentro del Universo.<sup>2<\/sup><a href=\"#_ftn2\" name=\"_ftnref2\"><\/a><\/p>\n<h5 style=\"text-align: justify;\"><a href=\"#_ftnref1\" name=\"_ftn1\">[1]\u00a0<\/a>Una <em>placa tect\u00f3nica (continental u oce\u00e1nica)<\/em> es un fragmento de la <em>lit\u00f3sfera <\/em>\u2014la capa exterior s\u00f3lida de la Tierra\u2014. que se mueve en bloque casi r\u00edgido sobre el manto superior de la Tierra.<\/h5>\n<h5><a href=\"#_ftnref2\" name=\"_ftn2\">[2]<\/a> Para profundizar en este tema escuche el CD: <a href=\"http:\/\/www.irdin.org.br\/site\/produtos\/retiros-intraterrenos-volume-2\/\" target=\"_blank\" rel=\"noopener\">El retiro de Cueva de los Tayos y otras Revelaciones<\/a><strong>, <\/strong>de Shimani, editado por Irdin Editora.<\/h5>\n<h3 style=\"text-align: center;\">Misteriosa din\u00e1mica interna<\/h3>\n<p style=\"text-align: justify;\"><a href=\"https:\/\/www.fraterinternacional.org\/wp-content\/uploads\/2018\/08\/pen_18_08_29.jpeg\"><img decoding=\"async\" class=\"size-medium wp-image-86891 alignright\" src=\"https:\/\/www.fraterinternacional.org\/wp-content\/uploads\/2018\/08\/pen_18_08_29-300x169.jpeg\" alt=\"\" width=\"300\" height=\"169\" srcset=\"https:\/\/www.fraterinternacional.org\/wp-content\/uploads\/2018\/08\/pen_18_08_29-200x112.jpeg 200w, https:\/\/www.fraterinternacional.org\/wp-content\/uploads\/2018\/08\/pen_18_08_29-300x169.jpeg 300w, https:\/\/www.fraterinternacional.org\/wp-content\/uploads\/2018\/08\/pen_18_08_29-400x225.jpeg 400w, https:\/\/www.fraterinternacional.org\/wp-content\/uploads\/2018\/08\/pen_18_08_29-600x337.jpeg 600w, https:\/\/www.fraterinternacional.org\/wp-content\/uploads\/2018\/08\/pen_18_08_29.jpeg 690w\" sizes=\"(max-width: 300px) 100vw, 300px\" \/><\/a>Esta misteriosa din\u00e1mica interna, invisible a nuestros ojos, genera la readecuaci\u00f3n de toda la vida planetaria y de todos los Reinos que aqu\u00ed cohabitan con el ser humano. Esta es tambi\u00e9n la forma de c\u00f3mo las escalas vibratorias del Planeta pueden cambiar radicalmente su cara externa, como ya sucedi\u00f3 otras veces en nuestra historia remota. Las <em>placas tect\u00f3nicas<\/em> se movieron por el gran concentrado de energ\u00edas f\u00edsicas y ps\u00edquicas devastadoras, generadas por la acci\u00f3n del ser humano, lo que desencaden\u00f3 grandes cataclismos, destrucciones masivas y una readecuaci\u00f3n global de todo el sistema planetario, de la humanidad y de los Reinos de la Naturaleza.<\/p>\n<p style=\"text-align: justify;\">Esto es lo que est\u00e1 en la base de la desaparici\u00f3n de grandes civilizaciones legendarias, como la <em>Lemuria<\/em> y la <em>Atl\u00e1ntida.<\/em> Y al parecer, el ser humano a\u00fan no ha aprendido, de una vez, la lecci\u00f3n. Desafortunadamente, \u00e9l juega hoy con un poder destructivo de tal monta que se ha vuelto capaz de barrer de la superficie de la Tierra, para siempre, toda la vida que aqu\u00ed se gest\u00f3 y se desarroll\u00f3, incluso la propia civilizaci\u00f3n humana. \u00a1Algo realmente imperdonable ante el Universo, la Creaci\u00f3n Universal y el Creador!<\/p>\n<h3 style=\"text-align: center;\">Tierra, un planeta en riesgo permanente<\/h3>\n<p style=\"text-align: justify;\"><em>Lleg\u00f3 el tiempo y la hora de enfrentar la realidad, y no de querer ocultarla. La humanidad est\u00e1 viviendo su Juicio,\u00a0<\/em><em>y eso, quiz\u00e1, les pese a muchos. Pero que, en este momento dif\u00edcil para esas regiones del planeta, predomine la fe, porque en la fe es posible regenerar todas las cosas y, as\u00ed, renovarlas. Vivan este ciclo como el principio de un Armaged\u00f3n, desconocido para esta humanidad, que lo enfrenta por primera vez.<\/em><\/p>\n<p style=\"text-align: justify;\"><em>Cada \u00e1rea del planeta ser\u00e1 purificada. El mundo y su raza de superficie no pueden continuar como est\u00e1n, como si nada estuviera sucediendo. Para que todo se renueve y surja una humanidad m\u00e1s responsable y reverente, se necesitar\u00e1\u00a0<\/em><em>oraci\u00f3n, para que las bases del despertar y de la armon\u00eda se gesten, primero, en el coraz\u00f3n y despu\u00e9s en la consciencia.<\/em><\/p>\n<p style=\"text-align: justify;\"><em>Es hora de enfrentar la realidad que fue y es generada por la injusticia y la indiferencia humana. Busquen el Amor\u00a0<\/em><em>de Dios que, lleno de Misericordia, a\u00fan espera ser derramado en todas las almas que lo buscan de coraz\u00f3n.<\/em><\/p>\n<h5 class=\"page_title\" style=\"text-align: right;\"><a href=\"https:\/\/mensajerosdivinos.org\/es\/mensaje-de-maria\/sabado-28-de-enero-de-2017\" target=\"_blank\" rel=\"noopener\">(Mensaje de la Virgen Mar\u00eda,\u00a028 de enero de 2017)<\/a><\/h5>\n<div class=\"field-mensajero-tag field-name-tag-maria\">\n<div class=\"field field-name-field-tipo-de-mensaje field-type-taxonomy-term-reference field-label-hidden\">\n<div class=\"field-items\" style=\"text-align: justify;\">\n<h3 style=\"text-align: center;\">A purificaci\u00f3n y la transici\u00f3n planetaria<\/h3>\n<p>Siete a\u00f1os transcurrieron desde el gran evento s\u00edsmico que asol\u00f3 la isla de Jap\u00f3n, en marzo\/ 2011, y que dej\u00f3 marcas no solo en los corazones y el alma de su pueblo, sino tambi\u00e9n cicatrices profundas en el propio cuerpo de la Madre Tierra. En el mismo d\u00eda fuimos contactados por los Mensajeros Divinos que nos instruyen, siempre y cuando sea necesario, y fuimos informados acerca de la gravedad de la situaci\u00f3n planetaria despu\u00e9s de ese catastr\u00f3fico acontecimiento, que aunque solo fue regional, involucr\u00f3 y coloc\u00f3 en riesgo, seriamente, todo el Planeta.<\/p>\n<p>Una grave fisura energ\u00e9tica, tel\u00farica y tect\u00f3nica se\u00a0 desencaden\u00f3 en las profundidades del Oc\u00e9ano Pac\u00edfico, lo que casi &#8216;rasg\u00f3&#8217; la Tierra al medio, como cuando se corta una fruta por la mitad. Lo que se gener\u00f3 a partir de ese hecho lleg\u00f3 a desplazar el eje de la Tierra (lo que la ciencia terrestre ya detect\u00f3) y la coordenada del Ecuador tambi\u00e9n se inclin\u00f3, y ya no est\u00e1 m\u00e1s como era. Vi\u00e9ndolo desde el espacio, el Planeta se encuentra en una posici\u00f3n m\u00e1s horizontal. Una situaci\u00f3n, realmente, muy grave. Como ant\u00edpodas de nuestros hermanos orientales, no podemos ni siquiera imaginar el impacto que ellos, verdaderamente, vivieron y sintieron, ante esta violenta purificaci\u00f3n.<\/p>\n<p>Esto fue una clara evidencia, para nuestros Hermanos Mayores, de que la purificaci\u00f3n y la transici\u00f3n planetaria se aceleraron y se adelantaron. La era del Armaged\u00f3n, definitivamente, lleg\u00f3 al Planeta, por m\u00e1s que muchos no lo crean, no lo acepten y \u00a1prefieran continuar en la amarga ilusi\u00f3n de que todo volver\u00e1 a ser como siempre! Se produjo una gran masa energ\u00e9tica oscura y densa, como fruto de la actividad ps\u00edquica humana corrompida y altamente destructiva, y se extendi\u00f3 por casi la mitad del Planeta.<\/p>\n<h3 style=\"text-align: center;\">\u00a1Y as\u00ed una definitiva reacci\u00f3n en cadena se desencaden\u00f3 en toda la vida planetaria!<\/h3>\n<div class=\"fusion-aligncenter\"><a class=\"fusion-button button-3d button-small button-custom fusion-button-default button-1 fusion-button-default-span \" style=\"--button_accent_color:#ffffff;--button_accent_hover_color:#dedede;--button_border_hover_color:#dedede;--button_gradient_top_color:#d3b054;--button_gradient_bottom_color:#d3b054;--button_gradient_top_color_hover:#d3b054;--button_gradient_bottom_color_hover:#d3b054;\" target=\"_self\" href=\"https:\/\/www.fraterinternacional.org\/es\/category\/impulsos-para-la-semana\/cura-es\/\"><span class=\"fusion-button-text\">Vea Todos<\/span><\/a><\/div>\n<p>&nbsp;<\/p>\n<\/div>\n<\/div>\n<\/div>\n<h5 class=\"page_title\" style=\"text-align: justify;\"><a href=\"https:\/\/www.fraterinternacional.org\/wp-content\/uploads\/2017\/11\/planeta_pomba.jpg\"><img decoding=\"async\" class=\"aligncenter wp-image-68435 size-full\" src=\"https:\/\/www.fraterinternacional.org\/wp-content\/uploads\/2017\/11\/planeta_pomba.jpg\" alt=\"\" width=\"690\" height=\"388\" srcset=\"https:\/\/www.fraterinternacional.org\/wp-content\/uploads\/2017\/11\/planeta_pomba-200x112.jpg 200w, https:\/\/www.fraterinternacional.org\/wp-content\/uploads\/2017\/11\/planeta_pomba-300x169.jpg 300w, https:\/\/www.fraterinternacional.org\/wp-content\/uploads\/2017\/11\/planeta_pomba-400x225.jpg 400w, https:\/\/www.fraterinternacional.org\/wp-content\/uploads\/2017\/11\/planeta_pomba-600x337.jpg 600w, https:\/\/www.fraterinternacional.org\/wp-content\/uploads\/2017\/11\/planeta_pomba.jpg 690w\" sizes=\"(max-width: 690px) 100vw, 690px\" \/><\/a><\/h5>\n<p>&nbsp;<\/p>\n","protected":false},"excerpt":{"rendered":"<p>Parte &#8211; 10 \u2013 Energ\u00edas c\u00f3smicas, tel\u00faricas e tect\u00f4nicas Tema: Cura planetaria, Cura de la Humanidad Nuestra amada Tierra es [&hellip;]<\/p>\n","protected":false},"author":8,"featured_media":75163,"comment_status":"closed","ping_status":"closed","sticky":false,"template":"","format":"standard","meta":{"footnotes":""},"categories":[3237],"tags":[3240],"class_list":["post-92236","post","type-post","status-publish","format-standard","has-post-thumbnail","hentry","category-impulsos-para-la-semana","tag-cura-es"],"yoast_head":"<!-- This site is optimized with the Yoast SEO Premium plugin v21.0 (Yoast SEO v21.0) - https:\/\/yoast.com\/wordpress\/plugins\/seo\/ -->\n<title>Cura planetaria 10 - Energ\u00edas c\u00f3smicas, tel\u00faricas e tect\u00f4nicas<\/title>\n<meta name=\"description\" content=\"Esta misteriosa din\u00e1mica, genera la readecuaci\u00f3n de toda la vida.Es hora de enfrentar la realidad que fue y es generada por la injusticia y la indiferencia\" \/>\n<meta name=\"robots\" content=\"index, follow, max-snippet:-1, max-image-preview:large, max-video-preview:-1\" \/>\n<link rel=\"canonical\" href=\"https:\/\/www.fraterinternacional.org\/es\/cura-planetaria-10-energias-cosmicas-teluricas-tectonicas\/\" \/>\n<meta property=\"og:locale\" content=\"es_ES\" \/>\n<meta property=\"og:type\" content=\"article\" \/>\n<meta property=\"og:title\" content=\"Cura planetaria 10 - Energ\u00edas c\u00f3smicas, tel\u00faricas e tect\u00f4nicas\" \/>\n<meta property=\"og:description\" content=\"Esta misteriosa din\u00e1mica, genera la readecuaci\u00f3n de toda la vida.Es hora de enfrentar la realidad que fue y es generada por la injusticia y la indiferencia\" \/>\n<meta property=\"og:url\" content=\"https:\/\/www.fraterinternacional.org\/es\/cura-planetaria-10-energias-cosmicas-teluricas-tectonicas\/\" \/>\n<meta property=\"og:site_name\" content=\"Fraternidade - Federa\u00e7\u00e3o Humanit\u00e1ria Internacional\" \/>\n<meta property=\"article:publisher\" content=\"https:\/\/www.facebook.com\/fraternidadehumanitaria\" \/>\n<meta property=\"article:published_time\" content=\"2018-11-11T17:13:20+00:00\" \/>\n<meta property=\"article:modified_time\" content=\"2018-11-11T17:15:41+00:00\" \/>\n<meta property=\"og:image\" content=\"https:\/\/www.fraterinternacional.org\/wp-content\/uploads\/2018\/02\/planeta_terra.jpg\" \/>\n\t<meta property=\"og:image:width\" content=\"690\" \/>\n\t<meta property=\"og:image:height\" content=\"388\" \/>\n\t<meta property=\"og:image:type\" content=\"image\/jpeg\" \/>\n<meta name=\"author\" content=\"FFHI\" \/>\n<meta name=\"twitter:card\" content=\"summary_large_image\" \/>\n<meta name=\"twitter:creator\" content=\"@fraternidadeFHI\" \/>\n<meta name=\"twitter:site\" content=\"@fraternidadeFHI\" \/>\n<meta name=\"twitter:label1\" content=\"Escrito por\" \/>\n\t<meta name=\"twitter:data1\" content=\"FFHI\" \/>\n\t<meta name=\"twitter:label2\" content=\"Tiempo de lectura\" \/>\n\t<meta name=\"twitter:data2\" content=\"5 minutos\" \/>\n<script type=\"application\/ld+json\" class=\"yoast-schema-graph\">{\"@context\":\"https:\/\/schema.org\",\"@graph\":[{\"@type\":\"WebPage\",\"@id\":\"https:\/\/www.fraterinternacional.org\/es\/cura-planetaria-10-energias-cosmicas-teluricas-tectonicas\/\",\"url\":\"https:\/\/www.fraterinternacional.org\/es\/cura-planetaria-10-energias-cosmicas-teluricas-tectonicas\/\",\"name\":\"Cura planetaria 10 - Energ\u00edas c\u00f3smicas, tel\u00faricas e tect\u00f4nicas\",\"isPartOf\":{\"@id\":\"https:\/\/www.fraterinternacional.org\/es\/#website\"},\"datePublished\":\"2018-11-11T17:13:20+00:00\",\"dateModified\":\"2018-11-11T17:15:41+00:00\",\"author\":{\"@id\":\"https:\/\/www.fraterinternacional.org\/es\/#\/schema\/person\/8fd7058ced8aa6a1995cc0feee75819f\"},\"description\":\"Esta misteriosa din\u00e1mica, genera la readecuaci\u00f3n de toda la vida.Es hora de enfrentar la realidad que fue y es generada por la injusticia y la indiferencia\",\"breadcrumb\":{\"@id\":\"https:\/\/www.fraterinternacional.org\/es\/cura-planetaria-10-energias-cosmicas-teluricas-tectonicas\/#breadcrumb\"},\"inLanguage\":\"es\",\"potentialAction\":[{\"@type\":\"ReadAction\",\"target\":[\"https:\/\/www.fraterinternacional.org\/es\/cura-planetaria-10-energias-cosmicas-teluricas-tectonicas\/\"]}]},{\"@type\":\"BreadcrumbList\",\"@id\":\"https:\/\/www.fraterinternacional.org\/es\/cura-planetaria-10-energias-cosmicas-teluricas-tectonicas\/#breadcrumb\",\"itemListElement\":[{\"@type\":\"ListItem\",\"position\":1,\"name\":\"In\u00edcio\",\"item\":\"https:\/\/www.fraterinternacional.org\/es\/\"},{\"@type\":\"ListItem\",\"position\":2,\"name\":\"Cura planetaria 10 &#8211; Energ\u00edas c\u00f3smicas, tel\u00faricas e tect\u00f4nicas\"}]},{\"@type\":\"WebSite\",\"@id\":\"https:\/\/www.fraterinternacional.org\/es\/#website\",\"url\":\"https:\/\/www.fraterinternacional.org\/es\/\",\"name\":\"Fraternidade - Federa\u00e7\u00e3o Humanit\u00e1ria Internacional\",\"description\":\"Fraternidade - Federa\u00e7\u00e3o Humanit\u00e1ria Internacional\",\"potentialAction\":[{\"@type\":\"SearchAction\",\"target\":{\"@type\":\"EntryPoint\",\"urlTemplate\":\"https:\/\/www.fraterinternacional.org\/es\/?s={search_term_string}\"},\"query-input\":\"required name=search_term_string\"}],\"inLanguage\":\"es\"},{\"@type\":\"Person\",\"@id\":\"https:\/\/www.fraterinternacional.org\/es\/#\/schema\/person\/8fd7058ced8aa6a1995cc0feee75819f\",\"name\":\"FFHI\"}]}<\/script>\n<!-- \/ Yoast SEO Premium plugin. -->","yoast_head_json":{"title":"Cura planetaria 10 - Energ\u00edas c\u00f3smicas, tel\u00faricas e tect\u00f4nicas","description":"Esta misteriosa din\u00e1mica, genera la readecuaci\u00f3n de toda la vida.Es hora de enfrentar la realidad que fue y es generada por la injusticia y la indiferencia","robots":{"index":"index","follow":"follow","max-snippet":"max-snippet:-1","max-image-preview":"max-image-preview:large","max-video-preview":"max-video-preview:-1"},"canonical":"https:\/\/www.fraterinternacional.org\/es\/cura-planetaria-10-energias-cosmicas-teluricas-tectonicas\/","og_locale":"es_ES","og_type":"article","og_title":"Cura planetaria 10 - Energ\u00edas c\u00f3smicas, tel\u00faricas e tect\u00f4nicas","og_description":"Esta misteriosa din\u00e1mica, genera la readecuaci\u00f3n de toda la vida.Es hora de enfrentar la realidad que fue y es generada por la injusticia y la indiferencia","og_url":"https:\/\/www.fraterinternacional.org\/es\/cura-planetaria-10-energias-cosmicas-teluricas-tectonicas\/","og_site_name":"Fraternidade - Federa\u00e7\u00e3o Humanit\u00e1ria Internacional","article_publisher":"https:\/\/www.facebook.com\/fraternidadehumanitaria","article_published_time":"2018-11-11T17:13:20+00:00","article_modified_time":"2018-11-11T17:15:41+00:00","og_image":[{"width":690,"height":388,"url":"https:\/\/www.fraterinternacional.org\/wp-content\/uploads\/2018\/02\/planeta_terra.jpg","type":"image\/jpeg"}],"author":"FFHI","twitter_card":"summary_large_image","twitter_creator":"@fraternidadeFHI","twitter_site":"@fraternidadeFHI","twitter_misc":{"Escrito por":"FFHI","Tiempo de lectura":"5 minutos"},"schema":{"@context":"https:\/\/schema.org","@graph":[{"@type":"WebPage","@id":"https:\/\/www.fraterinternacional.org\/es\/cura-planetaria-10-energias-cosmicas-teluricas-tectonicas\/","url":"https:\/\/www.fraterinternacional.org\/es\/cura-planetaria-10-energias-cosmicas-teluricas-tectonicas\/","name":"Cura planetaria 10 - Energ\u00edas c\u00f3smicas, tel\u00faricas e tect\u00f4nicas","isPartOf":{"@id":"https:\/\/www.fraterinternacional.org\/es\/#website"},"datePublished":"2018-11-11T17:13:20+00:00","dateModified":"2018-11-11T17:15:41+00:00","author":{"@id":"https:\/\/www.fraterinternacional.org\/es\/#\/schema\/person\/8fd7058ced8aa6a1995cc0feee75819f"},"description":"Esta misteriosa din\u00e1mica, genera la readecuaci\u00f3n de toda la vida.Es hora de enfrentar la realidad que fue y es generada por la injusticia y la indiferencia","breadcrumb":{"@id":"https:\/\/www.fraterinternacional.org\/es\/cura-planetaria-10-energias-cosmicas-teluricas-tectonicas\/#breadcrumb"},"inLanguage":"es","potentialAction":[{"@type":"ReadAction","target":["https:\/\/www.fraterinternacional.org\/es\/cura-planetaria-10-energias-cosmicas-teluricas-tectonicas\/"]}]},{"@type":"BreadcrumbList","@id":"https:\/\/www.fraterinternacional.org\/es\/cura-planetaria-10-energias-cosmicas-teluricas-tectonicas\/#breadcrumb","itemListElement":[{"@type":"ListItem","position":1,"name":"In\u00edcio","item":"https:\/\/www.fraterinternacional.org\/es\/"},{"@type":"ListItem","position":2,"name":"Cura planetaria 10 &#8211; Energ\u00edas c\u00f3smicas, tel\u00faricas e tect\u00f4nicas"}]},{"@type":"WebSite","@id":"https:\/\/www.fraterinternacional.org\/es\/#website","url":"https:\/\/www.fraterinternacional.org\/es\/","name":"Fraternidade - Federa\u00e7\u00e3o Humanit\u00e1ria Internacional","description":"Fraternidade - Federa\u00e7\u00e3o Humanit\u00e1ria Internacional","potentialAction":[{"@type":"SearchAction","target":{"@type":"EntryPoint","urlTemplate":"https:\/\/www.fraterinternacional.org\/es\/?s={search_term_string}"},"query-input":"required name=search_term_string"}],"inLanguage":"es"},{"@type":"Person","@id":"https:\/\/www.fraterinternacional.org\/es\/#\/schema\/person\/8fd7058ced8aa6a1995cc0feee75819f","name":"FFHI"}]}},"_links":{"self":[{"href":"https:\/\/www.fraterinternacional.org\/es\/wp-json\/wp\/v2\/posts\/92236"}],"collection":[{"href":"https:\/\/www.fraterinternacional.org\/es\/wp-json\/wp\/v2\/posts"}],"about":[{"href":"https:\/\/www.fraterinternacional.org\/es\/wp-json\/wp\/v2\/types\/post"}],"author":[{"embeddable":true,"href":"https:\/\/www.fraterinternacional.org\/es\/wp-json\/wp\/v2\/users\/8"}],"replies":[{"embeddable":true,"href":"https:\/\/www.fraterinternacional.org\/es\/wp-json\/wp\/v2\/comments?post=92236"}],"version-history":[{"count":0,"href":"https:\/\/www.fraterinternacional.org\/es\/wp-json\/wp\/v2\/posts\/92236\/revisions"}],"wp:featuredmedia":[{"embeddable":true,"href":"https:\/\/www.fraterinternacional.org\/es\/wp-json\/wp\/v2\/media\/75163"}],"wp:attachment":[{"href":"https:\/\/www.fraterinternacional.org\/es\/wp-json\/wp\/v2\/media?parent=92236"}],"wp:term":[{"taxonomy":"category","embeddable":true,"href":"https:\/\/www.fraterinternacional.org\/es\/wp-json\/wp\/v2\/categories?post=92236"},{"taxonomy":"post_tag","embeddable":true,"href":"https:\/\/www.fraterinternacional.org\/es\/wp-json\/wp\/v2\/tags?post=92236"}],"curies":[{"name":"wp","href":"https:\/\/api.w.org\/{rel}","templated":true}]}}