{"id":92065,"date":"2018-11-09T12:00:02","date_gmt":"2018-11-09T15:00:02","guid":{"rendered":"https:\/\/www.fraterinternacional.org\/?p=92065"},"modified":"2018-11-09T12:17:15","modified_gmt":"2018-11-09T15:17:15","slug":"festival-de-la-juventud-por-la-paz-en-san-pablo","status":"publish","type":"post","link":"https:\/\/www.fraterinternacional.org\/es\/festival-de-la-juventud-por-la-paz-en-san-pablo\/","title":{"rendered":"Festival de la Juventud por la Paz en San Pablo"},"content":{"rendered":"<p style=\"text-align: left;\"><em>\u00abAunque yo hablara idiomas, los de los hombres y los de los \u00e1ngeles, si no tuviera amor (&#8230;)\u00bb (Pablo de Tarso: I Ep\u00edstola a los Corintios, vers\u00edculo 13)<\/em><\/p>\n<p>&nbsp;<\/p>\n<div id=\"attachment_91721\" style=\"width: 310px\" class=\"wp-caption alignleft\"><a href=\"https:\/\/www.fraterinternacional.org\/wp-content\/uploads\/2018\/11\/foto_181021_festival_juventude_paz_sp1.jpg\"><img decoding=\"async\" aria-describedby=\"caption-attachment-91721\" class=\"wp-image-91721 size-medium\" src=\"https:\/\/www.fraterinternacional.org\/wp-content\/uploads\/2018\/11\/foto_181021_festival_juventude_paz_sp1-300x169.jpg\" alt=\"\" width=\"300\" height=\"169\" srcset=\"https:\/\/www.fraterinternacional.org\/wp-content\/uploads\/2018\/11\/foto_181021_festival_juventude_paz_sp1-200x112.jpg 200w, https:\/\/www.fraterinternacional.org\/wp-content\/uploads\/2018\/11\/foto_181021_festival_juventude_paz_sp1-300x169.jpg 300w, https:\/\/www.fraterinternacional.org\/wp-content\/uploads\/2018\/11\/foto_181021_festival_juventude_paz_sp1-400x225.jpg 400w, https:\/\/www.fraterinternacional.org\/wp-content\/uploads\/2018\/11\/foto_181021_festival_juventude_paz_sp1-600x337.jpg 600w, https:\/\/www.fraterinternacional.org\/wp-content\/uploads\/2018\/11\/foto_181021_festival_juventude_paz_sp1.jpg 690w\" sizes=\"(max-width: 300px) 100vw, 300px\" \/><\/a><p id=\"caption-attachment-91721\" class=\"wp-caption-text\">Thai Chi<\/p><\/div>\n<p style=\"text-align: justify;\">\u00abEstoy muy feliz. Llegar hasta aqu\u00ed ha sido un regalo inesperado. Todo me es familiar: las personas, la acogida y tambi\u00e9n la Presencia de Mar\u00eda, que siempre estuvo conmigo. Es como si la Madre nos estuviera mostrando la fuerza de la uni\u00f3n y la necesidad de vibrar por la paz y por el amor para todo el mundo\u00bb esto lo dijo la joven cantante Maya, respecto del Festival.<\/p>\n<p>La 8.\u00aa edici\u00f3n del <a href=\"https:\/\/juventudepelapaz.org\/o-festival-juventude-pela-paz\/\">Festival de la Juventud por la Paz<\/a> fue en la ciudad de San Pablo el 21 de octubre pasado.<\/p>\n<div style=\"text-align: justify;\">\n<p>El festival comenz\u00f3 con una sesi\u00f3n de\u00a0<em>Tai Chi<\/em>, impartida por la maestra Jerusha Chang. El\u00a0<em>Tai Chi<\/em>\u00a0es un entrenamiento de la naturaleza aplicado al movimiento circular de la energ\u00eda vital, lo que favorece el equilibrio, la paz y la salud. En esta ocasi\u00f3n, sucedi\u00f3 una escena conmovedora e inusitada: una ni\u00f1a con S\u00edndrome de Down que participaba del aula pidi\u00f3 el micr\u00f3fono despu\u00e9s de la sesi\u00f3n de\u00a0<em>Tai Chi<\/em>\u00a0y enton\u00f3 un c\u00e1ntico que hablaba del amor, sensibilizando y sorprendiendo positivamente a todos los presentes.<\/p>\n<\/div>\n<div style=\"text-align: justify;\">\n<div id=\"attachment_91724\" style=\"width: 310px\" class=\"wp-caption alignright\"><a href=\"https:\/\/www.fraterinternacional.org\/wp-content\/uploads\/2018\/11\/foto_181021_festival_juventude_paz_sp2.jpg\"><img decoding=\"async\" aria-describedby=\"caption-attachment-91724\" class=\"wp-image-91724 size-medium\" src=\"https:\/\/www.fraterinternacional.org\/wp-content\/uploads\/2018\/11\/foto_181021_festival_juventude_paz_sp2-300x169.jpg\" alt=\"\" width=\"300\" height=\"169\" srcset=\"https:\/\/www.fraterinternacional.org\/wp-content\/uploads\/2018\/11\/foto_181021_festival_juventude_paz_sp2-200x112.jpg 200w, https:\/\/www.fraterinternacional.org\/wp-content\/uploads\/2018\/11\/foto_181021_festival_juventude_paz_sp2-300x169.jpg 300w, https:\/\/www.fraterinternacional.org\/wp-content\/uploads\/2018\/11\/foto_181021_festival_juventude_paz_sp2-400x225.jpg 400w, https:\/\/www.fraterinternacional.org\/wp-content\/uploads\/2018\/11\/foto_181021_festival_juventude_paz_sp2-600x337.jpg 600w, https:\/\/www.fraterinternacional.org\/wp-content\/uploads\/2018\/11\/foto_181021_festival_juventude_paz_sp2.jpg 690w\" sizes=\"(max-width: 300px) 100vw, 300px\" \/><\/a><p id=\"caption-attachment-91724\" class=\"wp-caption-text\">Sintonia con gongos<\/p><\/div>\n<p>Enseguida se sirvi\u00f3 una merienda vegetariana gratuita y, luego, hubo una sinton\u00eda con los gongs a cargo de Jorge Pe\u00f1a. Los gongs son instrumentos antiguos y poderosos que llevan al que los escucha a un estado de meditaci\u00f3n profunda que relaja todo el cuerpo y produce un momento \u00fanico de armon\u00eda y cura en los campos f\u00edsico, emocional, mental y espiritual del individuo.<\/p>\n<\/div>\n<div style=\"text-align: justify;\">\n<p>La m\u00fasica de los gongs anunci\u00f3 la preparaci\u00f3n y el inicio de la primera transmisi\u00f3n en vivo del evento por internet a trav\u00e9s de<a href=\"http:\/\/www.misericordiamariatv.org\/pt-br\"> Misericordia Mar\u00eda TV<\/a>. Vibehouse, banda que mezcla ritmos y agrega la riqueza de la m\u00fasica popular brasile\u00f1a en sus letras y melod\u00edas, abri\u00f3 la transmisi\u00f3n con una buena vibraci\u00f3n en el escenario. La cantante y compositora Nicole Salmi hizo un\u00a0<em>pocket show\u00a0<\/em>,o show de bolsillo, con su m\u00fasica brasile\u00f1a contempor\u00e1nea, expresada con su singular voz.<\/p>\n<\/div>\n<div style=\"text-align: justify;\">\n<p><a href=\"https:\/\/www.fraterinternacional.org\/wp-content\/uploads\/2018\/11\/foto_181021_festival_juventude_paz_sp3-1.jpg\"><img decoding=\"async\" class=\"size-medium wp-image-91735 alignleft\" src=\"https:\/\/www.fraterinternacional.org\/wp-content\/uploads\/2018\/11\/foto_181021_festival_juventude_paz_sp3-1-300x169.jpg\" alt=\"\" width=\"300\" height=\"169\" srcset=\"https:\/\/www.fraterinternacional.org\/wp-content\/uploads\/2018\/11\/foto_181021_festival_juventude_paz_sp3-1-200x112.jpg 200w, https:\/\/www.fraterinternacional.org\/wp-content\/uploads\/2018\/11\/foto_181021_festival_juventude_paz_sp3-1-300x169.jpg 300w, https:\/\/www.fraterinternacional.org\/wp-content\/uploads\/2018\/11\/foto_181021_festival_juventude_paz_sp3-1-400x225.jpg 400w, https:\/\/www.fraterinternacional.org\/wp-content\/uploads\/2018\/11\/foto_181021_festival_juventude_paz_sp3-1-600x337.jpg 600w, https:\/\/www.fraterinternacional.org\/wp-content\/uploads\/2018\/11\/foto_181021_festival_juventude_paz_sp3-1.jpg 690w\" sizes=\"(max-width: 300px) 100vw, 300px\" \/><\/a>El lema del Festival (\u00abIrradiar Amor: En todo, que el amor act\u00fae primero\u00bb)<br \/>\nfue entonado por la <a href=\"https:\/\/juventudepelapaz.org\/encontro-do-coral-da-juventude-pela-paz-na-sagrada-semana\/\">Coral de la Juventud por la Paz<\/a>. En medio de la canci\u00f3n del lema, Rufino, del <a href=\"http:\/\/www.comunidadenovaterra.org\/novaterra\/\">N\u00facleo Crer-Sendo<\/a>, recit\u00f3 una letra con ritmo de\u00a0<em>rap<\/em>, enviando un mensaje que hablaba sobre el despertar de la humanidad hacia una vida m\u00e1s arm\u00f3nica.<\/p>\n<p>Henrique Moretzshon y Gabriela de Paula finalizaron la primera transmisi\u00f3n con un homenaje al fil\u00f3sofo espiritualista brasile\u00f1o <a href=\"http:\/\/www.trigueirinho.org.br\/\">Jos\u00e9 Trigueirinho Netto<\/a>. Ellos cantaron \u00ab<a href=\"https:\/\/www.fraterinternacional.org\/sopro-do-espirito\/\">Soplo del Esp\u00edritu<\/a>\u00ab, m\u00fasica cuya letra es de autor\u00eda del fil\u00f3sofo. Trigueirinho es una fuente de inspiraci\u00f3n y de instrucci\u00f3n para el Festival de la Juventud por la Paz y falleci\u00f3 recientemente en la <a href=\"http:\/\/www.comunidadefigueira.org.br\/portal\/\">Comunidad-Luz Figueira<\/a>, situada en el sur de Minas Gerais, Brasil.<\/p>\n<\/div>\n<div style=\"text-align: justify;\">\n<div id=\"attachment_91738\" style=\"width: 310px\" class=\"wp-caption alignright\"><a href=\"https:\/\/www.fraterinternacional.org\/wp-content\/uploads\/2018\/11\/foto_181021_festival_juventude_paz_sp4-1.jpg\"><img decoding=\"async\" aria-describedby=\"caption-attachment-91738\" class=\"wp-image-91738 size-medium\" src=\"https:\/\/www.fraterinternacional.org\/wp-content\/uploads\/2018\/11\/foto_181021_festival_juventude_paz_sp4-1-300x169.jpg\" alt=\"\" width=\"300\" height=\"169\" srcset=\"https:\/\/www.fraterinternacional.org\/wp-content\/uploads\/2018\/11\/foto_181021_festival_juventude_paz_sp4-1-200x112.jpg 200w, https:\/\/www.fraterinternacional.org\/wp-content\/uploads\/2018\/11\/foto_181021_festival_juventude_paz_sp4-1-300x169.jpg 300w, https:\/\/www.fraterinternacional.org\/wp-content\/uploads\/2018\/11\/foto_181021_festival_juventude_paz_sp4-1-400x225.jpg 400w, https:\/\/www.fraterinternacional.org\/wp-content\/uploads\/2018\/11\/foto_181021_festival_juventude_paz_sp4-1-600x337.jpg 600w, https:\/\/www.fraterinternacional.org\/wp-content\/uploads\/2018\/11\/foto_181021_festival_juventude_paz_sp4-1.jpg 690w\" sizes=\"(max-width: 300px) 100vw, 300px\" \/><\/a><p id=\"caption-attachment-91738\" class=\"wp-caption-text\">Mesa redonda<\/p><\/div>\n<p>La \u00abmesa redonda\u00bb gir\u00f3 en torno al tema: \u00bb Juventud Misionera: cuando el amor act\u00faa primero\u00bb. Los j\u00f3venes componentes de la mesa compartieron sus experiencias de vivencias misioneras. As\u00ed como el Festival, la <a href=\"https:\/\/juventudepelapaz.org\/juventude-missionaria-pela-paz-em-bh\/\">Juventud Misionera por la Paz<\/a> es una de las iniciativas de la Campa\u00f1a de la Juventud por la Paz. Las jornadas misioneras de la juventud est\u00e1n ocurriendo en varias ciudades de Brasil y del mundo. Es un \u00e1rea de la campa\u00f1a que trabaja en el servicio humanitario y en el auxilio a los Reinos de la Naturaleza. Participaron de la charla: Marcela Pardini, que habl\u00f3 un poco de la experiencia de la Juventud Misionera en Belo Horizonte; T\u00e1ssio Tesser, joven coordinador de la Casa de San Jos\u00e9, en Carmo de Cachoeira (MG), que acoge a personas que viven en la calle; Sara Grosi, quien dio un testimonio de su experiencia en la <a href=\"https:\/\/www.fraterinternacional.org\/campanhas-ffhi\/missao-roraima-humanitaria\/\">Misi\u00f3n Humanitaria de Roraima<\/a>; y Natalia Miyazaki, que anunci\u00f3 la pr\u00f3xima Jornada de la Juventud Misionera en la ciudad de San Pablo.<\/p>\n<\/div>\n<div style=\"text-align: justify;\">\n<div id=\"attachment_91741\" style=\"width: 310px\" class=\"wp-caption alignleft\"><a href=\"https:\/\/www.fraterinternacional.org\/wp-content\/uploads\/2018\/11\/foto_181021_festival_juventude_paz_sp5.jpg\"><img decoding=\"async\" aria-describedby=\"caption-attachment-91741\" class=\"wp-image-91741 size-medium\" src=\"https:\/\/www.fraterinternacional.org\/wp-content\/uploads\/2018\/11\/foto_181021_festival_juventude_paz_sp5-300x169.jpg\" alt=\"\" width=\"300\" height=\"169\" srcset=\"https:\/\/www.fraterinternacional.org\/wp-content\/uploads\/2018\/11\/foto_181021_festival_juventude_paz_sp5-200x112.jpg 200w, https:\/\/www.fraterinternacional.org\/wp-content\/uploads\/2018\/11\/foto_181021_festival_juventude_paz_sp5-300x169.jpg 300w, https:\/\/www.fraterinternacional.org\/wp-content\/uploads\/2018\/11\/foto_181021_festival_juventude_paz_sp5-400x225.jpg 400w, https:\/\/www.fraterinternacional.org\/wp-content\/uploads\/2018\/11\/foto_181021_festival_juventude_paz_sp5-600x337.jpg 600w, https:\/\/www.fraterinternacional.org\/wp-content\/uploads\/2018\/11\/foto_181021_festival_juventude_paz_sp5.jpg 690w\" sizes=\"(max-width: 300px) 100vw, 300px\" \/><\/a><p id=\"caption-attachment-91741\" class=\"wp-caption-text\">Rueda: danza grupal<\/p><\/div>\n<p>El N\u00facleo de Servicio Crer-Sendo condujo la \u00abrueda\u00bb: actividad de danza grupal y circular que, esta vez, estuvo muy colorida, porque los participantes levantaron y movieron un pedazo de bamb\u00fa con una cinta de color en la punta.<\/p>\n<\/div>\n<div style=\"text-align: justify;\">\n<p>El almuerzo vegetariano y gratuito fue elaborado por el equipo del Centro de Educaci\u00f3n Infantil (CEI) Ananda Marga, cooperando con la Campa\u00f1a de la Juventud por la Paz. Sepa m\u00e1s sobre la alimentaci\u00f3n del Festival\u00a0<strong><a href=\"https:\/\/juventudepelapaz.org\/alimentacao-vegana-festival-da-juventude-pela-paz-sao-paulo\/\">aqu\u00ed<\/a>.<\/strong><\/p>\n<\/div>\n<div style=\"text-align: justify;\">\n<p>En la tarde, la programaci\u00f3n sigui\u00f3 con el Instituto de Educaci\u00f3n de Proyecto Acorde, la Banda de J\u00f3venes Crer-Sendo, el cantante Vinicius y la Banda Dinamo.<\/p>\n<\/div>\n<div style=\"text-align: justify;\">\n<div id=\"attachment_91744\" style=\"width: 310px\" class=\"wp-caption alignright\"><a href=\"https:\/\/www.fraterinternacional.org\/wp-content\/uploads\/2018\/11\/foto_181021_festival_juventude_paz_sp6.jpg\"><img decoding=\"async\" aria-describedby=\"caption-attachment-91744\" class=\"wp-image-91744 size-medium\" src=\"https:\/\/www.fraterinternacional.org\/wp-content\/uploads\/2018\/11\/foto_181021_festival_juventude_paz_sp6-300x169.jpg\" alt=\"\" width=\"300\" height=\"169\" srcset=\"https:\/\/www.fraterinternacional.org\/wp-content\/uploads\/2018\/11\/foto_181021_festival_juventude_paz_sp6-200x112.jpg 200w, https:\/\/www.fraterinternacional.org\/wp-content\/uploads\/2018\/11\/foto_181021_festival_juventude_paz_sp6-300x169.jpg 300w, https:\/\/www.fraterinternacional.org\/wp-content\/uploads\/2018\/11\/foto_181021_festival_juventude_paz_sp6-400x225.jpg 400w, https:\/\/www.fraterinternacional.org\/wp-content\/uploads\/2018\/11\/foto_181021_festival_juventude_paz_sp6-600x337.jpg 600w, https:\/\/www.fraterinternacional.org\/wp-content\/uploads\/2018\/11\/foto_181021_festival_juventude_paz_sp6.jpg 690w\" sizes=\"(max-width: 300px) 100vw, 300px\" \/><\/a><p id=\"caption-attachment-91744\" class=\"wp-caption-text\">Maniobre de Bike<\/p><\/div>\n<p>A media tarde, se mont\u00f3 una rampa de\u00a0<em>skate\u00a0<\/em>en el ambiente del festival. El p\u00fablico se admir\u00f3 y estuvo alrededor con mucha curiosidad. Un skatista, un \u00abBMX\u00bb (que monta bicicleta en la pista) y un monje subieron a la rampa. Antes de las maniobras con el\u00a0<em>skate<\/em>\u00a0y con la bicicleta, se leyeron los \u00abAtributos del Skatista de la Paz\u00bb. Los atributos mostraron que el deporte puede ser una actividad para conectarse con niveles profundos del ser y para expresar valores, tales como: la fraternidad, la cooperaci\u00f3n y la paz.<\/p>\n<\/div>\n<div style=\"text-align: justify;\">\n<p>\u00abA alta velocidad. encontrar dentro de s\u00ed el control y la serenidad absoluta\u00bb y \u00absonre\u00edr ante cada ca\u00edda, reconoci\u00e9ndola como una oportunidad para recomenzar\u00bb fueron dos de los 20 atributos de la lista.<\/p>\n<\/div>\n<div style=\"text-align: justify;\">\n<p>La banda Big Up dio la partida electrizante para la segunda transmisi\u00f3n en vivo por Misericordia Mar\u00eda TV. La banda levant\u00f3 al p\u00fablico con su sonido envolvente y con una fuerte presencia en el escenario.<\/p>\n<\/div>\n<div style=\"text-align: justify;\">\n<div id=\"attachment_91747\" style=\"width: 310px\" class=\"wp-caption alignleft\"><a href=\"https:\/\/www.fraterinternacional.org\/wp-content\/uploads\/2018\/11\/foto_181021_festival_juventude_paz_sp7.jpg\"><img decoding=\"async\" aria-describedby=\"caption-attachment-91747\" class=\"wp-image-91747 size-medium\" src=\"https:\/\/www.fraterinternacional.org\/wp-content\/uploads\/2018\/11\/foto_181021_festival_juventude_paz_sp7-300x169.jpg\" alt=\"\" width=\"300\" height=\"169\" srcset=\"https:\/\/www.fraterinternacional.org\/wp-content\/uploads\/2018\/11\/foto_181021_festival_juventude_paz_sp7-200x112.jpg 200w, https:\/\/www.fraterinternacional.org\/wp-content\/uploads\/2018\/11\/foto_181021_festival_juventude_paz_sp7-300x169.jpg 300w, https:\/\/www.fraterinternacional.org\/wp-content\/uploads\/2018\/11\/foto_181021_festival_juventude_paz_sp7-400x225.jpg 400w, https:\/\/www.fraterinternacional.org\/wp-content\/uploads\/2018\/11\/foto_181021_festival_juventude_paz_sp7-600x337.jpg 600w, https:\/\/www.fraterinternacional.org\/wp-content\/uploads\/2018\/11\/foto_181021_festival_juventude_paz_sp7.jpg 690w\" sizes=\"(max-width: 300px) 100vw, 300px\" \/><\/a><p id=\"caption-attachment-91747\" class=\"wp-caption-text\">Maya y Madayati<\/p><\/div>\n<p>Madayati y Maya, dos j\u00f3venes compositores, compartieron el escenario. Madayati, nombre art\u00edstico que significa \u00abaquel que bebe de la fuente\u00bb, coment\u00f3 sobre el festival: \u00abYo creo en la energ\u00eda de la cooperaci\u00f3n. El arte est\u00e1 entrelazado con la donaci\u00f3n. El festival es un s\u00edmbolo de donaci\u00f3n, donde cada uno se dona por entero, con el coraz\u00f3n abierto. Son personas de bien haciendo cosas buenas, responsabiliz\u00e1ndose y trayendo\u00a0 a relucir lo mejor\u00bb.<\/p>\n<\/div>\n<div style=\"text-align: justify;\">\n<p>La Coral de la Juventud por la Paz, compuesta por j\u00f3venes de varias ciudades de Brasil, finaliz\u00f3 la transmisi\u00f3n ofreciendo una m\u00fasica, con letra en espa\u00f1ol, llamada: \u00abTu Alma\u00bb. Se trata de una invocaci\u00f3n musical al contacto interior con el Yo Superior: \u00abSiente en tu coraz\u00f3n\/ Escucha en tu interior\/ Tu Alma te llama\u00bb, resonaron los \u00faltimos versos de la canci\u00f3n.<\/p>\n<\/div>\n<div style=\"text-align: justify;\">La gran ceremonia del Festival de la Juventud por la Paz termin\u00f3 con el ofrecimiento del sacramento de la comuni\u00f3n ecum\u00e9nica.<\/div>\n<h3 style=\"text-align: justify;\">Mais informa\u00e7\u00f5es:<\/h3>\n<div style=\"text-align: justify;\"><a href=\"http:\/\/www.juventudepelapaz.org\/\">www.juventudepelapaz.org<\/a><\/div>\n<div><\/div>\n<div>\n\n\t\t<style type=\"text\/css\">\n\t\t\t#gallery-1 {\n\t\t\t\tmargin: auto;\n\t\t\t}\n\t\t\t#gallery-1 .gallery-item {\n\t\t\t\tfloat: left;\n\t\t\t\tmargin-top: 10px;\n\t\t\t\ttext-align: center;\n\t\t\t\twidth: 33%;\n\t\t\t}\n\t\t\t#gallery-1 img {\n\t\t\t\tborder: 2px solid #cfcfcf;\n\t\t\t}\n\t\t\t#gallery-1 .gallery-caption {\n\t\t\t\tmargin-left: 0;\n\t\t\t}\n\t\t\t\/* see gallery_shortcode() in wp-includes\/media.php *\/\n\t\t<\/style>\n\t\t<div id='gallery-1' class='gallery galleryid-92065 gallery-columns-3 gallery-size-medium'><dl class='gallery-item'>\n\t\t\t<dt class='gallery-icon landscape'>\n\t\t\t\t<a data-rel=\"iLightbox[postimages]\" data-title=\"foto_181021_festival_juventude_paz_sp8\" data-caption=\"\" href='https:\/\/www.fraterinternacional.org\/wp-content\/uploads\/2018\/11\/foto_181021_festival_juventude_paz_sp8.jpg'><img decoding=\"async\" width=\"300\" height=\"169\" src=\"https:\/\/www.fraterinternacional.org\/wp-content\/uploads\/2018\/11\/foto_181021_festival_juventude_paz_sp8-300x169.jpg\" class=\"attachment-medium size-medium\" alt=\"\" srcset=\"https:\/\/www.fraterinternacional.org\/wp-content\/uploads\/2018\/11\/foto_181021_festival_juventude_paz_sp8-200x112.jpg 200w, https:\/\/www.fraterinternacional.org\/wp-content\/uploads\/2018\/11\/foto_181021_festival_juventude_paz_sp8-300x169.jpg 300w, https:\/\/www.fraterinternacional.org\/wp-content\/uploads\/2018\/11\/foto_181021_festival_juventude_paz_sp8-400x225.jpg 400w, https:\/\/www.fraterinternacional.org\/wp-content\/uploads\/2018\/11\/foto_181021_festival_juventude_paz_sp8-600x337.jpg 600w, https:\/\/www.fraterinternacional.org\/wp-content\/uploads\/2018\/11\/foto_181021_festival_juventude_paz_sp8.jpg 690w\" sizes=\"(max-width: 300px) 100vw, 300px\" \/><\/a>\n\t\t\t<\/dt><\/dl><dl class='gallery-item'>\n\t\t\t<dt class='gallery-icon landscape'>\n\t\t\t\t<a data-rel=\"iLightbox[postimages]\" data-title=\"foto_181021_festival_juventude_paz_sp10\" data-caption=\"\" href='https:\/\/www.fraterinternacional.org\/wp-content\/uploads\/2018\/11\/foto_181021_festival_juventude_paz_sp10.jpg'><img decoding=\"async\" width=\"300\" height=\"169\" src=\"https:\/\/www.fraterinternacional.org\/wp-content\/uploads\/2018\/11\/foto_181021_festival_juventude_paz_sp10-300x169.jpg\" class=\"attachment-medium size-medium\" alt=\"\" srcset=\"https:\/\/www.fraterinternacional.org\/wp-content\/uploads\/2018\/11\/foto_181021_festival_juventude_paz_sp10-200x112.jpg 200w, https:\/\/www.fraterinternacional.org\/wp-content\/uploads\/2018\/11\/foto_181021_festival_juventude_paz_sp10-300x169.jpg 300w, https:\/\/www.fraterinternacional.org\/wp-content\/uploads\/2018\/11\/foto_181021_festival_juventude_paz_sp10-400x225.jpg 400w, https:\/\/www.fraterinternacional.org\/wp-content\/uploads\/2018\/11\/foto_181021_festival_juventude_paz_sp10-600x337.jpg 600w, https:\/\/www.fraterinternacional.org\/wp-content\/uploads\/2018\/11\/foto_181021_festival_juventude_paz_sp10.jpg 690w\" sizes=\"(max-width: 300px) 100vw, 300px\" \/><\/a>\n\t\t\t<\/dt><\/dl><dl class='gallery-item'>\n\t\t\t<dt class='gallery-icon landscape'>\n\t\t\t\t<a data-rel=\"iLightbox[postimages]\" data-title=\"foto_181021_festival_juventude_paz_sp11\" data-caption=\"\" href='https:\/\/www.fraterinternacional.org\/wp-content\/uploads\/2018\/11\/foto_181021_festival_juventude_paz_sp11.jpg'><img decoding=\"async\" width=\"300\" height=\"169\" src=\"https:\/\/www.fraterinternacional.org\/wp-content\/uploads\/2018\/11\/foto_181021_festival_juventude_paz_sp11-300x169.jpg\" class=\"attachment-medium size-medium\" alt=\"\" srcset=\"https:\/\/www.fraterinternacional.org\/wp-content\/uploads\/2018\/11\/foto_181021_festival_juventude_paz_sp11-200x112.jpg 200w, https:\/\/www.fraterinternacional.org\/wp-content\/uploads\/2018\/11\/foto_181021_festival_juventude_paz_sp11-300x169.jpg 300w, https:\/\/www.fraterinternacional.org\/wp-content\/uploads\/2018\/11\/foto_181021_festival_juventude_paz_sp11-400x225.jpg 400w, https:\/\/www.fraterinternacional.org\/wp-content\/uploads\/2018\/11\/foto_181021_festival_juventude_paz_sp11-600x337.jpg 600w, https:\/\/www.fraterinternacional.org\/wp-content\/uploads\/2018\/11\/foto_181021_festival_juventude_paz_sp11.jpg 690w\" sizes=\"(max-width: 300px) 100vw, 300px\" \/><\/a>\n\t\t\t<\/dt><\/dl><br style=\"clear: both\" \/><dl class='gallery-item'>\n\t\t\t<dt class='gallery-icon landscape'>\n\t\t\t\t<a data-rel=\"iLightbox[postimages]\" data-title=\"foto_181021_festival_juventude_paz_sp12\" data-caption=\"\" href='https:\/\/www.fraterinternacional.org\/wp-content\/uploads\/2018\/11\/foto_181021_festival_juventude_paz_sp12.jpg'><img decoding=\"async\" width=\"300\" height=\"169\" src=\"https:\/\/www.fraterinternacional.org\/wp-content\/uploads\/2018\/11\/foto_181021_festival_juventude_paz_sp12-300x169.jpg\" class=\"attachment-medium size-medium\" alt=\"\" srcset=\"https:\/\/www.fraterinternacional.org\/wp-content\/uploads\/2018\/11\/foto_181021_festival_juventude_paz_sp12-200x112.jpg 200w, https:\/\/www.fraterinternacional.org\/wp-content\/uploads\/2018\/11\/foto_181021_festival_juventude_paz_sp12-300x169.jpg 300w, https:\/\/www.fraterinternacional.org\/wp-content\/uploads\/2018\/11\/foto_181021_festival_juventude_paz_sp12-400x225.jpg 400w, https:\/\/www.fraterinternacional.org\/wp-content\/uploads\/2018\/11\/foto_181021_festival_juventude_paz_sp12-600x337.jpg 600w, https:\/\/www.fraterinternacional.org\/wp-content\/uploads\/2018\/11\/foto_181021_festival_juventude_paz_sp12.jpg 690w\" sizes=\"(max-width: 300px) 100vw, 300px\" \/><\/a>\n\t\t\t<\/dt><\/dl><dl class='gallery-item'>\n\t\t\t<dt class='gallery-icon landscape'>\n\t\t\t\t<a data-rel=\"iLightbox[postimages]\" data-title=\"foto_181021_festival_juventude_paz_sp9\" data-caption=\"\" href='https:\/\/www.fraterinternacional.org\/wp-content\/uploads\/2018\/11\/foto_181021_festival_juventude_paz_sp9.jpg'><img decoding=\"async\" width=\"300\" height=\"169\" src=\"https:\/\/www.fraterinternacional.org\/wp-content\/uploads\/2018\/11\/foto_181021_festival_juventude_paz_sp9-300x169.jpg\" class=\"attachment-medium size-medium\" alt=\"\" srcset=\"https:\/\/www.fraterinternacional.org\/wp-content\/uploads\/2018\/11\/foto_181021_festival_juventude_paz_sp9-200x112.jpg 200w, https:\/\/www.fraterinternacional.org\/wp-content\/uploads\/2018\/11\/foto_181021_festival_juventude_paz_sp9-300x169.jpg 300w, https:\/\/www.fraterinternacional.org\/wp-content\/uploads\/2018\/11\/foto_181021_festival_juventude_paz_sp9-400x225.jpg 400w, https:\/\/www.fraterinternacional.org\/wp-content\/uploads\/2018\/11\/foto_181021_festival_juventude_paz_sp9-600x337.jpg 600w, https:\/\/www.fraterinternacional.org\/wp-content\/uploads\/2018\/11\/foto_181021_festival_juventude_paz_sp9.jpg 690w\" sizes=\"(max-width: 300px) 100vw, 300px\" \/><\/a>\n\t\t\t<\/dt><\/dl><dl class='gallery-item'>\n\t\t\t<dt class='gallery-icon landscape'>\n\t\t\t\t<a data-rel=\"iLightbox[postimages]\" data-title=\"foto_181021_festival_juventude_paz_sp13\" data-caption=\"\" href='https:\/\/www.fraterinternacional.org\/wp-content\/uploads\/2018\/11\/foto_181021_festival_juventude_paz_sp13.jpg'><img decoding=\"async\" width=\"300\" height=\"169\" src=\"https:\/\/www.fraterinternacional.org\/wp-content\/uploads\/2018\/11\/foto_181021_festival_juventude_paz_sp13-300x169.jpg\" class=\"attachment-medium size-medium\" alt=\"\" srcset=\"https:\/\/www.fraterinternacional.org\/wp-content\/uploads\/2018\/11\/foto_181021_festival_juventude_paz_sp13-200x112.jpg 200w, https:\/\/www.fraterinternacional.org\/wp-content\/uploads\/2018\/11\/foto_181021_festival_juventude_paz_sp13-300x169.jpg 300w, https:\/\/www.fraterinternacional.org\/wp-content\/uploads\/2018\/11\/foto_181021_festival_juventude_paz_sp13-400x225.jpg 400w, https:\/\/www.fraterinternacional.org\/wp-content\/uploads\/2018\/11\/foto_181021_festival_juventude_paz_sp13-600x337.jpg 600w, https:\/\/www.fraterinternacional.org\/wp-content\/uploads\/2018\/11\/foto_181021_festival_juventude_paz_sp13.jpg 690w\" sizes=\"(max-width: 300px) 100vw, 300px\" \/><\/a>\n\t\t\t<\/dt><\/dl><br style=\"clear: both\" \/>\n\t\t<\/div>\n\n<\/div>\n","protected":false},"excerpt":{"rendered":"<p>\u00abAunque yo hablara idiomas, los de los hombres y los de los \u00e1ngeles, si no tuviera amor (&#8230;)\u00bb (Pablo de [&hellip;]<\/p>\n","protected":false},"author":40,"featured_media":91720,"comment_status":"closed","ping_status":"closed","sticky":false,"template":"","format":"standard","meta":{"footnotes":""},"categories":[173],"tags":[4115],"class_list":["post-92065","post","type-post","status-publish","format-standard","has-post-thumbnail","hentry","category-noticia","tag-juventud-por-la-paz"],"yoast_head":"<!-- This site is optimized with the Yoast SEO Premium plugin v21.0 (Yoast SEO v21.0) - https:\/\/yoast.com\/wordpress\/plugins\/seo\/ -->\n<title>Festival de la Juventud por la Paz en San Pablo<\/title>\n<meta name=\"description\" content=\"La gran ceremonia del Festival de la Juventud por la Paz termin\u00f3 con el ofrecimiento del sacramento de la comuni\u00f3n ecum\u00e9nica.\" \/>\n<meta name=\"robots\" content=\"index, follow, max-snippet:-1, max-image-preview:large, max-video-preview:-1\" \/>\n<link rel=\"canonical\" href=\"https:\/\/www.fraterinternacional.org\/es\/festival-de-la-juventud-por-la-paz-en-san-pablo\/\" \/>\n<meta property=\"og:locale\" content=\"es_ES\" \/>\n<meta property=\"og:type\" content=\"article\" \/>\n<meta property=\"og:title\" content=\"Festival de la Juventud por la Paz en San Pablo\" \/>\n<meta property=\"og:description\" content=\"La gran ceremonia del Festival de la Juventud por la Paz termin\u00f3 con el ofrecimiento del sacramento de la comuni\u00f3n ecum\u00e9nica.\" \/>\n<meta property=\"og:url\" content=\"https:\/\/www.fraterinternacional.org\/es\/festival-de-la-juventud-por-la-paz-en-san-pablo\/\" \/>\n<meta property=\"og:site_name\" content=\"Fraternidade - Federa\u00e7\u00e3o Humanit\u00e1ria Internacional\" \/>\n<meta property=\"article:publisher\" content=\"https:\/\/www.facebook.com\/fraternidadehumanitaria\" \/>\n<meta property=\"article:published_time\" content=\"2018-11-09T15:00:02+00:00\" \/>\n<meta property=\"article:modified_time\" content=\"2018-11-09T15:17:15+00:00\" \/>\n<meta property=\"og:image\" content=\"https:\/\/www.fraterinternacional.org\/wp-content\/uploads\/2018\/11\/foto_181021_festival_juventude_paz_sp.jpg\" \/>\n\t<meta property=\"og:image:width\" content=\"690\" \/>\n\t<meta property=\"og:image:height\" content=\"388\" \/>\n\t<meta property=\"og:image:type\" content=\"image\/jpeg\" \/>\n<meta name=\"author\" content=\"Maria Clara\" \/>\n<meta name=\"twitter:card\" content=\"summary_large_image\" \/>\n<meta name=\"twitter:creator\" content=\"@fraternidadeFHI\" \/>\n<meta name=\"twitter:site\" content=\"@fraternidadeFHI\" \/>\n<meta name=\"twitter:label1\" content=\"Escrito por\" \/>\n\t<meta name=\"twitter:data1\" content=\"Maria Clara\" \/>\n\t<meta name=\"twitter:label2\" content=\"Tiempo de lectura\" \/>\n\t<meta name=\"twitter:data2\" content=\"6 minutos\" \/>\n<script type=\"application\/ld+json\" class=\"yoast-schema-graph\">{\"@context\":\"https:\/\/schema.org\",\"@graph\":[{\"@type\":\"WebPage\",\"@id\":\"https:\/\/www.fraterinternacional.org\/es\/festival-de-la-juventud-por-la-paz-en-san-pablo\/\",\"url\":\"https:\/\/www.fraterinternacional.org\/es\/festival-de-la-juventud-por-la-paz-en-san-pablo\/\",\"name\":\"Festival de la Juventud por la Paz en San Pablo\",\"isPartOf\":{\"@id\":\"https:\/\/www.fraterinternacional.org\/es\/#website\"},\"datePublished\":\"2018-11-09T15:00:02+00:00\",\"dateModified\":\"2018-11-09T15:17:15+00:00\",\"author\":{\"@id\":\"https:\/\/www.fraterinternacional.org\/es\/#\/schema\/person\/f590d67ca2cf1eb46cae07e5e40750ab\"},\"description\":\"La gran ceremonia del Festival de la Juventud por la Paz termin\u00f3 con el ofrecimiento del sacramento de la comuni\u00f3n ecum\u00e9nica.\",\"breadcrumb\":{\"@id\":\"https:\/\/www.fraterinternacional.org\/es\/festival-de-la-juventud-por-la-paz-en-san-pablo\/#breadcrumb\"},\"inLanguage\":\"es\",\"potentialAction\":[{\"@type\":\"ReadAction\",\"target\":[\"https:\/\/www.fraterinternacional.org\/es\/festival-de-la-juventud-por-la-paz-en-san-pablo\/\"]}]},{\"@type\":\"BreadcrumbList\",\"@id\":\"https:\/\/www.fraterinternacional.org\/es\/festival-de-la-juventud-por-la-paz-en-san-pablo\/#breadcrumb\",\"itemListElement\":[{\"@type\":\"ListItem\",\"position\":1,\"name\":\"In\u00edcio\",\"item\":\"https:\/\/www.fraterinternacional.org\/es\/\"},{\"@type\":\"ListItem\",\"position\":2,\"name\":\"Festival de la Juventud por la Paz en San Pablo\"}]},{\"@type\":\"WebSite\",\"@id\":\"https:\/\/www.fraterinternacional.org\/es\/#website\",\"url\":\"https:\/\/www.fraterinternacional.org\/es\/\",\"name\":\"Fraternidade - Federa\u00e7\u00e3o Humanit\u00e1ria Internacional\",\"description\":\"Fraternidade - Federa\u00e7\u00e3o Humanit\u00e1ria Internacional\",\"potentialAction\":[{\"@type\":\"SearchAction\",\"target\":{\"@type\":\"EntryPoint\",\"urlTemplate\":\"https:\/\/www.fraterinternacional.org\/es\/?s={search_term_string}\"},\"query-input\":\"required name=search_term_string\"}],\"inLanguage\":\"es\"},{\"@type\":\"Person\",\"@id\":\"https:\/\/www.fraterinternacional.org\/es\/#\/schema\/person\/f590d67ca2cf1eb46cae07e5e40750ab\",\"name\":\"Maria Clara\"}]}<\/script>\n<!-- \/ Yoast SEO Premium plugin. -->","yoast_head_json":{"title":"Festival de la Juventud por la Paz en San Pablo","description":"La gran ceremonia del Festival de la Juventud por la Paz termin\u00f3 con el ofrecimiento del sacramento de la comuni\u00f3n ecum\u00e9nica.","robots":{"index":"index","follow":"follow","max-snippet":"max-snippet:-1","max-image-preview":"max-image-preview:large","max-video-preview":"max-video-preview:-1"},"canonical":"https:\/\/www.fraterinternacional.org\/es\/festival-de-la-juventud-por-la-paz-en-san-pablo\/","og_locale":"es_ES","og_type":"article","og_title":"Festival de la Juventud por la Paz en San Pablo","og_description":"La gran ceremonia del Festival de la Juventud por la Paz termin\u00f3 con el ofrecimiento del sacramento de la comuni\u00f3n ecum\u00e9nica.","og_url":"https:\/\/www.fraterinternacional.org\/es\/festival-de-la-juventud-por-la-paz-en-san-pablo\/","og_site_name":"Fraternidade - Federa\u00e7\u00e3o Humanit\u00e1ria Internacional","article_publisher":"https:\/\/www.facebook.com\/fraternidadehumanitaria","article_published_time":"2018-11-09T15:00:02+00:00","article_modified_time":"2018-11-09T15:17:15+00:00","og_image":[{"width":690,"height":388,"url":"https:\/\/www.fraterinternacional.org\/wp-content\/uploads\/2018\/11\/foto_181021_festival_juventude_paz_sp.jpg","type":"image\/jpeg"}],"author":"Maria Clara","twitter_card":"summary_large_image","twitter_creator":"@fraternidadeFHI","twitter_site":"@fraternidadeFHI","twitter_misc":{"Escrito por":"Maria Clara","Tiempo de lectura":"6 minutos"},"schema":{"@context":"https:\/\/schema.org","@graph":[{"@type":"WebPage","@id":"https:\/\/www.fraterinternacional.org\/es\/festival-de-la-juventud-por-la-paz-en-san-pablo\/","url":"https:\/\/www.fraterinternacional.org\/es\/festival-de-la-juventud-por-la-paz-en-san-pablo\/","name":"Festival de la Juventud por la Paz en San Pablo","isPartOf":{"@id":"https:\/\/www.fraterinternacional.org\/es\/#website"},"datePublished":"2018-11-09T15:00:02+00:00","dateModified":"2018-11-09T15:17:15+00:00","author":{"@id":"https:\/\/www.fraterinternacional.org\/es\/#\/schema\/person\/f590d67ca2cf1eb46cae07e5e40750ab"},"description":"La gran ceremonia del Festival de la Juventud por la Paz termin\u00f3 con el ofrecimiento del sacramento de la comuni\u00f3n ecum\u00e9nica.","breadcrumb":{"@id":"https:\/\/www.fraterinternacional.org\/es\/festival-de-la-juventud-por-la-paz-en-san-pablo\/#breadcrumb"},"inLanguage":"es","potentialAction":[{"@type":"ReadAction","target":["https:\/\/www.fraterinternacional.org\/es\/festival-de-la-juventud-por-la-paz-en-san-pablo\/"]}]},{"@type":"BreadcrumbList","@id":"https:\/\/www.fraterinternacional.org\/es\/festival-de-la-juventud-por-la-paz-en-san-pablo\/#breadcrumb","itemListElement":[{"@type":"ListItem","position":1,"name":"In\u00edcio","item":"https:\/\/www.fraterinternacional.org\/es\/"},{"@type":"ListItem","position":2,"name":"Festival de la Juventud por la Paz en San Pablo"}]},{"@type":"WebSite","@id":"https:\/\/www.fraterinternacional.org\/es\/#website","url":"https:\/\/www.fraterinternacional.org\/es\/","name":"Fraternidade - Federa\u00e7\u00e3o Humanit\u00e1ria Internacional","description":"Fraternidade - Federa\u00e7\u00e3o Humanit\u00e1ria Internacional","potentialAction":[{"@type":"SearchAction","target":{"@type":"EntryPoint","urlTemplate":"https:\/\/www.fraterinternacional.org\/es\/?s={search_term_string}"},"query-input":"required name=search_term_string"}],"inLanguage":"es"},{"@type":"Person","@id":"https:\/\/www.fraterinternacional.org\/es\/#\/schema\/person\/f590d67ca2cf1eb46cae07e5e40750ab","name":"Maria Clara"}]}},"_links":{"self":[{"href":"https:\/\/www.fraterinternacional.org\/es\/wp-json\/wp\/v2\/posts\/92065"}],"collection":[{"href":"https:\/\/www.fraterinternacional.org\/es\/wp-json\/wp\/v2\/posts"}],"about":[{"href":"https:\/\/www.fraterinternacional.org\/es\/wp-json\/wp\/v2\/types\/post"}],"author":[{"embeddable":true,"href":"https:\/\/www.fraterinternacional.org\/es\/wp-json\/wp\/v2\/users\/40"}],"replies":[{"embeddable":true,"href":"https:\/\/www.fraterinternacional.org\/es\/wp-json\/wp\/v2\/comments?post=92065"}],"version-history":[{"count":0,"href":"https:\/\/www.fraterinternacional.org\/es\/wp-json\/wp\/v2\/posts\/92065\/revisions"}],"wp:featuredmedia":[{"embeddable":true,"href":"https:\/\/www.fraterinternacional.org\/es\/wp-json\/wp\/v2\/media\/91720"}],"wp:attachment":[{"href":"https:\/\/www.fraterinternacional.org\/es\/wp-json\/wp\/v2\/media?parent=92065"}],"wp:term":[{"taxonomy":"category","embeddable":true,"href":"https:\/\/www.fraterinternacional.org\/es\/wp-json\/wp\/v2\/categories?post=92065"},{"taxonomy":"post_tag","embeddable":true,"href":"https:\/\/www.fraterinternacional.org\/es\/wp-json\/wp\/v2\/tags?post=92065"}],"curies":[{"name":"wp","href":"https:\/\/api.w.org\/{rel}","templated":true}]}}