{"id":90462,"date":"2018-10-09T19:47:23","date_gmt":"2018-10-09T22:47:23","guid":{"rendered":"https:\/\/www.fraterinternacional.org\/?p=90462"},"modified":"2018-10-20T16:18:58","modified_gmt":"2018-10-20T19:18:58","slug":"juventud-misionera-paz-participara-misiones-regionales","status":"publish","type":"post","link":"https:\/\/www.fraterinternacional.org\/es\/juventud-misionera-paz-participara-misiones-regionales\/","title":{"rendered":"Juventud Misionera por la Paz participar\u00e1 en Misiones Regionales de la Fraternidade"},"content":{"rendered":"<p style=\"text-align: justify;\"><a href=\"https:\/\/www.fraterinternacional.org\/wp-content\/uploads\/2018\/10\/Missao-Sertao.jpeg\"><img decoding=\"async\" class=\"alignright size-medium wp-image-90446\" src=\"https:\/\/www.fraterinternacional.org\/wp-content\/uploads\/2018\/10\/Missao-Sertao-212x300.jpeg\" alt=\"\" width=\"212\" height=\"300\" srcset=\"https:\/\/www.fraterinternacional.org\/wp-content\/uploads\/2018\/10\/Missao-Sertao-200x283.jpeg 200w, https:\/\/www.fraterinternacional.org\/wp-content\/uploads\/2018\/10\/Missao-Sertao-212x300.jpeg 212w, https:\/\/www.fraterinternacional.org\/wp-content\/uploads\/2018\/10\/Missao-Sertao-400x567.jpeg 400w, https:\/\/www.fraterinternacional.org\/wp-content\/uploads\/2018\/10\/Missao-Sertao.jpeg 487w\" sizes=\"(max-width: 212px) 100vw, 212px\" \/><\/a>La <a href=\"https:\/\/juventudepelapaz.org\/es\/category\/servir-juntos-es-2\/\" target=\"_blank\" rel=\"noopener\">Juventud Misionera por la Paz<\/a> se apresta a dar un nuevo paso, como expresi\u00f3n de servicio humanitario de la Campa\u00f1a de la <a href=\"https:\/\/juventudepelapaz.org\/es\/\" target=\"_blank\" rel=\"noopener\">Juventud por la Paz<\/a>: a partir del presente mes de octubre, j\u00f3venes voluntarios de diferentes pa\u00edses se unir\u00e1n a grupos de la <a href=\"http:\/\/www.fraterinternacional.org\/es\/red-luz\/\">Red-Luz<\/a> Planetaria para llevar adelante las Misiones Regionales de la\u00a0<strong>Fraternidade \u2013 Federaci\u00f3n Humanitaria Internacional (FFHI)<\/strong>.<\/p>\n<p style=\"text-align: justify;\">La primera experiencia se concretar\u00e1 el fin de semana del 12 al 15 de octubre pr\u00f3ximos, con la 8.\u00aa Misi\u00f3n Regional del Nordeste (Sert\u00e3o) del Brasil; la segunda ser\u00e1 durante el 8.\u00ba Encuentro de Servicio a los Pueblos Originarios de la <a href=\"http:\/\/www.fraterinternacional.org\/es\/campanhas-ffhi\/mision-paraguay\/?portfolioCats=190\">Misi\u00f3n Paraguay<\/a>, a realizarse del 2 al 4 de noviembre pr\u00f3ximos y, finalmente, en el 10.\u00ba Encuentro de Servicio de la <a href=\"http:\/\/www.fraterinternacional.org\/es\/campanhas-ffhi\/mision-chaco\/\">Misi\u00f3n Chaco<\/a> (Argentina), prevista para el 17 al 19 de noviembre de este a\u00f1o.<\/p>\n<p style=\"text-align: justify;\"><strong><span style=\"color: #000080;\">C\u00f3digos de amor<\/span><\/strong><\/p>\n<p style=\"text-align: justify;\">\u201cPara los que estamos trabajando hace cuatro a\u00f1os en la Misi\u00f3n Regional del Nordeste, es motivo de mucha alegr\u00eda tener el acercamiento de los j\u00f3venes a una actividad misionera. Anhelamos que ese impulso pueda ir desarrollando dentro de ellos c\u00f3digos de amor y que puedan abrirse, para dar continuidad a esta tarea altruista\u201d, destac\u00f3 Celina Santos, coordinadora de la Red-Luz Norte\/Nordeste del Brasil.<\/p>\n<p style=\"text-align: justify;\"><a href=\"https:\/\/www.fraterinternacional.org\/wp-content\/uploads\/2018\/10\/Mision-Paraguay.jpeg\"><img decoding=\"async\" class=\"alignleft size-medium wp-image-90449\" src=\"https:\/\/www.fraterinternacional.org\/wp-content\/uploads\/2018\/10\/Mision-Paraguay-212x300.jpeg\" alt=\"\" width=\"212\" height=\"300\" srcset=\"https:\/\/www.fraterinternacional.org\/wp-content\/uploads\/2018\/10\/Mision-Paraguay-200x283.jpeg 200w, https:\/\/www.fraterinternacional.org\/wp-content\/uploads\/2018\/10\/Mision-Paraguay-212x300.jpeg 212w, https:\/\/www.fraterinternacional.org\/wp-content\/uploads\/2018\/10\/Mision-Paraguay-400x567.jpeg 400w, https:\/\/www.fraterinternacional.org\/wp-content\/uploads\/2018\/10\/Mision-Paraguay.jpeg 487w\" sizes=\"(max-width: 212px) 100vw, 212px\" \/><\/a>Explic\u00f3 que en el caso de la Misi\u00f3n Regional del Nordeste, la aproximaci\u00f3n de los j\u00f3venes se dio a partir del Festival de la Juventud por la Paz, otra iniciativa de la Campa\u00f1a de la Juventud por la Paz, que se lleva a cabo cada tres meses. Con motivo de la 5.\u00aa edici\u00f3n, que se realiz\u00f3 en enero de este a\u00f1o, en Recife, Pernambuco, se reuni\u00f3 en el Nordeste un primer grupo de j\u00f3venes para la organizaci\u00f3n del evento. Luego se integr\u00f3 otro para trabajar en la preparaci\u00f3n de la 9.\u00aa edici\u00f3n, anunciada para enero de 2019, en Salvador, Bah\u00eda. Entre un festival y otro, fue madurando la intenci\u00f3n de incursionar tambi\u00e9n en la actividad misionera de servicio humanitario.<\/p>\n<p style=\"text-align: justify;\">Para la Misi\u00f3n Chaco, la movilizaci\u00f3n juvenil se gest\u00f3 en las Jornadas de la Juventud Misionera, que se realizaron en Buenos Aires y C\u00f3rdoba, en agosto y setiembre de este a\u00f1o, coment\u00f3 Marcos Renaudo, quien est\u00e1 al frente de la organizaci\u00f3n de dicho movimiento. \u201cEl objetivo es ofrecer a los j\u00f3venes la oportunidad de acceder a la experiencia de una misi\u00f3n regional, con caracter\u00edsticas m\u00e1s intensas y dirigidas a una poblaci\u00f3n espec\u00edfica, en este caso, a comunidades de la Consciencia Ind\u00edgena\u201d, precis\u00f3 el voluntario.<\/p>\n<p style=\"text-align: justify;\"><span style=\"color: #000080;\"><strong>Red Misionera Planetaria<\/strong><\/span><\/p>\n<p style=\"text-align: justify;\"><a href=\"https:\/\/www.fraterinternacional.org\/wp-content\/uploads\/2018\/10\/Mision-Chaco.jpeg\"><img decoding=\"async\" class=\"alignright size-medium wp-image-90452\" src=\"https:\/\/www.fraterinternacional.org\/wp-content\/uploads\/2018\/10\/Mision-Chaco-212x300.jpeg\" alt=\"\" width=\"212\" height=\"300\" srcset=\"https:\/\/www.fraterinternacional.org\/wp-content\/uploads\/2018\/10\/Mision-Chaco-200x283.jpeg 200w, https:\/\/www.fraterinternacional.org\/wp-content\/uploads\/2018\/10\/Mision-Chaco-212x300.jpeg 212w, https:\/\/www.fraterinternacional.org\/wp-content\/uploads\/2018\/10\/Mision-Chaco-400x567.jpeg 400w, https:\/\/www.fraterinternacional.org\/wp-content\/uploads\/2018\/10\/Mision-Chaco.jpeg 487w\" sizes=\"(max-width: 212px) 100vw, 212px\" \/><\/a>En febrero de 2016 se fund\u00f3, a pedido de los <a href=\"http:\/\/www.fraterinternacional.org\/es\/mensajeros-divinos\/\">Mensajeros Divinos<\/a>, la <a href=\"http:\/\/www.fraterinternacional.org\/es\/?post_type=avada_portfolio&amp;p=28240\/\">Red Misionera Planetaria<\/a>, con el objetivo de articular la participaci\u00f3n de los miembros de la Red-Luz en acciones de ayuda humanitaria y a los <a href=\"http:\/\/www.fraterinternacional.org\/es\/amor-y-servicio-los-reinos\/\">Reinos de la Naturaleza<\/a>, en las regiones donde se encontrasen, en sus ciudades y pa\u00edses. A partir de all\u00ed surgieron las Misiones Regionales.<\/p>\n<p style=\"text-align: justify;\">Las Misiones Regionales son una de las tres formas de actuaci\u00f3n humanitaria de la\u00a0<strong>Fraternidade \u2013 Federaci\u00f3n Humanitaria Internacional<\/strong>. Todas ellas \u2013tres hasta el momento\u2013 se iniciaron con la participaci\u00f3n de <a href=\"http:\/\/www.fraterinternacional.org\/es\/misiones-humanitarias\/\">misioneros consagrados<\/a> y prosiguieron con la colaboraci\u00f3n de voluntarios de la Red-Luz Planetaria. Junto con las Misiones Regionales, existen las Misiones Permanentes y las Misiones Puntuales. Las primeras se desarrollan en forma ininterrumpida mientras que las otras se convocan por periodos cortos, para atender necesidades espec\u00edficas.<\/p>\n<p style=\"text-align: justify;\">La Juventud Misionera por la Paz comenz\u00f3 sus actividades por medio de Jornadas Misioneras. La primera se realiz\u00f3 en Belo Horizonte, Minas Gerais, Brasil, en mayo de este a\u00f1o. Le siguieron otras en las ciudades brasile\u00f1as de San Pablo y San Carlos; luego en Uruguay; y las \u00faltimas se efectuaron en las ciudades argentinas de Buenos Aires y C\u00f3rdoba.<\/p>\n<h3 style=\"text-align: center;\">M\u00e1s informaciones sobre<\/h3>\n<p style=\"text-align: center;\"><strong>Misi\u00f3n del Nordeste<\/strong><\/p>\n<p style=\"text-align: center;\">redeluznortenordeste@fraterinternacional.org<\/p>\n<p style=\"text-align: center;\">(+55) (71) 99972-1851<\/p>\n<p style=\"text-align: center;\">(+55) (71) 99978-6285<\/p>\n<p style=\"text-align: center;\"><strong>Misi\u00f3n Chaco<br \/>\n<\/strong><br \/>\nmision.humanitaria.argentina@gmail.com<\/p>\n<p style=\"text-align: center;\">(+54) 9 351302 4436<\/p>\n<p style=\"text-align: center;\">(+54) 9 116156 9592<\/p>\n<p style=\"text-align: center;\"><strong>Misi\u00f3n Paraguay<\/strong><\/p>\n<p style=\"text-align: center;\">redluzparaguay@fraterinternacional.org<\/p>\n<p style=\"text-align: center;\">(+595) 99240 3388<\/p>\n","protected":false},"excerpt":{"rendered":"<p>La Juventud Misionera por la Paz se apresta a dar un nuevo paso, como expresi\u00f3n de servicio humanitario de la [&hellip;]<\/p>\n","protected":false},"author":16,"featured_media":67096,"comment_status":"closed","ping_status":"closed","sticky":false,"template":"","format":"standard","meta":{"footnotes":""},"categories":[173,105,120],"tags":[4115,191,2902,97],"class_list":["post-90462","post","type-post","status-publish","format-standard","has-post-thumbnail","hentry","category-noticia","category-noticias-de-las-misiones","category-red-luz-es","tag-juventud-por-la-paz","tag-mision-chaco","tag-mision-paraguay","tag-servicio-humanitario-es"],"yoast_head":"<!-- This site is optimized with the Yoast SEO Premium plugin v21.0 (Yoast SEO v21.0) - https:\/\/yoast.com\/wordpress\/plugins\/seo\/ -->\n<title>Juventud Misionera por la Paz participar\u00e1 en Misiones Regionales de la Fraternidade<\/title>\n<meta name=\"description\" content=\"En octubre y noviembre, la Juventud Misionera por la Paz se unir\u00e1 a la Red-Luz en tres misiones regionales: Nordeste, Paraguay y Chaco.\" \/>\n<meta name=\"robots\" content=\"index, follow, max-snippet:-1, max-image-preview:large, max-video-preview:-1\" \/>\n<link rel=\"canonical\" href=\"https:\/\/www.fraterinternacional.org\/es\/juventud-misionera-paz-participara-misiones-regionales\/\" \/>\n<meta property=\"og:locale\" content=\"es_ES\" \/>\n<meta property=\"og:type\" content=\"article\" \/>\n<meta property=\"og:title\" content=\"Juventud Misionera por la Paz participar\u00e1 en Misiones Regionales de la Fraternidade\" \/>\n<meta property=\"og:description\" content=\"En octubre y noviembre, la Juventud Misionera por la Paz se unir\u00e1 a la Red-Luz en tres misiones regionales: Nordeste, Paraguay y Chaco.\" \/>\n<meta property=\"og:url\" content=\"https:\/\/www.fraterinternacional.org\/es\/juventud-misionera-paz-participara-misiones-regionales\/\" \/>\n<meta property=\"og:site_name\" content=\"Fraternidade - Federa\u00e7\u00e3o Humanit\u00e1ria Internacional\" \/>\n<meta property=\"article:publisher\" content=\"https:\/\/www.facebook.com\/fraternidadehumanitaria\" \/>\n<meta property=\"article:published_time\" content=\"2018-10-09T22:47:23+00:00\" \/>\n<meta property=\"article:modified_time\" content=\"2018-10-20T19:18:58+00:00\" \/>\n<meta property=\"og:image\" content=\"https:\/\/www.fraterinternacional.org\/wp-content\/uploads\/2017\/11\/sertao_missao_cao_atendimento_10_2017.jpg\" \/>\n\t<meta property=\"og:image:width\" content=\"690\" \/>\n\t<meta property=\"og:image:height\" content=\"388\" \/>\n\t<meta property=\"og:image:type\" content=\"image\/jpeg\" \/>\n<meta name=\"author\" content=\"Sergio Redator Espanhol\" \/>\n<meta name=\"twitter:card\" content=\"summary_large_image\" \/>\n<meta name=\"twitter:creator\" content=\"@fraternidadeFHI\" \/>\n<meta name=\"twitter:site\" content=\"@fraternidadeFHI\" \/>\n<meta name=\"twitter:label1\" content=\"Escrito por\" \/>\n\t<meta name=\"twitter:data1\" content=\"Sergio Redator Espanhol\" \/>\n\t<meta name=\"twitter:label2\" content=\"Tiempo de lectura\" \/>\n\t<meta name=\"twitter:data2\" content=\"3 minutos\" \/>\n<script type=\"application\/ld+json\" class=\"yoast-schema-graph\">{\"@context\":\"https:\/\/schema.org\",\"@graph\":[{\"@type\":\"WebPage\",\"@id\":\"https:\/\/www.fraterinternacional.org\/es\/juventud-misionera-paz-participara-misiones-regionales\/\",\"url\":\"https:\/\/www.fraterinternacional.org\/es\/juventud-misionera-paz-participara-misiones-regionales\/\",\"name\":\"Juventud Misionera por la Paz participar\u00e1 en Misiones Regionales de la Fraternidade\",\"isPartOf\":{\"@id\":\"https:\/\/www.fraterinternacional.org\/es\/#website\"},\"datePublished\":\"2018-10-09T22:47:23+00:00\",\"dateModified\":\"2018-10-20T19:18:58+00:00\",\"author\":{\"@id\":\"https:\/\/www.fraterinternacional.org\/es\/#\/schema\/person\/cf24d3eac28b0e09714ecb8cbd865c28\"},\"description\":\"En octubre y noviembre, la Juventud Misionera por la Paz se unir\u00e1 a la Red-Luz en tres misiones regionales: Nordeste, Paraguay y Chaco.\",\"breadcrumb\":{\"@id\":\"https:\/\/www.fraterinternacional.org\/es\/juventud-misionera-paz-participara-misiones-regionales\/#breadcrumb\"},\"inLanguage\":\"es\",\"potentialAction\":[{\"@type\":\"ReadAction\",\"target\":[\"https:\/\/www.fraterinternacional.org\/es\/juventud-misionera-paz-participara-misiones-regionales\/\"]}]},{\"@type\":\"BreadcrumbList\",\"@id\":\"https:\/\/www.fraterinternacional.org\/es\/juventud-misionera-paz-participara-misiones-regionales\/#breadcrumb\",\"itemListElement\":[{\"@type\":\"ListItem\",\"position\":1,\"name\":\"In\u00edcio\",\"item\":\"https:\/\/www.fraterinternacional.org\/es\/\"},{\"@type\":\"ListItem\",\"position\":2,\"name\":\"Juventud Misionera por la Paz participar\u00e1 en Misiones Regionales de la Fraternidade\"}]},{\"@type\":\"WebSite\",\"@id\":\"https:\/\/www.fraterinternacional.org\/es\/#website\",\"url\":\"https:\/\/www.fraterinternacional.org\/es\/\",\"name\":\"Fraternidade - Federa\u00e7\u00e3o Humanit\u00e1ria Internacional\",\"description\":\"Fraternidade - Federa\u00e7\u00e3o Humanit\u00e1ria Internacional\",\"potentialAction\":[{\"@type\":\"SearchAction\",\"target\":{\"@type\":\"EntryPoint\",\"urlTemplate\":\"https:\/\/www.fraterinternacional.org\/es\/?s={search_term_string}\"},\"query-input\":\"required name=search_term_string\"}],\"inLanguage\":\"es\"},{\"@type\":\"Person\",\"@id\":\"https:\/\/www.fraterinternacional.org\/es\/#\/schema\/person\/cf24d3eac28b0e09714ecb8cbd865c28\",\"name\":\"Sergio Redator Espanhol\"}]}<\/script>\n<!-- \/ Yoast SEO Premium plugin. -->","yoast_head_json":{"title":"Juventud Misionera por la Paz participar\u00e1 en Misiones Regionales de la Fraternidade","description":"En octubre y noviembre, la Juventud Misionera por la Paz se unir\u00e1 a la Red-Luz en tres misiones regionales: Nordeste, Paraguay y Chaco.","robots":{"index":"index","follow":"follow","max-snippet":"max-snippet:-1","max-image-preview":"max-image-preview:large","max-video-preview":"max-video-preview:-1"},"canonical":"https:\/\/www.fraterinternacional.org\/es\/juventud-misionera-paz-participara-misiones-regionales\/","og_locale":"es_ES","og_type":"article","og_title":"Juventud Misionera por la Paz participar\u00e1 en Misiones Regionales de la Fraternidade","og_description":"En octubre y noviembre, la Juventud Misionera por la Paz se unir\u00e1 a la Red-Luz en tres misiones regionales: Nordeste, Paraguay y Chaco.","og_url":"https:\/\/www.fraterinternacional.org\/es\/juventud-misionera-paz-participara-misiones-regionales\/","og_site_name":"Fraternidade - Federa\u00e7\u00e3o Humanit\u00e1ria Internacional","article_publisher":"https:\/\/www.facebook.com\/fraternidadehumanitaria","article_published_time":"2018-10-09T22:47:23+00:00","article_modified_time":"2018-10-20T19:18:58+00:00","og_image":[{"width":690,"height":388,"url":"https:\/\/www.fraterinternacional.org\/wp-content\/uploads\/2017\/11\/sertao_missao_cao_atendimento_10_2017.jpg","type":"image\/jpeg"}],"author":"Sergio Redator Espanhol","twitter_card":"summary_large_image","twitter_creator":"@fraternidadeFHI","twitter_site":"@fraternidadeFHI","twitter_misc":{"Escrito por":"Sergio Redator Espanhol","Tiempo de lectura":"3 minutos"},"schema":{"@context":"https:\/\/schema.org","@graph":[{"@type":"WebPage","@id":"https:\/\/www.fraterinternacional.org\/es\/juventud-misionera-paz-participara-misiones-regionales\/","url":"https:\/\/www.fraterinternacional.org\/es\/juventud-misionera-paz-participara-misiones-regionales\/","name":"Juventud Misionera por la Paz participar\u00e1 en Misiones Regionales de la Fraternidade","isPartOf":{"@id":"https:\/\/www.fraterinternacional.org\/es\/#website"},"datePublished":"2018-10-09T22:47:23+00:00","dateModified":"2018-10-20T19:18:58+00:00","author":{"@id":"https:\/\/www.fraterinternacional.org\/es\/#\/schema\/person\/cf24d3eac28b0e09714ecb8cbd865c28"},"description":"En octubre y noviembre, la Juventud Misionera por la Paz se unir\u00e1 a la Red-Luz en tres misiones regionales: Nordeste, Paraguay y Chaco.","breadcrumb":{"@id":"https:\/\/www.fraterinternacional.org\/es\/juventud-misionera-paz-participara-misiones-regionales\/#breadcrumb"},"inLanguage":"es","potentialAction":[{"@type":"ReadAction","target":["https:\/\/www.fraterinternacional.org\/es\/juventud-misionera-paz-participara-misiones-regionales\/"]}]},{"@type":"BreadcrumbList","@id":"https:\/\/www.fraterinternacional.org\/es\/juventud-misionera-paz-participara-misiones-regionales\/#breadcrumb","itemListElement":[{"@type":"ListItem","position":1,"name":"In\u00edcio","item":"https:\/\/www.fraterinternacional.org\/es\/"},{"@type":"ListItem","position":2,"name":"Juventud Misionera por la Paz participar\u00e1 en Misiones Regionales de la Fraternidade"}]},{"@type":"WebSite","@id":"https:\/\/www.fraterinternacional.org\/es\/#website","url":"https:\/\/www.fraterinternacional.org\/es\/","name":"Fraternidade - Federa\u00e7\u00e3o Humanit\u00e1ria Internacional","description":"Fraternidade - Federa\u00e7\u00e3o Humanit\u00e1ria Internacional","potentialAction":[{"@type":"SearchAction","target":{"@type":"EntryPoint","urlTemplate":"https:\/\/www.fraterinternacional.org\/es\/?s={search_term_string}"},"query-input":"required name=search_term_string"}],"inLanguage":"es"},{"@type":"Person","@id":"https:\/\/www.fraterinternacional.org\/es\/#\/schema\/person\/cf24d3eac28b0e09714ecb8cbd865c28","name":"Sergio Redator Espanhol"}]}},"_links":{"self":[{"href":"https:\/\/www.fraterinternacional.org\/es\/wp-json\/wp\/v2\/posts\/90462"}],"collection":[{"href":"https:\/\/www.fraterinternacional.org\/es\/wp-json\/wp\/v2\/posts"}],"about":[{"href":"https:\/\/www.fraterinternacional.org\/es\/wp-json\/wp\/v2\/types\/post"}],"author":[{"embeddable":true,"href":"https:\/\/www.fraterinternacional.org\/es\/wp-json\/wp\/v2\/users\/16"}],"replies":[{"embeddable":true,"href":"https:\/\/www.fraterinternacional.org\/es\/wp-json\/wp\/v2\/comments?post=90462"}],"version-history":[{"count":0,"href":"https:\/\/www.fraterinternacional.org\/es\/wp-json\/wp\/v2\/posts\/90462\/revisions"}],"wp:featuredmedia":[{"embeddable":true,"href":"https:\/\/www.fraterinternacional.org\/es\/wp-json\/wp\/v2\/media\/67096"}],"wp:attachment":[{"href":"https:\/\/www.fraterinternacional.org\/es\/wp-json\/wp\/v2\/media?parent=90462"}],"wp:term":[{"taxonomy":"category","embeddable":true,"href":"https:\/\/www.fraterinternacional.org\/es\/wp-json\/wp\/v2\/categories?post=90462"},{"taxonomy":"post_tag","embeddable":true,"href":"https:\/\/www.fraterinternacional.org\/es\/wp-json\/wp\/v2\/tags?post=90462"}],"curies":[{"name":"wp","href":"https:\/\/api.w.org\/{rel}","templated":true}]}}