{"id":89046,"date":"2018-09-18T18:35:16","date_gmt":"2018-09-18T21:35:16","guid":{"rendered":"https:\/\/www.fraterinternacional.org\/?p=89046"},"modified":"2018-09-18T18:35:16","modified_gmt":"2018-09-18T21:35:16","slug":"trigueirinho-reflexiones-suenos-1","status":"publish","type":"post","link":"https:\/\/www.fraterinternacional.org\/es\/trigueirinho-reflexiones-suenos-1\/","title":{"rendered":"Charla de Trigueirinho &#8211; Reflexiones sobre los sue\u00f1os N\u00ba 1 &#8211; Julio 2018"},"content":{"rendered":"<h3 class=\"taFHO sc-bRBYWo dHKzAL\" style=\"text-align: center;\"><span class=\"_1fHNK\">Reflexiones sobre los sue\u00f1os N\u00ba 1<\/span><\/h3>\n<div class=\"fusion-video fusion-vimeo\" style=\"--awb-max-width:700px;--awb-max-height:400px;\" data-autoplay=\"1\"><div class=\"video-shortcode\"><div class=\"fluid-width-video-wrapper\" style=\"padding-top:57.14%;\" ><iframe title=\"Vimeo video player 1\" src=\"https:\/\/player.vimeo.com\/video\/289135826?autoplay=0&autopause=0\" width=\"700\" height=\"400\" allowfullscreen allow=\"autoplay; fullscreen\"><\/iframe><\/div><\/div><\/div>\n<p style=\"text-align: justify;\">En este cap\u00edtulo, el conferencista ofrece explicaciones sobre diversos aspectos relacionados al mundo on\u00edrico de las personas, tales como: los s\u00edmbolos en los sue\u00f1os; los sue\u00f1os como mensajes del alma; los sue\u00f1os y los linajes del esp\u00edritu; ofrecer el acto de dormir y el contenido de los sue\u00f1os al Yo Superior; y, consideraciones sobre el libro\u00a0<em>Tambi\u00e9n vivimos mientras so\u00f1amos<\/em>.<\/p>\n<p style=\"text-align: justify;\">Tambi\u00e9n aborda: los sue\u00f1os premonitorios; so\u00f1ar con un oc\u00e9ano; la influencia de los dibujos animados en los sue\u00f1os; orar con los ni\u00f1os antes de ir a dormir; c\u00f3mo evitar los sue\u00f1os con fuerzas involutivas; las consecuencias de los viajes astrales; y, paisajes bellos en los sue\u00f1os.<\/p>\n<p style=\"text-align: justify;\">Trigueirinho reflexiona, asimismo, sobre: los sue\u00f1os recurrentes y la energ\u00eda del perd\u00f3n; lecturas espirituales antes de dormir; sue\u00f1os y encarnaciones anteriores; la se\u00f1al de la cruz en los sue\u00f1os negativos; aprender a interpretar los sue\u00f1os correctamente; y, como anotar los sue\u00f1os de forma correcta.<\/p>\n<p style=\"text-align: justify;\">Estas retransmisiones permiten a las personas profundizar en el contacto con valiosas instrucciones espirituales, en estos tiempos de grandes desaf\u00edos planetarios.<\/p>\n<p style=\"text-align: justify;\">Se trata de contenidos que ampl\u00edan la visi\u00f3n de la vida, comunican con aspectos de una nueva consciencia y traen impulsos para iniciar una convivencia fraterna, pac\u00edfica y en armon\u00eda con los\u00a0<a href=\"https:\/\/www.fraterinternacional.org\/es\/amor-y-servicio-los-reinos\/\">Reinos de la Naturaleza<\/a>\u00a0y con todo el Universo.<\/p>\n<div class=\"fusion-aligncenter\"><a class=\"fusion-button button-3d button-small button-default fusion-button-default button-1 fusion-button-default-span \" style=\"--button-border-radius-top-left:0px;--button-border-radius-top-right:0px;--button-border-radius-bottom-right:0px;--button-border-radius-bottom-left:0px;\" target=\"_blank\" rel=\"noopener noreferrer\" href=\"https:\/\/www.fraterinternacional.org\/galeria-de-videos-2\/\"><span class=\"fusion-button-text\">Vea todas<\/span><\/a><\/div>\n","protected":false},"excerpt":{"rendered":"<p>Reflexiones sobre los sue\u00f1os N\u00ba 1 En este cap\u00edtulo, el conferencista ofrece explicaciones sobre diversos aspectos relacionados al mundo on\u00edrico [&hellip;]<\/p>\n","protected":false},"author":8,"featured_media":85915,"comment_status":"closed","ping_status":"closed","sticky":false,"template":"","format":"standard","meta":{"footnotes":""},"categories":[3235],"tags":[],"class_list":["post-89046","post","type-post","status-publish","format-standard","has-post-thumbnail","hentry","category-videos-es"],"yoast_head":"<!-- This site is optimized with the Yoast SEO Premium plugin v21.0 (Yoast SEO v21.0) - https:\/\/yoast.com\/wordpress\/plugins\/seo\/ -->\n<title>Charla de Trigueirinho - Reflexiones sobre los sue\u00f1os N\u00ba 1 - Julio 2018<\/title>\n<meta name=\"description\" content=\"En este cap\u00edtulo, el conferencista ofrece explicaciones sobre aspectos del mundo de los sue\u00f1os. Se trata de contenidos que ampl\u00edan la visi\u00f3n de la vida\" \/>\n<meta name=\"robots\" content=\"index, follow, max-snippet:-1, max-image-preview:large, max-video-preview:-1\" \/>\n<link rel=\"canonical\" href=\"https:\/\/www.fraterinternacional.org\/es\/trigueirinho-reflexiones-suenos-1\/\" \/>\n<meta property=\"og:locale\" content=\"es_ES\" \/>\n<meta property=\"og:type\" content=\"article\" \/>\n<meta property=\"og:title\" content=\"Charla de Trigueirinho - Reflexiones sobre los sue\u00f1os N\u00ba 1 - Julio 2018\" \/>\n<meta property=\"og:description\" content=\"En este cap\u00edtulo, el conferencista ofrece explicaciones sobre aspectos del mundo de los sue\u00f1os. Se trata de contenidos que ampl\u00edan la visi\u00f3n de la vida\" \/>\n<meta property=\"og:url\" content=\"https:\/\/www.fraterinternacional.org\/es\/trigueirinho-reflexiones-suenos-1\/\" \/>\n<meta property=\"og:site_name\" content=\"Fraternidade - Federa\u00e7\u00e3o Humanit\u00e1ria Internacional\" \/>\n<meta property=\"article:publisher\" content=\"https:\/\/www.facebook.com\/fraternidadehumanitaria\" \/>\n<meta property=\"article:published_time\" content=\"2018-09-18T21:35:16+00:00\" \/>\n<meta property=\"og:image\" content=\"https:\/\/www.fraterinternacional.org\/wp-content\/uploads\/2018\/07\/Jose-Trigueirinho_julho_2018_02.jpg\" \/>\n\t<meta property=\"og:image:width\" content=\"690\" \/>\n\t<meta property=\"og:image:height\" content=\"388\" \/>\n\t<meta property=\"og:image:type\" content=\"image\/jpeg\" \/>\n<meta name=\"author\" content=\"FFHI\" \/>\n<meta name=\"twitter:card\" content=\"summary_large_image\" \/>\n<meta name=\"twitter:creator\" content=\"@fraternidadeFHI\" \/>\n<meta name=\"twitter:site\" content=\"@fraternidadeFHI\" \/>\n<meta name=\"twitter:label1\" content=\"Escrito por\" \/>\n\t<meta name=\"twitter:data1\" content=\"FFHI\" \/>\n\t<meta name=\"twitter:label2\" content=\"Tiempo de lectura\" \/>\n\t<meta name=\"twitter:data2\" content=\"2 minutos\" \/>\n<script type=\"application\/ld+json\" class=\"yoast-schema-graph\">{\"@context\":\"https:\/\/schema.org\",\"@graph\":[{\"@type\":\"WebPage\",\"@id\":\"https:\/\/www.fraterinternacional.org\/es\/trigueirinho-reflexiones-suenos-1\/\",\"url\":\"https:\/\/www.fraterinternacional.org\/es\/trigueirinho-reflexiones-suenos-1\/\",\"name\":\"Charla de Trigueirinho - Reflexiones sobre los sue\u00f1os N\u00ba 1 - Julio 2018\",\"isPartOf\":{\"@id\":\"https:\/\/www.fraterinternacional.org\/es\/#website\"},\"datePublished\":\"2018-09-18T21:35:16+00:00\",\"dateModified\":\"2018-09-18T21:35:16+00:00\",\"author\":{\"@id\":\"https:\/\/www.fraterinternacional.org\/es\/#\/schema\/person\/8fd7058ced8aa6a1995cc0feee75819f\"},\"description\":\"En este cap\u00edtulo, el conferencista ofrece explicaciones sobre aspectos del mundo de los sue\u00f1os. Se trata de contenidos que ampl\u00edan la visi\u00f3n de la vida\",\"breadcrumb\":{\"@id\":\"https:\/\/www.fraterinternacional.org\/es\/trigueirinho-reflexiones-suenos-1\/#breadcrumb\"},\"inLanguage\":\"es\",\"potentialAction\":[{\"@type\":\"ReadAction\",\"target\":[\"https:\/\/www.fraterinternacional.org\/es\/trigueirinho-reflexiones-suenos-1\/\"]}]},{\"@type\":\"BreadcrumbList\",\"@id\":\"https:\/\/www.fraterinternacional.org\/es\/trigueirinho-reflexiones-suenos-1\/#breadcrumb\",\"itemListElement\":[{\"@type\":\"ListItem\",\"position\":1,\"name\":\"In\u00edcio\",\"item\":\"https:\/\/www.fraterinternacional.org\/es\/\"},{\"@type\":\"ListItem\",\"position\":2,\"name\":\"Charla de Trigueirinho &#8211; Reflexiones sobre los sue\u00f1os N\u00ba 1 &#8211; Julio 2018\"}]},{\"@type\":\"WebSite\",\"@id\":\"https:\/\/www.fraterinternacional.org\/es\/#website\",\"url\":\"https:\/\/www.fraterinternacional.org\/es\/\",\"name\":\"Fraternidade - Federa\u00e7\u00e3o Humanit\u00e1ria Internacional\",\"description\":\"Fraternidade - Federa\u00e7\u00e3o Humanit\u00e1ria Internacional\",\"potentialAction\":[{\"@type\":\"SearchAction\",\"target\":{\"@type\":\"EntryPoint\",\"urlTemplate\":\"https:\/\/www.fraterinternacional.org\/es\/?s={search_term_string}\"},\"query-input\":\"required name=search_term_string\"}],\"inLanguage\":\"es\"},{\"@type\":\"Person\",\"@id\":\"https:\/\/www.fraterinternacional.org\/es\/#\/schema\/person\/8fd7058ced8aa6a1995cc0feee75819f\",\"name\":\"FFHI\"}]}<\/script>\n<!-- \/ Yoast SEO Premium plugin. -->","yoast_head_json":{"title":"Charla de Trigueirinho - Reflexiones sobre los sue\u00f1os N\u00ba 1 - Julio 2018","description":"En este cap\u00edtulo, el conferencista ofrece explicaciones sobre aspectos del mundo de los sue\u00f1os. Se trata de contenidos que ampl\u00edan la visi\u00f3n de la vida","robots":{"index":"index","follow":"follow","max-snippet":"max-snippet:-1","max-image-preview":"max-image-preview:large","max-video-preview":"max-video-preview:-1"},"canonical":"https:\/\/www.fraterinternacional.org\/es\/trigueirinho-reflexiones-suenos-1\/","og_locale":"es_ES","og_type":"article","og_title":"Charla de Trigueirinho - Reflexiones sobre los sue\u00f1os N\u00ba 1 - Julio 2018","og_description":"En este cap\u00edtulo, el conferencista ofrece explicaciones sobre aspectos del mundo de los sue\u00f1os. Se trata de contenidos que ampl\u00edan la visi\u00f3n de la vida","og_url":"https:\/\/www.fraterinternacional.org\/es\/trigueirinho-reflexiones-suenos-1\/","og_site_name":"Fraternidade - Federa\u00e7\u00e3o Humanit\u00e1ria Internacional","article_publisher":"https:\/\/www.facebook.com\/fraternidadehumanitaria","article_published_time":"2018-09-18T21:35:16+00:00","og_image":[{"width":690,"height":388,"url":"https:\/\/www.fraterinternacional.org\/wp-content\/uploads\/2018\/07\/Jose-Trigueirinho_julho_2018_02.jpg","type":"image\/jpeg"}],"author":"FFHI","twitter_card":"summary_large_image","twitter_creator":"@fraternidadeFHI","twitter_site":"@fraternidadeFHI","twitter_misc":{"Escrito por":"FFHI","Tiempo de lectura":"2 minutos"},"schema":{"@context":"https:\/\/schema.org","@graph":[{"@type":"WebPage","@id":"https:\/\/www.fraterinternacional.org\/es\/trigueirinho-reflexiones-suenos-1\/","url":"https:\/\/www.fraterinternacional.org\/es\/trigueirinho-reflexiones-suenos-1\/","name":"Charla de Trigueirinho - Reflexiones sobre los sue\u00f1os N\u00ba 1 - Julio 2018","isPartOf":{"@id":"https:\/\/www.fraterinternacional.org\/es\/#website"},"datePublished":"2018-09-18T21:35:16+00:00","dateModified":"2018-09-18T21:35:16+00:00","author":{"@id":"https:\/\/www.fraterinternacional.org\/es\/#\/schema\/person\/8fd7058ced8aa6a1995cc0feee75819f"},"description":"En este cap\u00edtulo, el conferencista ofrece explicaciones sobre aspectos del mundo de los sue\u00f1os. Se trata de contenidos que ampl\u00edan la visi\u00f3n de la vida","breadcrumb":{"@id":"https:\/\/www.fraterinternacional.org\/es\/trigueirinho-reflexiones-suenos-1\/#breadcrumb"},"inLanguage":"es","potentialAction":[{"@type":"ReadAction","target":["https:\/\/www.fraterinternacional.org\/es\/trigueirinho-reflexiones-suenos-1\/"]}]},{"@type":"BreadcrumbList","@id":"https:\/\/www.fraterinternacional.org\/es\/trigueirinho-reflexiones-suenos-1\/#breadcrumb","itemListElement":[{"@type":"ListItem","position":1,"name":"In\u00edcio","item":"https:\/\/www.fraterinternacional.org\/es\/"},{"@type":"ListItem","position":2,"name":"Charla de Trigueirinho &#8211; Reflexiones sobre los sue\u00f1os N\u00ba 1 &#8211; Julio 2018"}]},{"@type":"WebSite","@id":"https:\/\/www.fraterinternacional.org\/es\/#website","url":"https:\/\/www.fraterinternacional.org\/es\/","name":"Fraternidade - Federa\u00e7\u00e3o Humanit\u00e1ria Internacional","description":"Fraternidade - Federa\u00e7\u00e3o Humanit\u00e1ria Internacional","potentialAction":[{"@type":"SearchAction","target":{"@type":"EntryPoint","urlTemplate":"https:\/\/www.fraterinternacional.org\/es\/?s={search_term_string}"},"query-input":"required name=search_term_string"}],"inLanguage":"es"},{"@type":"Person","@id":"https:\/\/www.fraterinternacional.org\/es\/#\/schema\/person\/8fd7058ced8aa6a1995cc0feee75819f","name":"FFHI"}]}},"_links":{"self":[{"href":"https:\/\/www.fraterinternacional.org\/es\/wp-json\/wp\/v2\/posts\/89046"}],"collection":[{"href":"https:\/\/www.fraterinternacional.org\/es\/wp-json\/wp\/v2\/posts"}],"about":[{"href":"https:\/\/www.fraterinternacional.org\/es\/wp-json\/wp\/v2\/types\/post"}],"author":[{"embeddable":true,"href":"https:\/\/www.fraterinternacional.org\/es\/wp-json\/wp\/v2\/users\/8"}],"replies":[{"embeddable":true,"href":"https:\/\/www.fraterinternacional.org\/es\/wp-json\/wp\/v2\/comments?post=89046"}],"version-history":[{"count":0,"href":"https:\/\/www.fraterinternacional.org\/es\/wp-json\/wp\/v2\/posts\/89046\/revisions"}],"wp:featuredmedia":[{"embeddable":true,"href":"https:\/\/www.fraterinternacional.org\/es\/wp-json\/wp\/v2\/media\/85915"}],"wp:attachment":[{"href":"https:\/\/www.fraterinternacional.org\/es\/wp-json\/wp\/v2\/media?parent=89046"}],"wp:term":[{"taxonomy":"category","embeddable":true,"href":"https:\/\/www.fraterinternacional.org\/es\/wp-json\/wp\/v2\/categories?post=89046"},{"taxonomy":"post_tag","embeddable":true,"href":"https:\/\/www.fraterinternacional.org\/es\/wp-json\/wp\/v2\/tags?post=89046"}],"curies":[{"name":"wp","href":"https:\/\/api.w.org\/{rel}","templated":true}]}}