{"id":87218,"date":"2018-08-22T12:08:29","date_gmt":"2018-08-22T15:08:29","guid":{"rendered":"https:\/\/www.fraterinternacional.org\/?p=87218"},"modified":"2018-08-28T16:53:48","modified_gmt":"2018-08-28T19:53:48","slug":"red-luz-belo-horizonte-y-region-reflexiono-tema-nueva-vision","status":"publish","type":"post","link":"https:\/\/www.fraterinternacional.org\/es\/red-luz-belo-horizonte-y-region-reflexiono-tema-nueva-vision\/","title":{"rendered":"Red-Luz de Belo Horizonte y regi\u00f3n reflexion\u00f3 sobre el tema: \u00abNueva Visi\u00f3n\u00bb"},"content":{"rendered":"<p style=\"text-align: right;\"><em>\u00abEs necesario que el ojo se acostumbre a observar\u00bb (Agni Yoga, 1929)<\/em><\/p>\n<div id=\"attachment_85596\" style=\"width: 310px\" class=\"wp-caption alignleft\"><a href=\"https:\/\/www.fraterinternacional.org\/wp-content\/uploads\/2018\/07\/foto_180714_rede_luz_bh_novo_olhar1.jpg\"><img decoding=\"async\" aria-describedby=\"caption-attachment-85596\" class=\"wp-image-85596 size-medium\" src=\"https:\/\/www.fraterinternacional.org\/wp-content\/uploads\/2018\/07\/foto_180714_rede_luz_bh_novo_olhar1-300x169.jpg\" alt=\"\" width=\"300\" height=\"169\" srcset=\"https:\/\/www.fraterinternacional.org\/wp-content\/uploads\/2018\/07\/foto_180714_rede_luz_bh_novo_olhar1-200x112.jpg 200w, https:\/\/www.fraterinternacional.org\/wp-content\/uploads\/2018\/07\/foto_180714_rede_luz_bh_novo_olhar1-300x169.jpg 300w, https:\/\/www.fraterinternacional.org\/wp-content\/uploads\/2018\/07\/foto_180714_rede_luz_bh_novo_olhar1-400x225.jpg 400w, https:\/\/www.fraterinternacional.org\/wp-content\/uploads\/2018\/07\/foto_180714_rede_luz_bh_novo_olhar1-600x337.jpg 600w, https:\/\/www.fraterinternacional.org\/wp-content\/uploads\/2018\/07\/foto_180714_rede_luz_bh_novo_olhar1.jpg 690w\" sizes=\"(max-width: 300px) 100vw, 300px\" \/><\/a><p id=\"caption-attachment-85596\" class=\"wp-caption-text\">Caminata silenciosa<\/p><\/div>\n<p style=\"text-align: justify;\">El encuentro, con el tema \u00abNueva Visi\u00f3n\u00bb, se realiz\u00f3 el 14 de julio de 2018, en el N\u00facleo-Luz Sagrado Cielo, en Belo Horizonte, Minas Gerais, Brasil. La coordinadora de la Red-Luz de Minas Gerais, Andreia Grossi, anunci\u00f3 el prop\u00f3sito del encuentro: congregar los grupos de la Red-Luz para entrar en contacto con impulsos y reflexiones para el nacimiento de una \u00abNueva Visi\u00f3n\u00bb<\/p>\n<p style=\"text-align: justify;\">Ella coment\u00f3:\u00bbPasamos por muchos cambios que, a veces, requieren que salgamos de nuestra zona de comodidad. Los cambios sacuden nuestras estructuras y las reflexiones estimulan una \u00abNueva Visi\u00f3n\u00bb, para que podamos comprender y agradecer esos cambios, que, en verdad, nos hacen continuar<\/p>\n<p style=\"text-align: justify;\">Mar\u00eda del Carmen Ribas, coordinadora de un grupo de la Red-Luz en Belo Horizonte, enfatiz\u00f3 que el evento posibilit\u00f3 \u00abun trabajo en la consciencia, mostr\u00e1ndonos la amplitud de la Red-Luz en el planeta y la renovaci\u00f3n constante del Plan Divino\u00bb.<\/p>\n<div id=\"attachment_85599\" style=\"width: 310px\" class=\"wp-caption alignright\"><a href=\"https:\/\/www.fraterinternacional.org\/wp-content\/uploads\/2018\/07\/foto_180714_rede_luz_bh_novo_olhar2.jpg\"><img decoding=\"async\" aria-describedby=\"caption-attachment-85599\" class=\"wp-image-85599 size-medium\" src=\"https:\/\/www.fraterinternacional.org\/wp-content\/uploads\/2018\/07\/foto_180714_rede_luz_bh_novo_olhar2-300x169.jpg\" alt=\"\" width=\"300\" height=\"169\" srcset=\"https:\/\/www.fraterinternacional.org\/wp-content\/uploads\/2018\/07\/foto_180714_rede_luz_bh_novo_olhar2-200x112.jpg 200w, https:\/\/www.fraterinternacional.org\/wp-content\/uploads\/2018\/07\/foto_180714_rede_luz_bh_novo_olhar2-300x169.jpg 300w, https:\/\/www.fraterinternacional.org\/wp-content\/uploads\/2018\/07\/foto_180714_rede_luz_bh_novo_olhar2-400x225.jpg 400w, https:\/\/www.fraterinternacional.org\/wp-content\/uploads\/2018\/07\/foto_180714_rede_luz_bh_novo_olhar2-600x337.jpg 600w, https:\/\/www.fraterinternacional.org\/wp-content\/uploads\/2018\/07\/foto_180714_rede_luz_bh_novo_olhar2.jpg 690w\" sizes=\"(max-width: 300px) 100vw, 300px\" \/><\/a><p id=\"caption-attachment-85599\" class=\"wp-caption-text\">Reflexionando sobre el tema: \u00abNueva Visi\u00f3n\u00bb<\/p><\/div>\n<p style=\"text-align: justify;\">Despu\u00e9s de la apertura, los participantes caminaron silenciosamente, pasando por todos los ambientes del N\u00facleo-Luz Sagrado Cielo. En la secuencia, Fray Thomas, miembro de la Orden Gracia Misericordia, reflexion\u00f3 acerca de la idea propuesta durante la caminata por los espacios del N\u00facleo: trabajar una nueva mirada, tanto externa como internamente.<\/p>\n<p style=\"text-align: justify;\">\u00abLa reuni\u00f3n fue de suma importancia, en el sentido de cultivar el esp\u00edritu de unidad y de fraternidad. Los plazos y los ciclos son otros. Vivimos situaciones, aprendizajes e instrucciones en intervalos muy cortos de tiempo\u00bb, relat\u00f3 Cristiano Ramiro, uno de los\u00a0coordinadores del grupo de la Red-Luz situado en el n\u00facleo.<\/p>\n<p style=\"text-align: justify;\">Al final del encuentro, que cont\u00f3 con la presencia de sesenta integrantes de la Red-Luz, se realiz\u00f3 la ceremonia del sacramento de la comuni\u00f3n. Cristiano Ramiro finaliz\u00f3: \u00abJuntos, podemos hacer posible lo que consideramos imposible, aqu\u00ed mismo, en el plano material\u00bb.<\/p>\n<h3 style=\"text-align: center;\">M\u00e1s informaciones:<\/h3>\n<h3 style=\"text-align: center;\"><a href=\"mailto:nucleobh@comunidadefigueira.org.br\">nucleobh@comunidadefigueira.org.br<\/a><\/h3>\n","protected":false},"excerpt":{"rendered":"<p>\u00abEs necesario que el ojo se acostumbre a observar\u00bb (Agni Yoga, 1929) El encuentro, con el tema \u00abNueva Visi\u00f3n\u00bb, se [&hellip;]<\/p>\n","protected":false},"author":40,"featured_media":85595,"comment_status":"closed","ping_status":"closed","sticky":false,"template":"","format":"standard","meta":{"footnotes":""},"categories":[173,120],"tags":[3943,98],"class_list":["post-87218","post","type-post","status-publish","format-standard","has-post-thumbnail","hentry","category-noticia","category-red-luz-es","tag-nucleo-luz-belo-horizonte-es","tag-nucleos-luz-es"],"yoast_head":"<!-- This site is optimized with the Yoast SEO Premium plugin v21.0 (Yoast SEO v21.0) - https:\/\/yoast.com\/wordpress\/plugins\/seo\/ -->\n<title>Red-Luz de Belo Horizonte y regi\u00f3n reflexion\u00f3 sobre el tema: &quot;Nueva Visi\u00f3n&quot;<\/title>\n<meta name=\"description\" content=\"El encuentro, con el tema \u201cNueva Visi\u00f3n\u201d, se produjo el 14 de julio de 2018, en el N\u00facleo-Luz Sagrado Cielo, en Belo Horizonte, Minas Gerais, Brasil.\" \/>\n<meta name=\"robots\" content=\"index, follow, max-snippet:-1, max-image-preview:large, max-video-preview:-1\" \/>\n<link rel=\"canonical\" href=\"https:\/\/www.fraterinternacional.org\/es\/red-luz-belo-horizonte-y-region-reflexiono-tema-nueva-vision\/\" \/>\n<meta property=\"og:locale\" content=\"es_ES\" \/>\n<meta property=\"og:type\" content=\"article\" \/>\n<meta property=\"og:title\" content=\"Red-Luz de Belo Horizonte y regi\u00f3n reflexion\u00f3 sobre el tema: &quot;Nueva Visi\u00f3n&quot;\" \/>\n<meta property=\"og:description\" content=\"El encuentro, con el tema \u201cNueva Visi\u00f3n\u201d, se produjo el 14 de julio de 2018, en el N\u00facleo-Luz Sagrado Cielo, en Belo Horizonte, Minas Gerais, Brasil.\" \/>\n<meta property=\"og:url\" content=\"https:\/\/www.fraterinternacional.org\/es\/red-luz-belo-horizonte-y-region-reflexiono-tema-nueva-vision\/\" \/>\n<meta property=\"og:site_name\" content=\"Fraternidade - Federa\u00e7\u00e3o Humanit\u00e1ria Internacional\" \/>\n<meta property=\"article:publisher\" content=\"https:\/\/www.facebook.com\/fraternidadehumanitaria\" \/>\n<meta property=\"article:published_time\" content=\"2018-08-22T15:08:29+00:00\" \/>\n<meta property=\"article:modified_time\" content=\"2018-08-28T19:53:48+00:00\" \/>\n<meta property=\"og:image\" content=\"https:\/\/www.fraterinternacional.org\/wp-content\/uploads\/2018\/07\/foto_180714_rede_luz_bh_novo_olhar.jpg\" \/>\n\t<meta property=\"og:image:width\" content=\"690\" \/>\n\t<meta property=\"og:image:height\" content=\"388\" \/>\n\t<meta property=\"og:image:type\" content=\"image\/jpeg\" \/>\n<meta name=\"author\" content=\"Maria Clara\" \/>\n<meta name=\"twitter:card\" content=\"summary_large_image\" \/>\n<meta name=\"twitter:creator\" content=\"@fraternidadeFHI\" \/>\n<meta name=\"twitter:site\" content=\"@fraternidadeFHI\" \/>\n<meta name=\"twitter:label1\" content=\"Escrito por\" \/>\n\t<meta name=\"twitter:data1\" content=\"Maria Clara\" \/>\n\t<meta name=\"twitter:label2\" content=\"Tiempo de lectura\" \/>\n\t<meta name=\"twitter:data2\" content=\"2 minutos\" \/>\n<script type=\"application\/ld+json\" class=\"yoast-schema-graph\">{\"@context\":\"https:\/\/schema.org\",\"@graph\":[{\"@type\":\"WebPage\",\"@id\":\"https:\/\/www.fraterinternacional.org\/es\/red-luz-belo-horizonte-y-region-reflexiono-tema-nueva-vision\/\",\"url\":\"https:\/\/www.fraterinternacional.org\/es\/red-luz-belo-horizonte-y-region-reflexiono-tema-nueva-vision\/\",\"name\":\"Red-Luz de Belo Horizonte y regi\u00f3n reflexion\u00f3 sobre el tema: \\\"Nueva Visi\u00f3n\\\"\",\"isPartOf\":{\"@id\":\"https:\/\/www.fraterinternacional.org\/es\/#website\"},\"datePublished\":\"2018-08-22T15:08:29+00:00\",\"dateModified\":\"2018-08-28T19:53:48+00:00\",\"author\":{\"@id\":\"https:\/\/www.fraterinternacional.org\/es\/#\/schema\/person\/f590d67ca2cf1eb46cae07e5e40750ab\"},\"description\":\"El encuentro, con el tema \u201cNueva Visi\u00f3n\u201d, se produjo el 14 de julio de 2018, en el N\u00facleo-Luz Sagrado Cielo, en Belo Horizonte, Minas Gerais, Brasil.\",\"breadcrumb\":{\"@id\":\"https:\/\/www.fraterinternacional.org\/es\/red-luz-belo-horizonte-y-region-reflexiono-tema-nueva-vision\/#breadcrumb\"},\"inLanguage\":\"es\",\"potentialAction\":[{\"@type\":\"ReadAction\",\"target\":[\"https:\/\/www.fraterinternacional.org\/es\/red-luz-belo-horizonte-y-region-reflexiono-tema-nueva-vision\/\"]}]},{\"@type\":\"BreadcrumbList\",\"@id\":\"https:\/\/www.fraterinternacional.org\/es\/red-luz-belo-horizonte-y-region-reflexiono-tema-nueva-vision\/#breadcrumb\",\"itemListElement\":[{\"@type\":\"ListItem\",\"position\":1,\"name\":\"In\u00edcio\",\"item\":\"https:\/\/www.fraterinternacional.org\/es\/\"},{\"@type\":\"ListItem\",\"position\":2,\"name\":\"Red-Luz de Belo Horizonte y regi\u00f3n reflexion\u00f3 sobre el tema: \u00abNueva Visi\u00f3n\u00bb\"}]},{\"@type\":\"WebSite\",\"@id\":\"https:\/\/www.fraterinternacional.org\/es\/#website\",\"url\":\"https:\/\/www.fraterinternacional.org\/es\/\",\"name\":\"Fraternidade - Federa\u00e7\u00e3o Humanit\u00e1ria Internacional\",\"description\":\"Fraternidade - Federa\u00e7\u00e3o Humanit\u00e1ria Internacional\",\"potentialAction\":[{\"@type\":\"SearchAction\",\"target\":{\"@type\":\"EntryPoint\",\"urlTemplate\":\"https:\/\/www.fraterinternacional.org\/es\/?s={search_term_string}\"},\"query-input\":\"required name=search_term_string\"}],\"inLanguage\":\"es\"},{\"@type\":\"Person\",\"@id\":\"https:\/\/www.fraterinternacional.org\/es\/#\/schema\/person\/f590d67ca2cf1eb46cae07e5e40750ab\",\"name\":\"Maria Clara\"}]}<\/script>\n<!-- \/ Yoast SEO Premium plugin. -->","yoast_head_json":{"title":"Red-Luz de Belo Horizonte y regi\u00f3n reflexion\u00f3 sobre el tema: \"Nueva Visi\u00f3n\"","description":"El encuentro, con el tema \u201cNueva Visi\u00f3n\u201d, se produjo el 14 de julio de 2018, en el N\u00facleo-Luz Sagrado Cielo, en Belo Horizonte, Minas Gerais, Brasil.","robots":{"index":"index","follow":"follow","max-snippet":"max-snippet:-1","max-image-preview":"max-image-preview:large","max-video-preview":"max-video-preview:-1"},"canonical":"https:\/\/www.fraterinternacional.org\/es\/red-luz-belo-horizonte-y-region-reflexiono-tema-nueva-vision\/","og_locale":"es_ES","og_type":"article","og_title":"Red-Luz de Belo Horizonte y regi\u00f3n reflexion\u00f3 sobre el tema: \"Nueva Visi\u00f3n\"","og_description":"El encuentro, con el tema \u201cNueva Visi\u00f3n\u201d, se produjo el 14 de julio de 2018, en el N\u00facleo-Luz Sagrado Cielo, en Belo Horizonte, Minas Gerais, Brasil.","og_url":"https:\/\/www.fraterinternacional.org\/es\/red-luz-belo-horizonte-y-region-reflexiono-tema-nueva-vision\/","og_site_name":"Fraternidade - Federa\u00e7\u00e3o Humanit\u00e1ria Internacional","article_publisher":"https:\/\/www.facebook.com\/fraternidadehumanitaria","article_published_time":"2018-08-22T15:08:29+00:00","article_modified_time":"2018-08-28T19:53:48+00:00","og_image":[{"width":690,"height":388,"url":"https:\/\/www.fraterinternacional.org\/wp-content\/uploads\/2018\/07\/foto_180714_rede_luz_bh_novo_olhar.jpg","type":"image\/jpeg"}],"author":"Maria Clara","twitter_card":"summary_large_image","twitter_creator":"@fraternidadeFHI","twitter_site":"@fraternidadeFHI","twitter_misc":{"Escrito por":"Maria Clara","Tiempo de lectura":"2 minutos"},"schema":{"@context":"https:\/\/schema.org","@graph":[{"@type":"WebPage","@id":"https:\/\/www.fraterinternacional.org\/es\/red-luz-belo-horizonte-y-region-reflexiono-tema-nueva-vision\/","url":"https:\/\/www.fraterinternacional.org\/es\/red-luz-belo-horizonte-y-region-reflexiono-tema-nueva-vision\/","name":"Red-Luz de Belo Horizonte y regi\u00f3n reflexion\u00f3 sobre el tema: \"Nueva Visi\u00f3n\"","isPartOf":{"@id":"https:\/\/www.fraterinternacional.org\/es\/#website"},"datePublished":"2018-08-22T15:08:29+00:00","dateModified":"2018-08-28T19:53:48+00:00","author":{"@id":"https:\/\/www.fraterinternacional.org\/es\/#\/schema\/person\/f590d67ca2cf1eb46cae07e5e40750ab"},"description":"El encuentro, con el tema \u201cNueva Visi\u00f3n\u201d, se produjo el 14 de julio de 2018, en el N\u00facleo-Luz Sagrado Cielo, en Belo Horizonte, Minas Gerais, Brasil.","breadcrumb":{"@id":"https:\/\/www.fraterinternacional.org\/es\/red-luz-belo-horizonte-y-region-reflexiono-tema-nueva-vision\/#breadcrumb"},"inLanguage":"es","potentialAction":[{"@type":"ReadAction","target":["https:\/\/www.fraterinternacional.org\/es\/red-luz-belo-horizonte-y-region-reflexiono-tema-nueva-vision\/"]}]},{"@type":"BreadcrumbList","@id":"https:\/\/www.fraterinternacional.org\/es\/red-luz-belo-horizonte-y-region-reflexiono-tema-nueva-vision\/#breadcrumb","itemListElement":[{"@type":"ListItem","position":1,"name":"In\u00edcio","item":"https:\/\/www.fraterinternacional.org\/es\/"},{"@type":"ListItem","position":2,"name":"Red-Luz de Belo Horizonte y regi\u00f3n reflexion\u00f3 sobre el tema: \u00abNueva Visi\u00f3n\u00bb"}]},{"@type":"WebSite","@id":"https:\/\/www.fraterinternacional.org\/es\/#website","url":"https:\/\/www.fraterinternacional.org\/es\/","name":"Fraternidade - Federa\u00e7\u00e3o Humanit\u00e1ria Internacional","description":"Fraternidade - Federa\u00e7\u00e3o Humanit\u00e1ria Internacional","potentialAction":[{"@type":"SearchAction","target":{"@type":"EntryPoint","urlTemplate":"https:\/\/www.fraterinternacional.org\/es\/?s={search_term_string}"},"query-input":"required name=search_term_string"}],"inLanguage":"es"},{"@type":"Person","@id":"https:\/\/www.fraterinternacional.org\/es\/#\/schema\/person\/f590d67ca2cf1eb46cae07e5e40750ab","name":"Maria Clara"}]}},"_links":{"self":[{"href":"https:\/\/www.fraterinternacional.org\/es\/wp-json\/wp\/v2\/posts\/87218"}],"collection":[{"href":"https:\/\/www.fraterinternacional.org\/es\/wp-json\/wp\/v2\/posts"}],"about":[{"href":"https:\/\/www.fraterinternacional.org\/es\/wp-json\/wp\/v2\/types\/post"}],"author":[{"embeddable":true,"href":"https:\/\/www.fraterinternacional.org\/es\/wp-json\/wp\/v2\/users\/40"}],"replies":[{"embeddable":true,"href":"https:\/\/www.fraterinternacional.org\/es\/wp-json\/wp\/v2\/comments?post=87218"}],"version-history":[{"count":0,"href":"https:\/\/www.fraterinternacional.org\/es\/wp-json\/wp\/v2\/posts\/87218\/revisions"}],"wp:featuredmedia":[{"embeddable":true,"href":"https:\/\/www.fraterinternacional.org\/es\/wp-json\/wp\/v2\/media\/85595"}],"wp:attachment":[{"href":"https:\/\/www.fraterinternacional.org\/es\/wp-json\/wp\/v2\/media?parent=87218"}],"wp:term":[{"taxonomy":"category","embeddable":true,"href":"https:\/\/www.fraterinternacional.org\/es\/wp-json\/wp\/v2\/categories?post=87218"},{"taxonomy":"post_tag","embeddable":true,"href":"https:\/\/www.fraterinternacional.org\/es\/wp-json\/wp\/v2\/tags?post=87218"}],"curies":[{"name":"wp","href":"https:\/\/api.w.org\/{rel}","templated":true}]}}