{"id":85304,"date":"2018-07-19T12:45:38","date_gmt":"2018-07-19T15:45:38","guid":{"rendered":"https:\/\/www.fraterinternacional.org\/?p=85304"},"modified":"2018-07-19T12:53:42","modified_gmt":"2018-07-19T15:53:42","slug":"actividad-de-la-juventud-misionera-por-la-paz-de-belo-horizonte","status":"publish","type":"post","link":"https:\/\/www.fraterinternacional.org\/es\/actividad-de-la-juventud-misionera-por-la-paz-de-belo-horizonte\/","title":{"rendered":"Actividad de la Juventud Misionera por la Paz de Belo Horizonte"},"content":{"rendered":"<p style=\"text-align: right;\"><em>\u00bbCada ser tiene un lugar preciso en la Creaci\u00f3n y una nota interior que solo \u00e9l, puede sonar en el tono exacto\u00bb<\/em><\/p>\n<p style=\"text-align: right;\"><em>(<a href=\"http:\/\/www.trigueirinho.org.br\/\" target=\"_blank\" rel=\"noopener\">Trigueirinho<\/a>)<\/em><\/p>\n<div id=\"attachment_83319\" style=\"width: 310px\" class=\"wp-caption alignleft\"><a href=\"https:\/\/www.fraterinternacional.org\/wp-content\/uploads\/2018\/07\/foto_180623_acao_juventude_missionaria_paz_bh1.jpg\"><img decoding=\"async\" aria-describedby=\"caption-attachment-83319\" class=\"wp-image-83319 size-medium\" src=\"https:\/\/www.fraterinternacional.org\/wp-content\/uploads\/2018\/07\/foto_180623_acao_juventude_missionaria_paz_bh1-300x200.jpg\" alt=\"\" width=\"300\" height=\"200\" srcset=\"https:\/\/www.fraterinternacional.org\/wp-content\/uploads\/2018\/07\/foto_180623_acao_juventude_missionaria_paz_bh1-200x133.jpg 200w, https:\/\/www.fraterinternacional.org\/wp-content\/uploads\/2018\/07\/foto_180623_acao_juventude_missionaria_paz_bh1-300x200.jpg 300w, https:\/\/www.fraterinternacional.org\/wp-content\/uploads\/2018\/07\/foto_180623_acao_juventude_missionaria_paz_bh1-400x267.jpg 400w, https:\/\/www.fraterinternacional.org\/wp-content\/uploads\/2018\/07\/foto_180623_acao_juventude_missionaria_paz_bh1-600x400.jpg 600w, https:\/\/www.fraterinternacional.org\/wp-content\/uploads\/2018\/07\/foto_180623_acao_juventude_missionaria_paz_bh1.jpg 690w\" sizes=\"(max-width: 300px) 100vw, 300px\" \/><\/a><p id=\"caption-attachment-83319\" class=\"wp-caption-text\">Camino a la misi\u00f3n<\/p><\/div>\n<p style=\"text-align: justify;\">El Grupo Juventud por la Paz en Belo Horizonte (MG) continu\u00f3 con la <a href=\"https:\/\/www.fraterinternacional.org\/jornada-da-juventude-missionaria-pela-paz-aconteceu-bh\/\">Jornada de la Juventud Misionera por la Paz<\/a>, que se inici\u00f3 en mayo de este a\u00f1o. La acci\u00f3n humanitaria se desarroll\u00f3 el 23 de junio, en Vila Fazendinha, ubicada en el Aglomerado da Serra, el barrio carenciado m\u00e1s grande de Minas Gerais, localizado en la Zona Sur de la capital minera.<\/p>\n<p style=\"text-align: justify;\">Alrededor de 20 j\u00f3venes salieron de la\u00a0 casa de los Ni\u00f1os (espacio de servicio, extensi\u00f3n del <a href=\"https:\/\/www.fraterinternacional.org\/nucleos-luz-2\/\">N\u00facleo-Luz<\/a> Sagrado Cielo) y actual sede de la <a href=\"https:\/\/juventudepelapaz.org\/\">Campa\u00f1a de la Juventud por la Paz<\/a> en Belo Horizonte, y fueron hacia la misi\u00f3n. esta vez, el servicio fue en la casa de do\u00f1a Miranir de Oliveira, madre de un colaborador de la <a href=\"http:\/\/www.comunidadefigueira.org.br\/portal\/\">Comunidad-Luz Figueira,<\/a> que desde 2011 vive en <a href=\"http:\/\/www.casaluzdacolina.org.br\/\">Casa Luz de la Colina<\/a>, en Carmo da Cachoeira, Minas Gerais. La situaci\u00f3n de la casa de do\u00f1a Miranir era bastante precaria: faltaba revoque, no ten\u00eda revestimiento para los pisos, infiltraci\u00f3n en las\u00a0 paredes, muchas goteras e instalaciones el\u00e9ctricas en malas condiciones. A causa de distintas situaciones estructurales del lugar, el impulso inicial se concentr\u00f3 en la armonizaci\u00f3n general del ambiente: retirada de escombros y basura del entorno, corte de pasto, limpieza y reparaci\u00f3n de las tejas y tambi\u00e9n ba\u00f1o de los animales de la\u00a0 casa. En vivencias posteriores y despu\u00e9s de la evaluaci\u00f3n de un alba\u00f1il se realizar\u00e1n otras reparaciones en el lugar.<\/p>\n<p style=\"text-align: justify;\">\u00abPara m\u00ed, fue muy especial y gratificante. Me pareci\u00f3 interesante la ayuda mutua de todos, incluso cada uno con su tarea espec\u00edfica\u00bb, relato Natalia Torres, participante de la misi\u00f3n.<\/p>\n<h3 style=\"text-align: justify;\"><strong>Red de servicio<\/strong><\/h3>\n<div id=\"attachment_83321\" style=\"width: 310px\" class=\"wp-caption alignright\"><a href=\"https:\/\/www.fraterinternacional.org\/wp-content\/uploads\/2018\/07\/foto_180623_acao_juventude_missionaria_paz_bh2.jpg\"><img decoding=\"async\" aria-describedby=\"caption-attachment-83321\" class=\"wp-image-83321 size-medium\" src=\"https:\/\/www.fraterinternacional.org\/wp-content\/uploads\/2018\/07\/foto_180623_acao_juventude_missionaria_paz_bh2-300x200.jpg\" alt=\"\" width=\"300\" height=\"200\" srcset=\"https:\/\/www.fraterinternacional.org\/wp-content\/uploads\/2018\/07\/foto_180623_acao_juventude_missionaria_paz_bh2-200x133.jpg 200w, https:\/\/www.fraterinternacional.org\/wp-content\/uploads\/2018\/07\/foto_180623_acao_juventude_missionaria_paz_bh2-300x200.jpg 300w, https:\/\/www.fraterinternacional.org\/wp-content\/uploads\/2018\/07\/foto_180623_acao_juventude_missionaria_paz_bh2-400x267.jpg 400w, https:\/\/www.fraterinternacional.org\/wp-content\/uploads\/2018\/07\/foto_180623_acao_juventude_missionaria_paz_bh2-600x400.jpg 600w, https:\/\/www.fraterinternacional.org\/wp-content\/uploads\/2018\/07\/foto_180623_acao_juventude_missionaria_paz_bh2.jpg 690w\" sizes=\"(max-width: 300px) 100vw, 300px\" \/><\/a><p id=\"caption-attachment-83321\" class=\"wp-caption-text\">Limpieza de las tejas<\/p><\/div>\n<p style=\"text-align: justify;\">La Campa\u00f1a de la Juventud por la Paz est\u00e1 promoviendo Jornadas de la Juventud Misionera por la Paz en varias ciudades del Brasil. En el mismo d\u00eda, se desarroll\u00f3 la Jornada en San Pablo y, a fines de junio se realiz\u00f3 en San Carlos. De la misma manera, el grupo de la Juventud de Florian\u00f3polis reactivar\u00e1 el trabajo con una ONG que se ocupa de animales silvestres. De esta forma, las actividades misioneras llevadas adelante por los j\u00f3venes se est\u00e1n expandiendo en red, construyendo una de las columnas de la Campa\u00f1a, que es el servicio abnegado y evolutivo<\/p>\n<h3 style=\"text-align: justify;\"><strong>Encuentro de generaciones <\/strong><\/h3>\n<p style=\"text-align: justify;\">La adhesi\u00f3n de los j\u00f3venes ha sido muy grande y, en cada actividad, aparecen nuevas personas que no conoc\u00edan la Campa\u00f1a. Un hecho interesante es que las vivencias misioneras de la juventud est\u00e1n atrayendo colaboradores antiguos y expertos de la<a href=\"https:\/\/www.fraterinternacional.org\/rede-luz\/\"> Red-Luz<\/a>. De esta manera, los novatos, imbuidos del esp\u00edritu de la renovaci\u00f3n, y los veteranos, formados en los fundamentos de la Obra, se integran y juntos, intercambian ideas y experiencias durante las actividades de la Jornada.<\/p>\n<h3 style=\"text-align: justify;\"><strong>Madre guerrera<\/strong><\/h3>\n<p style=\"text-align: justify;\"><a href=\"https:\/\/www.fraterinternacional.org\/wp-content\/uploads\/2018\/07\/foto_180623_acao_juventude_missionaria_paz_bh3.jpg\"><img decoding=\"async\" class=\"size-medium wp-image-83322 alignleft\" src=\"https:\/\/www.fraterinternacional.org\/wp-content\/uploads\/2018\/07\/foto_180623_acao_juventude_missionaria_paz_bh3-300x200.jpg\" alt=\"\" width=\"300\" height=\"200\" srcset=\"https:\/\/www.fraterinternacional.org\/wp-content\/uploads\/2018\/07\/foto_180623_acao_juventude_missionaria_paz_bh3-200x133.jpg 200w, https:\/\/www.fraterinternacional.org\/wp-content\/uploads\/2018\/07\/foto_180623_acao_juventude_missionaria_paz_bh3-300x200.jpg 300w, https:\/\/www.fraterinternacional.org\/wp-content\/uploads\/2018\/07\/foto_180623_acao_juventude_missionaria_paz_bh3-400x267.jpg 400w, https:\/\/www.fraterinternacional.org\/wp-content\/uploads\/2018\/07\/foto_180623_acao_juventude_missionaria_paz_bh3-600x400.jpg 600w, https:\/\/www.fraterinternacional.org\/wp-content\/uploads\/2018\/07\/foto_180623_acao_juventude_missionaria_paz_bh3.jpg 690w\" sizes=\"(max-width: 300px) 100vw, 300px\" \/><\/a>Do\u00f1a Miranir, un ejemplo de las innumerables madres batalladoras esparcidas por el mundo, reside hace 30 a\u00f1os en el Aglomerado da Serra. En su casa tambi\u00e9n vive su hijo, Eliseo de Oiliveira, que trabaja como artesano y dos nietas: Kauane y Laryssa, estudiantes de m\u00fasica. Al finalizar el movimiento el grupo form\u00f3 un c\u00edrculo para hacer una sinton\u00eda de cierre. Kauane y Laryssa tocaron la flauta y la guitarra, ejecutando melod\u00edas infantiles y cl\u00e1sicas.<\/p>\n<p style=\"text-align: justify;\">La alegr\u00eda radiante de aquel momento sea complet\u00f3 con una oraci\u00f3n espont\u00e1nea y fervorosa, proferida por do\u00f1a Miranir. La oraci\u00f3n, impregnada de gratitud y fe en Dios, hablaba sobre \u00abuna semillita de bondad y de caridad\u00bb que ese acto grupal estaba sembrando en aquel lugar. En la frase final de su conversaci\u00f3n con los misioneros, ella pidi\u00f3 sonriendo: \u00ab\u00a1Que el grupo no desaparezca! \u00a1La presencia de ustedes es importante aqu\u00ed!\u00bb.<\/p>\n<h3 style=\"text-align: justify;\"><strong>Rescate del perro Hope<\/strong><\/h3>\n<div id=\"attachment_83324\" style=\"width: 235px\" class=\"wp-caption alignright\"><a href=\"https:\/\/www.fraterinternacional.org\/wp-content\/uploads\/2018\/07\/foto_180623_acao_juventude_missionaria_paz_bh4.jpeg\"><img decoding=\"async\" aria-describedby=\"caption-attachment-83324\" class=\"wp-image-83324 size-medium\" src=\"https:\/\/www.fraterinternacional.org\/wp-content\/uploads\/2018\/07\/foto_180623_acao_juventude_missionaria_paz_bh4-225x300.jpeg\" alt=\"\" width=\"225\" height=\"300\" srcset=\"https:\/\/www.fraterinternacional.org\/wp-content\/uploads\/2018\/07\/foto_180623_acao_juventude_missionaria_paz_bh4-200x266.jpeg 200w, https:\/\/www.fraterinternacional.org\/wp-content\/uploads\/2018\/07\/foto_180623_acao_juventude_missionaria_paz_bh4-225x300.jpeg 225w, https:\/\/www.fraterinternacional.org\/wp-content\/uploads\/2018\/07\/foto_180623_acao_juventude_missionaria_paz_bh4-400x533.jpeg 400w, https:\/\/www.fraterinternacional.org\/wp-content\/uploads\/2018\/07\/foto_180623_acao_juventude_missionaria_paz_bh4-600x799.jpeg 600w, https:\/\/www.fraterinternacional.org\/wp-content\/uploads\/2018\/07\/foto_180623_acao_juventude_missionaria_paz_bh4.jpeg 690w\" sizes=\"(max-width: 225px) 100vw, 225px\" \/><\/a><p id=\"caption-attachment-83324\" class=\"wp-caption-text\">El cachorrito Hope<\/p><\/div>\n<p style=\"text-align: justify;\">Durante la jornada misionera, un perro que hab\u00eda sido atropellado fue encontrado cerca de la entrada de la casa de do\u00f1a Miranir. Estaba con heridas en las patas traseras, no consegu\u00ed mantenerse en pie y se trasladaba con dificultad en los miembros delanteros, arrastr\u00e1ndose. El grupo decidi\u00f3 rescatarlo y llevarlo a la Casa de los Ni\u00f1os. En seguida, algunos j\u00f3venes se fueron para una cl\u00ednica veterinaria. Las radiograf\u00edas mostraron una fractura en la columna vertebral que imposibilitaba los movimientos delas patas traseras. En los pr\u00f3ximos d\u00edas, ser\u00e1 sometido a una cirug\u00eda para estabilizar la columna y a ex\u00e1menes de sangre, para una evaluaci\u00f3n general. Una palara surgi\u00f3 de los j\u00f3venes corazones y el cachorrito fue bautizado con el nombre de <em>Hope<\/em>, que significa esperanza en ingl\u00e9s.<\/p>\n<p style=\"text-align: justify;\">El grupo Juventid por laPaz en Belo Horizonte est\u00e1 realizando la campa\u00f1a de recaudaci\u00f3n para enfrentar los altos costos de los procedimientos veterinarios, de la internaci\u00f3n, de los medicamentos y de los cuidados para Hope. Se est\u00e1n organizando turnos para cuidarlo en el posoperatorio.<\/p>\n<h3 style=\"text-align: justify;\"><strong>M\u00e1s informaciones:<\/strong><\/h3>\n<p style=\"text-align: justify;\"><a href=\"mailto:grupojovembh@gmail.com\">grupojovembh@gmail.com<\/a><\/p>\n<h3 style=\"text-align: justify;\"><strong>C\u00f3mo ayudar al perro Hope<\/strong><\/h3>\n<p style=\"text-align: justify;\"><a href=\"mailto:kmiladesouza@yahoo.com.br\">kmiladesouza@yahoo.com.br<\/a><\/p>\n\n\t\t<style type=\"text\/css\">\n\t\t\t#gallery-1 {\n\t\t\t\tmargin: auto;\n\t\t\t}\n\t\t\t#gallery-1 .gallery-item {\n\t\t\t\tfloat: left;\n\t\t\t\tmargin-top: 10px;\n\t\t\t\ttext-align: center;\n\t\t\t\twidth: 25%;\n\t\t\t}\n\t\t\t#gallery-1 img {\n\t\t\t\tborder: 2px solid #cfcfcf;\n\t\t\t}\n\t\t\t#gallery-1 .gallery-caption {\n\t\t\t\tmargin-left: 0;\n\t\t\t}\n\t\t\t\/* see gallery_shortcode() in wp-includes\/media.php *\/\n\t\t<\/style>\n\t\t<div id='gallery-1' class='gallery galleryid-85304 gallery-columns-4 gallery-size-medium'><dl class='gallery-item'>\n\t\t\t<dt class='gallery-icon landscape'>\n\t\t\t\t<a data-rel=\"iLightbox[postimages]\" data-title=\"foto_180623_acao_juventude_missionaria_paz_bh9\" data-caption=\"\" href='https:\/\/www.fraterinternacional.org\/wp-content\/uploads\/2018\/07\/foto_180623_acao_juventude_missionaria_paz_bh9.jpg'><img decoding=\"async\" width=\"300\" height=\"200\" src=\"https:\/\/www.fraterinternacional.org\/wp-content\/uploads\/2018\/07\/foto_180623_acao_juventude_missionaria_paz_bh9-300x200.jpg\" class=\"attachment-medium size-medium\" alt=\"\" srcset=\"https:\/\/www.fraterinternacional.org\/wp-content\/uploads\/2018\/07\/foto_180623_acao_juventude_missionaria_paz_bh9-200x133.jpg 200w, https:\/\/www.fraterinternacional.org\/wp-content\/uploads\/2018\/07\/foto_180623_acao_juventude_missionaria_paz_bh9-300x200.jpg 300w, https:\/\/www.fraterinternacional.org\/wp-content\/uploads\/2018\/07\/foto_180623_acao_juventude_missionaria_paz_bh9-400x267.jpg 400w, https:\/\/www.fraterinternacional.org\/wp-content\/uploads\/2018\/07\/foto_180623_acao_juventude_missionaria_paz_bh9-600x400.jpg 600w, https:\/\/www.fraterinternacional.org\/wp-content\/uploads\/2018\/07\/foto_180623_acao_juventude_missionaria_paz_bh9.jpg 690w\" sizes=\"(max-width: 300px) 100vw, 300px\" \/><\/a>\n\t\t\t<\/dt><\/dl><dl class='gallery-item'>\n\t\t\t<dt class='gallery-icon landscape'>\n\t\t\t\t<a data-rel=\"iLightbox[postimages]\" data-title=\"foto_180623_acao_juventude_missionaria_paz_bh7\" data-caption=\"\" href='https:\/\/www.fraterinternacional.org\/wp-content\/uploads\/2018\/07\/foto_180623_acao_juventude_missionaria_paz_bh7.jpg'><img decoding=\"async\" width=\"300\" height=\"200\" src=\"https:\/\/www.fraterinternacional.org\/wp-content\/uploads\/2018\/07\/foto_180623_acao_juventude_missionaria_paz_bh7-300x200.jpg\" class=\"attachment-medium size-medium\" alt=\"\" srcset=\"https:\/\/www.fraterinternacional.org\/wp-content\/uploads\/2018\/07\/foto_180623_acao_juventude_missionaria_paz_bh7-200x133.jpg 200w, https:\/\/www.fraterinternacional.org\/wp-content\/uploads\/2018\/07\/foto_180623_acao_juventude_missionaria_paz_bh7-300x200.jpg 300w, https:\/\/www.fraterinternacional.org\/wp-content\/uploads\/2018\/07\/foto_180623_acao_juventude_missionaria_paz_bh7-400x267.jpg 400w, https:\/\/www.fraterinternacional.org\/wp-content\/uploads\/2018\/07\/foto_180623_acao_juventude_missionaria_paz_bh7-600x400.jpg 600w, https:\/\/www.fraterinternacional.org\/wp-content\/uploads\/2018\/07\/foto_180623_acao_juventude_missionaria_paz_bh7.jpg 690w\" sizes=\"(max-width: 300px) 100vw, 300px\" \/><\/a>\n\t\t\t<\/dt><\/dl><dl class='gallery-item'>\n\t\t\t<dt class='gallery-icon landscape'>\n\t\t\t\t<a data-rel=\"iLightbox[postimages]\" data-title=\"foto_180623_acao_juventude_missionaria_paz_bh5\" data-caption=\"\" href='https:\/\/www.fraterinternacional.org\/wp-content\/uploads\/2018\/07\/foto_180623_acao_juventude_missionaria_paz_bh5.jpg'><img decoding=\"async\" width=\"300\" height=\"200\" src=\"https:\/\/www.fraterinternacional.org\/wp-content\/uploads\/2018\/07\/foto_180623_acao_juventude_missionaria_paz_bh5-300x200.jpg\" class=\"attachment-medium size-medium\" alt=\"\" srcset=\"https:\/\/www.fraterinternacional.org\/wp-content\/uploads\/2018\/07\/foto_180623_acao_juventude_missionaria_paz_bh5-200x133.jpg 200w, https:\/\/www.fraterinternacional.org\/wp-content\/uploads\/2018\/07\/foto_180623_acao_juventude_missionaria_paz_bh5-300x200.jpg 300w, https:\/\/www.fraterinternacional.org\/wp-content\/uploads\/2018\/07\/foto_180623_acao_juventude_missionaria_paz_bh5-400x267.jpg 400w, https:\/\/www.fraterinternacional.org\/wp-content\/uploads\/2018\/07\/foto_180623_acao_juventude_missionaria_paz_bh5-600x400.jpg 600w, https:\/\/www.fraterinternacional.org\/wp-content\/uploads\/2018\/07\/foto_180623_acao_juventude_missionaria_paz_bh5.jpg 690w\" sizes=\"(max-width: 300px) 100vw, 300px\" \/><\/a>\n\t\t\t<\/dt><\/dl><dl class='gallery-item'>\n\t\t\t<dt class='gallery-icon landscape'>\n\t\t\t\t<a data-rel=\"iLightbox[postimages]\" data-title=\"foto_180623_acao_juventude_missionaria_paz_bh8\" data-caption=\"\" href='https:\/\/www.fraterinternacional.org\/wp-content\/uploads\/2018\/07\/foto_180623_acao_juventude_missionaria_paz_bh8.jpg'><img decoding=\"async\" width=\"300\" height=\"200\" src=\"https:\/\/www.fraterinternacional.org\/wp-content\/uploads\/2018\/07\/foto_180623_acao_juventude_missionaria_paz_bh8-300x200.jpg\" class=\"attachment-medium size-medium\" alt=\"\" srcset=\"https:\/\/www.fraterinternacional.org\/wp-content\/uploads\/2018\/07\/foto_180623_acao_juventude_missionaria_paz_bh8-200x133.jpg 200w, https:\/\/www.fraterinternacional.org\/wp-content\/uploads\/2018\/07\/foto_180623_acao_juventude_missionaria_paz_bh8-300x200.jpg 300w, https:\/\/www.fraterinternacional.org\/wp-content\/uploads\/2018\/07\/foto_180623_acao_juventude_missionaria_paz_bh8-400x267.jpg 400w, https:\/\/www.fraterinternacional.org\/wp-content\/uploads\/2018\/07\/foto_180623_acao_juventude_missionaria_paz_bh8-600x400.jpg 600w, https:\/\/www.fraterinternacional.org\/wp-content\/uploads\/2018\/07\/foto_180623_acao_juventude_missionaria_paz_bh8.jpg 690w\" sizes=\"(max-width: 300px) 100vw, 300px\" \/><\/a>\n\t\t\t<\/dt><\/dl><br style=\"clear: both\" \/><dl class='gallery-item'>\n\t\t\t<dt class='gallery-icon landscape'>\n\t\t\t\t<a data-rel=\"iLightbox[postimages]\" data-title=\"foto_180623_acao_juventude_missionaria_paz_bh13\" data-caption=\"\" href='https:\/\/www.fraterinternacional.org\/wp-content\/uploads\/2018\/07\/foto_180623_acao_juventude_missionaria_paz_bh13.jpg'><img decoding=\"async\" width=\"300\" height=\"200\" src=\"https:\/\/www.fraterinternacional.org\/wp-content\/uploads\/2018\/07\/foto_180623_acao_juventude_missionaria_paz_bh13-300x200.jpg\" class=\"attachment-medium size-medium\" alt=\"\" srcset=\"https:\/\/www.fraterinternacional.org\/wp-content\/uploads\/2018\/07\/foto_180623_acao_juventude_missionaria_paz_bh13-200x133.jpg 200w, https:\/\/www.fraterinternacional.org\/wp-content\/uploads\/2018\/07\/foto_180623_acao_juventude_missionaria_paz_bh13-300x200.jpg 300w, https:\/\/www.fraterinternacional.org\/wp-content\/uploads\/2018\/07\/foto_180623_acao_juventude_missionaria_paz_bh13-400x267.jpg 400w, https:\/\/www.fraterinternacional.org\/wp-content\/uploads\/2018\/07\/foto_180623_acao_juventude_missionaria_paz_bh13-600x400.jpg 600w, https:\/\/www.fraterinternacional.org\/wp-content\/uploads\/2018\/07\/foto_180623_acao_juventude_missionaria_paz_bh13.jpg 690w\" sizes=\"(max-width: 300px) 100vw, 300px\" \/><\/a>\n\t\t\t<\/dt><\/dl><dl class='gallery-item'>\n\t\t\t<dt class='gallery-icon landscape'>\n\t\t\t\t<a data-rel=\"iLightbox[postimages]\" data-title=\"foto_180623_acao_juventude_missionaria_paz_bh10\" data-caption=\"\" href='https:\/\/www.fraterinternacional.org\/wp-content\/uploads\/2018\/07\/foto_180623_acao_juventude_missionaria_paz_bh10.jpg'><img decoding=\"async\" width=\"300\" height=\"200\" src=\"https:\/\/www.fraterinternacional.org\/wp-content\/uploads\/2018\/07\/foto_180623_acao_juventude_missionaria_paz_bh10-300x200.jpg\" class=\"attachment-medium size-medium\" alt=\"\" srcset=\"https:\/\/www.fraterinternacional.org\/wp-content\/uploads\/2018\/07\/foto_180623_acao_juventude_missionaria_paz_bh10-200x133.jpg 200w, https:\/\/www.fraterinternacional.org\/wp-content\/uploads\/2018\/07\/foto_180623_acao_juventude_missionaria_paz_bh10-300x200.jpg 300w, https:\/\/www.fraterinternacional.org\/wp-content\/uploads\/2018\/07\/foto_180623_acao_juventude_missionaria_paz_bh10-400x267.jpg 400w, https:\/\/www.fraterinternacional.org\/wp-content\/uploads\/2018\/07\/foto_180623_acao_juventude_missionaria_paz_bh10-600x400.jpg 600w, https:\/\/www.fraterinternacional.org\/wp-content\/uploads\/2018\/07\/foto_180623_acao_juventude_missionaria_paz_bh10.jpg 690w\" sizes=\"(max-width: 300px) 100vw, 300px\" \/><\/a>\n\t\t\t<\/dt><\/dl><dl class='gallery-item'>\n\t\t\t<dt class='gallery-icon landscape'>\n\t\t\t\t<a data-rel=\"iLightbox[postimages]\" data-title=\"foto_180623_acao_juventude_missionaria_paz_bh6\" data-caption=\"\" href='https:\/\/www.fraterinternacional.org\/wp-content\/uploads\/2018\/07\/foto_180623_acao_juventude_missionaria_paz_bh6.jpg'><img decoding=\"async\" width=\"300\" height=\"200\" src=\"https:\/\/www.fraterinternacional.org\/wp-content\/uploads\/2018\/07\/foto_180623_acao_juventude_missionaria_paz_bh6-300x200.jpg\" class=\"attachment-medium size-medium\" alt=\"\" srcset=\"https:\/\/www.fraterinternacional.org\/wp-content\/uploads\/2018\/07\/foto_180623_acao_juventude_missionaria_paz_bh6-200x133.jpg 200w, https:\/\/www.fraterinternacional.org\/wp-content\/uploads\/2018\/07\/foto_180623_acao_juventude_missionaria_paz_bh6-300x200.jpg 300w, https:\/\/www.fraterinternacional.org\/wp-content\/uploads\/2018\/07\/foto_180623_acao_juventude_missionaria_paz_bh6-400x267.jpg 400w, https:\/\/www.fraterinternacional.org\/wp-content\/uploads\/2018\/07\/foto_180623_acao_juventude_missionaria_paz_bh6-600x400.jpg 600w, https:\/\/www.fraterinternacional.org\/wp-content\/uploads\/2018\/07\/foto_180623_acao_juventude_missionaria_paz_bh6.jpg 690w\" sizes=\"(max-width: 300px) 100vw, 300px\" \/><\/a>\n\t\t\t<\/dt><\/dl><dl class='gallery-item'>\n\t\t\t<dt class='gallery-icon landscape'>\n\t\t\t\t<a data-rel=\"iLightbox[postimages]\" data-title=\"foto_180623_acao_juventude_missionaria_paz_bh12\" data-caption=\"\" href='https:\/\/www.fraterinternacional.org\/wp-content\/uploads\/2018\/07\/foto_180623_acao_juventude_missionaria_paz_bh12.jpeg'><img decoding=\"async\" width=\"300\" height=\"200\" src=\"https:\/\/www.fraterinternacional.org\/wp-content\/uploads\/2018\/07\/foto_180623_acao_juventude_missionaria_paz_bh12-300x200.jpeg\" class=\"attachment-medium size-medium\" alt=\"\" srcset=\"https:\/\/www.fraterinternacional.org\/wp-content\/uploads\/2018\/07\/foto_180623_acao_juventude_missionaria_paz_bh12-200x133.jpeg 200w, https:\/\/www.fraterinternacional.org\/wp-content\/uploads\/2018\/07\/foto_180623_acao_juventude_missionaria_paz_bh12-300x200.jpeg 300w, https:\/\/www.fraterinternacional.org\/wp-content\/uploads\/2018\/07\/foto_180623_acao_juventude_missionaria_paz_bh12-400x267.jpeg 400w, https:\/\/www.fraterinternacional.org\/wp-content\/uploads\/2018\/07\/foto_180623_acao_juventude_missionaria_paz_bh12-600x400.jpeg 600w, https:\/\/www.fraterinternacional.org\/wp-content\/uploads\/2018\/07\/foto_180623_acao_juventude_missionaria_paz_bh12.jpeg 690w\" sizes=\"(max-width: 300px) 100vw, 300px\" \/><\/a>\n\t\t\t<\/dt><\/dl><br style=\"clear: both\" \/>\n\t\t<\/div>\n\n","protected":false},"excerpt":{"rendered":"<p>\u00bbCada ser tiene un lugar preciso en la Creaci\u00f3n y una nota interior que solo \u00e9l, puede sonar en el [&hellip;]<\/p>\n","protected":false},"author":40,"featured_media":83948,"comment_status":"closed","ping_status":"closed","sticky":false,"template":"","format":"standard","meta":{"footnotes":""},"categories":[173],"tags":[4115,97],"class_list":["post-85304","post","type-post","status-publish","format-standard","has-post-thumbnail","hentry","category-noticia","tag-juventud-por-la-paz","tag-servicio-humanitario-es"],"yoast_head":"<!-- This site is optimized with the Yoast SEO Premium plugin v21.0 (Yoast SEO v21.0) - https:\/\/yoast.com\/wordpress\/plugins\/seo\/ -->\n<title>Actividad de la Juventud Misionera por la Paz de Belo Horizonte -<\/title>\n<meta name=\"robots\" content=\"index, follow, max-snippet:-1, max-image-preview:large, max-video-preview:-1\" \/>\n<link rel=\"canonical\" href=\"https:\/\/www.fraterinternacional.org\/es\/actividad-de-la-juventud-misionera-por-la-paz-de-belo-horizonte\/\" \/>\n<meta property=\"og:locale\" content=\"es_ES\" \/>\n<meta property=\"og:type\" content=\"article\" \/>\n<meta property=\"og:title\" content=\"Actividad de la Juventud Misionera por la Paz de Belo Horizonte\" \/>\n<meta property=\"og:description\" content=\"\u00bbCada ser tiene un lugar preciso en la Creaci\u00f3n y una nota interior que solo \u00e9l, puede sonar en el [&hellip;]\" \/>\n<meta property=\"og:url\" content=\"https:\/\/www.fraterinternacional.org\/es\/actividad-de-la-juventud-misionera-por-la-paz-de-belo-horizonte\/\" \/>\n<meta property=\"og:site_name\" content=\"Fraternidade - Federa\u00e7\u00e3o Humanit\u00e1ria Internacional\" \/>\n<meta property=\"article:publisher\" content=\"https:\/\/www.facebook.com\/fraternidadehumanitaria\" \/>\n<meta property=\"article:published_time\" content=\"2018-07-19T15:45:38+00:00\" \/>\n<meta property=\"article:modified_time\" content=\"2018-07-19T15:53:42+00:00\" \/>\n<meta property=\"og:image\" content=\"https:\/\/www.fraterinternacional.org\/wp-content\/uploads\/2018\/07\/foto_180623_acao_juventude_missionaria_paz_bh.jpeg\" \/>\n\t<meta property=\"og:image:width\" content=\"690\" \/>\n\t<meta property=\"og:image:height\" content=\"388\" \/>\n\t<meta property=\"og:image:type\" content=\"image\/jpeg\" \/>\n<meta name=\"author\" content=\"Maria Clara\" \/>\n<meta name=\"twitter:card\" content=\"summary_large_image\" \/>\n<meta name=\"twitter:creator\" content=\"@fraternidadeFHI\" \/>\n<meta name=\"twitter:site\" content=\"@fraternidadeFHI\" \/>\n<meta name=\"twitter:label1\" content=\"Escrito por\" \/>\n\t<meta name=\"twitter:data1\" content=\"Maria Clara\" \/>\n\t<meta name=\"twitter:label2\" content=\"Tiempo de lectura\" \/>\n\t<meta name=\"twitter:data2\" content=\"5 minutos\" \/>\n<script type=\"application\/ld+json\" class=\"yoast-schema-graph\">{\"@context\":\"https:\/\/schema.org\",\"@graph\":[{\"@type\":\"WebPage\",\"@id\":\"https:\/\/www.fraterinternacional.org\/es\/actividad-de-la-juventud-misionera-por-la-paz-de-belo-horizonte\/\",\"url\":\"https:\/\/www.fraterinternacional.org\/es\/actividad-de-la-juventud-misionera-por-la-paz-de-belo-horizonte\/\",\"name\":\"Actividad de la Juventud Misionera por la Paz de Belo Horizonte -\",\"isPartOf\":{\"@id\":\"https:\/\/www.fraterinternacional.org\/es\/#website\"},\"datePublished\":\"2018-07-19T15:45:38+00:00\",\"dateModified\":\"2018-07-19T15:53:42+00:00\",\"author\":{\"@id\":\"https:\/\/www.fraterinternacional.org\/es\/#\/schema\/person\/f590d67ca2cf1eb46cae07e5e40750ab\"},\"breadcrumb\":{\"@id\":\"https:\/\/www.fraterinternacional.org\/es\/actividad-de-la-juventud-misionera-por-la-paz-de-belo-horizonte\/#breadcrumb\"},\"inLanguage\":\"es\",\"potentialAction\":[{\"@type\":\"ReadAction\",\"target\":[\"https:\/\/www.fraterinternacional.org\/es\/actividad-de-la-juventud-misionera-por-la-paz-de-belo-horizonte\/\"]}]},{\"@type\":\"BreadcrumbList\",\"@id\":\"https:\/\/www.fraterinternacional.org\/es\/actividad-de-la-juventud-misionera-por-la-paz-de-belo-horizonte\/#breadcrumb\",\"itemListElement\":[{\"@type\":\"ListItem\",\"position\":1,\"name\":\"In\u00edcio\",\"item\":\"https:\/\/www.fraterinternacional.org\/es\/\"},{\"@type\":\"ListItem\",\"position\":2,\"name\":\"Actividad de la Juventud Misionera por la Paz de Belo Horizonte\"}]},{\"@type\":\"WebSite\",\"@id\":\"https:\/\/www.fraterinternacional.org\/es\/#website\",\"url\":\"https:\/\/www.fraterinternacional.org\/es\/\",\"name\":\"Fraternidade - Federa\u00e7\u00e3o Humanit\u00e1ria Internacional\",\"description\":\"Fraternidade - Federa\u00e7\u00e3o Humanit\u00e1ria Internacional\",\"potentialAction\":[{\"@type\":\"SearchAction\",\"target\":{\"@type\":\"EntryPoint\",\"urlTemplate\":\"https:\/\/www.fraterinternacional.org\/es\/?s={search_term_string}\"},\"query-input\":\"required name=search_term_string\"}],\"inLanguage\":\"es\"},{\"@type\":\"Person\",\"@id\":\"https:\/\/www.fraterinternacional.org\/es\/#\/schema\/person\/f590d67ca2cf1eb46cae07e5e40750ab\",\"name\":\"Maria Clara\"}]}<\/script>\n<!-- \/ Yoast SEO Premium plugin. -->","yoast_head_json":{"title":"Actividad de la Juventud Misionera por la Paz de Belo Horizonte -","robots":{"index":"index","follow":"follow","max-snippet":"max-snippet:-1","max-image-preview":"max-image-preview:large","max-video-preview":"max-video-preview:-1"},"canonical":"https:\/\/www.fraterinternacional.org\/es\/actividad-de-la-juventud-misionera-por-la-paz-de-belo-horizonte\/","og_locale":"es_ES","og_type":"article","og_title":"Actividad de la Juventud Misionera por la Paz de Belo Horizonte","og_description":"\u00bbCada ser tiene un lugar preciso en la Creaci\u00f3n y una nota interior que solo \u00e9l, puede sonar en el [&hellip;]","og_url":"https:\/\/www.fraterinternacional.org\/es\/actividad-de-la-juventud-misionera-por-la-paz-de-belo-horizonte\/","og_site_name":"Fraternidade - Federa\u00e7\u00e3o Humanit\u00e1ria Internacional","article_publisher":"https:\/\/www.facebook.com\/fraternidadehumanitaria","article_published_time":"2018-07-19T15:45:38+00:00","article_modified_time":"2018-07-19T15:53:42+00:00","og_image":[{"width":690,"height":388,"url":"https:\/\/www.fraterinternacional.org\/wp-content\/uploads\/2018\/07\/foto_180623_acao_juventude_missionaria_paz_bh.jpeg","type":"image\/jpeg"}],"author":"Maria Clara","twitter_card":"summary_large_image","twitter_creator":"@fraternidadeFHI","twitter_site":"@fraternidadeFHI","twitter_misc":{"Escrito por":"Maria Clara","Tiempo de lectura":"5 minutos"},"schema":{"@context":"https:\/\/schema.org","@graph":[{"@type":"WebPage","@id":"https:\/\/www.fraterinternacional.org\/es\/actividad-de-la-juventud-misionera-por-la-paz-de-belo-horizonte\/","url":"https:\/\/www.fraterinternacional.org\/es\/actividad-de-la-juventud-misionera-por-la-paz-de-belo-horizonte\/","name":"Actividad de la Juventud Misionera por la Paz de Belo Horizonte -","isPartOf":{"@id":"https:\/\/www.fraterinternacional.org\/es\/#website"},"datePublished":"2018-07-19T15:45:38+00:00","dateModified":"2018-07-19T15:53:42+00:00","author":{"@id":"https:\/\/www.fraterinternacional.org\/es\/#\/schema\/person\/f590d67ca2cf1eb46cae07e5e40750ab"},"breadcrumb":{"@id":"https:\/\/www.fraterinternacional.org\/es\/actividad-de-la-juventud-misionera-por-la-paz-de-belo-horizonte\/#breadcrumb"},"inLanguage":"es","potentialAction":[{"@type":"ReadAction","target":["https:\/\/www.fraterinternacional.org\/es\/actividad-de-la-juventud-misionera-por-la-paz-de-belo-horizonte\/"]}]},{"@type":"BreadcrumbList","@id":"https:\/\/www.fraterinternacional.org\/es\/actividad-de-la-juventud-misionera-por-la-paz-de-belo-horizonte\/#breadcrumb","itemListElement":[{"@type":"ListItem","position":1,"name":"In\u00edcio","item":"https:\/\/www.fraterinternacional.org\/es\/"},{"@type":"ListItem","position":2,"name":"Actividad de la Juventud Misionera por la Paz de Belo Horizonte"}]},{"@type":"WebSite","@id":"https:\/\/www.fraterinternacional.org\/es\/#website","url":"https:\/\/www.fraterinternacional.org\/es\/","name":"Fraternidade - Federa\u00e7\u00e3o Humanit\u00e1ria Internacional","description":"Fraternidade - Federa\u00e7\u00e3o Humanit\u00e1ria Internacional","potentialAction":[{"@type":"SearchAction","target":{"@type":"EntryPoint","urlTemplate":"https:\/\/www.fraterinternacional.org\/es\/?s={search_term_string}"},"query-input":"required name=search_term_string"}],"inLanguage":"es"},{"@type":"Person","@id":"https:\/\/www.fraterinternacional.org\/es\/#\/schema\/person\/f590d67ca2cf1eb46cae07e5e40750ab","name":"Maria Clara"}]}},"_links":{"self":[{"href":"https:\/\/www.fraterinternacional.org\/es\/wp-json\/wp\/v2\/posts\/85304"}],"collection":[{"href":"https:\/\/www.fraterinternacional.org\/es\/wp-json\/wp\/v2\/posts"}],"about":[{"href":"https:\/\/www.fraterinternacional.org\/es\/wp-json\/wp\/v2\/types\/post"}],"author":[{"embeddable":true,"href":"https:\/\/www.fraterinternacional.org\/es\/wp-json\/wp\/v2\/users\/40"}],"replies":[{"embeddable":true,"href":"https:\/\/www.fraterinternacional.org\/es\/wp-json\/wp\/v2\/comments?post=85304"}],"version-history":[{"count":0,"href":"https:\/\/www.fraterinternacional.org\/es\/wp-json\/wp\/v2\/posts\/85304\/revisions"}],"wp:featuredmedia":[{"embeddable":true,"href":"https:\/\/www.fraterinternacional.org\/es\/wp-json\/wp\/v2\/media\/83948"}],"wp:attachment":[{"href":"https:\/\/www.fraterinternacional.org\/es\/wp-json\/wp\/v2\/media?parent=85304"}],"wp:term":[{"taxonomy":"category","embeddable":true,"href":"https:\/\/www.fraterinternacional.org\/es\/wp-json\/wp\/v2\/categories?post=85304"},{"taxonomy":"post_tag","embeddable":true,"href":"https:\/\/www.fraterinternacional.org\/es\/wp-json\/wp\/v2\/tags?post=85304"}],"curies":[{"name":"wp","href":"https:\/\/api.w.org\/{rel}","templated":true}]}}