{"id":83120,"date":"2018-06-28T22:13:20","date_gmt":"2018-06-29T01:13:20","guid":{"rendered":"https:\/\/www.fraterinternacional.org\/?p=83120"},"modified":"2018-06-28T22:13:20","modified_gmt":"2018-06-29T01:13:20","slug":"juventud-misionera-realizara-tercera-jornada-de-servicios-en-san-carlos","status":"publish","type":"post","link":"https:\/\/www.fraterinternacional.org\/es\/juventud-misionera-realizara-tercera-jornada-de-servicios-en-san-carlos\/","title":{"rendered":"Juventud misionera realizar\u00e1 tercera jornada de servicios en San Carlos"},"content":{"rendered":"<p style=\"text-align: justify;\"><a href=\"https:\/\/www.fraterinternacional.org\/wp-content\/uploads\/2018\/06\/Juventude-Mission\u00e1ria-S\u00e3o-Carlos-1-1-e1530044758275.jpeg\"><img decoding=\"async\" class=\"size-medium wp-image-82818 alignleft\" src=\"https:\/\/www.fraterinternacional.org\/wp-content\/uploads\/2018\/06\/Juventude-Mission\u00e1ria-S\u00e3o-Carlos-1-1-e1529976870350-300x168.jpeg\" alt=\"\" width=\"300\" height=\"168\" \/><\/a>Del viernes 29 de junio al domingo 1 de julio se llevar\u00e1 a cabo en la ciudad de San Carlos, estado de San Pablo, Brasil, la Tercera Jornada de la Juventud Misionera por la Paz. La iniciativa forma parte de la <a href=\"https:\/\/juventudepelapaz.org\/es\/\" target=\"_blank\" rel=\"noopener\">Campa\u00f1a de la Juventud por la Paz<\/a>. Al igual que en las ediciones anteriores, contar\u00e1 con el apoyo de los <a href=\"http:\/\/www.fraterinternacional.org\/es\/misiones-humanitarias\/\">misioneros<\/a> humanitarios de la <strong>Fraternidade \u2013 Federaci\u00f3n Humanitaria Internacional (FFHI).<\/strong><\/p>\n<p style=\"text-align: justify;\">El primer d\u00eda, los j\u00f3venes desarrollar\u00e1n una acci\u00f3n humanitaria en el barrio Antenor Garc\u00eda de San Carlos. En ese lugar van a colaborar para la reforma estructural, sustituci\u00f3n del techo y pintura de una humilde casita donde vive una familia, en precarias condiciones.<\/p>\n<p style=\"text-align: justify;\"><a href=\"https:\/\/www.fraterinternacional.org\/wp-content\/uploads\/2018\/06\/foto_juventude_sao_carlos3.jpeg\"><img decoding=\"async\" class=\"size-medium wp-image-81721 alignright\" src=\"https:\/\/www.fraterinternacional.org\/wp-content\/uploads\/2018\/06\/foto_juventude_sao_carlos3-300x169.jpeg\" alt=\"\" width=\"300\" height=\"169\" srcset=\"https:\/\/www.fraterinternacional.org\/wp-content\/uploads\/2018\/06\/foto_juventude_sao_carlos3-200x112.jpeg 200w, https:\/\/www.fraterinternacional.org\/wp-content\/uploads\/2018\/06\/foto_juventude_sao_carlos3-300x169.jpeg 300w, https:\/\/www.fraterinternacional.org\/wp-content\/uploads\/2018\/06\/foto_juventude_sao_carlos3-400x225.jpeg 400w, https:\/\/www.fraterinternacional.org\/wp-content\/uploads\/2018\/06\/foto_juventude_sao_carlos3-600x337.jpeg 600w, https:\/\/www.fraterinternacional.org\/wp-content\/uploads\/2018\/06\/foto_juventude_sao_carlos3.jpeg 690w\" sizes=\"(max-width: 300px) 100vw, 300px\" \/><\/a>El segundo d\u00eda van a prestar auxilio al Reino Animal, con tareas de apoyo en la perrera Proteja, iniciativa particular de un se\u00f1or de 82 a\u00f1os, donde conviven 250 animales.<\/p>\n<p style=\"text-align: justify;\">Por la tarde, participar\u00e1n, v\u00eda <em>internet<\/em>, de la <a href=\"https:\/\/juventudepelapaz.org\/es\/oracion-por-la-paz-de-los-jovenes-en-el-mundo-por-youtube\/\" target=\"_blank\" rel=\"noopener\">Oraci\u00f3n de la Juventud por la Paz<\/a>, que se transmitir\u00e1 por YouTube.<\/p>\n<p style=\"text-align: justify;\">Finalmente, el domingo ir\u00e1n al \u201cPensionato do Aconchego\u201d, un asilo que ampara actualmente a 75 ancianos.<\/p>\n<p style=\"text-align: justify;\"><strong>Juventud Misionera por la Paz<\/strong><\/p>\n<p style=\"text-align: justify;\">La Juventud Misionera por la Paz es una de las propuestas de la Campa\u00f1a de la Juventud por la Paz, junto con el Festival de la Juventud por la Paz y la Oraci\u00f3n de la Juventud por la Paz. Hasta el momento ya organiz\u00f3 dos jornadas misioneras: la primera se llev\u00f3 a cabo en Belo Horizonte, Minas Gerais, del 25 al 27 de mayo pasados, y la segunda en San Paulo, entre el 22 y el 24 de junio pasados.<\/p>\n<p style=\"text-align: justify;\">Los interesados en participar de esta Tercera Jornada de la Juventud Misionera por la Paz pueden confirmar asistencia o pedir m\u00e1s informaciones al:<\/p>\n<p style=\"text-align: justify;\">Celular +55 (19) 99217 6504<\/p>\n<p style=\"text-align: justify;\">E-mail <a href=\"mailto:nucleosc@comunidadefigueira.org.br\">nucleosc@comunidadefigueira.org.br<\/a><\/p>\n","protected":false},"excerpt":{"rendered":"<p>Del viernes 29 de junio al domingo 1 de julio se llevar\u00e1 a cabo en la ciudad de San Carlos, [&hellip;]<\/p>\n","protected":false},"author":16,"featured_media":82818,"comment_status":"closed","ping_status":"closed","sticky":false,"template":"","format":"standard","meta":{"footnotes":""},"categories":[173],"tags":[4115,4120],"class_list":["post-83120","post","type-post","status-publish","format-standard","has-post-thumbnail","hentry","category-noticia","tag-juventud-por-la-paz","tag-nucleo-luz-sao-carlos-es"],"yoast_head":"<!-- This site is optimized with the Yoast SEO Premium plugin v21.0 (Yoast SEO v21.0) - https:\/\/yoast.com\/wordpress\/plugins\/seo\/ -->\n<title>Juventud misionera realizar\u00e1 tercera jornada de servicios en San Carlos<\/title>\n<meta name=\"description\" content=\"Las actividades de la juventud misionera se desarrollar\u00e1n en un barrio pobre, en una perrera y en un asilo. Ser\u00e1 del 29 de junio al 1 de julio pr\u00f3ximos.\" \/>\n<meta name=\"robots\" content=\"index, follow, max-snippet:-1, max-image-preview:large, max-video-preview:-1\" \/>\n<link rel=\"canonical\" href=\"https:\/\/www.fraterinternacional.org\/es\/juventud-misionera-realizara-tercera-jornada-de-servicios-en-san-carlos\/\" \/>\n<meta property=\"og:locale\" content=\"es_ES\" \/>\n<meta property=\"og:type\" content=\"article\" \/>\n<meta property=\"og:title\" content=\"Juventud misionera realizar\u00e1 tercera jornada de servicios en San Carlos\" \/>\n<meta property=\"og:description\" content=\"Las actividades de la juventud misionera se desarrollar\u00e1n en un barrio pobre, en una perrera y en un asilo. Ser\u00e1 del 29 de junio al 1 de julio pr\u00f3ximos.\" \/>\n<meta property=\"og:url\" content=\"https:\/\/www.fraterinternacional.org\/es\/juventud-misionera-realizara-tercera-jornada-de-servicios-en-san-carlos\/\" \/>\n<meta property=\"og:site_name\" content=\"Fraternidade - Federa\u00e7\u00e3o Humanit\u00e1ria Internacional\" \/>\n<meta property=\"article:publisher\" content=\"https:\/\/www.facebook.com\/fraternidadehumanitaria\" \/>\n<meta property=\"article:published_time\" content=\"2018-06-29T01:13:20+00:00\" \/>\n<meta property=\"og:image\" content=\"https:\/\/www.fraterinternacional.org\/wp-content\/uploads\/2018\/06\/Juventude-Mission\u00e1ria-S\u00e3o-Carlos-1-1-e1530044758275.jpeg\" \/>\n\t<meta property=\"og:image:width\" content=\"690\" \/>\n\t<meta property=\"og:image:height\" content=\"387\" \/>\n\t<meta property=\"og:image:type\" content=\"image\/jpeg\" \/>\n<meta name=\"author\" content=\"Sergio Redator Espanhol\" \/>\n<meta name=\"twitter:card\" content=\"summary_large_image\" \/>\n<meta name=\"twitter:creator\" content=\"@fraternidadeFHI\" \/>\n<meta name=\"twitter:site\" content=\"@fraternidadeFHI\" \/>\n<meta name=\"twitter:label1\" content=\"Escrito por\" \/>\n\t<meta name=\"twitter:data1\" content=\"Sergio Redator Espanhol\" \/>\n\t<meta name=\"twitter:label2\" content=\"Tiempo de lectura\" \/>\n\t<meta name=\"twitter:data2\" content=\"2 minutos\" \/>\n<script type=\"application\/ld+json\" class=\"yoast-schema-graph\">{\"@context\":\"https:\/\/schema.org\",\"@graph\":[{\"@type\":\"WebPage\",\"@id\":\"https:\/\/www.fraterinternacional.org\/es\/juventud-misionera-realizara-tercera-jornada-de-servicios-en-san-carlos\/\",\"url\":\"https:\/\/www.fraterinternacional.org\/es\/juventud-misionera-realizara-tercera-jornada-de-servicios-en-san-carlos\/\",\"name\":\"Juventud misionera realizar\u00e1 tercera jornada de servicios en San Carlos\",\"isPartOf\":{\"@id\":\"https:\/\/www.fraterinternacional.org\/es\/#website\"},\"datePublished\":\"2018-06-29T01:13:20+00:00\",\"dateModified\":\"2018-06-29T01:13:20+00:00\",\"author\":{\"@id\":\"https:\/\/www.fraterinternacional.org\/es\/#\/schema\/person\/cf24d3eac28b0e09714ecb8cbd865c28\"},\"description\":\"Las actividades de la juventud misionera se desarrollar\u00e1n en un barrio pobre, en una perrera y en un asilo. Ser\u00e1 del 29 de junio al 1 de julio pr\u00f3ximos.\",\"breadcrumb\":{\"@id\":\"https:\/\/www.fraterinternacional.org\/es\/juventud-misionera-realizara-tercera-jornada-de-servicios-en-san-carlos\/#breadcrumb\"},\"inLanguage\":\"es\",\"potentialAction\":[{\"@type\":\"ReadAction\",\"target\":[\"https:\/\/www.fraterinternacional.org\/es\/juventud-misionera-realizara-tercera-jornada-de-servicios-en-san-carlos\/\"]}]},{\"@type\":\"BreadcrumbList\",\"@id\":\"https:\/\/www.fraterinternacional.org\/es\/juventud-misionera-realizara-tercera-jornada-de-servicios-en-san-carlos\/#breadcrumb\",\"itemListElement\":[{\"@type\":\"ListItem\",\"position\":1,\"name\":\"In\u00edcio\",\"item\":\"https:\/\/www.fraterinternacional.org\/es\/\"},{\"@type\":\"ListItem\",\"position\":2,\"name\":\"Juventud misionera realizar\u00e1 tercera jornada de servicios en San Carlos\"}]},{\"@type\":\"WebSite\",\"@id\":\"https:\/\/www.fraterinternacional.org\/es\/#website\",\"url\":\"https:\/\/www.fraterinternacional.org\/es\/\",\"name\":\"Fraternidade - Federa\u00e7\u00e3o Humanit\u00e1ria Internacional\",\"description\":\"Fraternidade - Federa\u00e7\u00e3o Humanit\u00e1ria Internacional\",\"potentialAction\":[{\"@type\":\"SearchAction\",\"target\":{\"@type\":\"EntryPoint\",\"urlTemplate\":\"https:\/\/www.fraterinternacional.org\/es\/?s={search_term_string}\"},\"query-input\":\"required name=search_term_string\"}],\"inLanguage\":\"es\"},{\"@type\":\"Person\",\"@id\":\"https:\/\/www.fraterinternacional.org\/es\/#\/schema\/person\/cf24d3eac28b0e09714ecb8cbd865c28\",\"name\":\"Sergio Redator Espanhol\"}]}<\/script>\n<!-- \/ Yoast SEO Premium plugin. -->","yoast_head_json":{"title":"Juventud misionera realizar\u00e1 tercera jornada de servicios en San Carlos","description":"Las actividades de la juventud misionera se desarrollar\u00e1n en un barrio pobre, en una perrera y en un asilo. Ser\u00e1 del 29 de junio al 1 de julio pr\u00f3ximos.","robots":{"index":"index","follow":"follow","max-snippet":"max-snippet:-1","max-image-preview":"max-image-preview:large","max-video-preview":"max-video-preview:-1"},"canonical":"https:\/\/www.fraterinternacional.org\/es\/juventud-misionera-realizara-tercera-jornada-de-servicios-en-san-carlos\/","og_locale":"es_ES","og_type":"article","og_title":"Juventud misionera realizar\u00e1 tercera jornada de servicios en San Carlos","og_description":"Las actividades de la juventud misionera se desarrollar\u00e1n en un barrio pobre, en una perrera y en un asilo. Ser\u00e1 del 29 de junio al 1 de julio pr\u00f3ximos.","og_url":"https:\/\/www.fraterinternacional.org\/es\/juventud-misionera-realizara-tercera-jornada-de-servicios-en-san-carlos\/","og_site_name":"Fraternidade - Federa\u00e7\u00e3o Humanit\u00e1ria Internacional","article_publisher":"https:\/\/www.facebook.com\/fraternidadehumanitaria","article_published_time":"2018-06-29T01:13:20+00:00","og_image":[{"width":690,"height":387,"url":"https:\/\/www.fraterinternacional.org\/wp-content\/uploads\/2018\/06\/Juventude-Mission\u00e1ria-S\u00e3o-Carlos-1-1-e1530044758275.jpeg","type":"image\/jpeg"}],"author":"Sergio Redator Espanhol","twitter_card":"summary_large_image","twitter_creator":"@fraternidadeFHI","twitter_site":"@fraternidadeFHI","twitter_misc":{"Escrito por":"Sergio Redator Espanhol","Tiempo de lectura":"2 minutos"},"schema":{"@context":"https:\/\/schema.org","@graph":[{"@type":"WebPage","@id":"https:\/\/www.fraterinternacional.org\/es\/juventud-misionera-realizara-tercera-jornada-de-servicios-en-san-carlos\/","url":"https:\/\/www.fraterinternacional.org\/es\/juventud-misionera-realizara-tercera-jornada-de-servicios-en-san-carlos\/","name":"Juventud misionera realizar\u00e1 tercera jornada de servicios en San Carlos","isPartOf":{"@id":"https:\/\/www.fraterinternacional.org\/es\/#website"},"datePublished":"2018-06-29T01:13:20+00:00","dateModified":"2018-06-29T01:13:20+00:00","author":{"@id":"https:\/\/www.fraterinternacional.org\/es\/#\/schema\/person\/cf24d3eac28b0e09714ecb8cbd865c28"},"description":"Las actividades de la juventud misionera se desarrollar\u00e1n en un barrio pobre, en una perrera y en un asilo. Ser\u00e1 del 29 de junio al 1 de julio pr\u00f3ximos.","breadcrumb":{"@id":"https:\/\/www.fraterinternacional.org\/es\/juventud-misionera-realizara-tercera-jornada-de-servicios-en-san-carlos\/#breadcrumb"},"inLanguage":"es","potentialAction":[{"@type":"ReadAction","target":["https:\/\/www.fraterinternacional.org\/es\/juventud-misionera-realizara-tercera-jornada-de-servicios-en-san-carlos\/"]}]},{"@type":"BreadcrumbList","@id":"https:\/\/www.fraterinternacional.org\/es\/juventud-misionera-realizara-tercera-jornada-de-servicios-en-san-carlos\/#breadcrumb","itemListElement":[{"@type":"ListItem","position":1,"name":"In\u00edcio","item":"https:\/\/www.fraterinternacional.org\/es\/"},{"@type":"ListItem","position":2,"name":"Juventud misionera realizar\u00e1 tercera jornada de servicios en San Carlos"}]},{"@type":"WebSite","@id":"https:\/\/www.fraterinternacional.org\/es\/#website","url":"https:\/\/www.fraterinternacional.org\/es\/","name":"Fraternidade - Federa\u00e7\u00e3o Humanit\u00e1ria Internacional","description":"Fraternidade - Federa\u00e7\u00e3o Humanit\u00e1ria Internacional","potentialAction":[{"@type":"SearchAction","target":{"@type":"EntryPoint","urlTemplate":"https:\/\/www.fraterinternacional.org\/es\/?s={search_term_string}"},"query-input":"required name=search_term_string"}],"inLanguage":"es"},{"@type":"Person","@id":"https:\/\/www.fraterinternacional.org\/es\/#\/schema\/person\/cf24d3eac28b0e09714ecb8cbd865c28","name":"Sergio Redator Espanhol"}]}},"_links":{"self":[{"href":"https:\/\/www.fraterinternacional.org\/es\/wp-json\/wp\/v2\/posts\/83120"}],"collection":[{"href":"https:\/\/www.fraterinternacional.org\/es\/wp-json\/wp\/v2\/posts"}],"about":[{"href":"https:\/\/www.fraterinternacional.org\/es\/wp-json\/wp\/v2\/types\/post"}],"author":[{"embeddable":true,"href":"https:\/\/www.fraterinternacional.org\/es\/wp-json\/wp\/v2\/users\/16"}],"replies":[{"embeddable":true,"href":"https:\/\/www.fraterinternacional.org\/es\/wp-json\/wp\/v2\/comments?post=83120"}],"version-history":[{"count":0,"href":"https:\/\/www.fraterinternacional.org\/es\/wp-json\/wp\/v2\/posts\/83120\/revisions"}],"wp:featuredmedia":[{"embeddable":true,"href":"https:\/\/www.fraterinternacional.org\/es\/wp-json\/wp\/v2\/media\/82818"}],"wp:attachment":[{"href":"https:\/\/www.fraterinternacional.org\/es\/wp-json\/wp\/v2\/media?parent=83120"}],"wp:term":[{"taxonomy":"category","embeddable":true,"href":"https:\/\/www.fraterinternacional.org\/es\/wp-json\/wp\/v2\/categories?post=83120"},{"taxonomy":"post_tag","embeddable":true,"href":"https:\/\/www.fraterinternacional.org\/es\/wp-json\/wp\/v2\/tags?post=83120"}],"curies":[{"name":"wp","href":"https:\/\/api.w.org\/{rel}","templated":true}]}}