{"id":82764,"date":"2018-06-23T23:48:49","date_gmt":"2018-06-24T02:48:49","guid":{"rendered":"https:\/\/www.fraterinternacional.org\/?p=82764"},"modified":"2018-06-24T00:26:12","modified_gmt":"2018-06-24T03:26:12","slug":"ultimo-dia-de-servicio-humanitario-de-la-mision-egipto","status":"publish","type":"post","link":"https:\/\/www.fraterinternacional.org\/es\/ultimo-dia-de-servicio-humanitario-de-la-mision-egipto\/","title":{"rendered":"\u00daltimo d\u00eda de servicio humanitario de la Misi\u00f3n Egipto"},"content":{"rendered":"<p style=\"text-align: justify;\"><strong>S\u00e1bado, 23 de junio<\/strong><\/p>\n<p style=\"text-align: justify;\"><a href=\"https:\/\/www.fraterinternacional.org\/wp-content\/uploads\/2018\/06\/missao_egito_230618_despedida_02.jpg\"><img decoding=\"async\" class=\"alignright size-medium wp-image-82742\" src=\"https:\/\/www.fraterinternacional.org\/wp-content\/uploads\/2018\/06\/missao_egito_230618_despedida_02-300x169.jpg\" alt=\"\" width=\"300\" height=\"169\" srcset=\"https:\/\/www.fraterinternacional.org\/wp-content\/uploads\/2018\/06\/missao_egito_230618_despedida_02-200x112.jpg 200w, https:\/\/www.fraterinternacional.org\/wp-content\/uploads\/2018\/06\/missao_egito_230618_despedida_02-300x169.jpg 300w, https:\/\/www.fraterinternacional.org\/wp-content\/uploads\/2018\/06\/missao_egito_230618_despedida_02-400x225.jpg 400w, https:\/\/www.fraterinternacional.org\/wp-content\/uploads\/2018\/06\/missao_egito_230618_despedida_02-600x337.jpg 600w, https:\/\/www.fraterinternacional.org\/wp-content\/uploads\/2018\/06\/missao_egito_230618_despedida_02.jpg 690w\" sizes=\"(max-width: 300px) 100vw, 300px\" \/><\/a>La <a href=\"https:\/\/www.fraterinternacional.org\/es\/campanhas-ffhi\/mision-egipto\/?portfolioCats=185\">Misi\u00f3n Egipto<\/a> complet\u00f3 su noveno y \u00faltimo d\u00eda de ayuda humanitaria en El Cairo, Egipto. En la ma\u00f1ana del s\u00e1bado 23 de junio, los misioneros de la <strong>Fraternidade \u2013 Federaci\u00f3n Humanitaria Internacional (FFHI)<\/strong> acudieron al hogar de ancianos ubicado en el barrio Al Subra, donde participaron de una misa y se despidieron de los internos.<\/p>\n<div id=\"attachment_82741\" style=\"width: 310px\" class=\"wp-caption alignleft\"><a href=\"https:\/\/www.fraterinternacional.org\/wp-content\/uploads\/2018\/06\/missao_egito_230618_despedida.jpg\"><img decoding=\"async\" aria-describedby=\"caption-attachment-82741\" class=\"wp-image-82741 size-medium\" src=\"https:\/\/www.fraterinternacional.org\/wp-content\/uploads\/2018\/06\/missao_egito_230618_despedida-300x169.jpg\" alt=\"\" width=\"300\" height=\"169\" srcset=\"https:\/\/www.fraterinternacional.org\/wp-content\/uploads\/2018\/06\/missao_egito_230618_despedida-200x112.jpg 200w, https:\/\/www.fraterinternacional.org\/wp-content\/uploads\/2018\/06\/missao_egito_230618_despedida-300x169.jpg 300w, https:\/\/www.fraterinternacional.org\/wp-content\/uploads\/2018\/06\/missao_egito_230618_despedida-400x225.jpg 400w, https:\/\/www.fraterinternacional.org\/wp-content\/uploads\/2018\/06\/missao_egito_230618_despedida-600x337.jpg 600w, https:\/\/www.fraterinternacional.org\/wp-content\/uploads\/2018\/06\/missao_egito_230618_despedida.jpg 690w\" sizes=\"(max-width: 300px) 100vw, 300px\" \/><\/a><p id=\"caption-attachment-82741\" class=\"wp-caption-text\">Presente de las Hermanas de la Caridad<\/p><\/div>\n<p style=\"text-align: justify;\">Durante la celebraci\u00f3n religiosa, el sacerdote agradeci\u00f3 al grupo misionero la ayuda brindada durante su permanencia. Posteriormente, las Misioneras de la Caridad encargadas del local tambi\u00e9n transmitieron sus agradecimientos: ofrecieron un c\u00e1ntico y obsequiaron a cada miembro de la misi\u00f3n humanitaria una medalla de la Madre Teresa de Calcuta (fundadora de la orden de las Misioneras de la Caridad) y un llavero, con una biblia en miniatura.<\/p>\n<p style=\"text-align: justify;\">El grupo recorri\u00f3 luego las dos alas de la casa y se despidi\u00f3 de todos los ancianos y ancianas que viven all\u00ed, as\u00ed como de los colaboradores del hogar.<\/p>\n<div id=\"attachment_82744\" style=\"width: 310px\" class=\"wp-caption alignright\"><a href=\"https:\/\/www.fraterinternacional.org\/wp-content\/uploads\/2018\/06\/missao_egito_230618_despedida_04.jpg\"><img decoding=\"async\" aria-describedby=\"caption-attachment-82744\" class=\"wp-image-82744 size-medium\" src=\"https:\/\/www.fraterinternacional.org\/wp-content\/uploads\/2018\/06\/missao_egito_230618_despedida_04-300x169.jpg\" alt=\"\" width=\"300\" height=\"169\" srcset=\"https:\/\/www.fraterinternacional.org\/wp-content\/uploads\/2018\/06\/missao_egito_230618_despedida_04-200x112.jpg 200w, https:\/\/www.fraterinternacional.org\/wp-content\/uploads\/2018\/06\/missao_egito_230618_despedida_04-300x169.jpg 300w, https:\/\/www.fraterinternacional.org\/wp-content\/uploads\/2018\/06\/missao_egito_230618_despedida_04-400x225.jpg 400w, https:\/\/www.fraterinternacional.org\/wp-content\/uploads\/2018\/06\/missao_egito_230618_despedida_04-600x337.jpg 600w, https:\/\/www.fraterinternacional.org\/wp-content\/uploads\/2018\/06\/missao_egito_230618_despedida_04.jpg 690w\" sizes=\"(max-width: 300px) 100vw, 300px\" \/><\/a><p id=\"caption-attachment-82744\" class=\"wp-caption-text\">Colaboradoras se despiden en As Subra<\/p><\/div>\n<p style=\"text-align: justify;\">\u201cPudimos percibir que el v\u00ednculo de amor que se cre\u00f3 a lo largo de la misi\u00f3n entre nosotros y todos los que conocimos en la casa fue bastante intenso. La uni\u00f3n que se forj\u00f3 entre todos trascendi\u00f3 idiomas, culturas y creencias. Pudimos notar igualmente que los lazos de hermandad, oraci\u00f3n y servicio con las Hermanas de la Caridad se fortalecen con cada misi\u00f3n humanitaria en la cual nos toca compartir experiencias\u201d, sintetiz\u00f3 la misionera Rosi Freitas.<\/p>\n<h3 style=\"text-align: justify;\"><strong>La Misi\u00f3n<\/strong><\/h3>\n<div id=\"attachment_82740\" style=\"width: 310px\" class=\"wp-caption alignright\"><a href=\"https:\/\/www.fraterinternacional.org\/wp-content\/uploads\/2018\/06\/missao_egito_230618_creche_02.jpg\"><img decoding=\"async\" aria-describedby=\"caption-attachment-82740\" class=\"wp-image-82740 size-medium\" src=\"https:\/\/www.fraterinternacional.org\/wp-content\/uploads\/2018\/06\/missao_egito_230618_creche_02-300x200.jpg\" alt=\"\" width=\"300\" height=\"200\" srcset=\"https:\/\/www.fraterinternacional.org\/wp-content\/uploads\/2018\/06\/missao_egito_230618_creche_02-200x133.jpg 200w, https:\/\/www.fraterinternacional.org\/wp-content\/uploads\/2018\/06\/missao_egito_230618_creche_02-300x200.jpg 300w, https:\/\/www.fraterinternacional.org\/wp-content\/uploads\/2018\/06\/missao_egito_230618_creche_02-400x267.jpg 400w, https:\/\/www.fraterinternacional.org\/wp-content\/uploads\/2018\/06\/missao_egito_230618_creche_02-600x400.jpg 600w, https:\/\/www.fraterinternacional.org\/wp-content\/uploads\/2018\/06\/missao_egito_230618_creche_02.jpg 690w\" sizes=\"(max-width: 300px) 100vw, 300px\" \/><\/a><p id=\"caption-attachment-82740\" class=\"wp-caption-text\">Servicio en la guarder\u00eda durante la semana<\/p><\/div>\n<p style=\"text-align: justify;\">La Misi\u00f3n Egipto fue cumplida por siete misioneros: cinco brasile\u00f1os y dos voluntarios portugueses de la <a href=\"https:\/\/www.fraterinternacional.org\/es\/red-luz\/\">Red-Luz Europa<\/a>. Se desarroll\u00f3 en dos casas de servicios de las Hermanas de la Caridad: una de ellas est\u00e1 en el barrio As Subra y alberga a ancianos de ambos sexos rescatados de las calles de El Cairo, la otra ofrece atenciones de guarder\u00eda a los hijos de padres de escasos recursos que pasan el d\u00eda reciclando basura para venderlos a plantas recicladoras de la regi\u00f3n. Este local se encuentra ubicado en Mokattam, un barrio marginal de la capital egipcia habitado principalmente por cristianos.<\/p>\n<p style=\"text-align: justify;\">La <a href=\"https:\/\/www.fraterinternacional.org\/es\/campanhas-ffhi\/mision-egipto\/?portfolioCats=185\">Misi\u00f3n Egipto<\/a> form\u00f3 parte de la <a href=\"https:\/\/mensajerosdivinos.org\/es\/campana-por-la-paz\" target=\"_blank\" rel=\"noopener\">Campa\u00f1a por la Paz<\/a> y se llev\u00f3 a cabo en apoyo a la <a href=\"https:\/\/mensajerosdivinos.org\/es\/europa\" target=\"_blank\" rel=\"noopener\">Peregrinaci\u00f3n por la Paz en Europa<\/a>. Dentro de ese contexto, tuvo como prop\u00f3sito irradiar paz a toda la regi\u00f3n de Medio Oriente y al continente africano.<\/p>\n<p>&nbsp;<\/p>\n<h3 style=\"text-align: center;\"><strong>Tarea humanitaria en El Cairo<\/strong><\/h3>\n\n\t\t<style type=\"text\/css\">\n\t\t\t#gallery-1 {\n\t\t\t\tmargin: auto;\n\t\t\t}\n\t\t\t#gallery-1 .gallery-item {\n\t\t\t\tfloat: left;\n\t\t\t\tmargin-top: 10px;\n\t\t\t\ttext-align: center;\n\t\t\t\twidth: 50%;\n\t\t\t}\n\t\t\t#gallery-1 img {\n\t\t\t\tborder: 2px solid #cfcfcf;\n\t\t\t}\n\t\t\t#gallery-1 .gallery-caption {\n\t\t\t\tmargin-left: 0;\n\t\t\t}\n\t\t\t\/* see gallery_shortcode() in wp-includes\/media.php *\/\n\t\t<\/style>\n\t\t<div id='gallery-1' class='gallery galleryid-82764 gallery-columns-2 gallery-size-medium'><dl class='gallery-item'>\n\t\t\t<dt class='gallery-icon portrait'>\n\t\t\t\t<a data-rel=\"iLightbox[postimages]\" data-title=\"missao_egito_230618_creche_01\" data-caption=\"\" href='https:\/\/www.fraterinternacional.org\/wp-content\/uploads\/2018\/06\/missao_egito_230618_creche_01.jpg'><img decoding=\"async\" width=\"200\" height=\"300\" src=\"https:\/\/www.fraterinternacional.org\/wp-content\/uploads\/2018\/06\/missao_egito_230618_creche_01-200x300.jpg\" class=\"attachment-medium size-medium\" alt=\"\" srcset=\"https:\/\/www.fraterinternacional.org\/wp-content\/uploads\/2018\/06\/missao_egito_230618_creche_01-200x300.jpg 200w, https:\/\/www.fraterinternacional.org\/wp-content\/uploads\/2018\/06\/missao_egito_230618_creche_01-400x600.jpg 400w, https:\/\/www.fraterinternacional.org\/wp-content\/uploads\/2018\/06\/missao_egito_230618_creche_01.jpg 460w\" sizes=\"(max-width: 200px) 100vw, 200px\" \/><\/a>\n\t\t\t<\/dt><\/dl><dl class='gallery-item'>\n\t\t\t<dt class='gallery-icon portrait'>\n\t\t\t\t<a data-rel=\"iLightbox[postimages]\" data-title=\"missao_egito_230618_lar_idosos_03\" data-caption=\"\" href='https:\/\/www.fraterinternacional.org\/wp-content\/uploads\/2018\/06\/missao_egito_230618_lar_idosos_03.jpg'><img decoding=\"async\" width=\"200\" height=\"300\" src=\"https:\/\/www.fraterinternacional.org\/wp-content\/uploads\/2018\/06\/missao_egito_230618_lar_idosos_03-200x300.jpg\" class=\"attachment-medium size-medium\" alt=\"\" srcset=\"https:\/\/www.fraterinternacional.org\/wp-content\/uploads\/2018\/06\/missao_egito_230618_lar_idosos_03-200x300.jpg 200w, https:\/\/www.fraterinternacional.org\/wp-content\/uploads\/2018\/06\/missao_egito_230618_lar_idosos_03-400x600.jpg 400w, https:\/\/www.fraterinternacional.org\/wp-content\/uploads\/2018\/06\/missao_egito_230618_lar_idosos_03.jpg 460w\" sizes=\"(max-width: 200px) 100vw, 200px\" \/><\/a>\n\t\t\t<\/dt><\/dl><br style=\"clear: both\" \/><dl class='gallery-item'>\n\t\t\t<dt class='gallery-icon landscape'>\n\t\t\t\t<a data-rel=\"iLightbox[postimages]\" data-title=\"missao_egito_230618_lar_idosos_04\" data-caption=\"\" href='https:\/\/www.fraterinternacional.org\/wp-content\/uploads\/2018\/06\/missao_egito_230618_lar_idosos_04.jpg'><img decoding=\"async\" width=\"300\" height=\"169\" src=\"https:\/\/www.fraterinternacional.org\/wp-content\/uploads\/2018\/06\/missao_egito_230618_lar_idosos_04-300x169.jpg\" class=\"attachment-medium size-medium\" alt=\"\" srcset=\"https:\/\/www.fraterinternacional.org\/wp-content\/uploads\/2018\/06\/missao_egito_230618_lar_idosos_04-200x112.jpg 200w, https:\/\/www.fraterinternacional.org\/wp-content\/uploads\/2018\/06\/missao_egito_230618_lar_idosos_04-300x169.jpg 300w, https:\/\/www.fraterinternacional.org\/wp-content\/uploads\/2018\/06\/missao_egito_230618_lar_idosos_04-400x225.jpg 400w, https:\/\/www.fraterinternacional.org\/wp-content\/uploads\/2018\/06\/missao_egito_230618_lar_idosos_04-600x337.jpg 600w, https:\/\/www.fraterinternacional.org\/wp-content\/uploads\/2018\/06\/missao_egito_230618_lar_idosos_04.jpg 690w\" sizes=\"(max-width: 300px) 100vw, 300px\" \/><\/a>\n\t\t\t<\/dt><\/dl><dl class='gallery-item'>\n\t\t\t<dt class='gallery-icon landscape'>\n\t\t\t\t<a data-rel=\"iLightbox[postimages]\" data-title=\"missao_egito_230618_lar_idosos_01\" data-caption=\"\" href='https:\/\/www.fraterinternacional.org\/wp-content\/uploads\/2018\/06\/missao_egito_230618_lar_idosos_01.jpg'><img decoding=\"async\" width=\"300\" height=\"200\" src=\"https:\/\/www.fraterinternacional.org\/wp-content\/uploads\/2018\/06\/missao_egito_230618_lar_idosos_01-300x200.jpg\" class=\"attachment-medium size-medium\" alt=\"\" srcset=\"https:\/\/www.fraterinternacional.org\/wp-content\/uploads\/2018\/06\/missao_egito_230618_lar_idosos_01-200x133.jpg 200w, https:\/\/www.fraterinternacional.org\/wp-content\/uploads\/2018\/06\/missao_egito_230618_lar_idosos_01-300x200.jpg 300w, https:\/\/www.fraterinternacional.org\/wp-content\/uploads\/2018\/06\/missao_egito_230618_lar_idosos_01-400x267.jpg 400w, https:\/\/www.fraterinternacional.org\/wp-content\/uploads\/2018\/06\/missao_egito_230618_lar_idosos_01-600x400.jpg 600w, https:\/\/www.fraterinternacional.org\/wp-content\/uploads\/2018\/06\/missao_egito_230618_lar_idosos_01.jpg 690w\" sizes=\"(max-width: 300px) 100vw, 300px\" \/><\/a>\n\t\t\t<\/dt><\/dl><br style=\"clear: both\" \/>\n\t\t<\/div>\n\n<p style=\"text-align: justify;\">\n","protected":false},"excerpt":{"rendered":"<p>S\u00e1bado, 23 de junio La Misi\u00f3n Egipto complet\u00f3 su noveno y \u00faltimo d\u00eda de ayuda humanitaria en El Cairo, Egipto. [&hellip;]<\/p>\n","protected":false},"author":16,"featured_media":0,"comment_status":"closed","ping_status":"closed","sticky":false,"template":"","format":"standard","meta":{"footnotes":""},"categories":[173,105],"tags":[229,4103,97],"class_list":["post-82764","post","type-post","status-publish","format-standard","hentry","category-noticia","category-noticias-de-las-misiones","tag-diario-es","tag-mision-egipto","tag-servicio-humanitario-es"],"yoast_head":"<!-- This site is optimized with the Yoast SEO Premium plugin v21.0 (Yoast SEO v21.0) - https:\/\/yoast.com\/wordpress\/plugins\/seo\/ -->\n<title>\u00daltimo d\u00eda de servicio humanitario de la Misi\u00f3n Egipto<\/title>\n<meta name=\"description\" content=\"Los miembros de la Misi\u00f3n Egipto completaron una semana de ayuda humanitaria en un hogar de ancianos y en una guarder\u00eda infantil de El Cairo.\" \/>\n<meta name=\"robots\" content=\"index, follow, max-snippet:-1, max-image-preview:large, max-video-preview:-1\" \/>\n<link rel=\"canonical\" href=\"https:\/\/www.fraterinternacional.org\/es\/ultimo-dia-de-servicio-humanitario-de-la-mision-egipto\/\" \/>\n<meta property=\"og:locale\" content=\"es_ES\" \/>\n<meta property=\"og:type\" content=\"article\" \/>\n<meta property=\"og:title\" content=\"\u00daltimo d\u00eda de servicio humanitario de la Misi\u00f3n Egipto\" \/>\n<meta property=\"og:description\" content=\"Los miembros de la Misi\u00f3n Egipto completaron una semana de ayuda humanitaria en un hogar de ancianos y en una guarder\u00eda infantil de El Cairo.\" \/>\n<meta property=\"og:url\" content=\"https:\/\/www.fraterinternacional.org\/es\/ultimo-dia-de-servicio-humanitario-de-la-mision-egipto\/\" \/>\n<meta property=\"og:site_name\" content=\"Fraternidade - Federa\u00e7\u00e3o Humanit\u00e1ria Internacional\" \/>\n<meta property=\"article:publisher\" content=\"https:\/\/www.facebook.com\/fraternidadehumanitaria\" \/>\n<meta property=\"article:published_time\" content=\"2018-06-24T02:48:49+00:00\" \/>\n<meta property=\"article:modified_time\" content=\"2018-06-24T03:26:12+00:00\" \/>\n<meta property=\"og:image\" content=\"https:\/\/www.fraterinternacional.org\/wp-content\/uploads\/2018\/06\/missao_egito_230618_creche_01-200x300.jpg\" \/>\n<meta name=\"author\" content=\"Sergio Redator Espanhol\" \/>\n<meta name=\"twitter:card\" content=\"summary_large_image\" \/>\n<meta name=\"twitter:creator\" content=\"@fraternidadeFHI\" \/>\n<meta name=\"twitter:site\" content=\"@fraternidadeFHI\" \/>\n<meta name=\"twitter:label1\" content=\"Escrito por\" \/>\n\t<meta name=\"twitter:data1\" content=\"Sergio Redator Espanhol\" \/>\n\t<meta name=\"twitter:label2\" content=\"Tiempo de lectura\" \/>\n\t<meta name=\"twitter:data2\" content=\"2 minutos\" \/>\n<script type=\"application\/ld+json\" class=\"yoast-schema-graph\">{\"@context\":\"https:\/\/schema.org\",\"@graph\":[{\"@type\":\"WebPage\",\"@id\":\"https:\/\/www.fraterinternacional.org\/es\/ultimo-dia-de-servicio-humanitario-de-la-mision-egipto\/\",\"url\":\"https:\/\/www.fraterinternacional.org\/es\/ultimo-dia-de-servicio-humanitario-de-la-mision-egipto\/\",\"name\":\"\u00daltimo d\u00eda de servicio humanitario de la Misi\u00f3n Egipto\",\"isPartOf\":{\"@id\":\"https:\/\/www.fraterinternacional.org\/es\/#website\"},\"datePublished\":\"2018-06-24T02:48:49+00:00\",\"dateModified\":\"2018-06-24T03:26:12+00:00\",\"author\":{\"@id\":\"https:\/\/www.fraterinternacional.org\/es\/#\/schema\/person\/cf24d3eac28b0e09714ecb8cbd865c28\"},\"description\":\"Los miembros de la Misi\u00f3n Egipto completaron una semana de ayuda humanitaria en un hogar de ancianos y en una guarder\u00eda infantil de El Cairo.\",\"breadcrumb\":{\"@id\":\"https:\/\/www.fraterinternacional.org\/es\/ultimo-dia-de-servicio-humanitario-de-la-mision-egipto\/#breadcrumb\"},\"inLanguage\":\"es\",\"potentialAction\":[{\"@type\":\"ReadAction\",\"target\":[\"https:\/\/www.fraterinternacional.org\/es\/ultimo-dia-de-servicio-humanitario-de-la-mision-egipto\/\"]}]},{\"@type\":\"BreadcrumbList\",\"@id\":\"https:\/\/www.fraterinternacional.org\/es\/ultimo-dia-de-servicio-humanitario-de-la-mision-egipto\/#breadcrumb\",\"itemListElement\":[{\"@type\":\"ListItem\",\"position\":1,\"name\":\"In\u00edcio\",\"item\":\"https:\/\/www.fraterinternacional.org\/es\/\"},{\"@type\":\"ListItem\",\"position\":2,\"name\":\"\u00daltimo d\u00eda de servicio humanitario de la Misi\u00f3n Egipto\"}]},{\"@type\":\"WebSite\",\"@id\":\"https:\/\/www.fraterinternacional.org\/es\/#website\",\"url\":\"https:\/\/www.fraterinternacional.org\/es\/\",\"name\":\"Fraternidade - Federa\u00e7\u00e3o Humanit\u00e1ria Internacional\",\"description\":\"Fraternidade - Federa\u00e7\u00e3o Humanit\u00e1ria Internacional\",\"potentialAction\":[{\"@type\":\"SearchAction\",\"target\":{\"@type\":\"EntryPoint\",\"urlTemplate\":\"https:\/\/www.fraterinternacional.org\/es\/?s={search_term_string}\"},\"query-input\":\"required name=search_term_string\"}],\"inLanguage\":\"es\"},{\"@type\":\"Person\",\"@id\":\"https:\/\/www.fraterinternacional.org\/es\/#\/schema\/person\/cf24d3eac28b0e09714ecb8cbd865c28\",\"name\":\"Sergio Redator Espanhol\"}]}<\/script>\n<!-- \/ Yoast SEO Premium plugin. -->","yoast_head_json":{"title":"\u00daltimo d\u00eda de servicio humanitario de la Misi\u00f3n Egipto","description":"Los miembros de la Misi\u00f3n Egipto completaron una semana de ayuda humanitaria en un hogar de ancianos y en una guarder\u00eda infantil de El Cairo.","robots":{"index":"index","follow":"follow","max-snippet":"max-snippet:-1","max-image-preview":"max-image-preview:large","max-video-preview":"max-video-preview:-1"},"canonical":"https:\/\/www.fraterinternacional.org\/es\/ultimo-dia-de-servicio-humanitario-de-la-mision-egipto\/","og_locale":"es_ES","og_type":"article","og_title":"\u00daltimo d\u00eda de servicio humanitario de la Misi\u00f3n Egipto","og_description":"Los miembros de la Misi\u00f3n Egipto completaron una semana de ayuda humanitaria en un hogar de ancianos y en una guarder\u00eda infantil de El Cairo.","og_url":"https:\/\/www.fraterinternacional.org\/es\/ultimo-dia-de-servicio-humanitario-de-la-mision-egipto\/","og_site_name":"Fraternidade - Federa\u00e7\u00e3o Humanit\u00e1ria Internacional","article_publisher":"https:\/\/www.facebook.com\/fraternidadehumanitaria","article_published_time":"2018-06-24T02:48:49+00:00","article_modified_time":"2018-06-24T03:26:12+00:00","og_image":[{"url":"https:\/\/www.fraterinternacional.org\/wp-content\/uploads\/2018\/06\/missao_egito_230618_creche_01-200x300.jpg"}],"author":"Sergio Redator Espanhol","twitter_card":"summary_large_image","twitter_creator":"@fraternidadeFHI","twitter_site":"@fraternidadeFHI","twitter_misc":{"Escrito por":"Sergio Redator Espanhol","Tiempo de lectura":"2 minutos"},"schema":{"@context":"https:\/\/schema.org","@graph":[{"@type":"WebPage","@id":"https:\/\/www.fraterinternacional.org\/es\/ultimo-dia-de-servicio-humanitario-de-la-mision-egipto\/","url":"https:\/\/www.fraterinternacional.org\/es\/ultimo-dia-de-servicio-humanitario-de-la-mision-egipto\/","name":"\u00daltimo d\u00eda de servicio humanitario de la Misi\u00f3n Egipto","isPartOf":{"@id":"https:\/\/www.fraterinternacional.org\/es\/#website"},"datePublished":"2018-06-24T02:48:49+00:00","dateModified":"2018-06-24T03:26:12+00:00","author":{"@id":"https:\/\/www.fraterinternacional.org\/es\/#\/schema\/person\/cf24d3eac28b0e09714ecb8cbd865c28"},"description":"Los miembros de la Misi\u00f3n Egipto completaron una semana de ayuda humanitaria en un hogar de ancianos y en una guarder\u00eda infantil de El Cairo.","breadcrumb":{"@id":"https:\/\/www.fraterinternacional.org\/es\/ultimo-dia-de-servicio-humanitario-de-la-mision-egipto\/#breadcrumb"},"inLanguage":"es","potentialAction":[{"@type":"ReadAction","target":["https:\/\/www.fraterinternacional.org\/es\/ultimo-dia-de-servicio-humanitario-de-la-mision-egipto\/"]}]},{"@type":"BreadcrumbList","@id":"https:\/\/www.fraterinternacional.org\/es\/ultimo-dia-de-servicio-humanitario-de-la-mision-egipto\/#breadcrumb","itemListElement":[{"@type":"ListItem","position":1,"name":"In\u00edcio","item":"https:\/\/www.fraterinternacional.org\/es\/"},{"@type":"ListItem","position":2,"name":"\u00daltimo d\u00eda de servicio humanitario de la Misi\u00f3n Egipto"}]},{"@type":"WebSite","@id":"https:\/\/www.fraterinternacional.org\/es\/#website","url":"https:\/\/www.fraterinternacional.org\/es\/","name":"Fraternidade - Federa\u00e7\u00e3o Humanit\u00e1ria Internacional","description":"Fraternidade - Federa\u00e7\u00e3o Humanit\u00e1ria Internacional","potentialAction":[{"@type":"SearchAction","target":{"@type":"EntryPoint","urlTemplate":"https:\/\/www.fraterinternacional.org\/es\/?s={search_term_string}"},"query-input":"required name=search_term_string"}],"inLanguage":"es"},{"@type":"Person","@id":"https:\/\/www.fraterinternacional.org\/es\/#\/schema\/person\/cf24d3eac28b0e09714ecb8cbd865c28","name":"Sergio Redator Espanhol"}]}},"_links":{"self":[{"href":"https:\/\/www.fraterinternacional.org\/es\/wp-json\/wp\/v2\/posts\/82764"}],"collection":[{"href":"https:\/\/www.fraterinternacional.org\/es\/wp-json\/wp\/v2\/posts"}],"about":[{"href":"https:\/\/www.fraterinternacional.org\/es\/wp-json\/wp\/v2\/types\/post"}],"author":[{"embeddable":true,"href":"https:\/\/www.fraterinternacional.org\/es\/wp-json\/wp\/v2\/users\/16"}],"replies":[{"embeddable":true,"href":"https:\/\/www.fraterinternacional.org\/es\/wp-json\/wp\/v2\/comments?post=82764"}],"version-history":[{"count":0,"href":"https:\/\/www.fraterinternacional.org\/es\/wp-json\/wp\/v2\/posts\/82764\/revisions"}],"wp:attachment":[{"href":"https:\/\/www.fraterinternacional.org\/es\/wp-json\/wp\/v2\/media?parent=82764"}],"wp:term":[{"taxonomy":"category","embeddable":true,"href":"https:\/\/www.fraterinternacional.org\/es\/wp-json\/wp\/v2\/categories?post=82764"},{"taxonomy":"post_tag","embeddable":true,"href":"https:\/\/www.fraterinternacional.org\/es\/wp-json\/wp\/v2\/tags?post=82764"}],"curies":[{"name":"wp","href":"https:\/\/api.w.org\/{rel}","templated":true}]}}