{"id":82072,"date":"2018-06-18T15:52:07","date_gmt":"2018-06-18T18:52:07","guid":{"rendered":"https:\/\/www.fraterinternacional.org\/?p=82072"},"modified":"2018-06-18T15:52:07","modified_gmt":"2018-06-18T18:52:07","slug":"nucleo-luz-san-carlos-una-vez-mas-sede-de-encuentro-de-jovenes","status":"publish","type":"post","link":"https:\/\/www.fraterinternacional.org\/es\/nucleo-luz-san-carlos-una-vez-mas-sede-de-encuentro-de-jovenes\/","title":{"rendered":"N\u00facleo-Luz San Carlos una vez m\u00e1s sede de encuentro de j\u00f3venes"},"content":{"rendered":"<p style=\"text-align: justify;\"><a href=\"https:\/\/www.fraterinternacional.org\/wp-content\/uploads\/2018\/06\/foto_juventude_sao_carlos4.jpeg\"><img decoding=\"async\" class=\"size-medium wp-image-81719 alignleft\" src=\"https:\/\/www.fraterinternacional.org\/wp-content\/uploads\/2018\/06\/foto_juventude_sao_carlos4-300x169.jpeg\" alt=\"\" width=\"300\" height=\"169\" srcset=\"https:\/\/www.fraterinternacional.org\/wp-content\/uploads\/2018\/06\/foto_juventude_sao_carlos4-200x112.jpeg 200w, https:\/\/www.fraterinternacional.org\/wp-content\/uploads\/2018\/06\/foto_juventude_sao_carlos4-300x169.jpeg 300w, https:\/\/www.fraterinternacional.org\/wp-content\/uploads\/2018\/06\/foto_juventude_sao_carlos4-400x225.jpeg 400w, https:\/\/www.fraterinternacional.org\/wp-content\/uploads\/2018\/06\/foto_juventude_sao_carlos4-600x337.jpeg 600w, https:\/\/www.fraterinternacional.org\/wp-content\/uploads\/2018\/06\/foto_juventude_sao_carlos4.jpeg 690w\" sizes=\"(max-width: 300px) 100vw, 300px\" \/><\/a>Entre el 18 y 20 de mayo de 2018, el <a href=\"https:\/\/www.fraterinternacional.org\/es\/nucleos-luz\/\">N\u00facleo-Luz<\/a> de Figueira en San Carlos (SP) fue una vez m\u00e1s la sede de un encuentro regional de j\u00f3venes, prosiguiendo el trabajo de <a href=\"https:\/\/juventudepelapaz.org\/es\/\" target=\"_blank\" rel=\"noopener\">Campa\u00f1a de la Juventud por la Paz<\/a>, que reuni\u00f3 representantes de ciudades vecinas del interior paulista, como Campinas, Batatais y Pirassununga,<\/p>\n<p style=\"text-align: justify;\">Con la finalidad de impulsar a los j\u00f3venes al contacto con su propia esencia interior, la programaci\u00f3n del encuentro contempl\u00f3 momentos de oraci\u00f3n, servicio, m\u00fasica y amor a los Reinos de la Naturaleza, dando as\u00ed, a las almas que participan, la oportunidad de vivir diferentes expresiones de esta obra y diferentes formas de conectarse con lo Alto.<\/p>\n<p style=\"text-align: justify;\"><a href=\"https:\/\/www.fraterinternacional.org\/wp-content\/uploads\/2018\/06\/foto_juventude_sao_carlos2.jpeg\"><img decoding=\"async\" class=\"size-medium wp-image-81720 alignright\" src=\"https:\/\/www.fraterinternacional.org\/wp-content\/uploads\/2018\/06\/foto_juventude_sao_carlos2-300x169.jpeg\" alt=\"\" width=\"300\" height=\"169\" srcset=\"https:\/\/www.fraterinternacional.org\/wp-content\/uploads\/2018\/06\/foto_juventude_sao_carlos2-200x112.jpeg 200w, https:\/\/www.fraterinternacional.org\/wp-content\/uploads\/2018\/06\/foto_juventude_sao_carlos2-300x169.jpeg 300w, https:\/\/www.fraterinternacional.org\/wp-content\/uploads\/2018\/06\/foto_juventude_sao_carlos2-400x225.jpeg 400w, https:\/\/www.fraterinternacional.org\/wp-content\/uploads\/2018\/06\/foto_juventude_sao_carlos2-600x337.jpeg 600w, https:\/\/www.fraterinternacional.org\/wp-content\/uploads\/2018\/06\/foto_juventude_sao_carlos2.jpeg 690w\" sizes=\"(max-width: 300px) 100vw, 300px\" \/><\/a>De manera especial, en el encuentro se percibi\u00f3 la sagrada Presencia de San Jos\u00e9, pues los j\u00f3venes participaron del encuentro del Cast\u00edsimo Coraz\u00f3n, recibiendo los impulsos y bendiciones para todo el trabajo. La programaci\u00f3n sigui\u00f3 con la participaci\u00f3n en la <a href=\"http:\/\/redeluzoracao.fraterinternacional.org\/\" target=\"_blank\" rel=\"noopener\">Oraci\u00f3n de los J\u00f3venes por la Paz en el Mundo<\/a>, que se lleva a cabo todos los s\u00e1bados a las 17.00, por el canal de YouTube, en internet.<\/p>\n<p style=\"text-align: justify;\">Una alegre pr\u00e1ctica de danzas circulares elev\u00f3 al grupo en una energ\u00eda de integraci\u00f3n y amorosidad, lo que permiti\u00f3 una expansi\u00f3n de la consciencia acerca del sentido de la armon\u00eda.<\/p>\n<p style=\"text-align: justify;\">El \u00faltimo d\u00eda del encuentro, se dedic\u00f3 el trabajo a los Reinos de la Naturaleza, en un canil donde viven m\u00e1s de 200 animales.<\/p>\n<p style=\"text-align: justify;\"><a href=\"https:\/\/www.fraterinternacional.org\/wp-content\/uploads\/2018\/06\/foto_juventude_sao_carlos3.jpeg\"><img decoding=\"async\" class=\"size-medium wp-image-81721 alignleft\" src=\"https:\/\/www.fraterinternacional.org\/wp-content\/uploads\/2018\/06\/foto_juventude_sao_carlos3-300x169.jpeg\" alt=\"\" width=\"300\" height=\"169\" srcset=\"https:\/\/www.fraterinternacional.org\/wp-content\/uploads\/2018\/06\/foto_juventude_sao_carlos3-200x112.jpeg 200w, https:\/\/www.fraterinternacional.org\/wp-content\/uploads\/2018\/06\/foto_juventude_sao_carlos3-300x169.jpeg 300w, https:\/\/www.fraterinternacional.org\/wp-content\/uploads\/2018\/06\/foto_juventude_sao_carlos3-400x225.jpeg 400w, https:\/\/www.fraterinternacional.org\/wp-content\/uploads\/2018\/06\/foto_juventude_sao_carlos3-600x337.jpeg 600w, https:\/\/www.fraterinternacional.org\/wp-content\/uploads\/2018\/06\/foto_juventude_sao_carlos3.jpeg 690w\" sizes=\"(max-width: 300px) 100vw, 300px\" \/><\/a>El cierre se dio en una atm\u00f3sfera de simplicidad y de paz, manteniendo un impulso de ampliaci\u00f3n de este trabajo y de divulgaci\u00f3n de los pr\u00f3ximos encuentros.<\/p>\n<p style=\"text-align: justify;\">Que la juventud sienta internamente el llamado de unirse y trabajar por la paz en este planeta, en especial por tantos j\u00f3venes que necesitan vivir lo sagrado.<\/p>\n","protected":false},"excerpt":{"rendered":"<p>Entre el 18 y 20 de mayo de 2018, el N\u00facleo-Luz de Figueira en San Carlos (SP) fue una vez [&hellip;]<\/p>\n","protected":false},"author":4,"featured_media":0,"comment_status":"closed","ping_status":"closed","sticky":false,"template":"","format":"standard","meta":{"footnotes":""},"categories":[173],"tags":[98],"class_list":["post-82072","post","type-post","status-publish","format-standard","hentry","category-noticia","tag-nucleos-luz-es"],"yoast_head":"<!-- This site is optimized with the Yoast SEO Premium plugin v21.0 (Yoast SEO v21.0) - https:\/\/yoast.com\/wordpress\/plugins\/seo\/ -->\n<title>N\u00facleo-Luz San Carlos una vez m\u00e1s sede de encuentro de j\u00f3venes -<\/title>\n<meta name=\"description\" content=\"El N\u00facleo-Luz de Figueira en San Carlos (SP) fue sede una vez m\u00e1s de un encuentro regional de j\u00f3venes, prosiguiendo con el trabajo de la Campa\u00f1a de la Juventud por la Paz.\" \/>\n<meta name=\"robots\" content=\"index, follow, max-snippet:-1, max-image-preview:large, max-video-preview:-1\" \/>\n<link rel=\"canonical\" href=\"https:\/\/www.fraterinternacional.org\/es\/nucleo-luz-san-carlos-una-vez-mas-sede-de-encuentro-de-jovenes\/\" \/>\n<meta property=\"og:locale\" content=\"es_ES\" \/>\n<meta property=\"og:type\" content=\"article\" \/>\n<meta property=\"og:title\" content=\"N\u00facleo-Luz San Carlos una vez m\u00e1s sede de encuentro de j\u00f3venes\" \/>\n<meta property=\"og:description\" content=\"El N\u00facleo-Luz de Figueira en San Carlos (SP) fue sede una vez m\u00e1s de un encuentro regional de j\u00f3venes, prosiguiendo con el trabajo de la Campa\u00f1a de la Juventud por la Paz.\" \/>\n<meta property=\"og:url\" content=\"https:\/\/www.fraterinternacional.org\/es\/nucleo-luz-san-carlos-una-vez-mas-sede-de-encuentro-de-jovenes\/\" \/>\n<meta property=\"og:site_name\" content=\"Fraternidade - Federa\u00e7\u00e3o Humanit\u00e1ria Internacional\" \/>\n<meta property=\"article:publisher\" content=\"https:\/\/www.facebook.com\/fraternidadehumanitaria\" \/>\n<meta property=\"article:published_time\" content=\"2018-06-18T18:52:07+00:00\" \/>\n<meta property=\"og:image\" content=\"https:\/\/www.fraterinternacional.org\/wp-content\/uploads\/2018\/06\/foto_juventude_sao_carlos4-300x169.jpeg\" \/>\n<meta name=\"author\" content=\"maducato_admin\" \/>\n<meta name=\"twitter:card\" content=\"summary_large_image\" \/>\n<meta name=\"twitter:creator\" content=\"@fraternidadeFHI\" \/>\n<meta name=\"twitter:site\" content=\"@fraternidadeFHI\" \/>\n<meta name=\"twitter:label1\" content=\"Escrito por\" \/>\n\t<meta name=\"twitter:data1\" content=\"maducato_admin\" \/>\n\t<meta name=\"twitter:label2\" content=\"Tiempo de lectura\" \/>\n\t<meta name=\"twitter:data2\" content=\"2 minutos\" \/>\n<script type=\"application\/ld+json\" class=\"yoast-schema-graph\">{\"@context\":\"https:\/\/schema.org\",\"@graph\":[{\"@type\":\"WebPage\",\"@id\":\"https:\/\/www.fraterinternacional.org\/es\/nucleo-luz-san-carlos-una-vez-mas-sede-de-encuentro-de-jovenes\/\",\"url\":\"https:\/\/www.fraterinternacional.org\/es\/nucleo-luz-san-carlos-una-vez-mas-sede-de-encuentro-de-jovenes\/\",\"name\":\"N\u00facleo-Luz San Carlos una vez m\u00e1s sede de encuentro de j\u00f3venes -\",\"isPartOf\":{\"@id\":\"https:\/\/www.fraterinternacional.org\/es\/#website\"},\"datePublished\":\"2018-06-18T18:52:07+00:00\",\"dateModified\":\"2018-06-18T18:52:07+00:00\",\"author\":{\"@id\":\"https:\/\/www.fraterinternacional.org\/es\/#\/schema\/person\/19cb7a5541fd019768c7fe255d72701e\"},\"description\":\"El N\u00facleo-Luz de Figueira en San Carlos (SP) fue sede una vez m\u00e1s de un encuentro regional de j\u00f3venes, prosiguiendo con el trabajo de la Campa\u00f1a de la Juventud por la Paz.\",\"breadcrumb\":{\"@id\":\"https:\/\/www.fraterinternacional.org\/es\/nucleo-luz-san-carlos-una-vez-mas-sede-de-encuentro-de-jovenes\/#breadcrumb\"},\"inLanguage\":\"es\",\"potentialAction\":[{\"@type\":\"ReadAction\",\"target\":[\"https:\/\/www.fraterinternacional.org\/es\/nucleo-luz-san-carlos-una-vez-mas-sede-de-encuentro-de-jovenes\/\"]}]},{\"@type\":\"BreadcrumbList\",\"@id\":\"https:\/\/www.fraterinternacional.org\/es\/nucleo-luz-san-carlos-una-vez-mas-sede-de-encuentro-de-jovenes\/#breadcrumb\",\"itemListElement\":[{\"@type\":\"ListItem\",\"position\":1,\"name\":\"In\u00edcio\",\"item\":\"https:\/\/www.fraterinternacional.org\/es\/\"},{\"@type\":\"ListItem\",\"position\":2,\"name\":\"N\u00facleo-Luz San Carlos una vez m\u00e1s sede de encuentro de j\u00f3venes\"}]},{\"@type\":\"WebSite\",\"@id\":\"https:\/\/www.fraterinternacional.org\/es\/#website\",\"url\":\"https:\/\/www.fraterinternacional.org\/es\/\",\"name\":\"Fraternidade - Federa\u00e7\u00e3o Humanit\u00e1ria Internacional\",\"description\":\"Fraternidade - Federa\u00e7\u00e3o Humanit\u00e1ria Internacional\",\"potentialAction\":[{\"@type\":\"SearchAction\",\"target\":{\"@type\":\"EntryPoint\",\"urlTemplate\":\"https:\/\/www.fraterinternacional.org\/es\/?s={search_term_string}\"},\"query-input\":\"required name=search_term_string\"}],\"inLanguage\":\"es\"},{\"@type\":\"Person\",\"@id\":\"https:\/\/www.fraterinternacional.org\/es\/#\/schema\/person\/19cb7a5541fd019768c7fe255d72701e\",\"name\":\"maducato_admin\"}]}<\/script>\n<!-- \/ Yoast SEO Premium plugin. -->","yoast_head_json":{"title":"N\u00facleo-Luz San Carlos una vez m\u00e1s sede de encuentro de j\u00f3venes -","description":"El N\u00facleo-Luz de Figueira en San Carlos (SP) fue sede una vez m\u00e1s de un encuentro regional de j\u00f3venes, prosiguiendo con el trabajo de la Campa\u00f1a de la Juventud por la Paz.","robots":{"index":"index","follow":"follow","max-snippet":"max-snippet:-1","max-image-preview":"max-image-preview:large","max-video-preview":"max-video-preview:-1"},"canonical":"https:\/\/www.fraterinternacional.org\/es\/nucleo-luz-san-carlos-una-vez-mas-sede-de-encuentro-de-jovenes\/","og_locale":"es_ES","og_type":"article","og_title":"N\u00facleo-Luz San Carlos una vez m\u00e1s sede de encuentro de j\u00f3venes","og_description":"El N\u00facleo-Luz de Figueira en San Carlos (SP) fue sede una vez m\u00e1s de un encuentro regional de j\u00f3venes, prosiguiendo con el trabajo de la Campa\u00f1a de la Juventud por la Paz.","og_url":"https:\/\/www.fraterinternacional.org\/es\/nucleo-luz-san-carlos-una-vez-mas-sede-de-encuentro-de-jovenes\/","og_site_name":"Fraternidade - Federa\u00e7\u00e3o Humanit\u00e1ria Internacional","article_publisher":"https:\/\/www.facebook.com\/fraternidadehumanitaria","article_published_time":"2018-06-18T18:52:07+00:00","og_image":[{"url":"https:\/\/www.fraterinternacional.org\/wp-content\/uploads\/2018\/06\/foto_juventude_sao_carlos4-300x169.jpeg"}],"author":"maducato_admin","twitter_card":"summary_large_image","twitter_creator":"@fraternidadeFHI","twitter_site":"@fraternidadeFHI","twitter_misc":{"Escrito por":"maducato_admin","Tiempo de lectura":"2 minutos"},"schema":{"@context":"https:\/\/schema.org","@graph":[{"@type":"WebPage","@id":"https:\/\/www.fraterinternacional.org\/es\/nucleo-luz-san-carlos-una-vez-mas-sede-de-encuentro-de-jovenes\/","url":"https:\/\/www.fraterinternacional.org\/es\/nucleo-luz-san-carlos-una-vez-mas-sede-de-encuentro-de-jovenes\/","name":"N\u00facleo-Luz San Carlos una vez m\u00e1s sede de encuentro de j\u00f3venes -","isPartOf":{"@id":"https:\/\/www.fraterinternacional.org\/es\/#website"},"datePublished":"2018-06-18T18:52:07+00:00","dateModified":"2018-06-18T18:52:07+00:00","author":{"@id":"https:\/\/www.fraterinternacional.org\/es\/#\/schema\/person\/19cb7a5541fd019768c7fe255d72701e"},"description":"El N\u00facleo-Luz de Figueira en San Carlos (SP) fue sede una vez m\u00e1s de un encuentro regional de j\u00f3venes, prosiguiendo con el trabajo de la Campa\u00f1a de la Juventud por la Paz.","breadcrumb":{"@id":"https:\/\/www.fraterinternacional.org\/es\/nucleo-luz-san-carlos-una-vez-mas-sede-de-encuentro-de-jovenes\/#breadcrumb"},"inLanguage":"es","potentialAction":[{"@type":"ReadAction","target":["https:\/\/www.fraterinternacional.org\/es\/nucleo-luz-san-carlos-una-vez-mas-sede-de-encuentro-de-jovenes\/"]}]},{"@type":"BreadcrumbList","@id":"https:\/\/www.fraterinternacional.org\/es\/nucleo-luz-san-carlos-una-vez-mas-sede-de-encuentro-de-jovenes\/#breadcrumb","itemListElement":[{"@type":"ListItem","position":1,"name":"In\u00edcio","item":"https:\/\/www.fraterinternacional.org\/es\/"},{"@type":"ListItem","position":2,"name":"N\u00facleo-Luz San Carlos una vez m\u00e1s sede de encuentro de j\u00f3venes"}]},{"@type":"WebSite","@id":"https:\/\/www.fraterinternacional.org\/es\/#website","url":"https:\/\/www.fraterinternacional.org\/es\/","name":"Fraternidade - Federa\u00e7\u00e3o Humanit\u00e1ria Internacional","description":"Fraternidade - Federa\u00e7\u00e3o Humanit\u00e1ria Internacional","potentialAction":[{"@type":"SearchAction","target":{"@type":"EntryPoint","urlTemplate":"https:\/\/www.fraterinternacional.org\/es\/?s={search_term_string}"},"query-input":"required name=search_term_string"}],"inLanguage":"es"},{"@type":"Person","@id":"https:\/\/www.fraterinternacional.org\/es\/#\/schema\/person\/19cb7a5541fd019768c7fe255d72701e","name":"maducato_admin"}]}},"_links":{"self":[{"href":"https:\/\/www.fraterinternacional.org\/es\/wp-json\/wp\/v2\/posts\/82072"}],"collection":[{"href":"https:\/\/www.fraterinternacional.org\/es\/wp-json\/wp\/v2\/posts"}],"about":[{"href":"https:\/\/www.fraterinternacional.org\/es\/wp-json\/wp\/v2\/types\/post"}],"author":[{"embeddable":true,"href":"https:\/\/www.fraterinternacional.org\/es\/wp-json\/wp\/v2\/users\/4"}],"replies":[{"embeddable":true,"href":"https:\/\/www.fraterinternacional.org\/es\/wp-json\/wp\/v2\/comments?post=82072"}],"version-history":[{"count":0,"href":"https:\/\/www.fraterinternacional.org\/es\/wp-json\/wp\/v2\/posts\/82072\/revisions"}],"wp:attachment":[{"href":"https:\/\/www.fraterinternacional.org\/es\/wp-json\/wp\/v2\/media?parent=82072"}],"wp:term":[{"taxonomy":"category","embeddable":true,"href":"https:\/\/www.fraterinternacional.org\/es\/wp-json\/wp\/v2\/categories?post=82072"},{"taxonomy":"post_tag","embeddable":true,"href":"https:\/\/www.fraterinternacional.org\/es\/wp-json\/wp\/v2\/tags?post=82072"}],"curies":[{"name":"wp","href":"https:\/\/api.w.org\/{rel}","templated":true}]}}