{"id":82014,"date":"2018-06-04T22:46:47","date_gmt":"2018-06-05T01:46:47","guid":{"rendered":"https:\/\/www.fraterinternacional.org\/missao-roraima-humanitaria-carregando-lenha\/"},"modified":"2018-06-16T07:13:33","modified_gmt":"2018-06-16T10:13:33","slug":"mision-roraima-humanitaria-cargando-lena","status":"publish","type":"post","link":"https:\/\/www.fraterinternacional.org\/es\/mision-roraima-humanitaria-cargando-lena\/","title":{"rendered":"Misi\u00f3n Roraima Humanitaria \u2013 Cargando le\u00f1a"},"content":{"rendered":"<h3 style=\"text-align: justify;\">Del 15\/4 (domingo) al 21\/4 (s\u00e1bado)<\/h3>\n<div id=\"attachment_81279\" style=\"width: 310px\" class=\"wp-caption alignleft\"><a href=\"https:\/\/www.fraterinternacional.org\/wp-content\/uploads\/2018\/06\/missao_roraima_pacaraima_lenha.jpg\"><img decoding=\"async\" aria-describedby=\"caption-attachment-81279\" class=\"wp-image-81279 size-medium\" src=\"https:\/\/www.fraterinternacional.org\/wp-content\/uploads\/2018\/06\/missao_roraima_pacaraima_lenha-300x169.jpg\" alt=\"\" width=\"300\" height=\"169\" srcset=\"https:\/\/www.fraterinternacional.org\/wp-content\/uploads\/2018\/06\/missao_roraima_pacaraima_lenha-200x112.jpg 200w, https:\/\/www.fraterinternacional.org\/wp-content\/uploads\/2018\/06\/missao_roraima_pacaraima_lenha-300x169.jpg 300w, https:\/\/www.fraterinternacional.org\/wp-content\/uploads\/2018\/06\/missao_roraima_pacaraima_lenha-400x225.jpg 400w, https:\/\/www.fraterinternacional.org\/wp-content\/uploads\/2018\/06\/missao_roraima_pacaraima_lenha-600x337.jpg 600w, https:\/\/www.fraterinternacional.org\/wp-content\/uploads\/2018\/06\/missao_roraima_pacaraima_lenha.jpg 690w\" sizes=\"(max-width: 300px) 100vw, 300px\" \/><\/a><p id=\"caption-attachment-81279\" class=\"wp-caption-text\">La busca de la le\u00f1a<\/p><\/div>\n<p style=\"text-align: justify;\">Durante varios d\u00edas, en el camino hacia la Casa de Paso en Pacaraima (RR), los misioneros de la <strong>Fraternidade &#8211; Federaci\u00f3n Humanitaria Internacional (FFHI)<\/strong> ayudaron a los inmigrantes ind\u00edgenas venezolanos a buscar le\u00f1a por los alrededores del refugio. Las familias preparan sus propios alimentos y usan le\u00f1a para el proceso de cocci\u00f3n.<\/p>\n<p style=\"text-align: justify;\"><strong>Recreaci\u00f3n y juguetes<\/strong><\/p>\n<p style=\"text-align: justify;\">El 15\/4, se desarroll\u00f3mucha recreaci\u00f3n con los ni\u00f1os en la Casa de Paso: juego de voleibol, f\u00fatbol, saltar la cuerda y diversi\u00f3n con rondas .\u00a0 eE 21\/4, los ni\u00f1os pidieron sus juguetes, que estaban colgados en una carpa en el \u00e1rea externa del refugio. Esta es la manera en que los indios Warao guardan los juguetes de los ni\u00f1os para que no se pierdan.<\/p>\n<p style=\"text-align: justify;\"><strong>Advertencia<\/strong><\/p>\n<div id=\"attachment_81282\" style=\"width: 310px\" class=\"wp-caption alignright\"><a href=\"https:\/\/www.fraterinternacional.org\/wp-content\/uploads\/2018\/06\/missao_roraima_pacaraima_brinquedos.jpg\"><img decoding=\"async\" aria-describedby=\"caption-attachment-81282\" class=\"wp-image-81282 size-medium\" src=\"https:\/\/www.fraterinternacional.org\/wp-content\/uploads\/2018\/06\/missao_roraima_pacaraima_brinquedos-300x169.jpg\" alt=\"\" width=\"300\" height=\"169\" srcset=\"https:\/\/www.fraterinternacional.org\/wp-content\/uploads\/2018\/06\/missao_roraima_pacaraima_brinquedos-200x112.jpg 200w, https:\/\/www.fraterinternacional.org\/wp-content\/uploads\/2018\/06\/missao_roraima_pacaraima_brinquedos-300x169.jpg 300w, https:\/\/www.fraterinternacional.org\/wp-content\/uploads\/2018\/06\/missao_roraima_pacaraima_brinquedos-400x225.jpg 400w, https:\/\/www.fraterinternacional.org\/wp-content\/uploads\/2018\/06\/missao_roraima_pacaraima_brinquedos-600x337.jpg 600w, https:\/\/www.fraterinternacional.org\/wp-content\/uploads\/2018\/06\/missao_roraima_pacaraima_brinquedos.jpg 690w\" sizes=\"(max-width: 300px) 100vw, 300px\" \/><\/a><p id=\"caption-attachment-81282\" class=\"wp-caption-text\">Los juguetes colgados<\/p><\/div>\n<p style=\"text-align: justify;\">El 19\/4, tuvo lugar una reuni\u00f3n previa a la distribuci\u00f3n de alimentos. Los Waraos estaban vendiendo en las calles de Pacaraima las latas de leche en polvo que se recibieron como donaci\u00f3n. Entonces, se decidi\u00f3 que la entrega de leche en polvo se har\u00e1 en bolsas de pl\u00e1stico, con la cantidad justa por familia. Se ha solicitado expresamente que los refugiados no vendan los alimentos y si llegaran a sobrar, tales alimentos ser\u00edan pasados a otros inmigrantes.<\/p>\n<p style=\"text-align: justify;\"><strong>Ministerio de la Salud<\/strong><\/p>\n<p style=\"text-align: justify;\">El 20\/4, lleg\u00f3 una visita de los representantes del Ministerio de Salud (MS) para investigar los casos de sarampi\u00f3n. Los misioneros han informado de casos de varicela y los agentes del MS se comprometieron a traer m\u00e1s vacunas.<\/p>\n","protected":false},"excerpt":{"rendered":"<p>Del 15\/4 (domingo) al 21\/4 (s\u00e1bado) Durante varios d\u00edas, en el camino hacia la Casa de Paso en Pacaraima (RR), [&hellip;]<\/p>\n","protected":false},"author":38,"featured_media":81275,"comment_status":"closed","ping_status":"closed","sticky":false,"template":"","format":"standard","meta":{"footnotes":""},"categories":[173],"tags":[229,3371,97],"class_list":["post-82014","post","type-post","status-publish","format-standard","has-post-thumbnail","hentry","category-noticia","tag-diario-es","tag-missao-roraima-humanitaria-es","tag-servicio-humanitario-es"],"yoast_head":"<!-- This site is optimized with the Yoast SEO Premium plugin v21.0 (Yoast SEO v21.0) - https:\/\/yoast.com\/wordpress\/plugins\/seo\/ -->\n<title>Misi\u00f3n Roraima Humanitaria \u2013 Cargando le\u00f1a -<\/title>\n<meta name=\"description\" content=\"Las familias de los indios Waraos en la Casa de Paso en Pacaraima, preparan su propia comida y usan le\u00f1a en el proceso de cocci\u00f3n.\" \/>\n<meta name=\"robots\" content=\"index, follow, max-snippet:-1, max-image-preview:large, max-video-preview:-1\" \/>\n<link rel=\"canonical\" href=\"https:\/\/www.fraterinternacional.org\/es\/mision-roraima-humanitaria-cargando-lena\/\" \/>\n<meta property=\"og:locale\" content=\"es_ES\" \/>\n<meta property=\"og:type\" content=\"article\" \/>\n<meta property=\"og:title\" content=\"Misi\u00f3n Roraima Humanitaria \u2013 Cargando le\u00f1a\" \/>\n<meta property=\"og:description\" content=\"Las familias de los indios Waraos en la Casa de Paso en Pacaraima, preparan su propia comida y usan le\u00f1a en el proceso de cocci\u00f3n.\" \/>\n<meta property=\"og:url\" content=\"https:\/\/www.fraterinternacional.org\/es\/mision-roraima-humanitaria-cargando-lena\/\" \/>\n<meta property=\"og:site_name\" content=\"Fraternidade - Federa\u00e7\u00e3o Humanit\u00e1ria Internacional\" \/>\n<meta property=\"article:publisher\" content=\"https:\/\/www.facebook.com\/fraternidadehumanitaria\" \/>\n<meta property=\"article:published_time\" content=\"2018-06-05T01:46:47+00:00\" \/>\n<meta property=\"article:modified_time\" content=\"2018-06-16T10:13:33+00:00\" \/>\n<meta property=\"og:image\" content=\"https:\/\/www.fraterinternacional.org\/wp-content\/uploads\/2018\/06\/missao_roraima_pacaraima_lenha_capa.jpg\" \/>\n\t<meta property=\"og:image:width\" content=\"690\" \/>\n\t<meta property=\"og:image:height\" content=\"388\" \/>\n\t<meta property=\"og:image:type\" content=\"image\/jpeg\" \/>\n<meta name=\"author\" content=\"Guilherme\" \/>\n<meta name=\"twitter:card\" content=\"summary_large_image\" \/>\n<meta name=\"twitter:creator\" content=\"@fraternidadeFHI\" \/>\n<meta name=\"twitter:site\" content=\"@fraternidadeFHI\" \/>\n<meta name=\"twitter:label1\" content=\"Escrito por\" \/>\n\t<meta name=\"twitter:data1\" content=\"Guilherme\" \/>\n\t<meta name=\"twitter:label2\" content=\"Tiempo de lectura\" \/>\n\t<meta name=\"twitter:data2\" content=\"1 minuto\" \/>\n<script type=\"application\/ld+json\" class=\"yoast-schema-graph\">{\"@context\":\"https:\/\/schema.org\",\"@graph\":[{\"@type\":\"WebPage\",\"@id\":\"https:\/\/www.fraterinternacional.org\/es\/mision-roraima-humanitaria-cargando-lena\/\",\"url\":\"https:\/\/www.fraterinternacional.org\/es\/mision-roraima-humanitaria-cargando-lena\/\",\"name\":\"Misi\u00f3n Roraima Humanitaria \u2013 Cargando le\u00f1a -\",\"isPartOf\":{\"@id\":\"https:\/\/www.fraterinternacional.org\/es\/#website\"},\"datePublished\":\"2018-06-05T01:46:47+00:00\",\"dateModified\":\"2018-06-16T10:13:33+00:00\",\"author\":{\"@id\":\"https:\/\/www.fraterinternacional.org\/es\/#\/schema\/person\/c595ef819a07462bef55dcc6656276bf\"},\"description\":\"Las familias de los indios Waraos en la Casa de Paso en Pacaraima, preparan su propia comida y usan le\u00f1a en el proceso de cocci\u00f3n.\",\"breadcrumb\":{\"@id\":\"https:\/\/www.fraterinternacional.org\/es\/mision-roraima-humanitaria-cargando-lena\/#breadcrumb\"},\"inLanguage\":\"es\",\"potentialAction\":[{\"@type\":\"ReadAction\",\"target\":[\"https:\/\/www.fraterinternacional.org\/es\/mision-roraima-humanitaria-cargando-lena\/\"]}]},{\"@type\":\"BreadcrumbList\",\"@id\":\"https:\/\/www.fraterinternacional.org\/es\/mision-roraima-humanitaria-cargando-lena\/#breadcrumb\",\"itemListElement\":[{\"@type\":\"ListItem\",\"position\":1,\"name\":\"In\u00edcio\",\"item\":\"https:\/\/www.fraterinternacional.org\/es\/\"},{\"@type\":\"ListItem\",\"position\":2,\"name\":\"Misi\u00f3n Roraima Humanitaria \u2013 Cargando le\u00f1a\"}]},{\"@type\":\"WebSite\",\"@id\":\"https:\/\/www.fraterinternacional.org\/es\/#website\",\"url\":\"https:\/\/www.fraterinternacional.org\/es\/\",\"name\":\"Fraternidade - Federa\u00e7\u00e3o Humanit\u00e1ria Internacional\",\"description\":\"Fraternidade - Federa\u00e7\u00e3o Humanit\u00e1ria Internacional\",\"potentialAction\":[{\"@type\":\"SearchAction\",\"target\":{\"@type\":\"EntryPoint\",\"urlTemplate\":\"https:\/\/www.fraterinternacional.org\/es\/?s={search_term_string}\"},\"query-input\":\"required name=search_term_string\"}],\"inLanguage\":\"es\"},{\"@type\":\"Person\",\"@id\":\"https:\/\/www.fraterinternacional.org\/es\/#\/schema\/person\/c595ef819a07462bef55dcc6656276bf\",\"name\":\"Guilherme\"}]}<\/script>\n<!-- \/ Yoast SEO Premium plugin. -->","yoast_head_json":{"title":"Misi\u00f3n Roraima Humanitaria \u2013 Cargando le\u00f1a -","description":"Las familias de los indios Waraos en la Casa de Paso en Pacaraima, preparan su propia comida y usan le\u00f1a en el proceso de cocci\u00f3n.","robots":{"index":"index","follow":"follow","max-snippet":"max-snippet:-1","max-image-preview":"max-image-preview:large","max-video-preview":"max-video-preview:-1"},"canonical":"https:\/\/www.fraterinternacional.org\/es\/mision-roraima-humanitaria-cargando-lena\/","og_locale":"es_ES","og_type":"article","og_title":"Misi\u00f3n Roraima Humanitaria \u2013 Cargando le\u00f1a","og_description":"Las familias de los indios Waraos en la Casa de Paso en Pacaraima, preparan su propia comida y usan le\u00f1a en el proceso de cocci\u00f3n.","og_url":"https:\/\/www.fraterinternacional.org\/es\/mision-roraima-humanitaria-cargando-lena\/","og_site_name":"Fraternidade - Federa\u00e7\u00e3o Humanit\u00e1ria Internacional","article_publisher":"https:\/\/www.facebook.com\/fraternidadehumanitaria","article_published_time":"2018-06-05T01:46:47+00:00","article_modified_time":"2018-06-16T10:13:33+00:00","og_image":[{"width":690,"height":388,"url":"https:\/\/www.fraterinternacional.org\/wp-content\/uploads\/2018\/06\/missao_roraima_pacaraima_lenha_capa.jpg","type":"image\/jpeg"}],"author":"Guilherme","twitter_card":"summary_large_image","twitter_creator":"@fraternidadeFHI","twitter_site":"@fraternidadeFHI","twitter_misc":{"Escrito por":"Guilherme","Tiempo de lectura":"1 minuto"},"schema":{"@context":"https:\/\/schema.org","@graph":[{"@type":"WebPage","@id":"https:\/\/www.fraterinternacional.org\/es\/mision-roraima-humanitaria-cargando-lena\/","url":"https:\/\/www.fraterinternacional.org\/es\/mision-roraima-humanitaria-cargando-lena\/","name":"Misi\u00f3n Roraima Humanitaria \u2013 Cargando le\u00f1a -","isPartOf":{"@id":"https:\/\/www.fraterinternacional.org\/es\/#website"},"datePublished":"2018-06-05T01:46:47+00:00","dateModified":"2018-06-16T10:13:33+00:00","author":{"@id":"https:\/\/www.fraterinternacional.org\/es\/#\/schema\/person\/c595ef819a07462bef55dcc6656276bf"},"description":"Las familias de los indios Waraos en la Casa de Paso en Pacaraima, preparan su propia comida y usan le\u00f1a en el proceso de cocci\u00f3n.","breadcrumb":{"@id":"https:\/\/www.fraterinternacional.org\/es\/mision-roraima-humanitaria-cargando-lena\/#breadcrumb"},"inLanguage":"es","potentialAction":[{"@type":"ReadAction","target":["https:\/\/www.fraterinternacional.org\/es\/mision-roraima-humanitaria-cargando-lena\/"]}]},{"@type":"BreadcrumbList","@id":"https:\/\/www.fraterinternacional.org\/es\/mision-roraima-humanitaria-cargando-lena\/#breadcrumb","itemListElement":[{"@type":"ListItem","position":1,"name":"In\u00edcio","item":"https:\/\/www.fraterinternacional.org\/es\/"},{"@type":"ListItem","position":2,"name":"Misi\u00f3n Roraima Humanitaria \u2013 Cargando le\u00f1a"}]},{"@type":"WebSite","@id":"https:\/\/www.fraterinternacional.org\/es\/#website","url":"https:\/\/www.fraterinternacional.org\/es\/","name":"Fraternidade - Federa\u00e7\u00e3o Humanit\u00e1ria Internacional","description":"Fraternidade - Federa\u00e7\u00e3o Humanit\u00e1ria Internacional","potentialAction":[{"@type":"SearchAction","target":{"@type":"EntryPoint","urlTemplate":"https:\/\/www.fraterinternacional.org\/es\/?s={search_term_string}"},"query-input":"required name=search_term_string"}],"inLanguage":"es"},{"@type":"Person","@id":"https:\/\/www.fraterinternacional.org\/es\/#\/schema\/person\/c595ef819a07462bef55dcc6656276bf","name":"Guilherme"}]}},"_links":{"self":[{"href":"https:\/\/www.fraterinternacional.org\/es\/wp-json\/wp\/v2\/posts\/82014"}],"collection":[{"href":"https:\/\/www.fraterinternacional.org\/es\/wp-json\/wp\/v2\/posts"}],"about":[{"href":"https:\/\/www.fraterinternacional.org\/es\/wp-json\/wp\/v2\/types\/post"}],"author":[{"embeddable":true,"href":"https:\/\/www.fraterinternacional.org\/es\/wp-json\/wp\/v2\/users\/38"}],"replies":[{"embeddable":true,"href":"https:\/\/www.fraterinternacional.org\/es\/wp-json\/wp\/v2\/comments?post=82014"}],"version-history":[{"count":0,"href":"https:\/\/www.fraterinternacional.org\/es\/wp-json\/wp\/v2\/posts\/82014\/revisions"}],"wp:featuredmedia":[{"embeddable":true,"href":"https:\/\/www.fraterinternacional.org\/es\/wp-json\/wp\/v2\/media\/81275"}],"wp:attachment":[{"href":"https:\/\/www.fraterinternacional.org\/es\/wp-json\/wp\/v2\/media?parent=82014"}],"wp:term":[{"taxonomy":"category","embeddable":true,"href":"https:\/\/www.fraterinternacional.org\/es\/wp-json\/wp\/v2\/categories?post=82014"},{"taxonomy":"post_tag","embeddable":true,"href":"https:\/\/www.fraterinternacional.org\/es\/wp-json\/wp\/v2\/tags?post=82014"}],"curies":[{"name":"wp","href":"https:\/\/api.w.org\/{rel}","templated":true}]}}