{"id":81576,"date":"2018-06-10T18:16:59","date_gmt":"2018-06-10T21:16:59","guid":{"rendered":"https:\/\/www.fraterinternacional.org\/?p=81576"},"modified":"2018-06-10T18:16:59","modified_gmt":"2018-06-10T21:16:59","slug":"vivencia-de-servicio-y-fraternidad-en-san-carlos","status":"publish","type":"post","link":"https:\/\/www.fraterinternacional.org\/es\/vivencia-de-servicio-y-fraternidad-en-san-carlos\/","title":{"rendered":"Vivencia de servicio y fraternidad junto a las familias de San Carlos"},"content":{"rendered":"<h3 style=\"text-align: center;\"><strong>Vivencia de servicio y fraternidad junto a las familias carentes de San Carlos<\/strong><\/h3>\n<p style=\"text-align: justify;\"><a href=\"https:\/\/www.fraterinternacional.org\/wp-content\/uploads\/2018\/06\/criancas_rede_luz_monasterio_servico_sao_carlos.jpeg\"><img decoding=\"async\" class=\"alignleft size-medium wp-image-81361\" src=\"https:\/\/www.fraterinternacional.org\/wp-content\/uploads\/2018\/06\/criancas_rede_luz_monasterio_servico_sao_carlos-300x169.jpeg\" alt=\"\" width=\"300\" height=\"169\" srcset=\"https:\/\/www.fraterinternacional.org\/wp-content\/uploads\/2018\/06\/criancas_rede_luz_monasterio_servico_sao_carlos-200x112.jpeg 200w, https:\/\/www.fraterinternacional.org\/wp-content\/uploads\/2018\/06\/criancas_rede_luz_monasterio_servico_sao_carlos-300x169.jpeg 300w, https:\/\/www.fraterinternacional.org\/wp-content\/uploads\/2018\/06\/criancas_rede_luz_monasterio_servico_sao_carlos-400x225.jpeg 400w, https:\/\/www.fraterinternacional.org\/wp-content\/uploads\/2018\/06\/criancas_rede_luz_monasterio_servico_sao_carlos-600x337.jpeg 600w, https:\/\/www.fraterinternacional.org\/wp-content\/uploads\/2018\/06\/criancas_rede_luz_monasterio_servico_sao_carlos.jpeg 690w\" sizes=\"(max-width: 300px) 100vw, 300px\" \/><\/a>El 3 de junio de 2018, el grupo Red-Luz de San Carlos se reuni\u00f3 para una vivencia de servicio y fraternidad junto al N\u00facleo Rosa de Nazar\u00e9, entidad asistencial que presta servicios comunitarios a las familias carentes del barrio Antenor Garc\u00eda, en San Carlos, estado de San Pablo.<\/p>\n<p style=\"text-align: justify;\">El Monasterio de la Transfiguraci\u00f3n dio su apoyo, tambi\u00e9n participaron de esta actividad la Red-Luz de Ja\u00fa y, residentes y colaboradores del N\u00facleo-Luz de Figueira, integrando la oferta de esta actividad la creciente red de servicio que se desarrolla en distintas ciudades del interior paulista.<\/p>\n<h3 style=\"text-align: center;\"><strong>Actividades educativas y recreativas<\/strong><\/h3>\n<p style=\"text-align: justify;\">La comunidad visitada se sit\u00faa en la afueras de la ciudad y manifiesta un cuadro de carencias estructurales y sociales, cuadro que se refleja especialmente en los ni\u00f1os y j\u00f3venes de la comunidad. En este escenario, el N\u00facleo Rosa de Nazar\u00e9 ofrece actividades educativas y recreativas al p\u00fablico infantil y es frecuentado por las familias locales que necesitan del sost\u00e9n que ofrece este trabajo.<\/p>\n<p style=\"text-align: justify;\"><a href=\"https:\/\/www.fraterinternacional.org\/wp-content\/uploads\/2018\/06\/rede_luz_monasterio_servico_sao_carlos1.jpeg\"><img decoding=\"async\" class=\"size-medium wp-image-81364 alignright\" src=\"https:\/\/www.fraterinternacional.org\/wp-content\/uploads\/2018\/06\/rede_luz_monasterio_servico_sao_carlos1-300x169.jpeg\" alt=\"\" width=\"300\" height=\"169\" srcset=\"https:\/\/www.fraterinternacional.org\/wp-content\/uploads\/2018\/06\/rede_luz_monasterio_servico_sao_carlos1-200x112.jpeg 200w, https:\/\/www.fraterinternacional.org\/wp-content\/uploads\/2018\/06\/rede_luz_monasterio_servico_sao_carlos1-300x169.jpeg 300w, https:\/\/www.fraterinternacional.org\/wp-content\/uploads\/2018\/06\/rede_luz_monasterio_servico_sao_carlos1-400x225.jpeg 400w, https:\/\/www.fraterinternacional.org\/wp-content\/uploads\/2018\/06\/rede_luz_monasterio_servico_sao_carlos1-600x337.jpeg 600w, https:\/\/www.fraterinternacional.org\/wp-content\/uploads\/2018\/06\/rede_luz_monasterio_servico_sao_carlos1.jpeg 690w\" sizes=\"(max-width: 300px) 100vw, 300px\" \/><\/a>Participaron de este encuentro alrededor de 50 personas, la mayor\u00eda de ellos ni\u00f1os de 6 a 12 a\u00f1os y j\u00f3venes de 13 a 17. Todos se integraron armoniosamente a la pauta del encuentro, que se inici\u00f3 con oraciones y c\u00e1nticos, pasando luego a actividades art\u00edsticas con los presentes. Mientras los m\u00e1s peque\u00f1os participaron con la pintura, los j\u00f3venes elaboraron agendas con material reciclado. Este taller muestra la importancia\u00a0 de aprovechar y reciclar los materiales y permite tambi\u00e9n desarrollar habilidades que puedan ayudarlos en el futuro. A continuaci\u00f3n, todo el grupo particip\u00f3 de actividades de juego y diversi\u00f3n, el encuentro se cerr\u00f3 con un almuerzo.<\/p>\n<p style=\"text-align: center;\">\u00abEs muy edificante percibir con que simplicidad abrimos el coraz\u00f3n: es solo ofrecer l\u00e1piz y papel que todo se manifiesta\u00bb, dice la hna. Mar\u00eda de Nazar\u00e9, monja del Monasterio de la Transfiguraci\u00f3n (Orden Gracia Misericordia).<\/p>\n<p style=\"text-align: center;\">Esta actividad en el barrio Antenor Gracia es sustentada por la Red-Luz tres veces al mes.<\/p>\n<h3 style=\"text-align: center;\"><strong>Con que simplicidad abrimos el coraz\u00f3n<\/strong><\/h3>\n<p>&nbsp;<\/p>\n\n\t\t<style type=\"text\/css\">\n\t\t\t#gallery-1 {\n\t\t\t\tmargin: auto;\n\t\t\t}\n\t\t\t#gallery-1 .gallery-item {\n\t\t\t\tfloat: left;\n\t\t\t\tmargin-top: 10px;\n\t\t\t\ttext-align: center;\n\t\t\t\twidth: 50%;\n\t\t\t}\n\t\t\t#gallery-1 img {\n\t\t\t\tborder: 2px solid #cfcfcf;\n\t\t\t}\n\t\t\t#gallery-1 .gallery-caption {\n\t\t\t\tmargin-left: 0;\n\t\t\t}\n\t\t\t\/* see gallery_shortcode() in wp-includes\/media.php *\/\n\t\t<\/style>\n\t\t<div id='gallery-1' class='gallery galleryid-81576 gallery-columns-2 gallery-size-medium'><dl class='gallery-item'>\n\t\t\t<dt class='gallery-icon landscape'>\n\t\t\t\t<a data-rel=\"iLightbox[postimages]\" data-title=\"rede_luz_monasterio_servico_sao_carlos2\" data-caption=\"\" href='https:\/\/www.fraterinternacional.org\/wp-content\/uploads\/2018\/06\/rede_luz_monasterio_servico_sao_carlos2.jpeg'><img decoding=\"async\" width=\"300\" height=\"169\" src=\"https:\/\/www.fraterinternacional.org\/wp-content\/uploads\/2018\/06\/rede_luz_monasterio_servico_sao_carlos2-300x169.jpeg\" class=\"attachment-medium size-medium\" alt=\"\" srcset=\"https:\/\/www.fraterinternacional.org\/wp-content\/uploads\/2018\/06\/rede_luz_monasterio_servico_sao_carlos2-200x112.jpeg 200w, https:\/\/www.fraterinternacional.org\/wp-content\/uploads\/2018\/06\/rede_luz_monasterio_servico_sao_carlos2-300x169.jpeg 300w, https:\/\/www.fraterinternacional.org\/wp-content\/uploads\/2018\/06\/rede_luz_monasterio_servico_sao_carlos2-400x225.jpeg 400w, https:\/\/www.fraterinternacional.org\/wp-content\/uploads\/2018\/06\/rede_luz_monasterio_servico_sao_carlos2-600x337.jpeg 600w, https:\/\/www.fraterinternacional.org\/wp-content\/uploads\/2018\/06\/rede_luz_monasterio_servico_sao_carlos2.jpeg 690w\" sizes=\"(max-width: 300px) 100vw, 300px\" \/><\/a>\n\t\t\t<\/dt><\/dl><dl class='gallery-item'>\n\t\t\t<dt class='gallery-icon landscape'>\n\t\t\t\t<a data-rel=\"iLightbox[postimages]\" data-title=\"rede_luz_monasterio_servico_sao_carlos\" data-caption=\"\" href='https:\/\/www.fraterinternacional.org\/wp-content\/uploads\/2018\/06\/rede_luz_monasterio_servico_sao_carlos.jpeg'><img decoding=\"async\" width=\"300\" height=\"169\" src=\"https:\/\/www.fraterinternacional.org\/wp-content\/uploads\/2018\/06\/rede_luz_monasterio_servico_sao_carlos-300x169.jpeg\" class=\"attachment-medium size-medium\" alt=\"\" srcset=\"https:\/\/www.fraterinternacional.org\/wp-content\/uploads\/2018\/06\/rede_luz_monasterio_servico_sao_carlos-200x112.jpeg 200w, https:\/\/www.fraterinternacional.org\/wp-content\/uploads\/2018\/06\/rede_luz_monasterio_servico_sao_carlos-300x169.jpeg 300w, https:\/\/www.fraterinternacional.org\/wp-content\/uploads\/2018\/06\/rede_luz_monasterio_servico_sao_carlos-400x225.jpeg 400w, https:\/\/www.fraterinternacional.org\/wp-content\/uploads\/2018\/06\/rede_luz_monasterio_servico_sao_carlos-600x337.jpeg 600w, https:\/\/www.fraterinternacional.org\/wp-content\/uploads\/2018\/06\/rede_luz_monasterio_servico_sao_carlos.jpeg 690w\" sizes=\"(max-width: 300px) 100vw, 300px\" \/><\/a>\n\t\t\t<\/dt><\/dl><br style=\"clear: both\" \/>\n\t\t<\/div>\n\n<p>&nbsp;<\/p>\n","protected":false},"excerpt":{"rendered":"<p>Vivencia de servicio y fraternidad junto a las familias carentes de San Carlos El 3 de junio de 2018, el [&hellip;]<\/p>\n","protected":false},"author":8,"featured_media":81363,"comment_status":"closed","ping_status":"closed","sticky":false,"template":"","format":"standard","meta":{"footnotes":""},"categories":[173],"tags":[],"class_list":["post-81576","post","type-post","status-publish","format-standard","has-post-thumbnail","hentry","category-noticia"],"yoast_head":"<!-- This site is optimized with the Yoast SEO Premium plugin v21.0 (Yoast SEO v21.0) - https:\/\/yoast.com\/wordpress\/plugins\/seo\/ -->\n<title>Vivencia de servicio y fraternidad junto a las familias de San Carlos<\/title>\n<meta name=\"description\" content=\"La comunidad visitada se ubica en la afueras de la ciudad y manifiesta un cuadro de carencias estructurales y sociales, reflejado en los ni\u00f1os y j\u00f3venes\" \/>\n<meta name=\"robots\" content=\"index, follow, max-snippet:-1, max-image-preview:large, max-video-preview:-1\" \/>\n<link rel=\"canonical\" href=\"https:\/\/www.fraterinternacional.org\/es\/vivencia-de-servicio-y-fraternidad-en-san-carlos\/\" \/>\n<meta property=\"og:locale\" content=\"es_ES\" \/>\n<meta property=\"og:type\" content=\"article\" \/>\n<meta property=\"og:title\" content=\"Vivencia de servicio y fraternidad junto a las familias de San Carlos\" \/>\n<meta property=\"og:description\" content=\"La comunidad visitada se ubica en la afueras de la ciudad y manifiesta un cuadro de carencias estructurales y sociales, reflejado en los ni\u00f1os y j\u00f3venes\" \/>\n<meta property=\"og:url\" content=\"https:\/\/www.fraterinternacional.org\/es\/vivencia-de-servicio-y-fraternidad-en-san-carlos\/\" \/>\n<meta property=\"og:site_name\" content=\"Fraternidade - Federa\u00e7\u00e3o Humanit\u00e1ria Internacional\" \/>\n<meta property=\"article:publisher\" content=\"https:\/\/www.facebook.com\/fraternidadehumanitaria\" \/>\n<meta property=\"article:published_time\" content=\"2018-06-10T21:16:59+00:00\" \/>\n<meta property=\"og:image\" content=\"https:\/\/www.fraterinternacional.org\/wp-content\/uploads\/2018\/06\/criancas_rede_luz_monasterio_servico_sao_carlos.jpeg\" \/>\n\t<meta property=\"og:image:width\" content=\"690\" \/>\n\t<meta property=\"og:image:height\" content=\"388\" \/>\n\t<meta property=\"og:image:type\" content=\"image\/jpeg\" \/>\n<meta name=\"author\" content=\"FFHI\" \/>\n<meta name=\"twitter:card\" content=\"summary_large_image\" \/>\n<meta name=\"twitter:creator\" content=\"@fraternidadeFHI\" \/>\n<meta name=\"twitter:site\" content=\"@fraternidadeFHI\" \/>\n<meta name=\"twitter:label1\" content=\"Escrito por\" \/>\n\t<meta name=\"twitter:data1\" content=\"FFHI\" \/>\n\t<meta name=\"twitter:label2\" content=\"Tiempo de lectura\" \/>\n\t<meta name=\"twitter:data2\" content=\"2 minutos\" \/>\n<script type=\"application\/ld+json\" class=\"yoast-schema-graph\">{\"@context\":\"https:\/\/schema.org\",\"@graph\":[{\"@type\":\"WebPage\",\"@id\":\"https:\/\/www.fraterinternacional.org\/es\/vivencia-de-servicio-y-fraternidad-en-san-carlos\/\",\"url\":\"https:\/\/www.fraterinternacional.org\/es\/vivencia-de-servicio-y-fraternidad-en-san-carlos\/\",\"name\":\"Vivencia de servicio y fraternidad junto a las familias de San Carlos\",\"isPartOf\":{\"@id\":\"https:\/\/www.fraterinternacional.org\/es\/#website\"},\"datePublished\":\"2018-06-10T21:16:59+00:00\",\"dateModified\":\"2018-06-10T21:16:59+00:00\",\"author\":{\"@id\":\"https:\/\/www.fraterinternacional.org\/es\/#\/schema\/person\/8fd7058ced8aa6a1995cc0feee75819f\"},\"description\":\"La comunidad visitada se ubica en la afueras de la ciudad y manifiesta un cuadro de carencias estructurales y sociales, reflejado en los ni\u00f1os y j\u00f3venes\",\"breadcrumb\":{\"@id\":\"https:\/\/www.fraterinternacional.org\/es\/vivencia-de-servicio-y-fraternidad-en-san-carlos\/#breadcrumb\"},\"inLanguage\":\"es\",\"potentialAction\":[{\"@type\":\"ReadAction\",\"target\":[\"https:\/\/www.fraterinternacional.org\/es\/vivencia-de-servicio-y-fraternidad-en-san-carlos\/\"]}]},{\"@type\":\"BreadcrumbList\",\"@id\":\"https:\/\/www.fraterinternacional.org\/es\/vivencia-de-servicio-y-fraternidad-en-san-carlos\/#breadcrumb\",\"itemListElement\":[{\"@type\":\"ListItem\",\"position\":1,\"name\":\"In\u00edcio\",\"item\":\"https:\/\/www.fraterinternacional.org\/es\/\"},{\"@type\":\"ListItem\",\"position\":2,\"name\":\"Vivencia de servicio y fraternidad junto a las familias de San Carlos\"}]},{\"@type\":\"WebSite\",\"@id\":\"https:\/\/www.fraterinternacional.org\/es\/#website\",\"url\":\"https:\/\/www.fraterinternacional.org\/es\/\",\"name\":\"Fraternidade - Federa\u00e7\u00e3o Humanit\u00e1ria Internacional\",\"description\":\"Fraternidade - Federa\u00e7\u00e3o Humanit\u00e1ria Internacional\",\"potentialAction\":[{\"@type\":\"SearchAction\",\"target\":{\"@type\":\"EntryPoint\",\"urlTemplate\":\"https:\/\/www.fraterinternacional.org\/es\/?s={search_term_string}\"},\"query-input\":\"required name=search_term_string\"}],\"inLanguage\":\"es\"},{\"@type\":\"Person\",\"@id\":\"https:\/\/www.fraterinternacional.org\/es\/#\/schema\/person\/8fd7058ced8aa6a1995cc0feee75819f\",\"name\":\"FFHI\"}]}<\/script>\n<!-- \/ Yoast SEO Premium plugin. -->","yoast_head_json":{"title":"Vivencia de servicio y fraternidad junto a las familias de San Carlos","description":"La comunidad visitada se ubica en la afueras de la ciudad y manifiesta un cuadro de carencias estructurales y sociales, reflejado en los ni\u00f1os y j\u00f3venes","robots":{"index":"index","follow":"follow","max-snippet":"max-snippet:-1","max-image-preview":"max-image-preview:large","max-video-preview":"max-video-preview:-1"},"canonical":"https:\/\/www.fraterinternacional.org\/es\/vivencia-de-servicio-y-fraternidad-en-san-carlos\/","og_locale":"es_ES","og_type":"article","og_title":"Vivencia de servicio y fraternidad junto a las familias de San Carlos","og_description":"La comunidad visitada se ubica en la afueras de la ciudad y manifiesta un cuadro de carencias estructurales y sociales, reflejado en los ni\u00f1os y j\u00f3venes","og_url":"https:\/\/www.fraterinternacional.org\/es\/vivencia-de-servicio-y-fraternidad-en-san-carlos\/","og_site_name":"Fraternidade - Federa\u00e7\u00e3o Humanit\u00e1ria Internacional","article_publisher":"https:\/\/www.facebook.com\/fraternidadehumanitaria","article_published_time":"2018-06-10T21:16:59+00:00","og_image":[{"width":690,"height":388,"url":"https:\/\/www.fraterinternacional.org\/wp-content\/uploads\/2018\/06\/criancas_rede_luz_monasterio_servico_sao_carlos.jpeg","type":"image\/jpeg"}],"author":"FFHI","twitter_card":"summary_large_image","twitter_creator":"@fraternidadeFHI","twitter_site":"@fraternidadeFHI","twitter_misc":{"Escrito por":"FFHI","Tiempo de lectura":"2 minutos"},"schema":{"@context":"https:\/\/schema.org","@graph":[{"@type":"WebPage","@id":"https:\/\/www.fraterinternacional.org\/es\/vivencia-de-servicio-y-fraternidad-en-san-carlos\/","url":"https:\/\/www.fraterinternacional.org\/es\/vivencia-de-servicio-y-fraternidad-en-san-carlos\/","name":"Vivencia de servicio y fraternidad junto a las familias de San Carlos","isPartOf":{"@id":"https:\/\/www.fraterinternacional.org\/es\/#website"},"datePublished":"2018-06-10T21:16:59+00:00","dateModified":"2018-06-10T21:16:59+00:00","author":{"@id":"https:\/\/www.fraterinternacional.org\/es\/#\/schema\/person\/8fd7058ced8aa6a1995cc0feee75819f"},"description":"La comunidad visitada se ubica en la afueras de la ciudad y manifiesta un cuadro de carencias estructurales y sociales, reflejado en los ni\u00f1os y j\u00f3venes","breadcrumb":{"@id":"https:\/\/www.fraterinternacional.org\/es\/vivencia-de-servicio-y-fraternidad-en-san-carlos\/#breadcrumb"},"inLanguage":"es","potentialAction":[{"@type":"ReadAction","target":["https:\/\/www.fraterinternacional.org\/es\/vivencia-de-servicio-y-fraternidad-en-san-carlos\/"]}]},{"@type":"BreadcrumbList","@id":"https:\/\/www.fraterinternacional.org\/es\/vivencia-de-servicio-y-fraternidad-en-san-carlos\/#breadcrumb","itemListElement":[{"@type":"ListItem","position":1,"name":"In\u00edcio","item":"https:\/\/www.fraterinternacional.org\/es\/"},{"@type":"ListItem","position":2,"name":"Vivencia de servicio y fraternidad junto a las familias de San Carlos"}]},{"@type":"WebSite","@id":"https:\/\/www.fraterinternacional.org\/es\/#website","url":"https:\/\/www.fraterinternacional.org\/es\/","name":"Fraternidade - Federa\u00e7\u00e3o Humanit\u00e1ria Internacional","description":"Fraternidade - Federa\u00e7\u00e3o Humanit\u00e1ria Internacional","potentialAction":[{"@type":"SearchAction","target":{"@type":"EntryPoint","urlTemplate":"https:\/\/www.fraterinternacional.org\/es\/?s={search_term_string}"},"query-input":"required name=search_term_string"}],"inLanguage":"es"},{"@type":"Person","@id":"https:\/\/www.fraterinternacional.org\/es\/#\/schema\/person\/8fd7058ced8aa6a1995cc0feee75819f","name":"FFHI"}]}},"_links":{"self":[{"href":"https:\/\/www.fraterinternacional.org\/es\/wp-json\/wp\/v2\/posts\/81576"}],"collection":[{"href":"https:\/\/www.fraterinternacional.org\/es\/wp-json\/wp\/v2\/posts"}],"about":[{"href":"https:\/\/www.fraterinternacional.org\/es\/wp-json\/wp\/v2\/types\/post"}],"author":[{"embeddable":true,"href":"https:\/\/www.fraterinternacional.org\/es\/wp-json\/wp\/v2\/users\/8"}],"replies":[{"embeddable":true,"href":"https:\/\/www.fraterinternacional.org\/es\/wp-json\/wp\/v2\/comments?post=81576"}],"version-history":[{"count":0,"href":"https:\/\/www.fraterinternacional.org\/es\/wp-json\/wp\/v2\/posts\/81576\/revisions"}],"wp:featuredmedia":[{"embeddable":true,"href":"https:\/\/www.fraterinternacional.org\/es\/wp-json\/wp\/v2\/media\/81363"}],"wp:attachment":[{"href":"https:\/\/www.fraterinternacional.org\/es\/wp-json\/wp\/v2\/media?parent=81576"}],"wp:term":[{"taxonomy":"category","embeddable":true,"href":"https:\/\/www.fraterinternacional.org\/es\/wp-json\/wp\/v2\/categories?post=81576"},{"taxonomy":"post_tag","embeddable":true,"href":"https:\/\/www.fraterinternacional.org\/es\/wp-json\/wp\/v2\/tags?post=81576"}],"curies":[{"name":"wp","href":"https:\/\/api.w.org\/{rel}","templated":true}]}}