{"id":79025,"date":"2018-04-23T22:20:38","date_gmt":"2018-04-24T01:20:38","guid":{"rendered":"https:\/\/www.fraterinternacional.org\/?p=79025"},"modified":"2018-04-24T12:06:24","modified_gmt":"2018-04-24T15:06:24","slug":"evocacion-de-la-consciencia-esenia","status":"publish","type":"post","link":"https:\/\/www.fraterinternacional.org\/es\/evocacion-de-la-consciencia-esenia\/","title":{"rendered":"Evocaci\u00f3n de la Consciencia Esenia"},"content":{"rendered":"<h3 data-fontsize=\"17\" data-lineheight=\"23\">Escuche el audio de Trigueirinho sobre el tema\u00a0<img decoding=\"async\" class=\"alignnone wp-image-3635\" src=\"https:\/\/www.fraterinternacional.org\/wp-content\/uploads\/2015\/09\/icone-audio.png\" alt=\"icone-audio\" width=\"33\" height=\"23\" \/><\/h3>\n<div style=\"width: 720px;\" class=\"wp-video\"><!--[if lt IE 9]><script>document.createElement('video');<\/script><![endif]-->\n<video class=\"wp-video-shortcode\" id=\"video-79025-1\" width=\"720\" height=\"100\" preload=\"metadata\" controls=\"controls\"><source type=\"video\/mp4\" src=\"https:\/\/www.fraterinternacional.org\/wp-content\/uploads\/2018\/04\/imp_ins_180423_evocacao_consciencia_essenia_tri_con_437_es.mp4?_=1\" \/><a href=\"https:\/\/www.fraterinternacional.org\/wp-content\/uploads\/2018\/04\/imp_ins_180423_evocacao_consciencia_essenia_tri_con_437_es.mp4\">https:\/\/www.fraterinternacional.org\/wp-content\/uploads\/2018\/04\/imp_ins_180423_evocacao_consciencia_essenia_tri_con_437_es.mp4<\/a><\/video><\/div>\n<h3 style=\"text-align: center;\"><strong>La cura<\/strong><a href=\"https:\/\/www.fraterinternacional.org\/wp-content\/uploads\/2018\/04\/essenios_qumran.jpg\"><img decoding=\"async\" class=\"size-medium wp-image-79010 alignleft\" src=\"https:\/\/www.fraterinternacional.org\/wp-content\/uploads\/2018\/04\/essenios_qumran-300x169.jpg\" alt=\"\" width=\"300\" height=\"169\" srcset=\"https:\/\/www.fraterinternacional.org\/wp-content\/uploads\/2018\/04\/essenios_qumran-200x112.jpg 200w, https:\/\/www.fraterinternacional.org\/wp-content\/uploads\/2018\/04\/essenios_qumran-300x169.jpg 300w, https:\/\/www.fraterinternacional.org\/wp-content\/uploads\/2018\/04\/essenios_qumran-400x225.jpg 400w, https:\/\/www.fraterinternacional.org\/wp-content\/uploads\/2018\/04\/essenios_qumran-600x337.jpg 600w, https:\/\/www.fraterinternacional.org\/wp-content\/uploads\/2018\/04\/essenios_qumran.jpg 690w\" sizes=\"(max-width: 300px) 100vw, 300px\" \/><\/a><\/h3>\n<p style=\"text-align: justify;\">La cura de una civilizaci\u00f3n, de una raza o de un Reino de la Naturaleza requiere mucho m\u00e1s que el esfuerzo de individuos aislados, necesita de una coyuntura que trascienda los patrones normales y vigentes y que tenga condiciones de ser recept\u00e1culo de est\u00edmulos suficientemente potentes para suplantar esos patrones<\/p>\n<p style=\"text-align: justify;\">En \u00e9pocas anteriores, el pueblo esenio manifest\u00f3 ese aspecto profundo de cura. Por eso, uno de los significados dados a la palabra esenio es terapeuta, lo que en cierto sentido es una realidad, aunque m\u00e1s amplia de lo que puede parecer.<\/p>\n<p style=\"text-align: justify;\">Este pueblo, adem\u00e1s de actuar en la cura de los enfermos, ten\u00eda, como prop\u00f3sito m\u00e1s elevado, la cura de la humanidad y de la vida en toda la faz de la Tierra, lo que se consum\u00f3 en el grado que fue posible para esa \u00e9poca. El retorno de la energ\u00eda esenia a la superficie del planeta es una necesidad, pues con esto se manifestar\u00e1 el equilibrio y la armon\u00eda necesarias para que la meta de la Tierra se realice.<\/p>\n<h3 style=\"text-align: center;\"><strong>Ascender espiritualmente<\/strong><\/h3>\n<p style=\"text-align: justify;\">Este retorno es tambi\u00e9n una respuesta a la parte de la humanidad que, con insistencia, clama por condiciones que le permitan ascender espiritualmente.<\/p>\n<p style=\"text-align: justify;\">Siempre hubo una asociaci\u00f3n de la energ\u00eda esenia con la energ\u00eda cr\u00edstica, debido al hecho de que la presencia de los esenios en la vida material, en el pasado, la haya preparado para recibir la vibraci\u00f3n del Cristo encarnado.<\/p>\n<p style=\"text-align: justify;\">La manifestaci\u00f3n de la energ\u00eda esenia puede manifestarse cuando se descubre la potencialidad interior de los seres. As\u00ed fue en el pasado, as\u00ed es en el presente y as\u00ed ser\u00e1 siempre. Las aut\u00e9nticas realizaciones de cualidad divina emergen cuando los hombres encuentran lo que hay de divino en s\u00ed mismos y se entregan a eso.<\/p>\n<p style=\"text-align: justify;\">La vida esenia, renacida en nuestros d\u00edas, no es necesariamente una vida grupal, no se da por medio de la reuni\u00f3n de individuos que asumen un c\u00f3digo de \u00e9tica externo, como en las m\u00e1rgenes del Mar Muerto, hace m\u00e1s de dos milenios. Esa vida esenia es en verdad hoy, un estado de consciencia, por lo tanto, no est\u00e1 m\u00e1s limitada a formas de convivencia. Nada impide a un ser, en condiciones solitarias, estar imbuido de ese estado, aunque ciertos individuos tengan la tarea de, juntos, traerlo a los niveles concretos de la existencia, como es el caso de tantos pioneros de la \u00e9poca moderna que pasan por esta importante prueba.<\/p>\n<h3 style=\"text-align: center;\"><strong>La nueva introducci\u00f3n de esa energ\u00eda en el aura del planeta<\/strong><\/h3>\n<p><img decoding=\"async\" class=\"size-medium wp-image-79013 alignright\" src=\"https:\/\/www.fraterinternacional.org\/wp-content\/uploads\/2018\/04\/essenios_mar_morto-300x169.jpg\" alt=\"\" width=\"300\" height=\"169\" srcset=\"https:\/\/www.fraterinternacional.org\/wp-content\/uploads\/2018\/04\/essenios_mar_morto-200x112.jpg 200w, https:\/\/www.fraterinternacional.org\/wp-content\/uploads\/2018\/04\/essenios_mar_morto-300x169.jpg 300w, https:\/\/www.fraterinternacional.org\/wp-content\/uploads\/2018\/04\/essenios_mar_morto-400x225.jpg 400w, https:\/\/www.fraterinternacional.org\/wp-content\/uploads\/2018\/04\/essenios_mar_morto-600x337.jpg 600w, https:\/\/www.fraterinternacional.org\/wp-content\/uploads\/2018\/04\/essenios_mar_morto.jpg 690w\" sizes=\"(max-width: 300px) 100vw, 300px\" \/><\/p>\n<p style=\"text-align: justify;\">La nueva introducci\u00f3n de esa energ\u00eda en el aura del planeta preparar\u00e1 a la Tierra para integrarse, plenamente, a la Fraternidad c\u00f3smica a la que pertenece. Este es el objetivo principal del renacimiento de la consciencia esenia en los d\u00edas de hoy, y una de las razones de este libro narra ciertas experiencias. Los cambios externos por los que pasar\u00e1 el planeta son la consecuencia de este paso mayor que est\u00e1 dando el \u00e1mbito extraterrestre. Por eso, este resurgimiento es una realizaci\u00f3n significativa en su trayectoria c\u00f3smica, y no solo en la evoluci\u00f3n de la humanidad que habita su superficie.<\/p>\n<h3 style=\"text-align: center;\"><strong>Conducidos a una existencia superior<\/strong><\/h3>\n<p style=\"text-align: justify;\">Cuando esa energ\u00eda penetra una esfera de existencia manifestada, sea de individuos, sea de grupos, la impulsa a expandirse a \u00e1mbitos planetarios, solares y as\u00ed sucesivamente, abarcando campos cada vez m\u00e1s amplios. La aproximaci\u00f3n de una vibraci\u00f3n supraf\u00edsica a un ser se vuelve posible cuando sufre una serie de desencantos y se caen velos, y, viviendo esos cambios, puede unirse a su realidad m\u00e1s profunda. Del mismo modo que los seres humanos son conducidos a una existencia superior, la Tierra est\u00e1 siendo encaminada a un estado de consciencia formada por energ\u00edas puras, desprovistas de violencia, ignorancia y codicia. No obstante representar el futuro, esas energ\u00edas, desde ya, impregnan a los que las buscan.<\/p>\n<p style=\"text-align: justify;\">Aunque la receptividad a ese manantial de cura sea aun m\u00ednima en la mayor\u00eda de los hombres, sus repercusiones son grandes cuando se la recibe plenamente, lo que se constata por la acelerada evoluci\u00f3n de los individuos que se dedican a la trascendencia. Esas energ\u00edas que, en \u00e9pocas pasadas, hicieran surgir el pueblo esenio, tienen, en su esencia, las mismas cualidades de las vibraciones de los planetas sagrados.<\/p>\n<p style=\"text-align: justify;\">Por eso traen a la Tierra la consagraci\u00f3n. Los patrones de conducta de los tiempos futuros, se expresar\u00e1n cuando se consumen comuniones m\u00e1s profundas con esas corrientes c\u00f3smicas, de una parte\u00a0 significativa de la humanidad terrestre, que puede ser considerada pionera.<\/p>\n<p><strong>Adaptado del libro de Triguerinho<\/strong>: La Cura de la Humanidad<br \/>\n<strong>Texto extra\u00eddo del cap\u00edtulo:<\/strong> Evocaci\u00f3n de la Consciencia esenia<br \/>\n<strong>Audio de Irdin &#8211; completo en<\/strong>: Conversas com Trigueirinho n.\u00ba 437<\/p>\n<p style=\"text-align: left;\"><div class=\"fusion-aligncenter\"><a class=\"fusion-button button-3d button-small button-custom fusion-button-default button-1 fusion-button-default-span \" style=\"--button_accent_color:#ffffff;--button_accent_hover_color:#dedede;--button_border_hover_color:#dedede;--button_gradient_top_color:#d3b054;--button_gradient_bottom_color:#d3b054;--button_gradient_top_color_hover:#d3b054;--button_gradient_bottom_color_hover:#d3b054;\" target=\"_self\" href=\"https:\/\/www.fraterinternacional.org\/es\/category\/impulsos-para-la-semana\/instruccion-es\/\"><span class=\"fusion-button-text\">Vea todos<\/span><\/a><\/div><\/p>\n<p>&nbsp;<\/p>\n<p><a href=\"https:\/\/www.fraterinternacional.org\/wp-content\/uploads\/2018\/04\/essenios_mar_morto_arvore.jpg\"><img decoding=\"async\" class=\"aligncenter wp-image-79016 size-full\" src=\"https:\/\/www.fraterinternacional.org\/wp-content\/uploads\/2018\/04\/essenios_mar_morto_arvore.jpg\" alt=\"\" width=\"690\" height=\"844\" srcset=\"https:\/\/www.fraterinternacional.org\/wp-content\/uploads\/2018\/04\/essenios_mar_morto_arvore-200x245.jpg 200w, https:\/\/www.fraterinternacional.org\/wp-content\/uploads\/2018\/04\/essenios_mar_morto_arvore-245x300.jpg 245w, https:\/\/www.fraterinternacional.org\/wp-content\/uploads\/2018\/04\/essenios_mar_morto_arvore-400x489.jpg 400w, https:\/\/www.fraterinternacional.org\/wp-content\/uploads\/2018\/04\/essenios_mar_morto_arvore-600x734.jpg 600w, https:\/\/www.fraterinternacional.org\/wp-content\/uploads\/2018\/04\/essenios_mar_morto_arvore.jpg 690w\" sizes=\"(max-width: 690px) 100vw, 690px\" \/><\/a><\/p>\n<p>&nbsp;<\/p>\n","protected":false},"excerpt":{"rendered":"<p>Escuche el audio de Trigueirinho sobre el tema\u00a0 La cura La cura de una civilizaci\u00f3n, de una raza o de [&hellip;]<\/p>\n","protected":false},"author":8,"featured_media":79012,"comment_status":"closed","ping_status":"closed","sticky":false,"template":"","format":"standard","meta":{"footnotes":""},"categories":[3237],"tags":[3239],"class_list":["post-79025","post","type-post","status-publish","format-standard","has-post-thumbnail","hentry","category-impulsos-para-la-semana","tag-instruccion-es"],"yoast_head":"<!-- This site is optimized with the Yoast SEO Premium plugin v21.0 (Yoast SEO v21.0) - https:\/\/yoast.com\/wordpress\/plugins\/seo\/ -->\n<title>Evocaci\u00f3n de la Consciencia Esenia - Ascender Espiritualmente.<\/title>\n<meta name=\"description\" content=\"Las aut\u00e9nticas realizaciones de cualidad divina emergen cuando los hombres encuentran lo que hay de divino en s\u00ed mismos y se entregan a eso.\" \/>\n<meta name=\"robots\" content=\"index, follow, max-snippet:-1, max-image-preview:large, max-video-preview:-1\" \/>\n<link rel=\"canonical\" href=\"https:\/\/www.fraterinternacional.org\/es\/evocacion-de-la-consciencia-esenia\/\" \/>\n<meta property=\"og:locale\" content=\"es_ES\" \/>\n<meta property=\"og:type\" content=\"article\" \/>\n<meta property=\"og:title\" content=\"Evocaci\u00f3n de la Consciencia Esenia\" \/>\n<meta property=\"og:description\" content=\"Las aut\u00e9nticas realizaciones de cualidad divina emergen cuando los hombres encuentran lo que hay de divino en s\u00ed mismos y se entregan a eso.\" \/>\n<meta property=\"og:url\" content=\"https:\/\/www.fraterinternacional.org\/es\/evocacion-de-la-consciencia-esenia\/\" \/>\n<meta property=\"og:site_name\" content=\"Fraternidade - Federa\u00e7\u00e3o Humanit\u00e1ria Internacional\" \/>\n<meta property=\"article:publisher\" content=\"https:\/\/www.facebook.com\/fraternidadehumanitaria\" \/>\n<meta property=\"article:published_time\" content=\"2018-04-24T01:20:38+00:00\" \/>\n<meta property=\"article:modified_time\" content=\"2018-04-24T15:06:24+00:00\" \/>\n<meta property=\"og:image\" content=\"https:\/\/www.fraterinternacional.org\/wp-content\/uploads\/2018\/04\/essenios_qumran.jpg\" \/>\n\t<meta property=\"og:image:width\" content=\"690\" \/>\n\t<meta property=\"og:image:height\" content=\"388\" \/>\n\t<meta property=\"og:image:type\" content=\"image\/jpeg\" \/>\n<meta name=\"author\" content=\"FFHI\" \/>\n<meta name=\"twitter:card\" content=\"summary_large_image\" \/>\n<meta name=\"twitter:creator\" content=\"@fraternidadeFHI\" \/>\n<meta name=\"twitter:site\" content=\"@fraternidadeFHI\" \/>\n<meta name=\"twitter:label1\" content=\"Escrito por\" \/>\n\t<meta name=\"twitter:data1\" content=\"FFHI\" \/>\n\t<meta name=\"twitter:label2\" content=\"Tiempo de lectura\" \/>\n\t<meta name=\"twitter:data2\" content=\"4 minutos\" \/>\n<script type=\"application\/ld+json\" class=\"yoast-schema-graph\">{\"@context\":\"https:\/\/schema.org\",\"@graph\":[{\"@type\":\"WebPage\",\"@id\":\"https:\/\/www.fraterinternacional.org\/es\/evocacion-de-la-consciencia-esenia\/\",\"url\":\"https:\/\/www.fraterinternacional.org\/es\/evocacion-de-la-consciencia-esenia\/\",\"name\":\"Evocaci\u00f3n de la Consciencia Esenia - Ascender Espiritualmente.\",\"isPartOf\":{\"@id\":\"https:\/\/www.fraterinternacional.org\/es\/#website\"},\"datePublished\":\"2018-04-24T01:20:38+00:00\",\"dateModified\":\"2018-04-24T15:06:24+00:00\",\"author\":{\"@id\":\"https:\/\/www.fraterinternacional.org\/es\/#\/schema\/person\/8fd7058ced8aa6a1995cc0feee75819f\"},\"description\":\"Las aut\u00e9nticas realizaciones de cualidad divina emergen cuando los hombres encuentran lo que hay de divino en s\u00ed mismos y se entregan a eso.\",\"breadcrumb\":{\"@id\":\"https:\/\/www.fraterinternacional.org\/es\/evocacion-de-la-consciencia-esenia\/#breadcrumb\"},\"inLanguage\":\"es\",\"potentialAction\":[{\"@type\":\"ReadAction\",\"target\":[\"https:\/\/www.fraterinternacional.org\/es\/evocacion-de-la-consciencia-esenia\/\"]}]},{\"@type\":\"BreadcrumbList\",\"@id\":\"https:\/\/www.fraterinternacional.org\/es\/evocacion-de-la-consciencia-esenia\/#breadcrumb\",\"itemListElement\":[{\"@type\":\"ListItem\",\"position\":1,\"name\":\"In\u00edcio\",\"item\":\"https:\/\/www.fraterinternacional.org\/es\/\"},{\"@type\":\"ListItem\",\"position\":2,\"name\":\"Evocaci\u00f3n de la Consciencia Esenia\"}]},{\"@type\":\"WebSite\",\"@id\":\"https:\/\/www.fraterinternacional.org\/es\/#website\",\"url\":\"https:\/\/www.fraterinternacional.org\/es\/\",\"name\":\"Fraternidade - Federa\u00e7\u00e3o Humanit\u00e1ria Internacional\",\"description\":\"Fraternidade - Federa\u00e7\u00e3o Humanit\u00e1ria Internacional\",\"potentialAction\":[{\"@type\":\"SearchAction\",\"target\":{\"@type\":\"EntryPoint\",\"urlTemplate\":\"https:\/\/www.fraterinternacional.org\/es\/?s={search_term_string}\"},\"query-input\":\"required name=search_term_string\"}],\"inLanguage\":\"es\"},{\"@type\":\"Person\",\"@id\":\"https:\/\/www.fraterinternacional.org\/es\/#\/schema\/person\/8fd7058ced8aa6a1995cc0feee75819f\",\"name\":\"FFHI\"}]}<\/script>\n<!-- \/ Yoast SEO Premium plugin. -->","yoast_head_json":{"title":"Evocaci\u00f3n de la Consciencia Esenia - Ascender Espiritualmente.","description":"Las aut\u00e9nticas realizaciones de cualidad divina emergen cuando los hombres encuentran lo que hay de divino en s\u00ed mismos y se entregan a eso.","robots":{"index":"index","follow":"follow","max-snippet":"max-snippet:-1","max-image-preview":"max-image-preview:large","max-video-preview":"max-video-preview:-1"},"canonical":"https:\/\/www.fraterinternacional.org\/es\/evocacion-de-la-consciencia-esenia\/","og_locale":"es_ES","og_type":"article","og_title":"Evocaci\u00f3n de la Consciencia Esenia","og_description":"Las aut\u00e9nticas realizaciones de cualidad divina emergen cuando los hombres encuentran lo que hay de divino en s\u00ed mismos y se entregan a eso.","og_url":"https:\/\/www.fraterinternacional.org\/es\/evocacion-de-la-consciencia-esenia\/","og_site_name":"Fraternidade - Federa\u00e7\u00e3o Humanit\u00e1ria Internacional","article_publisher":"https:\/\/www.facebook.com\/fraternidadehumanitaria","article_published_time":"2018-04-24T01:20:38+00:00","article_modified_time":"2018-04-24T15:06:24+00:00","og_image":[{"width":690,"height":388,"url":"https:\/\/www.fraterinternacional.org\/wp-content\/uploads\/2018\/04\/essenios_qumran.jpg","type":"image\/jpeg"}],"author":"FFHI","twitter_card":"summary_large_image","twitter_creator":"@fraternidadeFHI","twitter_site":"@fraternidadeFHI","twitter_misc":{"Escrito por":"FFHI","Tiempo de lectura":"4 minutos"},"schema":{"@context":"https:\/\/schema.org","@graph":[{"@type":"WebPage","@id":"https:\/\/www.fraterinternacional.org\/es\/evocacion-de-la-consciencia-esenia\/","url":"https:\/\/www.fraterinternacional.org\/es\/evocacion-de-la-consciencia-esenia\/","name":"Evocaci\u00f3n de la Consciencia Esenia - Ascender Espiritualmente.","isPartOf":{"@id":"https:\/\/www.fraterinternacional.org\/es\/#website"},"datePublished":"2018-04-24T01:20:38+00:00","dateModified":"2018-04-24T15:06:24+00:00","author":{"@id":"https:\/\/www.fraterinternacional.org\/es\/#\/schema\/person\/8fd7058ced8aa6a1995cc0feee75819f"},"description":"Las aut\u00e9nticas realizaciones de cualidad divina emergen cuando los hombres encuentran lo que hay de divino en s\u00ed mismos y se entregan a eso.","breadcrumb":{"@id":"https:\/\/www.fraterinternacional.org\/es\/evocacion-de-la-consciencia-esenia\/#breadcrumb"},"inLanguage":"es","potentialAction":[{"@type":"ReadAction","target":["https:\/\/www.fraterinternacional.org\/es\/evocacion-de-la-consciencia-esenia\/"]}]},{"@type":"BreadcrumbList","@id":"https:\/\/www.fraterinternacional.org\/es\/evocacion-de-la-consciencia-esenia\/#breadcrumb","itemListElement":[{"@type":"ListItem","position":1,"name":"In\u00edcio","item":"https:\/\/www.fraterinternacional.org\/es\/"},{"@type":"ListItem","position":2,"name":"Evocaci\u00f3n de la Consciencia Esenia"}]},{"@type":"WebSite","@id":"https:\/\/www.fraterinternacional.org\/es\/#website","url":"https:\/\/www.fraterinternacional.org\/es\/","name":"Fraternidade - Federa\u00e7\u00e3o Humanit\u00e1ria Internacional","description":"Fraternidade - Federa\u00e7\u00e3o Humanit\u00e1ria Internacional","potentialAction":[{"@type":"SearchAction","target":{"@type":"EntryPoint","urlTemplate":"https:\/\/www.fraterinternacional.org\/es\/?s={search_term_string}"},"query-input":"required name=search_term_string"}],"inLanguage":"es"},{"@type":"Person","@id":"https:\/\/www.fraterinternacional.org\/es\/#\/schema\/person\/8fd7058ced8aa6a1995cc0feee75819f","name":"FFHI"}]}},"_links":{"self":[{"href":"https:\/\/www.fraterinternacional.org\/es\/wp-json\/wp\/v2\/posts\/79025"}],"collection":[{"href":"https:\/\/www.fraterinternacional.org\/es\/wp-json\/wp\/v2\/posts"}],"about":[{"href":"https:\/\/www.fraterinternacional.org\/es\/wp-json\/wp\/v2\/types\/post"}],"author":[{"embeddable":true,"href":"https:\/\/www.fraterinternacional.org\/es\/wp-json\/wp\/v2\/users\/8"}],"replies":[{"embeddable":true,"href":"https:\/\/www.fraterinternacional.org\/es\/wp-json\/wp\/v2\/comments?post=79025"}],"version-history":[{"count":0,"href":"https:\/\/www.fraterinternacional.org\/es\/wp-json\/wp\/v2\/posts\/79025\/revisions"}],"wp:featuredmedia":[{"embeddable":true,"href":"https:\/\/www.fraterinternacional.org\/es\/wp-json\/wp\/v2\/media\/79012"}],"wp:attachment":[{"href":"https:\/\/www.fraterinternacional.org\/es\/wp-json\/wp\/v2\/media?parent=79025"}],"wp:term":[{"taxonomy":"category","embeddable":true,"href":"https:\/\/www.fraterinternacional.org\/es\/wp-json\/wp\/v2\/categories?post=79025"},{"taxonomy":"post_tag","embeddable":true,"href":"https:\/\/www.fraterinternacional.org\/es\/wp-json\/wp\/v2\/tags?post=79025"}],"curies":[{"name":"wp","href":"https:\/\/api.w.org\/{rel}","templated":true}]}}