{"id":78343,"date":"2018-04-10T17:29:21","date_gmt":"2018-04-10T20:29:21","guid":{"rendered":"https:\/\/www.fraterinternacional.org\/?p=78343"},"modified":"2018-04-10T18:07:37","modified_gmt":"2018-04-10T21:07:37","slug":"agua-15-espejos-de-luz-1","status":"publish","type":"post","link":"https:\/\/www.fraterinternacional.org\/es\/agua-15-espejos-de-luz-1\/","title":{"rendered":"Agua\u00a015 \u2013\u00a0Espejos de Luz 1"},"content":{"rendered":"<h3 style=\"text-align: center;\"><strong>Espejos de Luz 1<\/strong><br \/>\n<strong>Tema: Sagrado\u00a0Reino del Agua<\/strong><\/h3>\n<p style=\"text-align: justify;\"><a href=\"https:\/\/www.fraterinternacional.org\/wp-content\/uploads\/2018\/04\/universo_espelho_cosmos.jpg\"><img decoding=\"async\" class=\"alignleft size-medium wp-image-78336\" src=\"https:\/\/www.fraterinternacional.org\/wp-content\/uploads\/2018\/04\/universo_espelho_cosmos-300x169.jpg\" alt=\"\" width=\"300\" height=\"169\" srcset=\"https:\/\/www.fraterinternacional.org\/wp-content\/uploads\/2018\/04\/universo_espelho_cosmos-200x112.jpg 200w, https:\/\/www.fraterinternacional.org\/wp-content\/uploads\/2018\/04\/universo_espelho_cosmos-300x169.jpg 300w, https:\/\/www.fraterinternacional.org\/wp-content\/uploads\/2018\/04\/universo_espelho_cosmos-400x225.jpg 400w, https:\/\/www.fraterinternacional.org\/wp-content\/uploads\/2018\/04\/universo_espelho_cosmos-600x337.jpg 600w, https:\/\/www.fraterinternacional.org\/wp-content\/uploads\/2018\/04\/universo_espelho_cosmos.jpg 690w\" sizes=\"(max-width: 300px) 100vw, 300px\" \/><\/a>El fen\u00f3meno de la resonancia vibratoria puede ser comprendido como un gran sistema de comunicaci\u00f3n c\u00f3smica, que es llamado <em>Espejos Celestiales<\/em>. Al <em>coraz\u00f3n de la galaxia<\/em> llegan impulsos creadores que definen todas las formas de expresi\u00f3n de la vida en su \u00e1mbito. Esos impulsos son irradiados de Espejo en Espejo y llegan al <em>coraz\u00f3n del Sol<\/em>, ascienden al <em>coraz\u00f3n de la Tierra<\/em>, de todas sus part\u00edculas. Tocan el coraz\u00f3n humano, cada c\u00e9lula y tocan la esencia del \u00e1tomo. \u00a1La vida despierta en la materia! Del <em>Sol Central de la Galaxia <\/em>al \u00e1tomo resuenan los patrones lum\u00ednicos de la Nueva Vida.<\/p>\n<p style=\"text-align: justify;\">Al contemplar el cielo estrellado tenemos la ilusi\u00f3n de que los astros est\u00e1n encima y fuera de nosotros, pero en la realidad estamos inmersos en sus esferas de vida, con resonancias propias, impregnadas por las poderosas corrientes de la <em>Vida Universal<\/em>.<\/p>\n<p style=\"text-align: center;\"><em>Viv\u00eds en un Universo entretejido y sustentado por la ley de la sinton\u00eda, por la resonancia entre vibraciones.<br \/>\nEs necesario colocar la propia energ\u00eda vibrando en frecuencias afines con el prop\u00f3sito evolutivo<\/em><\/p>\n<h5 style=\"text-align: center;\"><em>Patrones de Conducta para la Nueva Humanidad, <\/em>de Triguerinho. Editorial Kier (Buenos Aires)<\/h5>\n<h3 style=\"text-align: center;\"><strong>La Tierra se prepara para entrar en un nuevo ciclo<\/strong><\/h3>\n<p><img decoding=\"async\" class=\"alignright wp-image-78060 size-medium\" src=\"https:\/\/www.fraterinternacional.org\/wp-content\/uploads\/2018\/04\/terra_cosmos_novo_ciclo-e1523215268194-300x169.jpg\" alt=\"\" width=\"300\" height=\"169\" srcset=\"https:\/\/www.fraterinternacional.org\/wp-content\/uploads\/2018\/04\/terra_cosmos_novo_ciclo-e1523215268194-200x112.jpg 200w, https:\/\/www.fraterinternacional.org\/wp-content\/uploads\/2018\/04\/terra_cosmos_novo_ciclo-e1523215268194-300x169.jpg 300w, https:\/\/www.fraterinternacional.org\/wp-content\/uploads\/2018\/04\/terra_cosmos_novo_ciclo-e1523215268194-400x225.jpg 400w, https:\/\/www.fraterinternacional.org\/wp-content\/uploads\/2018\/04\/terra_cosmos_novo_ciclo-e1523215268194-600x337.jpg 600w, https:\/\/www.fraterinternacional.org\/wp-content\/uploads\/2018\/04\/terra_cosmos_novo_ciclo-e1523215268194.jpg 690w\" sizes=\"(max-width: 300px) 100vw, 300px\" \/><\/p>\n<p style=\"text-align: justify;\">La Tierra se prepara para entrar en un nuevo ciclo. Los cambios son profundos y se caracterizan por nuevos patrones de su materia. El planeta se sutiliza y la vibraci\u00f3n de sus part\u00edculas es mayor. El \u00ab<em>Sol Central\u00bb<\/em> de nuestra Galaxia intensific\u00f3 su influencia sobre todos los planos de consciencia planetarios, de los m\u00e1s sutiles a los m\u00e1s densos. Un reflejo concreto es el incremento de su irradiaci\u00f3n, perceptible en el aumento de la actividad de los vientos solares. Toda la vida planetaria debe someterse y ajustarse a ese nuevo patr\u00f3n vibratorio. Crisis, conflictos y desequilibrios actuales son se\u00f1ales de ese choque entre los diferentes patrones vibratorios, uno inferior y denso, resistente a la transformaci\u00f3n; otro din\u00e1mico, que trae, en s\u00ed, los patrones de una Nueva Humanidad. Cuando la lenta materia se opone y crea resistencias, ocurre su desintegraci\u00f3n.<\/p>\n<h3 style=\"text-align: center;\"><strong>Espejos de Luz<\/strong><\/h3>\n<p style=\"text-align: justify;\"><a href=\"https:\/\/www.fraterinternacional.org\/wp-content\/uploads\/2018\/04\/agua_espelho_por_do_sol.jpg\"><img decoding=\"async\" class=\"alignleft wp-image-78339 size-medium\" src=\"https:\/\/www.fraterinternacional.org\/wp-content\/uploads\/2018\/04\/agua_espelho_por_do_sol-300x169.jpg\" alt=\"\" width=\"300\" height=\"169\" \/><\/a><\/p>\n<h4 style=\"text-align: justify;\">\u00bfSab\u00edan que en el Universo existen Espejos de Luz? \u00bfQu\u00e9 es un Espejo de Luz?<\/h4>\n<h4 style=\"text-align: justify;\">No es lo que la humanidad usa para ver sus rostros ni para buscar la belleza que no existe en el exterior.<\/h4>\n<h4 style=\"text-align: justify;\">Un verdadero Espejo es un instrumento de Luz, creado por Dios, a fin de que las galaxias y, m\u00e1s all\u00e1 de ellas, los planetas y las estrellas est\u00e9n comunicados con el mismo principio y energ\u00eda.<\/h4>\n<h4 style=\"text-align: justify;\"><em>Pero Mi adversario llev\u00f3 ese gran proyecto a un objetivo material y superfluo, en que las almas buscan su gratificaci\u00f3n, porque as\u00ed desaparece la b\u00fasqueda por el verdadero espejo del coraz\u00f3n.<br \/>\n<\/em><a href=\"https:\/\/mensajerosdivinos.org\/es\/mensaje-de-maria\/lunes-24-de-agosto-de-2015-0\" target=\"_blank\" rel=\"noopener\">Mensaje de la Virgen Mar\u00eda de 24 Agosto de 2015<\/a><\/h4>\n<h3 style=\"text-align: center;\"><strong>Abre tu coraz\u00f3n y vac\u00eda tu mente<\/strong><\/h3>\n<p style=\"text-align: center;\"><em>Abre tu coraz\u00f3n y vac\u00eda tu mente para comprender y vivir los misterios de la Creaci\u00f3n.<\/em><\/p>\n<p style=\"text-align: center;\"><em>En esa abertura podr\u00e1s penetrar la esencia del conocimiento, y todo lo que es sagrado en el Universo llegar\u00e1 a ti no solamente como informaci\u00f3n, sino tambi\u00e9n como c\u00f3digos de Luz que despiertan en tu ser para transfigurarte.<\/em><\/p>\n<p style=\"text-align: center;\"><em>Este es el poder de los Espejos, usinas celestiales de armon\u00eda universal, que concentran, en s\u00ed, todos los atributos de la Creaci\u00f3n. Decimos y entendemos por atributos todos los rayos y corrientes celestiales que los Padres Creadores utilizaron para la manifestaci\u00f3n de los planos y de la vida.<\/em><\/p>\n<p style=\"text-align: center;\"><em>Son esos atributos que permiten, de tiempo en tiempo, renovar la vida universal y todos los ciclos trayendo impulsos positivos que compenetran toda la Creaci\u00f3n.<\/em><\/p>\n<p style=\"text-align: center;\"><em>Es as\u00ed que los Espejos Celestes guardan, en s\u00ed,<br \/>\nlos recuerdos de nuestro origen espiritual, mental y material.<br \/>\n<\/em><a href=\"https:\/\/mensajerosdivinos.org\/es\/mensaje-de-maria\/lunes-12-de-septiembre-de-2016\" target=\"_blank\" rel=\"noopener\">Mensaje de la Virgen Mar\u00eda de 12 de setembro de 2016<\/a><\/p>\n<h3 style=\"text-align: center;\"><span style=\"color: #0000ff;\"><strong>\u00a1El tema del agua deber\u00e1 continuar!<\/strong><\/span><\/h3>\n<div class=\"fusion-aligncenter\"><a class=\"fusion-button button-3d button-small button-custom fusion-button-default button-1 fusion-button-default-span \" style=\"--button_accent_color:#ffffff;--button_accent_hover_color:#dedede;--button_border_hover_color:#dedede;--button_gradient_top_color:#d3b054;--button_gradient_bottom_color:#d3b054;--button_gradient_top_color_hover:#d3b054;--button_gradient_bottom_color_hover:#d3b054;\" target=\"_self\" href=\"https:\/\/www.fraterinternacional.org\/es\/category\/impulsos-para-la-semana\/cura-es\/\"><span class=\"fusion-button-text\">Vea Todos<\/span><\/a><\/div>\n<p>&nbsp;<\/p>\n<p><a href=\"https:\/\/www.fraterinternacional.org\/wp-content\/uploads\/2018\/04\/agua_espelho_por_do_sol.jpg\"><img decoding=\"async\" class=\"aligncenter size-full wp-image-78339\" src=\"https:\/\/www.fraterinternacional.org\/wp-content\/uploads\/2018\/04\/agua_espelho_por_do_sol.jpg\" alt=\"\" width=\"875\" height=\"492\" \/><\/a><\/p>\n","protected":false},"excerpt":{"rendered":"<p>Espejos de Luz 1 Tema: Sagrado\u00a0Reino del Agua El fen\u00f3meno de la resonancia vibratoria puede ser comprendido como un gran [&hellip;]<\/p>\n","protected":false},"author":8,"featured_media":78341,"comment_status":"closed","ping_status":"closed","sticky":false,"template":"","format":"standard","meta":{"footnotes":""},"categories":[3237],"tags":[3240],"class_list":["post-78343","post","type-post","status-publish","format-standard","has-post-thumbnail","hentry","category-impulsos-para-la-semana","tag-cura-es"],"yoast_head":"<!-- This site is optimized with the Yoast SEO Premium plugin v21.0 (Yoast SEO v21.0) - https:\/\/yoast.com\/wordpress\/plugins\/seo\/ -->\n<title>Espejos de Luz 1 - Abre tu coraz\u00f3n - Tema: Sagrado Reino del Agua<\/title>\n<meta name=\"description\" content=\"La Tierra se prepara para entrar en un nuevo ciclo. Del Sol Central de la Galaxia al \u00e1tomo resuenan los patrones lum\u00ednicos de la Nueva Vida.\" \/>\n<meta name=\"robots\" content=\"index, follow, max-snippet:-1, max-image-preview:large, max-video-preview:-1\" \/>\n<link rel=\"canonical\" href=\"https:\/\/www.fraterinternacional.org\/es\/agua-15-espejos-de-luz-1\/\" \/>\n<meta property=\"og:locale\" content=\"es_ES\" \/>\n<meta property=\"og:type\" content=\"article\" \/>\n<meta property=\"og:title\" content=\"Agua\u00a015 \u2013\u00a0Espejos de Luz 1\" \/>\n<meta property=\"og:description\" content=\"La Tierra se prepara para entrar en un nuevo ciclo. Del Sol Central de la Galaxia al \u00e1tomo resuenan los patrones lum\u00ednicos de la Nueva Vida.\" \/>\n<meta property=\"og:url\" content=\"https:\/\/www.fraterinternacional.org\/es\/agua-15-espejos-de-luz-1\/\" \/>\n<meta property=\"og:site_name\" content=\"Fraternidade - Federa\u00e7\u00e3o Humanit\u00e1ria Internacional\" \/>\n<meta property=\"article:publisher\" content=\"https:\/\/www.facebook.com\/fraternidadehumanitaria\" \/>\n<meta property=\"article:published_time\" content=\"2018-04-10T20:29:21+00:00\" \/>\n<meta property=\"article:modified_time\" content=\"2018-04-10T21:07:37+00:00\" \/>\n<meta property=\"og:image\" content=\"https:\/\/www.fraterinternacional.org\/wp-content\/uploads\/2018\/04\/agua_espelho_por_do_sol.jpg\" \/>\n\t<meta property=\"og:image:width\" content=\"875\" \/>\n\t<meta property=\"og:image:height\" content=\"492\" \/>\n\t<meta property=\"og:image:type\" content=\"image\/jpeg\" \/>\n<meta name=\"author\" content=\"FFHI\" \/>\n<meta name=\"twitter:card\" content=\"summary_large_image\" \/>\n<meta name=\"twitter:creator\" content=\"@fraternidadeFHI\" \/>\n<meta name=\"twitter:site\" content=\"@fraternidadeFHI\" \/>\n<meta name=\"twitter:label1\" content=\"Escrito por\" \/>\n\t<meta name=\"twitter:data1\" content=\"FFHI\" \/>\n\t<meta name=\"twitter:label2\" content=\"Tiempo de lectura\" \/>\n\t<meta name=\"twitter:data2\" content=\"4 minutos\" \/>\n<script type=\"application\/ld+json\" class=\"yoast-schema-graph\">{\"@context\":\"https:\/\/schema.org\",\"@graph\":[{\"@type\":\"WebPage\",\"@id\":\"https:\/\/www.fraterinternacional.org\/es\/agua-15-espejos-de-luz-1\/\",\"url\":\"https:\/\/www.fraterinternacional.org\/es\/agua-15-espejos-de-luz-1\/\",\"name\":\"Espejos de Luz 1 - Abre tu coraz\u00f3n - Tema: Sagrado Reino del Agua\",\"isPartOf\":{\"@id\":\"https:\/\/www.fraterinternacional.org\/es\/#website\"},\"datePublished\":\"2018-04-10T20:29:21+00:00\",\"dateModified\":\"2018-04-10T21:07:37+00:00\",\"author\":{\"@id\":\"https:\/\/www.fraterinternacional.org\/es\/#\/schema\/person\/8fd7058ced8aa6a1995cc0feee75819f\"},\"description\":\"La Tierra se prepara para entrar en un nuevo ciclo. Del Sol Central de la Galaxia al \u00e1tomo resuenan los patrones lum\u00ednicos de la Nueva Vida.\",\"breadcrumb\":{\"@id\":\"https:\/\/www.fraterinternacional.org\/es\/agua-15-espejos-de-luz-1\/#breadcrumb\"},\"inLanguage\":\"es\",\"potentialAction\":[{\"@type\":\"ReadAction\",\"target\":[\"https:\/\/www.fraterinternacional.org\/es\/agua-15-espejos-de-luz-1\/\"]}]},{\"@type\":\"BreadcrumbList\",\"@id\":\"https:\/\/www.fraterinternacional.org\/es\/agua-15-espejos-de-luz-1\/#breadcrumb\",\"itemListElement\":[{\"@type\":\"ListItem\",\"position\":1,\"name\":\"In\u00edcio\",\"item\":\"https:\/\/www.fraterinternacional.org\/es\/\"},{\"@type\":\"ListItem\",\"position\":2,\"name\":\"Agua\u00a015 \u2013\u00a0Espejos de Luz 1\"}]},{\"@type\":\"WebSite\",\"@id\":\"https:\/\/www.fraterinternacional.org\/es\/#website\",\"url\":\"https:\/\/www.fraterinternacional.org\/es\/\",\"name\":\"Fraternidade - Federa\u00e7\u00e3o Humanit\u00e1ria Internacional\",\"description\":\"Fraternidade - Federa\u00e7\u00e3o Humanit\u00e1ria Internacional\",\"potentialAction\":[{\"@type\":\"SearchAction\",\"target\":{\"@type\":\"EntryPoint\",\"urlTemplate\":\"https:\/\/www.fraterinternacional.org\/es\/?s={search_term_string}\"},\"query-input\":\"required name=search_term_string\"}],\"inLanguage\":\"es\"},{\"@type\":\"Person\",\"@id\":\"https:\/\/www.fraterinternacional.org\/es\/#\/schema\/person\/8fd7058ced8aa6a1995cc0feee75819f\",\"name\":\"FFHI\"}]}<\/script>\n<!-- \/ Yoast SEO Premium plugin. -->","yoast_head_json":{"title":"Espejos de Luz 1 - Abre tu coraz\u00f3n - Tema: Sagrado Reino del Agua","description":"La Tierra se prepara para entrar en un nuevo ciclo. Del Sol Central de la Galaxia al \u00e1tomo resuenan los patrones lum\u00ednicos de la Nueva Vida.","robots":{"index":"index","follow":"follow","max-snippet":"max-snippet:-1","max-image-preview":"max-image-preview:large","max-video-preview":"max-video-preview:-1"},"canonical":"https:\/\/www.fraterinternacional.org\/es\/agua-15-espejos-de-luz-1\/","og_locale":"es_ES","og_type":"article","og_title":"Agua\u00a015 \u2013\u00a0Espejos de Luz 1","og_description":"La Tierra se prepara para entrar en un nuevo ciclo. Del Sol Central de la Galaxia al \u00e1tomo resuenan los patrones lum\u00ednicos de la Nueva Vida.","og_url":"https:\/\/www.fraterinternacional.org\/es\/agua-15-espejos-de-luz-1\/","og_site_name":"Fraternidade - Federa\u00e7\u00e3o Humanit\u00e1ria Internacional","article_publisher":"https:\/\/www.facebook.com\/fraternidadehumanitaria","article_published_time":"2018-04-10T20:29:21+00:00","article_modified_time":"2018-04-10T21:07:37+00:00","og_image":[{"width":875,"height":492,"url":"https:\/\/www.fraterinternacional.org\/wp-content\/uploads\/2018\/04\/agua_espelho_por_do_sol.jpg","type":"image\/jpeg"}],"author":"FFHI","twitter_card":"summary_large_image","twitter_creator":"@fraternidadeFHI","twitter_site":"@fraternidadeFHI","twitter_misc":{"Escrito por":"FFHI","Tiempo de lectura":"4 minutos"},"schema":{"@context":"https:\/\/schema.org","@graph":[{"@type":"WebPage","@id":"https:\/\/www.fraterinternacional.org\/es\/agua-15-espejos-de-luz-1\/","url":"https:\/\/www.fraterinternacional.org\/es\/agua-15-espejos-de-luz-1\/","name":"Espejos de Luz 1 - Abre tu coraz\u00f3n - Tema: Sagrado Reino del Agua","isPartOf":{"@id":"https:\/\/www.fraterinternacional.org\/es\/#website"},"datePublished":"2018-04-10T20:29:21+00:00","dateModified":"2018-04-10T21:07:37+00:00","author":{"@id":"https:\/\/www.fraterinternacional.org\/es\/#\/schema\/person\/8fd7058ced8aa6a1995cc0feee75819f"},"description":"La Tierra se prepara para entrar en un nuevo ciclo. Del Sol Central de la Galaxia al \u00e1tomo resuenan los patrones lum\u00ednicos de la Nueva Vida.","breadcrumb":{"@id":"https:\/\/www.fraterinternacional.org\/es\/agua-15-espejos-de-luz-1\/#breadcrumb"},"inLanguage":"es","potentialAction":[{"@type":"ReadAction","target":["https:\/\/www.fraterinternacional.org\/es\/agua-15-espejos-de-luz-1\/"]}]},{"@type":"BreadcrumbList","@id":"https:\/\/www.fraterinternacional.org\/es\/agua-15-espejos-de-luz-1\/#breadcrumb","itemListElement":[{"@type":"ListItem","position":1,"name":"In\u00edcio","item":"https:\/\/www.fraterinternacional.org\/es\/"},{"@type":"ListItem","position":2,"name":"Agua\u00a015 \u2013\u00a0Espejos de Luz 1"}]},{"@type":"WebSite","@id":"https:\/\/www.fraterinternacional.org\/es\/#website","url":"https:\/\/www.fraterinternacional.org\/es\/","name":"Fraternidade - Federa\u00e7\u00e3o Humanit\u00e1ria Internacional","description":"Fraternidade - Federa\u00e7\u00e3o Humanit\u00e1ria Internacional","potentialAction":[{"@type":"SearchAction","target":{"@type":"EntryPoint","urlTemplate":"https:\/\/www.fraterinternacional.org\/es\/?s={search_term_string}"},"query-input":"required name=search_term_string"}],"inLanguage":"es"},{"@type":"Person","@id":"https:\/\/www.fraterinternacional.org\/es\/#\/schema\/person\/8fd7058ced8aa6a1995cc0feee75819f","name":"FFHI"}]}},"_links":{"self":[{"href":"https:\/\/www.fraterinternacional.org\/es\/wp-json\/wp\/v2\/posts\/78343"}],"collection":[{"href":"https:\/\/www.fraterinternacional.org\/es\/wp-json\/wp\/v2\/posts"}],"about":[{"href":"https:\/\/www.fraterinternacional.org\/es\/wp-json\/wp\/v2\/types\/post"}],"author":[{"embeddable":true,"href":"https:\/\/www.fraterinternacional.org\/es\/wp-json\/wp\/v2\/users\/8"}],"replies":[{"embeddable":true,"href":"https:\/\/www.fraterinternacional.org\/es\/wp-json\/wp\/v2\/comments?post=78343"}],"version-history":[{"count":0,"href":"https:\/\/www.fraterinternacional.org\/es\/wp-json\/wp\/v2\/posts\/78343\/revisions"}],"wp:featuredmedia":[{"embeddable":true,"href":"https:\/\/www.fraterinternacional.org\/es\/wp-json\/wp\/v2\/media\/78341"}],"wp:attachment":[{"href":"https:\/\/www.fraterinternacional.org\/es\/wp-json\/wp\/v2\/media?parent=78343"}],"wp:term":[{"taxonomy":"category","embeddable":true,"href":"https:\/\/www.fraterinternacional.org\/es\/wp-json\/wp\/v2\/categories?post=78343"},{"taxonomy":"post_tag","embeddable":true,"href":"https:\/\/www.fraterinternacional.org\/es\/wp-json\/wp\/v2\/tags?post=78343"}],"curies":[{"name":"wp","href":"https:\/\/api.w.org\/{rel}","templated":true}]}}