{"id":76911,"date":"2018-03-14T19:17:32","date_gmt":"2018-03-14T22:17:32","guid":{"rendered":"https:\/\/www.fraterinternacional.org\/?p=76911"},"modified":"2018-03-14T19:17:32","modified_gmt":"2018-03-14T22:17:32","slug":"nucleo-luz-de-belo-horizonte-analizo-actuales-tiempos-de-trascendencia","status":"publish","type":"post","link":"https:\/\/www.fraterinternacional.org\/es\/nucleo-luz-de-belo-horizonte-analizo-actuales-tiempos-de-trascendencia\/","title":{"rendered":"N\u00facleo-Luz de Belo Horizonte analiz\u00f3 actuales tiempos de trascendencia"},"content":{"rendered":"<p style=\"text-align: justify;\"><a href=\"https:\/\/www.fraterinternacional.org\/wp-content\/uploads\/2018\/03\/nucleo_luz_belo_horizonte_reuniao_trimestral_01.jpg\"><img decoding=\"async\" class=\"alignleft size-medium wp-image-76405\" src=\"https:\/\/www.fraterinternacional.org\/wp-content\/uploads\/2018\/03\/nucleo_luz_belo_horizonte_reuniao_trimestral_01-300x169.jpg\" alt=\"\" width=\"300\" height=\"169\" srcset=\"https:\/\/www.fraterinternacional.org\/wp-content\/uploads\/2018\/03\/nucleo_luz_belo_horizonte_reuniao_trimestral_01-200x112.jpg 200w, https:\/\/www.fraterinternacional.org\/wp-content\/uploads\/2018\/03\/nucleo_luz_belo_horizonte_reuniao_trimestral_01-300x169.jpg 300w, https:\/\/www.fraterinternacional.org\/wp-content\/uploads\/2018\/03\/nucleo_luz_belo_horizonte_reuniao_trimestral_01-400x225.jpg 400w, https:\/\/www.fraterinternacional.org\/wp-content\/uploads\/2018\/03\/nucleo_luz_belo_horizonte_reuniao_trimestral_01-600x337.jpg 600w, https:\/\/www.fraterinternacional.org\/wp-content\/uploads\/2018\/03\/nucleo_luz_belo_horizonte_reuniao_trimestral_01.jpg 690w\" sizes=\"(max-width: 300px) 100vw, 300px\" \/><\/a>El\u00a0<a href=\"http:\/\/www.fraterinternacional.org\/es\/nucleos-luz\/\">N\u00facleo-Luz<\/a> \u00abSagrado Cielo\u00bb de Belo Horizonte, Minas Gerais, Brasil, realiz\u00f3\u00a0su reuni\u00f3n trimestral de revisi\u00f3n de actividades y proyecci\u00f3n del pr\u00f3ximo ciclo de actuaci\u00f3n. La asamblea se llev\u00f3 a cabo el s\u00e1bado 3 de marzo de 2018.<\/p>\n<p style=\"text-align: justify;\">El tema \u00abTiempos de Trascendencia\u00bb inspir\u00f3 la reuni\u00f3n, que cont\u00f3 con la\u00a0 presentaci\u00f3n de la coral y la participaci\u00f3n de alrededor de 100 colaboradores.<\/p>\n<p style=\"text-align: justify;\"><a href=\"https:\/\/www.fraterinternacional.org\/wp-content\/uploads\/2018\/03\/nucleo_luz_belo_horizonte_reuniao_trimestral_03.jpg\"><img decoding=\"async\" class=\"alignright size-medium wp-image-76414\" src=\"https:\/\/www.fraterinternacional.org\/wp-content\/uploads\/2018\/03\/nucleo_luz_belo_horizonte_reuniao_trimestral_03-300x236.jpg\" alt=\"\" width=\"300\" height=\"236\" srcset=\"https:\/\/www.fraterinternacional.org\/wp-content\/uploads\/2018\/03\/nucleo_luz_belo_horizonte_reuniao_trimestral_03-200x157.jpg 200w, https:\/\/www.fraterinternacional.org\/wp-content\/uploads\/2018\/03\/nucleo_luz_belo_horizonte_reuniao_trimestral_03-300x236.jpg 300w, https:\/\/www.fraterinternacional.org\/wp-content\/uploads\/2018\/03\/nucleo_luz_belo_horizonte_reuniao_trimestral_03-400x314.jpg 400w, https:\/\/www.fraterinternacional.org\/wp-content\/uploads\/2018\/03\/nucleo_luz_belo_horizonte_reuniao_trimestral_03-600x471.jpg 600w, https:\/\/www.fraterinternacional.org\/wp-content\/uploads\/2018\/03\/nucleo_luz_belo_horizonte_reuniao_trimestral_03.jpg 690w\" sizes=\"(max-width: 300px) 100vw, 300px\" \/><\/a>Las voces y los instrumentos de la coral abrieron el encuentro, cantando <em>Sagrado Cielo. <\/em>La letra de esta m\u00fasica es una oraci\u00f3n transmitida especialmente para la protecci\u00f3n de la tarea de todos los\u00a0 servidores del N\u00facleo. Luego sigui\u00f3, en una bell\u00edsima presentaci\u00f3n,\u00a0 el canto <em>Lis-F\u00e1tima,\u00a0<\/em>\u00a0del \u00e1lbum <em>Mensagem de Cura <\/em>\u00a0lanzado por <a href=\"http:\/\/www.irdin.org.br\/site\/\" target=\"_blank\" rel=\"noopener\">Irdin Editora<\/a>. Y, refiri\u00e9ndose al tema de la\u00a0 reuni\u00f3n, los coralistas ofrecieron la canci\u00f3n de dos atributos del grupo \u00abTrascendencia\u00bb, uno de los siete grupos de atributos de los monasterios de la <a href=\"http:\/\/www.fraterinternacional.org\/es\/orden-gracia-misericordia\/\">Orden Gracia Misericordia<\/a>: <em>Decidido, dirigir-se ao seu Destino<\/em> y \u00a0<em>Manter a t\u00eampera que leva \u00e0 perfei\u00e7\u00e3o<\/em>.<\/p>\n<p style=\"text-align: justify;\"><a href=\"https:\/\/www.fraterinternacional.org\/wp-content\/uploads\/2018\/03\/nucleo_luz_belo_horizonte_reuniao_trimestral_04.jpg\"><img decoding=\"async\" class=\"alignleft size-medium wp-image-76411\" src=\"https:\/\/www.fraterinternacional.org\/wp-content\/uploads\/2018\/03\/nucleo_luz_belo_horizonte_reuniao_trimestral_04-300x169.jpg\" alt=\"\" width=\"300\" height=\"169\" srcset=\"https:\/\/www.fraterinternacional.org\/wp-content\/uploads\/2018\/03\/nucleo_luz_belo_horizonte_reuniao_trimestral_04-200x112.jpg 200w, https:\/\/www.fraterinternacional.org\/wp-content\/uploads\/2018\/03\/nucleo_luz_belo_horizonte_reuniao_trimestral_04-300x169.jpg 300w, https:\/\/www.fraterinternacional.org\/wp-content\/uploads\/2018\/03\/nucleo_luz_belo_horizonte_reuniao_trimestral_04-400x225.jpg 400w, https:\/\/www.fraterinternacional.org\/wp-content\/uploads\/2018\/03\/nucleo_luz_belo_horizonte_reuniao_trimestral_04-600x337.jpg 600w, https:\/\/www.fraterinternacional.org\/wp-content\/uploads\/2018\/03\/nucleo_luz_belo_horizonte_reuniao_trimestral_04.jpg 690w\" sizes=\"(max-width: 300px) 100vw, 300px\" \/><\/a><\/p>\n<p style=\"text-align: justify;\">Fray Thomas, monje de la Orden Gracia Misericordia y coordinador del monasterio localizado en el N\u00facleo-Luz de Belo Horizonte, ley\u00f3 y coment\u00f3 un mensaje especial enviado al grupo, con motivo de la reuni\u00f3n, por el fil\u00f3sofo espiritualista Jos\u00e9 <a href=\"http:\/\/www.trigueirinho.org.br\/es\/\" target=\"_blank\" rel=\"noopener\">Trigueirinho.<\/a> El instructor destac\u00f3 que \u201ceste es el momento de que todos trascendamos nuestras cuestiones personales y grupales, teniendo en cuenta la dif\u00edcil situaci\u00f3n que el planeta est\u00e1 viviendo\u201d. Y remarc\u00f3 que \u201clos atributos del grupo \u2018Trascend\u00eancia\u2019 en verdad ofrecen la energ\u00eda correcta para que todos consigan vibrar positivamente ante tanta necesidad de colaboraci\u00f3n\u00bb.<\/p>\n<p style=\"text-align: justify;\"><a href=\"https:\/\/www.fraterinternacional.org\/wp-content\/uploads\/2018\/03\/nucleo_luz_belo_horizonte_reuniao_trimestral_02.jpg\"><img decoding=\"async\" class=\"alignleft size-medium wp-image-76408\" src=\"https:\/\/www.fraterinternacional.org\/wp-content\/uploads\/2018\/03\/nucleo_luz_belo_horizonte_reuniao_trimestral_02-300x236.jpg\" alt=\"\" width=\"300\" height=\"236\" srcset=\"https:\/\/www.fraterinternacional.org\/wp-content\/uploads\/2018\/03\/nucleo_luz_belo_horizonte_reuniao_trimestral_02-200x157.jpg 200w, https:\/\/www.fraterinternacional.org\/wp-content\/uploads\/2018\/03\/nucleo_luz_belo_horizonte_reuniao_trimestral_02-300x236.jpg 300w, https:\/\/www.fraterinternacional.org\/wp-content\/uploads\/2018\/03\/nucleo_luz_belo_horizonte_reuniao_trimestral_02-400x314.jpg 400w, https:\/\/www.fraterinternacional.org\/wp-content\/uploads\/2018\/03\/nucleo_luz_belo_horizonte_reuniao_trimestral_02-600x471.jpg 600w, https:\/\/www.fraterinternacional.org\/wp-content\/uploads\/2018\/03\/nucleo_luz_belo_horizonte_reuniao_trimestral_02.jpg 690w\" sizes=\"(max-width: 300px) 100vw, 300px\" \/><\/a>El grupo de colaboradores fue invitado a estudiar, durante los pr\u00f3ximos tres meses, una parte del libro <em>Supraterrestre\u00a0 \u0336 La Vida Interior (Libro Uno), <\/em>de Helena Roerich. Esta obra trae\u00a0llaves que ayudan a trascender los aspectos del mundo interior que no corresponden m\u00e1s al actual nivel evolutivo del ser.<\/p>\n<p style=\"text-align: justify;\">Se habl\u00f3 sobre las necesidades generales del N\u00facleo-Luz y de sus diferentes campos de actividad. Se lanz\u00f3 una campa\u00f1a de recaudaci\u00f3n de recursos para la compra de un nuevo cami\u00f3n. Se necesita cambiar el veh\u00edculo actual, que est\u00e1 muy usado. El cami\u00f3n se utiliza para distintos movimientos importantes como por ejemplo: recaudar alimentos y otras donaciones de materiales, transporte de equipos y objetos, etc. El servicio del cami\u00f3n no se limita al N\u00facleo-Luz de Belo Horizonte, sino que adem\u00e1s presta servicio a las <a href=\"http:\/\/www.fraterinternacional.org\/es\/comunidades-luz\/\">Comuidades-Luz<\/a> y a diferentes sectores del trabajo.<\/p>\n<p style=\"text-align: justify;\">La reuni\u00f3n finaliz\u00f3 con una comuni\u00f3n ecum\u00e9nica y los participantes recibieron un folleto con los doce atributos del grupo \u00abTrascendencia\u00bb.<\/p>\n<p style=\"text-align: justify;\">M\u00e1s informaciones:<br \/>\n<a href=\"mailto:nucleobh@comunidadefigueira.org.br\">nucleobh@comunidadefigueira.org.br<\/a><\/p>\n<p>&nbsp;<\/p>\n","protected":false},"excerpt":{"rendered":"<p>El\u00a0N\u00facleo-Luz \u00abSagrado Cielo\u00bb de Belo Horizonte, Minas Gerais, Brasil, realiz\u00f3\u00a0su reuni\u00f3n trimestral de revisi\u00f3n de actividades y proyecci\u00f3n del pr\u00f3ximo [&hellip;]<\/p>\n","protected":false},"author":16,"featured_media":76407,"comment_status":"closed","ping_status":"closed","sticky":false,"template":"","format":"standard","meta":{"footnotes":""},"categories":[173],"tags":[3943,116],"class_list":["post-76911","post","type-post","status-publish","format-standard","has-post-thumbnail","hentry","category-noticia","tag-nucleo-luz-belo-horizonte-es","tag-vida-grupal-es"],"yoast_head":"<!-- This site is optimized with the Yoast SEO Premium plugin v21.0 (Yoast SEO v21.0) - https:\/\/yoast.com\/wordpress\/plugins\/seo\/ -->\n<title>N\u00facleo-Luz de Belo Horizonte analiz\u00f3 actuales tiempos de trascendencia<\/title>\n<meta name=\"description\" content=\"El tema \u201cTiempos de Trascendencia\u201d inspir\u00f3 la reuni\u00f3n, que cont\u00f3 con la presentaci\u00f3n de la coral y la participaci\u00f3n de alrededor de 100 colaboradores.\" \/>\n<meta name=\"robots\" content=\"index, follow, max-snippet:-1, max-image-preview:large, max-video-preview:-1\" \/>\n<link rel=\"canonical\" href=\"https:\/\/www.fraterinternacional.org\/es\/nucleo-luz-de-belo-horizonte-analizo-actuales-tiempos-de-trascendencia\/\" \/>\n<meta property=\"og:locale\" content=\"es_ES\" \/>\n<meta property=\"og:type\" content=\"article\" \/>\n<meta property=\"og:title\" content=\"N\u00facleo-Luz de Belo Horizonte analiz\u00f3 actuales tiempos de trascendencia\" \/>\n<meta property=\"og:description\" content=\"El tema \u201cTiempos de Trascendencia\u201d inspir\u00f3 la reuni\u00f3n, que cont\u00f3 con la presentaci\u00f3n de la coral y la participaci\u00f3n de alrededor de 100 colaboradores.\" \/>\n<meta property=\"og:url\" content=\"https:\/\/www.fraterinternacional.org\/es\/nucleo-luz-de-belo-horizonte-analizo-actuales-tiempos-de-trascendencia\/\" \/>\n<meta property=\"og:site_name\" content=\"Fraternidade - Federa\u00e7\u00e3o Humanit\u00e1ria Internacional\" \/>\n<meta property=\"article:publisher\" content=\"https:\/\/www.facebook.com\/fraternidadehumanitaria\" \/>\n<meta property=\"article:published_time\" content=\"2018-03-14T22:17:32+00:00\" \/>\n<meta property=\"og:image\" content=\"https:\/\/www.fraterinternacional.org\/wp-content\/uploads\/2018\/03\/nucleo_luz_belo_horizonte_reuniao_trimestral_01.jpg\" \/>\n\t<meta property=\"og:image:width\" content=\"690\" \/>\n\t<meta property=\"og:image:height\" content=\"388\" \/>\n\t<meta property=\"og:image:type\" content=\"image\/jpeg\" \/>\n<meta name=\"author\" content=\"Sergio Redator Espanhol\" \/>\n<meta name=\"twitter:card\" content=\"summary_large_image\" \/>\n<meta name=\"twitter:creator\" content=\"@fraternidadeFHI\" \/>\n<meta name=\"twitter:site\" content=\"@fraternidadeFHI\" \/>\n<meta name=\"twitter:label1\" content=\"Escrito por\" \/>\n\t<meta name=\"twitter:data1\" content=\"Sergio Redator Espanhol\" \/>\n\t<meta name=\"twitter:label2\" content=\"Tiempo de lectura\" \/>\n\t<meta name=\"twitter:data2\" content=\"2 minutos\" \/>\n<script type=\"application\/ld+json\" class=\"yoast-schema-graph\">{\"@context\":\"https:\/\/schema.org\",\"@graph\":[{\"@type\":\"WebPage\",\"@id\":\"https:\/\/www.fraterinternacional.org\/es\/nucleo-luz-de-belo-horizonte-analizo-actuales-tiempos-de-trascendencia\/\",\"url\":\"https:\/\/www.fraterinternacional.org\/es\/nucleo-luz-de-belo-horizonte-analizo-actuales-tiempos-de-trascendencia\/\",\"name\":\"N\u00facleo-Luz de Belo Horizonte analiz\u00f3 actuales tiempos de trascendencia\",\"isPartOf\":{\"@id\":\"https:\/\/www.fraterinternacional.org\/es\/#website\"},\"datePublished\":\"2018-03-14T22:17:32+00:00\",\"dateModified\":\"2018-03-14T22:17:32+00:00\",\"author\":{\"@id\":\"https:\/\/www.fraterinternacional.org\/es\/#\/schema\/person\/cf24d3eac28b0e09714ecb8cbd865c28\"},\"description\":\"El tema \u201cTiempos de Trascendencia\u201d inspir\u00f3 la reuni\u00f3n, que cont\u00f3 con la presentaci\u00f3n de la coral y la participaci\u00f3n de alrededor de 100 colaboradores.\",\"breadcrumb\":{\"@id\":\"https:\/\/www.fraterinternacional.org\/es\/nucleo-luz-de-belo-horizonte-analizo-actuales-tiempos-de-trascendencia\/#breadcrumb\"},\"inLanguage\":\"es\",\"potentialAction\":[{\"@type\":\"ReadAction\",\"target\":[\"https:\/\/www.fraterinternacional.org\/es\/nucleo-luz-de-belo-horizonte-analizo-actuales-tiempos-de-trascendencia\/\"]}]},{\"@type\":\"BreadcrumbList\",\"@id\":\"https:\/\/www.fraterinternacional.org\/es\/nucleo-luz-de-belo-horizonte-analizo-actuales-tiempos-de-trascendencia\/#breadcrumb\",\"itemListElement\":[{\"@type\":\"ListItem\",\"position\":1,\"name\":\"In\u00edcio\",\"item\":\"https:\/\/www.fraterinternacional.org\/es\/\"},{\"@type\":\"ListItem\",\"position\":2,\"name\":\"N\u00facleo-Luz de Belo Horizonte analiz\u00f3 actuales tiempos de trascendencia\"}]},{\"@type\":\"WebSite\",\"@id\":\"https:\/\/www.fraterinternacional.org\/es\/#website\",\"url\":\"https:\/\/www.fraterinternacional.org\/es\/\",\"name\":\"Fraternidade - Federa\u00e7\u00e3o Humanit\u00e1ria Internacional\",\"description\":\"Fraternidade - Federa\u00e7\u00e3o Humanit\u00e1ria Internacional\",\"potentialAction\":[{\"@type\":\"SearchAction\",\"target\":{\"@type\":\"EntryPoint\",\"urlTemplate\":\"https:\/\/www.fraterinternacional.org\/es\/?s={search_term_string}\"},\"query-input\":\"required name=search_term_string\"}],\"inLanguage\":\"es\"},{\"@type\":\"Person\",\"@id\":\"https:\/\/www.fraterinternacional.org\/es\/#\/schema\/person\/cf24d3eac28b0e09714ecb8cbd865c28\",\"name\":\"Sergio Redator Espanhol\"}]}<\/script>\n<!-- \/ Yoast SEO Premium plugin. -->","yoast_head_json":{"title":"N\u00facleo-Luz de Belo Horizonte analiz\u00f3 actuales tiempos de trascendencia","description":"El tema \u201cTiempos de Trascendencia\u201d inspir\u00f3 la reuni\u00f3n, que cont\u00f3 con la presentaci\u00f3n de la coral y la participaci\u00f3n de alrededor de 100 colaboradores.","robots":{"index":"index","follow":"follow","max-snippet":"max-snippet:-1","max-image-preview":"max-image-preview:large","max-video-preview":"max-video-preview:-1"},"canonical":"https:\/\/www.fraterinternacional.org\/es\/nucleo-luz-de-belo-horizonte-analizo-actuales-tiempos-de-trascendencia\/","og_locale":"es_ES","og_type":"article","og_title":"N\u00facleo-Luz de Belo Horizonte analiz\u00f3 actuales tiempos de trascendencia","og_description":"El tema \u201cTiempos de Trascendencia\u201d inspir\u00f3 la reuni\u00f3n, que cont\u00f3 con la presentaci\u00f3n de la coral y la participaci\u00f3n de alrededor de 100 colaboradores.","og_url":"https:\/\/www.fraterinternacional.org\/es\/nucleo-luz-de-belo-horizonte-analizo-actuales-tiempos-de-trascendencia\/","og_site_name":"Fraternidade - Federa\u00e7\u00e3o Humanit\u00e1ria Internacional","article_publisher":"https:\/\/www.facebook.com\/fraternidadehumanitaria","article_published_time":"2018-03-14T22:17:32+00:00","og_image":[{"width":690,"height":388,"url":"https:\/\/www.fraterinternacional.org\/wp-content\/uploads\/2018\/03\/nucleo_luz_belo_horizonte_reuniao_trimestral_01.jpg","type":"image\/jpeg"}],"author":"Sergio Redator Espanhol","twitter_card":"summary_large_image","twitter_creator":"@fraternidadeFHI","twitter_site":"@fraternidadeFHI","twitter_misc":{"Escrito por":"Sergio Redator Espanhol","Tiempo de lectura":"2 minutos"},"schema":{"@context":"https:\/\/schema.org","@graph":[{"@type":"WebPage","@id":"https:\/\/www.fraterinternacional.org\/es\/nucleo-luz-de-belo-horizonte-analizo-actuales-tiempos-de-trascendencia\/","url":"https:\/\/www.fraterinternacional.org\/es\/nucleo-luz-de-belo-horizonte-analizo-actuales-tiempos-de-trascendencia\/","name":"N\u00facleo-Luz de Belo Horizonte analiz\u00f3 actuales tiempos de trascendencia","isPartOf":{"@id":"https:\/\/www.fraterinternacional.org\/es\/#website"},"datePublished":"2018-03-14T22:17:32+00:00","dateModified":"2018-03-14T22:17:32+00:00","author":{"@id":"https:\/\/www.fraterinternacional.org\/es\/#\/schema\/person\/cf24d3eac28b0e09714ecb8cbd865c28"},"description":"El tema \u201cTiempos de Trascendencia\u201d inspir\u00f3 la reuni\u00f3n, que cont\u00f3 con la presentaci\u00f3n de la coral y la participaci\u00f3n de alrededor de 100 colaboradores.","breadcrumb":{"@id":"https:\/\/www.fraterinternacional.org\/es\/nucleo-luz-de-belo-horizonte-analizo-actuales-tiempos-de-trascendencia\/#breadcrumb"},"inLanguage":"es","potentialAction":[{"@type":"ReadAction","target":["https:\/\/www.fraterinternacional.org\/es\/nucleo-luz-de-belo-horizonte-analizo-actuales-tiempos-de-trascendencia\/"]}]},{"@type":"BreadcrumbList","@id":"https:\/\/www.fraterinternacional.org\/es\/nucleo-luz-de-belo-horizonte-analizo-actuales-tiempos-de-trascendencia\/#breadcrumb","itemListElement":[{"@type":"ListItem","position":1,"name":"In\u00edcio","item":"https:\/\/www.fraterinternacional.org\/es\/"},{"@type":"ListItem","position":2,"name":"N\u00facleo-Luz de Belo Horizonte analiz\u00f3 actuales tiempos de trascendencia"}]},{"@type":"WebSite","@id":"https:\/\/www.fraterinternacional.org\/es\/#website","url":"https:\/\/www.fraterinternacional.org\/es\/","name":"Fraternidade - Federa\u00e7\u00e3o Humanit\u00e1ria Internacional","description":"Fraternidade - Federa\u00e7\u00e3o Humanit\u00e1ria Internacional","potentialAction":[{"@type":"SearchAction","target":{"@type":"EntryPoint","urlTemplate":"https:\/\/www.fraterinternacional.org\/es\/?s={search_term_string}"},"query-input":"required name=search_term_string"}],"inLanguage":"es"},{"@type":"Person","@id":"https:\/\/www.fraterinternacional.org\/es\/#\/schema\/person\/cf24d3eac28b0e09714ecb8cbd865c28","name":"Sergio Redator Espanhol"}]}},"_links":{"self":[{"href":"https:\/\/www.fraterinternacional.org\/es\/wp-json\/wp\/v2\/posts\/76911"}],"collection":[{"href":"https:\/\/www.fraterinternacional.org\/es\/wp-json\/wp\/v2\/posts"}],"about":[{"href":"https:\/\/www.fraterinternacional.org\/es\/wp-json\/wp\/v2\/types\/post"}],"author":[{"embeddable":true,"href":"https:\/\/www.fraterinternacional.org\/es\/wp-json\/wp\/v2\/users\/16"}],"replies":[{"embeddable":true,"href":"https:\/\/www.fraterinternacional.org\/es\/wp-json\/wp\/v2\/comments?post=76911"}],"version-history":[{"count":0,"href":"https:\/\/www.fraterinternacional.org\/es\/wp-json\/wp\/v2\/posts\/76911\/revisions"}],"wp:featuredmedia":[{"embeddable":true,"href":"https:\/\/www.fraterinternacional.org\/es\/wp-json\/wp\/v2\/media\/76407"}],"wp:attachment":[{"href":"https:\/\/www.fraterinternacional.org\/es\/wp-json\/wp\/v2\/media?parent=76911"}],"wp:term":[{"taxonomy":"category","embeddable":true,"href":"https:\/\/www.fraterinternacional.org\/es\/wp-json\/wp\/v2\/categories?post=76911"},{"taxonomy":"post_tag","embeddable":true,"href":"https:\/\/www.fraterinternacional.org\/es\/wp-json\/wp\/v2\/tags?post=76911"}],"curies":[{"name":"wp","href":"https:\/\/api.w.org\/{rel}","templated":true}]}}