{"id":76666,"date":"2018-03-12T00:17:36","date_gmt":"2018-03-12T03:17:36","guid":{"rendered":"https:\/\/www.fraterinternacional.org\/?p=76666"},"modified":"2018-03-19T20:29:18","modified_gmt":"2018-03-19T23:29:18","slug":"los-rayos-y-la-vida-interior","status":"publish","type":"post","link":"https:\/\/www.fraterinternacional.org\/es\/los-rayos-y-la-vida-interior\/","title":{"rendered":"Los rayos y la vida interior"},"content":{"rendered":"<h3 style=\"text-align: center;\"><strong>Cu\u00e1l es su camino<\/strong><\/h3>\n<p style=\"text-align: justify;\"><a href=\"https:\/\/www.fraterinternacional.org\/wp-content\/uploads\/2018\/03\/ser_portal.jpg\"><img decoding=\"async\" class=\"alignleft size-medium wp-image-76659\" src=\"https:\/\/www.fraterinternacional.org\/wp-content\/uploads\/2018\/03\/ser_portal-300x169.jpg\" alt=\"\" width=\"300\" height=\"169\" srcset=\"https:\/\/www.fraterinternacional.org\/wp-content\/uploads\/2018\/03\/ser_portal-200x112.jpg 200w, https:\/\/www.fraterinternacional.org\/wp-content\/uploads\/2018\/03\/ser_portal-300x169.jpg 300w, https:\/\/www.fraterinternacional.org\/wp-content\/uploads\/2018\/03\/ser_portal-400x225.jpg 400w, https:\/\/www.fraterinternacional.org\/wp-content\/uploads\/2018\/03\/ser_portal-600x337.jpg 600w, https:\/\/www.fraterinternacional.org\/wp-content\/uploads\/2018\/03\/ser_portal.jpg 690w\" sizes=\"(max-width: 300px) 100vw, 300px\" \/><\/a><br \/>\nDe acuerdo con el conocimiento universal, existen siete diferentes m\u00e9todos que nos predisponen al contacto con la vida interior, cada uno de ellos relativo a un determinado temperamento. Busque, entre ellos, (de acuerdo a lo que describiremos a continuaci\u00f3n) cu\u00e1l es su camino de menor resistencia, e intente seguirlo, no insistiendo en el proceso que reconoce que no es el suyo.<\/p>\n<h3 data-fontsize=\"17\" data-lineheight=\"23\"><\/h3>\n<h3 data-fontsize=\"17\" data-lineheight=\"23\">Escuche el audio de Trigueirinho sobre el tema\u00a0<img decoding=\"async\" class=\"alignnone wp-image-3635\" src=\"https:\/\/www.fraterinternacional.org\/wp-content\/uploads\/2015\/09\/icone-audio.png\" alt=\"icone-audio\" width=\"33\" height=\"23\" \/><\/h3>\n<div style=\"width: 720px;\" class=\"wp-video\"><!--[if lt IE 9]><script>document.createElement('video');<\/script><![endif]-->\n<video class=\"wp-video-shortcode\" id=\"video-76666-1\" width=\"720\" height=\"100\" preload=\"metadata\" controls=\"controls\"><source type=\"video\/mp4\" src=\"https:\/\/www.fraterinternacional.org\/wp-content\/uploads\/2018\/03\/imp_ins_180312_os_raios_vida_tri_con_167_es.mp4?_=1\" \/><a href=\"https:\/\/www.fraterinternacional.org\/wp-content\/uploads\/2018\/03\/imp_ins_180312_os_raios_vida_tri_con_167_es.mp4\">https:\/\/www.fraterinternacional.org\/wp-content\/uploads\/2018\/03\/imp_ins_180312_os_raios_vida_tri_con_167_es.mp4<\/a><\/video><\/div>\n<h3 style=\"text-align: center;\"><strong><br \/>\nTodos llegaremos<\/strong><\/h3>\n<p style=\"text-align: justify;\">El contacto con la vida interior, como se sabe, ocurre sin la participaci\u00f3n del esfuerzo humano. Ese contacto es la consecuencia del desenvolvimiento del alma que, en su propio nivel de consciencia, entrev\u00e9 realidades m\u00e1s altas. Se trata de una experiencia interna, y todos llegaremos a ella.<\/p>\n<p style=\"text-align: justify;\">Estos siete m\u00e9todos, uno para cada rayo, describen procesos o actitudes que pueden ser asumidos en la vida cotidiana f\u00edsica, emocional y mental. Cuando esas actitudes estuvieren incorporadas en nuestras vidas, podremos creer que estamos predispuestos a la relaci\u00f3n con la vida interior.<\/p>\n<h3 style=\"text-align: center;\"><strong>Siete m\u00e9todos, uno para cada rayo<\/strong><\/h3>\n<p><img decoding=\"async\" class=\"alignright size-medium wp-image-76655\" src=\"https:\/\/www.fraterinternacional.org\/wp-content\/uploads\/2018\/03\/raios_noite_norte_vegetacao-300x169.jpg\" alt=\"\" width=\"300\" height=\"169\" srcset=\"https:\/\/www.fraterinternacional.org\/wp-content\/uploads\/2018\/03\/raios_noite_norte_vegetacao-200x112.jpg 200w, https:\/\/www.fraterinternacional.org\/wp-content\/uploads\/2018\/03\/raios_noite_norte_vegetacao-300x169.jpg 300w, https:\/\/www.fraterinternacional.org\/wp-content\/uploads\/2018\/03\/raios_noite_norte_vegetacao-400x225.jpg 400w, https:\/\/www.fraterinternacional.org\/wp-content\/uploads\/2018\/03\/raios_noite_norte_vegetacao-600x337.jpg 600w, https:\/\/www.fraterinternacional.org\/wp-content\/uploads\/2018\/03\/raios_noite_norte_vegetacao.jpg 690w\" sizes=\"(max-width: 300px) 100vw, 300px\" \/><\/p>\n<p style=\"text-align: justify;\"><strong>1.<sup>er<\/sup> Rayo<\/strong> &#8211; El m\u00e9todo de menor resistencia para estos es la aplicaci\u00f3n de la voluntad a los veh\u00edculos f\u00edsicos, emocional y mental de una forma din\u00e1mica. Esto significa mantener la atenci\u00f3n intensamente enfocada en la intenci\u00f3n elevada. Debe cultivarse una concentraci\u00f3n tan profunda que inhiba los obst\u00e1culos y fuerce un canal de comunicaci\u00f3n con los niveles superiores. Cuando la aspiraci\u00f3n es sincera y no ego\u00edsta, el yo superior responde positivamente.<\/p>\n<p style=\"text-align: justify;\"><strong>2.\u00ba Rayo<\/strong> &#8211; Aqu\u00ed entrenamos grados de inclusi\u00f3n crecientes. No se trata de un impulso, pero s\u00ed de la expansi\u00f3n de la afinidad magn\u00e9tica y del amor elevado. Llegaremos a incluir el ambiente y las almas ligadas al mismo grupo, o estudiantes asociados a la misma intenci\u00f3n. Esta uni\u00f3n puede ser subjetiva, no visible, no social, aunque tambi\u00e9n pueda suceder esa \u00faltima.<\/p>\n<p style=\"text-align: justify;\"><strong>3.\u00ba Rayo<\/strong> &#8211; El proceso natural es la adaptaci\u00f3n sistem\u00e1tica de todo conocimiento disponible y de toda especie de recursos a la finalidad en vista. Se trata de reunir todos los esfuerzos posibles para ayudar al mundo, sea por medio de la informaci\u00f3n correcta y oportuna, sea por medio del amor y del discernimiento maduro.<\/p>\n<p style=\"text-align: justify;\"><strong>4.\u00ba Rayo<\/strong> &#8211; La adhesi\u00f3n a la belleza y a la armon\u00eda es lo que aproxima a esos seres a la vida interior. Hasta que esa adhesi\u00f3n sea realmente vivida, alcanzando los planos internos. El alma expresa su nota en armon\u00eda con otras almas. El individuo aprende a retraer su atenci\u00f3n a los niveles internos con la finalidad de comprender mejor la vida.<\/p>\n<p style=\"text-align: justify;\"><strong>5.\u00ba Rayo<\/strong> &#8211; La llegada a la vida interior se da por la concentraci\u00f3n de la mente en alg\u00fan asunto, con la finalidad de ayudar a la raza humana o alg\u00fan otro Reino de la Naturaleza. Tambi\u00e9n se desarrolla el control de los propios cuerpos f\u00edsico, emocional, y mental, por medio del uso del elemento voluntad, como vimos en el primer rayo.<\/p>\n<p style=\"text-align: justify;\"><strong>6.\u00ba Rayo<\/strong> &#8211; Los del sexto rayo se aproximan a su vida interna por la dedicaci\u00f3n exclusiva, por el amor a alguien o a un ideal. Por amor, el hombre devocional-idealista, se vuelve inclusivo y, con todas sus fuerzas, contempla su meta superior. En la dedicaci\u00f3n a una persona o ideal, arroja su personalidad entera que, de ese modo, se alinea con su alma.<\/p>\n<p style=\"text-align: justify;\"><strong>7.\u00ba Rayo<\/strong> &#8211; Aqu\u00ed el camino para la vida interior se encuentra conduciendo los tres cuerpos externos a la ley, al orden y a la disciplina espont\u00e1nea. (cuerpos f\u00edsico, emocional y mental) Se estudia la ley y se comprende c\u00f3mo y por qu\u00e9 act\u00faa. Aplic\u00e1ndola inteligentemente a la vida, mejoran las condiciones de la humanidad en general, torn\u00e1ndose, as\u00ed, colaboradores de la evoluci\u00f3n humana.<\/p>\n<p style=\"text-align: center;\"><strong>As\u00ed, sea cual fuere el rayo del individuo, sea cual fuere su proceso de menor resistencia,<br \/>\nbajo todos ellos yace una ley inmutable: la del olvido del ego<br \/>\npor medio del servicio ejercido con amor incondicional.<\/strong><\/p>\n<h3 style=\"text-align: center;\"><strong>PAZ<\/strong><\/h3>\n<p style=\"text-align: justify;\"><strong>Libro de Trigueirinho<\/strong>:\u00a0<a href=\"http:\/\/www.irdin.org.br\/site\/produto\/a-energia-dos-raios-em-nossa-vida\/\" target=\"_blank\" rel=\"noopener\">As Energias dos Raios e Nossas Vidas<\/a><br \/>\n<strong><b>Texto extra\u00eddo do cap\u00edtulo<\/b>:<\/strong>\u00a0Os Raios e a Vida Interior (p. 181)\u00a0 (Los rayos y la vida interior)<br \/>\n<strong>Audio de Irdin &#8211; completo en:\u00a0<\/strong><a href=\"http:\/\/www.irdin.org.br\/site\/produto\/000787\/?post_type=product&amp;_sf_s=Conversas+com+Trigueirinho+n%C2%BA+167\" target=\"_blank\" rel=\"noopener\">Conversas com Trigueirinho n\u00ba 167<\/a><\/p>\n<p style=\"text-align: left;\"><div class=\"fusion-aligncenter\"><a class=\"fusion-button button-3d button-small button-custom fusion-button-default button-1 fusion-button-default-span \" style=\"--button_accent_color:#ffffff;--button_accent_hover_color:#dedede;--button_border_hover_color:#dedede;--button_gradient_top_color:#d3b054;--button_gradient_bottom_color:#d3b054;--button_gradient_top_color_hover:#d3b054;--button_gradient_bottom_color_hover:#d3b054;\" target=\"_self\" href=\"https:\/\/www.fraterinternacional.org\/es\/category\/impulsos-para-la-semana\/instruccion-es\/\"><span class=\"fusion-button-text\">Vea todos<\/span><\/a><\/div><\/p>\n<p>&nbsp;<\/p>\n<p><a href=\"https:\/\/www.fraterinternacional.org\/wp-content\/uploads\/2018\/03\/ser_portal.jpg\"><img decoding=\"async\" class=\"aligncenter wp-image-76659 size-full\" src=\"https:\/\/www.fraterinternacional.org\/wp-content\/uploads\/2018\/03\/ser_portal.jpg\" alt=\"\" width=\"690\" height=\"388\" srcset=\"https:\/\/www.fraterinternacional.org\/wp-content\/uploads\/2018\/03\/ser_portal-200x112.jpg 200w, https:\/\/www.fraterinternacional.org\/wp-content\/uploads\/2018\/03\/ser_portal-300x169.jpg 300w, https:\/\/www.fraterinternacional.org\/wp-content\/uploads\/2018\/03\/ser_portal-400x225.jpg 400w, https:\/\/www.fraterinternacional.org\/wp-content\/uploads\/2018\/03\/ser_portal-600x337.jpg 600w, https:\/\/www.fraterinternacional.org\/wp-content\/uploads\/2018\/03\/ser_portal.jpg 690w\" sizes=\"(max-width: 690px) 100vw, 690px\" \/><\/a><\/p>\n","protected":false},"excerpt":{"rendered":"<p>Cu\u00e1l es su camino De acuerdo con el conocimiento universal, existen siete diferentes m\u00e9todos que nos predisponen al contacto con [&hellip;]<\/p>\n","protected":false},"author":8,"featured_media":76657,"comment_status":"closed","ping_status":"closed","sticky":false,"template":"","format":"standard","meta":{"footnotes":""},"categories":[3237],"tags":[3239],"class_list":["post-76666","post","type-post","status-publish","format-standard","has-post-thumbnail","hentry","category-impulsos-para-la-semana","tag-instruccion-es"],"yoast_head":"<!-- This site is optimized with the Yoast SEO Premium plugin v21.0 (Yoast SEO v21.0) - https:\/\/yoast.com\/wordpress\/plugins\/seo\/ -->\n<title>Los rayos y la vida interior ------ Cu\u00e1l es su camino<\/title>\n<meta name=\"description\" content=\"Busque cu\u00e1l es su camino de menor resistencia, e intente seguirlo, no insistiendo en el proceso que reconoce que no es el suyo.\" \/>\n<meta name=\"robots\" content=\"index, follow, max-snippet:-1, max-image-preview:large, max-video-preview:-1\" \/>\n<link rel=\"canonical\" href=\"https:\/\/www.fraterinternacional.org\/es\/los-rayos-y-la-vida-interior\/\" \/>\n<meta property=\"og:locale\" content=\"es_ES\" \/>\n<meta property=\"og:type\" content=\"article\" \/>\n<meta property=\"og:title\" content=\"Los rayos y la vida interior\" \/>\n<meta property=\"og:description\" content=\"Busque cu\u00e1l es su camino de menor resistencia, e intente seguirlo, no insistiendo en el proceso que reconoce que no es el suyo.\" \/>\n<meta property=\"og:url\" content=\"https:\/\/www.fraterinternacional.org\/es\/los-rayos-y-la-vida-interior\/\" \/>\n<meta property=\"og:site_name\" content=\"Fraternidade - Federa\u00e7\u00e3o Humanit\u00e1ria Internacional\" \/>\n<meta property=\"article:publisher\" content=\"https:\/\/www.facebook.com\/fraternidadehumanitaria\" \/>\n<meta property=\"article:published_time\" content=\"2018-03-12T03:17:36+00:00\" \/>\n<meta property=\"article:modified_time\" content=\"2018-03-19T23:29:18+00:00\" \/>\n<meta property=\"og:image\" content=\"https:\/\/www.fraterinternacional.org\/wp-content\/uploads\/2018\/03\/raios_noite_norte_vegetacao.jpg\" \/>\n\t<meta property=\"og:image:width\" content=\"690\" \/>\n\t<meta property=\"og:image:height\" content=\"388\" \/>\n\t<meta property=\"og:image:type\" content=\"image\/jpeg\" \/>\n<meta name=\"author\" content=\"FFHI\" \/>\n<meta name=\"twitter:card\" content=\"summary_large_image\" \/>\n<meta name=\"twitter:creator\" content=\"@fraternidadeFHI\" \/>\n<meta name=\"twitter:site\" content=\"@fraternidadeFHI\" \/>\n<meta name=\"twitter:label1\" content=\"Escrito por\" \/>\n\t<meta name=\"twitter:data1\" content=\"FFHI\" \/>\n\t<meta name=\"twitter:label2\" content=\"Tiempo de lectura\" \/>\n\t<meta name=\"twitter:data2\" content=\"4 minutos\" \/>\n<script type=\"application\/ld+json\" class=\"yoast-schema-graph\">{\"@context\":\"https:\/\/schema.org\",\"@graph\":[{\"@type\":\"WebPage\",\"@id\":\"https:\/\/www.fraterinternacional.org\/es\/los-rayos-y-la-vida-interior\/\",\"url\":\"https:\/\/www.fraterinternacional.org\/es\/los-rayos-y-la-vida-interior\/\",\"name\":\"Los rayos y la vida interior ------ Cu\u00e1l es su camino\",\"isPartOf\":{\"@id\":\"https:\/\/www.fraterinternacional.org\/es\/#website\"},\"datePublished\":\"2018-03-12T03:17:36+00:00\",\"dateModified\":\"2018-03-19T23:29:18+00:00\",\"author\":{\"@id\":\"https:\/\/www.fraterinternacional.org\/es\/#\/schema\/person\/8fd7058ced8aa6a1995cc0feee75819f\"},\"description\":\"Busque cu\u00e1l es su camino de menor resistencia, e intente seguirlo, no insistiendo en el proceso que reconoce que no es el suyo.\",\"breadcrumb\":{\"@id\":\"https:\/\/www.fraterinternacional.org\/es\/los-rayos-y-la-vida-interior\/#breadcrumb\"},\"inLanguage\":\"es\",\"potentialAction\":[{\"@type\":\"ReadAction\",\"target\":[\"https:\/\/www.fraterinternacional.org\/es\/los-rayos-y-la-vida-interior\/\"]}]},{\"@type\":\"BreadcrumbList\",\"@id\":\"https:\/\/www.fraterinternacional.org\/es\/los-rayos-y-la-vida-interior\/#breadcrumb\",\"itemListElement\":[{\"@type\":\"ListItem\",\"position\":1,\"name\":\"In\u00edcio\",\"item\":\"https:\/\/www.fraterinternacional.org\/es\/\"},{\"@type\":\"ListItem\",\"position\":2,\"name\":\"Los rayos y la vida interior\"}]},{\"@type\":\"WebSite\",\"@id\":\"https:\/\/www.fraterinternacional.org\/es\/#website\",\"url\":\"https:\/\/www.fraterinternacional.org\/es\/\",\"name\":\"Fraternidade - Federa\u00e7\u00e3o Humanit\u00e1ria Internacional\",\"description\":\"Fraternidade - Federa\u00e7\u00e3o Humanit\u00e1ria Internacional\",\"potentialAction\":[{\"@type\":\"SearchAction\",\"target\":{\"@type\":\"EntryPoint\",\"urlTemplate\":\"https:\/\/www.fraterinternacional.org\/es\/?s={search_term_string}\"},\"query-input\":\"required name=search_term_string\"}],\"inLanguage\":\"es\"},{\"@type\":\"Person\",\"@id\":\"https:\/\/www.fraterinternacional.org\/es\/#\/schema\/person\/8fd7058ced8aa6a1995cc0feee75819f\",\"name\":\"FFHI\"}]}<\/script>\n<!-- \/ Yoast SEO Premium plugin. -->","yoast_head_json":{"title":"Los rayos y la vida interior ------ Cu\u00e1l es su camino","description":"Busque cu\u00e1l es su camino de menor resistencia, e intente seguirlo, no insistiendo en el proceso que reconoce que no es el suyo.","robots":{"index":"index","follow":"follow","max-snippet":"max-snippet:-1","max-image-preview":"max-image-preview:large","max-video-preview":"max-video-preview:-1"},"canonical":"https:\/\/www.fraterinternacional.org\/es\/los-rayos-y-la-vida-interior\/","og_locale":"es_ES","og_type":"article","og_title":"Los rayos y la vida interior","og_description":"Busque cu\u00e1l es su camino de menor resistencia, e intente seguirlo, no insistiendo en el proceso que reconoce que no es el suyo.","og_url":"https:\/\/www.fraterinternacional.org\/es\/los-rayos-y-la-vida-interior\/","og_site_name":"Fraternidade - Federa\u00e7\u00e3o Humanit\u00e1ria Internacional","article_publisher":"https:\/\/www.facebook.com\/fraternidadehumanitaria","article_published_time":"2018-03-12T03:17:36+00:00","article_modified_time":"2018-03-19T23:29:18+00:00","og_image":[{"width":690,"height":388,"url":"https:\/\/www.fraterinternacional.org\/wp-content\/uploads\/2018\/03\/raios_noite_norte_vegetacao.jpg","type":"image\/jpeg"}],"author":"FFHI","twitter_card":"summary_large_image","twitter_creator":"@fraternidadeFHI","twitter_site":"@fraternidadeFHI","twitter_misc":{"Escrito por":"FFHI","Tiempo de lectura":"4 minutos"},"schema":{"@context":"https:\/\/schema.org","@graph":[{"@type":"WebPage","@id":"https:\/\/www.fraterinternacional.org\/es\/los-rayos-y-la-vida-interior\/","url":"https:\/\/www.fraterinternacional.org\/es\/los-rayos-y-la-vida-interior\/","name":"Los rayos y la vida interior ------ Cu\u00e1l es su camino","isPartOf":{"@id":"https:\/\/www.fraterinternacional.org\/es\/#website"},"datePublished":"2018-03-12T03:17:36+00:00","dateModified":"2018-03-19T23:29:18+00:00","author":{"@id":"https:\/\/www.fraterinternacional.org\/es\/#\/schema\/person\/8fd7058ced8aa6a1995cc0feee75819f"},"description":"Busque cu\u00e1l es su camino de menor resistencia, e intente seguirlo, no insistiendo en el proceso que reconoce que no es el suyo.","breadcrumb":{"@id":"https:\/\/www.fraterinternacional.org\/es\/los-rayos-y-la-vida-interior\/#breadcrumb"},"inLanguage":"es","potentialAction":[{"@type":"ReadAction","target":["https:\/\/www.fraterinternacional.org\/es\/los-rayos-y-la-vida-interior\/"]}]},{"@type":"BreadcrumbList","@id":"https:\/\/www.fraterinternacional.org\/es\/los-rayos-y-la-vida-interior\/#breadcrumb","itemListElement":[{"@type":"ListItem","position":1,"name":"In\u00edcio","item":"https:\/\/www.fraterinternacional.org\/es\/"},{"@type":"ListItem","position":2,"name":"Los rayos y la vida interior"}]},{"@type":"WebSite","@id":"https:\/\/www.fraterinternacional.org\/es\/#website","url":"https:\/\/www.fraterinternacional.org\/es\/","name":"Fraternidade - Federa\u00e7\u00e3o Humanit\u00e1ria Internacional","description":"Fraternidade - Federa\u00e7\u00e3o Humanit\u00e1ria Internacional","potentialAction":[{"@type":"SearchAction","target":{"@type":"EntryPoint","urlTemplate":"https:\/\/www.fraterinternacional.org\/es\/?s={search_term_string}"},"query-input":"required name=search_term_string"}],"inLanguage":"es"},{"@type":"Person","@id":"https:\/\/www.fraterinternacional.org\/es\/#\/schema\/person\/8fd7058ced8aa6a1995cc0feee75819f","name":"FFHI"}]}},"_links":{"self":[{"href":"https:\/\/www.fraterinternacional.org\/es\/wp-json\/wp\/v2\/posts\/76666"}],"collection":[{"href":"https:\/\/www.fraterinternacional.org\/es\/wp-json\/wp\/v2\/posts"}],"about":[{"href":"https:\/\/www.fraterinternacional.org\/es\/wp-json\/wp\/v2\/types\/post"}],"author":[{"embeddable":true,"href":"https:\/\/www.fraterinternacional.org\/es\/wp-json\/wp\/v2\/users\/8"}],"replies":[{"embeddable":true,"href":"https:\/\/www.fraterinternacional.org\/es\/wp-json\/wp\/v2\/comments?post=76666"}],"version-history":[{"count":0,"href":"https:\/\/www.fraterinternacional.org\/es\/wp-json\/wp\/v2\/posts\/76666\/revisions"}],"wp:featuredmedia":[{"embeddable":true,"href":"https:\/\/www.fraterinternacional.org\/es\/wp-json\/wp\/v2\/media\/76657"}],"wp:attachment":[{"href":"https:\/\/www.fraterinternacional.org\/es\/wp-json\/wp\/v2\/media?parent=76666"}],"wp:term":[{"taxonomy":"category","embeddable":true,"href":"https:\/\/www.fraterinternacional.org\/es\/wp-json\/wp\/v2\/categories?post=76666"},{"taxonomy":"post_tag","embeddable":true,"href":"https:\/\/www.fraterinternacional.org\/es\/wp-json\/wp\/v2\/tags?post=76666"}],"curies":[{"name":"wp","href":"https:\/\/api.w.org\/{rel}","templated":true}]}}