{"id":75340,"date":"2018-02-21T21:46:27","date_gmt":"2018-02-22T00:46:27","guid":{"rendered":"https:\/\/www.fraterinternacional.org\/?p=75340"},"modified":"2018-02-21T21:46:27","modified_gmt":"2018-02-22T00:46:27","slug":"mision-confraternizar-primeras-acciones-en-la-comunidad-el-mistol","status":"publish","type":"post","link":"https:\/\/www.fraterinternacional.org\/es\/mision-confraternizar-primeras-acciones-en-la-comunidad-el-mistol\/","title":{"rendered":"Misi\u00f3n Confraternizar \u2013 Primeras acciones en la comunidad El Mistol"},"content":{"rendered":"<p style=\"text-align: justify;\"><strong>Martes, 20 de febrero<\/strong><\/p>\n<p style=\"text-align: justify;\"><a href=\"https:\/\/www.fraterinternacional.org\/wp-content\/uploads\/2018\/02\/missao_confraternizar_comunidade_el_mistol_criancas_catam_lixo_do_chao_02.jpg\"><img decoding=\"async\" class=\"alignright size-medium wp-image-75334\" src=\"https:\/\/www.fraterinternacional.org\/wp-content\/uploads\/2018\/02\/missao_confraternizar_comunidade_el_mistol_criancas_catam_lixo_do_chao_02-300x200.jpg\" alt=\"\" width=\"300\" height=\"200\" srcset=\"https:\/\/www.fraterinternacional.org\/wp-content\/uploads\/2018\/02\/missao_confraternizar_comunidade_el_mistol_criancas_catam_lixo_do_chao_02-200x133.jpg 200w, https:\/\/www.fraterinternacional.org\/wp-content\/uploads\/2018\/02\/missao_confraternizar_comunidade_el_mistol_criancas_catam_lixo_do_chao_02-300x200.jpg 300w, https:\/\/www.fraterinternacional.org\/wp-content\/uploads\/2018\/02\/missao_confraternizar_comunidade_el_mistol_criancas_catam_lixo_do_chao_02-400x267.jpg 400w, https:\/\/www.fraterinternacional.org\/wp-content\/uploads\/2018\/02\/missao_confraternizar_comunidade_el_mistol_criancas_catam_lixo_do_chao_02-600x400.jpg 600w, https:\/\/www.fraterinternacional.org\/wp-content\/uploads\/2018\/02\/missao_confraternizar_comunidade_el_mistol_criancas_catam_lixo_do_chao_02.jpg 690w\" sizes=\"(max-width: 300px) 100vw, 300px\" \/><\/a>El grupo misionero de la <strong>Fraternidade \u2013 Federaci\u00f3n Humanitaria Internacional<\/strong> se despidi\u00f3 de la comunidad Fowlit e inici\u00f3 actividades en otra comunidad de la etnia wichi, esta vez en El Mistol, a 6 kil\u00f3metros de la localidad de Tartagal. Este movimiento forma parte de la <a href=\"https:\/\/www.fraterinternacional.org\/es\/campanhas-ffhi\/mision-confraternizar\/?portfolioCats=185\">Misi\u00f3n Confraternizar<\/a>, emprendida en apoyo a comunidades ind\u00edgenas que fueron afectadas por las inundaciones que se est\u00e1n registrando en la provincia de Salta, norte de la Argentina.<\/p>\n<p style=\"text-align: justify;\">La primera tarea consisti\u00f3 en armonizar el entorno, barriendo el lugar y recogiendo la basura dispersa en el suelo. Luego se comparti\u00f3 un desayuno con chocolate y panificados. Los ni\u00f1os ofrecieron canciones de bienvenida y despu\u00e9s participaron, de manera entusiasta, de las actividades recreativas.<\/p>\n<p style=\"text-align: justify;\"><strong>Casas vulnerables<\/strong><\/p>\n<p style=\"text-align: justify;\"><a href=\"https:\/\/www.fraterinternacional.org\/wp-content\/uploads\/2018\/02\/missao_confraternizar_templo_el_mistol_arrasado_pelas_chuvas.jpg\"><img decoding=\"async\" class=\"alignleft size-medium wp-image-75324\" src=\"https:\/\/www.fraterinternacional.org\/wp-content\/uploads\/2018\/02\/missao_confraternizar_templo_el_mistol_arrasado_pelas_chuvas-300x169.jpg\" alt=\"\" width=\"300\" height=\"169\" srcset=\"https:\/\/www.fraterinternacional.org\/wp-content\/uploads\/2018\/02\/missao_confraternizar_templo_el_mistol_arrasado_pelas_chuvas-200x112.jpg 200w, https:\/\/www.fraterinternacional.org\/wp-content\/uploads\/2018\/02\/missao_confraternizar_templo_el_mistol_arrasado_pelas_chuvas-300x169.jpg 300w, https:\/\/www.fraterinternacional.org\/wp-content\/uploads\/2018\/02\/missao_confraternizar_templo_el_mistol_arrasado_pelas_chuvas-400x225.jpg 400w, https:\/\/www.fraterinternacional.org\/wp-content\/uploads\/2018\/02\/missao_confraternizar_templo_el_mistol_arrasado_pelas_chuvas-600x337.jpg 600w, https:\/\/www.fraterinternacional.org\/wp-content\/uploads\/2018\/02\/missao_confraternizar_templo_el_mistol_arrasado_pelas_chuvas.jpg 690w\" sizes=\"(max-width: 300px) 100vw, 300px\" \/><\/a>Los misioneros encontraron el templo de la comunidad arrasado por los temporales que se desataron en la zona recientemente y varias casas construidas por debajo del nivel del terreno, lo cual, las vuelve vulnerables a las inundaciones. Ellos tienen previsto mostrar c\u00f3mo levantar un muro de contenci\u00f3n de las aguas, de manera similar a lo realizado en la comunidad Fowlit.<\/p>\n<p style=\"text-align: justify;\">Para responder a demandas de varias familias, se organiz\u00f3 un peque\u00f1o botiqu\u00edn de primeros auxilios, con medicamentos sutiles disponibles en el grupo, tales como pr\u00f3polis, espinheira santa, hepatobiliar, cicatricin, apys, arnica, entre otros.<\/p>\n<div id=\"attachment_75330\" style=\"width: 310px\" class=\"wp-caption alignright\"><a href=\"https:\/\/www.fraterinternacional.org\/wp-content\/uploads\/2018\/02\/missao_confraternizar_comunidade_el_mistol_desjejum_crianca_recebe_pao.jpg\"><img decoding=\"async\" aria-describedby=\"caption-attachment-75330\" class=\"wp-image-75330 size-medium\" src=\"https:\/\/www.fraterinternacional.org\/wp-content\/uploads\/2018\/02\/missao_confraternizar_comunidade_el_mistol_desjejum_crianca_recebe_pao-300x169.jpg\" alt=\"\" width=\"300\" height=\"169\" srcset=\"https:\/\/www.fraterinternacional.org\/wp-content\/uploads\/2018\/02\/missao_confraternizar_comunidade_el_mistol_desjejum_crianca_recebe_pao-200x112.jpg 200w, https:\/\/www.fraterinternacional.org\/wp-content\/uploads\/2018\/02\/missao_confraternizar_comunidade_el_mistol_desjejum_crianca_recebe_pao-300x169.jpg 300w, https:\/\/www.fraterinternacional.org\/wp-content\/uploads\/2018\/02\/missao_confraternizar_comunidade_el_mistol_desjejum_crianca_recebe_pao-400x225.jpg 400w, https:\/\/www.fraterinternacional.org\/wp-content\/uploads\/2018\/02\/missao_confraternizar_comunidade_el_mistol_desjejum_crianca_recebe_pao-600x337.jpg 600w, https:\/\/www.fraterinternacional.org\/wp-content\/uploads\/2018\/02\/missao_confraternizar_comunidade_el_mistol_desjejum_crianca_recebe_pao.jpg 690w\" sizes=\"(max-width: 300px) 100vw, 300px\" \/><\/a><p id=\"caption-attachment-75330\" class=\"wp-caption-text\">Desayuno comunitario<\/p><\/div>\n<p style=\"text-align: justify;\">El cacique de la comunidad presenta visibles signos de abatimiento. Su principal preocupaci\u00f3n, seg\u00fan revel\u00f3, es el no poder ayudar m\u00e1s a su comunidad como antes, debido a una enfermedad que lo mantiene debilitado y a la p\u00e9rdida de una radioemisora comunitaria, por medio de la cual, consegu\u00eda pasar las informaciones de utilidad y conseguir ayuda para las m\u00faltiples necesidades de las diferentes comunidades wichi de la zona. \u201cMantuvimos una larga conversaci\u00f3n con el cacique. \u00c9l se mostr\u00f3 muy agradecido y dijo que la presencia del grupo misionero les tra\u00eda una nueva esperanza, que ya la ten\u00edan perdida\u201d, coment\u00f3 Wanderley Freitas, uno de los misioneros.<\/p>\n<p style=\"text-align: justify;\">Todos aquellos que sientan colaborar con la Misi\u00f3n Confraternizar pueden obtener m\u00e1s informaciones haciendo clic <a href=\"https:\/\/www.fraterinternacional.org\/es\/campanhas-ffhi\/mision-confraternizar\/?portfolioCats=185\"><strong>aqu\u00ed<\/strong><\/a>.<\/p>\n<p>&nbsp;<\/p>\n\n\t\t<style type=\"text\/css\">\n\t\t\t#gallery-1 {\n\t\t\t\tmargin: auto;\n\t\t\t}\n\t\t\t#gallery-1 .gallery-item {\n\t\t\t\tfloat: left;\n\t\t\t\tmargin-top: 10px;\n\t\t\t\ttext-align: center;\n\t\t\t\twidth: 50%;\n\t\t\t}\n\t\t\t#gallery-1 img {\n\t\t\t\tborder: 2px solid #cfcfcf;\n\t\t\t}\n\t\t\t#gallery-1 .gallery-caption {\n\t\t\t\tmargin-left: 0;\n\t\t\t}\n\t\t\t\/* see gallery_shortcode() in wp-includes\/media.php *\/\n\t\t<\/style>\n\t\t<div id='gallery-1' class='gallery galleryid-75340 gallery-columns-2 gallery-size-medium'><dl class='gallery-item'>\n\t\t\t<dt class='gallery-icon landscape'>\n\t\t\t\t<a data-rel=\"iLightbox[postimages]\" data-title=\"missao_confraternizar_indigena_com_artesanato_wichi\" data-caption=\"Artesan\u00eda wichi\" href='https:\/\/www.fraterinternacional.org\/wp-content\/uploads\/2018\/02\/missao_confraternizar_indigena_com_artesanato_wichi.jpg'><img decoding=\"async\" width=\"300\" height=\"169\" src=\"https:\/\/www.fraterinternacional.org\/wp-content\/uploads\/2018\/02\/missao_confraternizar_indigena_com_artesanato_wichi-300x169.jpg\" class=\"attachment-medium size-medium\" alt=\"\" aria-describedby=\"gallery-1-75329\" srcset=\"https:\/\/www.fraterinternacional.org\/wp-content\/uploads\/2018\/02\/missao_confraternizar_indigena_com_artesanato_wichi-200x112.jpg 200w, https:\/\/www.fraterinternacional.org\/wp-content\/uploads\/2018\/02\/missao_confraternizar_indigena_com_artesanato_wichi-300x169.jpg 300w, https:\/\/www.fraterinternacional.org\/wp-content\/uploads\/2018\/02\/missao_confraternizar_indigena_com_artesanato_wichi-400x225.jpg 400w, https:\/\/www.fraterinternacional.org\/wp-content\/uploads\/2018\/02\/missao_confraternizar_indigena_com_artesanato_wichi-600x337.jpg 600w, https:\/\/www.fraterinternacional.org\/wp-content\/uploads\/2018\/02\/missao_confraternizar_indigena_com_artesanato_wichi.jpg 690w\" sizes=\"(max-width: 300px) 100vw, 300px\" \/><\/a>\n\t\t\t<\/dt>\n\t\t\t\t<dd class='wp-caption-text gallery-caption' id='gallery-1-75329'>\n\t\t\t\tArtesan\u00eda wichi\n\t\t\t\t<\/dd><\/dl><dl class='gallery-item'>\n\t\t\t<dt class='gallery-icon landscape'>\n\t\t\t\t<a data-rel=\"iLightbox[postimages]\" data-title=\"missao_confraternizar_comunidade_el_mistol_criancas_compartem_desjejum\" data-caption=\"Fraternidad\" href='https:\/\/www.fraterinternacional.org\/wp-content\/uploads\/2018\/02\/missao_confraternizar_comunidade_el_mistol_criancas_compartem_desjejum.jpg'><img decoding=\"async\" width=\"300\" height=\"169\" src=\"https:\/\/www.fraterinternacional.org\/wp-content\/uploads\/2018\/02\/missao_confraternizar_comunidade_el_mistol_criancas_compartem_desjejum-300x169.jpg\" class=\"attachment-medium size-medium\" alt=\"\" aria-describedby=\"gallery-1-75319\" srcset=\"https:\/\/www.fraterinternacional.org\/wp-content\/uploads\/2018\/02\/missao_confraternizar_comunidade_el_mistol_criancas_compartem_desjejum-200x112.jpg 200w, https:\/\/www.fraterinternacional.org\/wp-content\/uploads\/2018\/02\/missao_confraternizar_comunidade_el_mistol_criancas_compartem_desjejum-300x169.jpg 300w, https:\/\/www.fraterinternacional.org\/wp-content\/uploads\/2018\/02\/missao_confraternizar_comunidade_el_mistol_criancas_compartem_desjejum-400x225.jpg 400w, https:\/\/www.fraterinternacional.org\/wp-content\/uploads\/2018\/02\/missao_confraternizar_comunidade_el_mistol_criancas_compartem_desjejum-600x337.jpg 600w, https:\/\/www.fraterinternacional.org\/wp-content\/uploads\/2018\/02\/missao_confraternizar_comunidade_el_mistol_criancas_compartem_desjejum.jpg 690w\" sizes=\"(max-width: 300px) 100vw, 300px\" \/><\/a>\n\t\t\t<\/dt>\n\t\t\t\t<dd class='wp-caption-text gallery-caption' id='gallery-1-75319'>\n\t\t\t\tFraternidad\n\t\t\t\t<\/dd><\/dl><br style=\"clear: both\" \/>\n\t\t<\/div>\n\n","protected":false},"excerpt":{"rendered":"<p>Martes, 20 de febrero El grupo misionero de la Fraternidade \u2013 Federaci\u00f3n Humanitaria Internacional se despidi\u00f3 de la comunidad Fowlit [&hellip;]<\/p>\n","protected":false},"author":16,"featured_media":75322,"comment_status":"closed","ping_status":"closed","sticky":false,"template":"","format":"standard","meta":{"footnotes":""},"categories":[173,105,120],"tags":[229,4053,97],"class_list":["post-75340","post","type-post","status-publish","format-standard","has-post-thumbnail","hentry","category-noticia","category-noticias-de-las-misiones","category-red-luz-es","tag-diario-es","tag-missao-confraternizar-es","tag-servicio-humanitario-es"],"yoast_head":"<!-- This site is optimized with the Yoast SEO Premium plugin v21.0 (Yoast SEO v21.0) - https:\/\/yoast.com\/wordpress\/plugins\/seo\/ -->\n<title>Misi\u00f3n Confraternizar \u2013 Primeras acciones en la comunidad El Mistol<\/title>\n<meta name=\"description\" content=\"Los misioneros identificaron problemas de salud en seres humanos y animales, as\u00ed como la vulnerabilidad del templo y de varias casas ante inundaciones.\" \/>\n<meta name=\"robots\" content=\"index, follow, max-snippet:-1, max-image-preview:large, max-video-preview:-1\" \/>\n<link rel=\"canonical\" href=\"https:\/\/www.fraterinternacional.org\/es\/mision-confraternizar-primeras-acciones-en-la-comunidad-el-mistol\/\" \/>\n<meta property=\"og:locale\" content=\"es_ES\" \/>\n<meta property=\"og:type\" content=\"article\" \/>\n<meta property=\"og:title\" content=\"Misi\u00f3n Confraternizar \u2013 Primeras acciones en la comunidad El Mistol\" \/>\n<meta property=\"og:description\" content=\"Los misioneros identificaron problemas de salud en seres humanos y animales, as\u00ed como la vulnerabilidad del templo y de varias casas ante inundaciones.\" \/>\n<meta property=\"og:url\" content=\"https:\/\/www.fraterinternacional.org\/es\/mision-confraternizar-primeras-acciones-en-la-comunidad-el-mistol\/\" \/>\n<meta property=\"og:site_name\" content=\"Fraternidade - Federa\u00e7\u00e3o Humanit\u00e1ria Internacional\" \/>\n<meta property=\"article:publisher\" content=\"https:\/\/www.facebook.com\/fraternidadehumanitaria\" \/>\n<meta property=\"article:published_time\" content=\"2018-02-22T00:46:27+00:00\" \/>\n<meta property=\"og:image\" content=\"https:\/\/www.fraterinternacional.org\/wp-content\/uploads\/2018\/02\/missao_confraternizar_comunidade_el_mistol_criancas_catam_lixo_do_chao.jpg\" \/>\n\t<meta property=\"og:image:width\" content=\"690\" \/>\n\t<meta property=\"og:image:height\" content=\"388\" \/>\n\t<meta property=\"og:image:type\" content=\"image\/jpeg\" \/>\n<meta name=\"author\" content=\"Sergio Redator Espanhol\" \/>\n<meta name=\"twitter:card\" content=\"summary_large_image\" \/>\n<meta name=\"twitter:creator\" content=\"@fraternidadeFHI\" \/>\n<meta name=\"twitter:site\" content=\"@fraternidadeFHI\" \/>\n<meta name=\"twitter:label1\" content=\"Escrito por\" \/>\n\t<meta name=\"twitter:data1\" content=\"Sergio Redator Espanhol\" \/>\n\t<meta name=\"twitter:label2\" content=\"Tiempo de lectura\" \/>\n\t<meta name=\"twitter:data2\" content=\"2 minutos\" \/>\n<script type=\"application\/ld+json\" class=\"yoast-schema-graph\">{\"@context\":\"https:\/\/schema.org\",\"@graph\":[{\"@type\":\"WebPage\",\"@id\":\"https:\/\/www.fraterinternacional.org\/es\/mision-confraternizar-primeras-acciones-en-la-comunidad-el-mistol\/\",\"url\":\"https:\/\/www.fraterinternacional.org\/es\/mision-confraternizar-primeras-acciones-en-la-comunidad-el-mistol\/\",\"name\":\"Misi\u00f3n Confraternizar \u2013 Primeras acciones en la comunidad El Mistol\",\"isPartOf\":{\"@id\":\"https:\/\/www.fraterinternacional.org\/es\/#website\"},\"datePublished\":\"2018-02-22T00:46:27+00:00\",\"dateModified\":\"2018-02-22T00:46:27+00:00\",\"author\":{\"@id\":\"https:\/\/www.fraterinternacional.org\/es\/#\/schema\/person\/cf24d3eac28b0e09714ecb8cbd865c28\"},\"description\":\"Los misioneros identificaron problemas de salud en seres humanos y animales, as\u00ed como la vulnerabilidad del templo y de varias casas ante inundaciones.\",\"breadcrumb\":{\"@id\":\"https:\/\/www.fraterinternacional.org\/es\/mision-confraternizar-primeras-acciones-en-la-comunidad-el-mistol\/#breadcrumb\"},\"inLanguage\":\"es\",\"potentialAction\":[{\"@type\":\"ReadAction\",\"target\":[\"https:\/\/www.fraterinternacional.org\/es\/mision-confraternizar-primeras-acciones-en-la-comunidad-el-mistol\/\"]}]},{\"@type\":\"BreadcrumbList\",\"@id\":\"https:\/\/www.fraterinternacional.org\/es\/mision-confraternizar-primeras-acciones-en-la-comunidad-el-mistol\/#breadcrumb\",\"itemListElement\":[{\"@type\":\"ListItem\",\"position\":1,\"name\":\"In\u00edcio\",\"item\":\"https:\/\/www.fraterinternacional.org\/es\/\"},{\"@type\":\"ListItem\",\"position\":2,\"name\":\"Misi\u00f3n Confraternizar \u2013 Primeras acciones en la comunidad El Mistol\"}]},{\"@type\":\"WebSite\",\"@id\":\"https:\/\/www.fraterinternacional.org\/es\/#website\",\"url\":\"https:\/\/www.fraterinternacional.org\/es\/\",\"name\":\"Fraternidade - Federa\u00e7\u00e3o Humanit\u00e1ria Internacional\",\"description\":\"Fraternidade - Federa\u00e7\u00e3o Humanit\u00e1ria Internacional\",\"potentialAction\":[{\"@type\":\"SearchAction\",\"target\":{\"@type\":\"EntryPoint\",\"urlTemplate\":\"https:\/\/www.fraterinternacional.org\/es\/?s={search_term_string}\"},\"query-input\":\"required name=search_term_string\"}],\"inLanguage\":\"es\"},{\"@type\":\"Person\",\"@id\":\"https:\/\/www.fraterinternacional.org\/es\/#\/schema\/person\/cf24d3eac28b0e09714ecb8cbd865c28\",\"name\":\"Sergio Redator Espanhol\"}]}<\/script>\n<!-- \/ Yoast SEO Premium plugin. -->","yoast_head_json":{"title":"Misi\u00f3n Confraternizar \u2013 Primeras acciones en la comunidad El Mistol","description":"Los misioneros identificaron problemas de salud en seres humanos y animales, as\u00ed como la vulnerabilidad del templo y de varias casas ante inundaciones.","robots":{"index":"index","follow":"follow","max-snippet":"max-snippet:-1","max-image-preview":"max-image-preview:large","max-video-preview":"max-video-preview:-1"},"canonical":"https:\/\/www.fraterinternacional.org\/es\/mision-confraternizar-primeras-acciones-en-la-comunidad-el-mistol\/","og_locale":"es_ES","og_type":"article","og_title":"Misi\u00f3n Confraternizar \u2013 Primeras acciones en la comunidad El Mistol","og_description":"Los misioneros identificaron problemas de salud en seres humanos y animales, as\u00ed como la vulnerabilidad del templo y de varias casas ante inundaciones.","og_url":"https:\/\/www.fraterinternacional.org\/es\/mision-confraternizar-primeras-acciones-en-la-comunidad-el-mistol\/","og_site_name":"Fraternidade - Federa\u00e7\u00e3o Humanit\u00e1ria Internacional","article_publisher":"https:\/\/www.facebook.com\/fraternidadehumanitaria","article_published_time":"2018-02-22T00:46:27+00:00","og_image":[{"width":690,"height":388,"url":"https:\/\/www.fraterinternacional.org\/wp-content\/uploads\/2018\/02\/missao_confraternizar_comunidade_el_mistol_criancas_catam_lixo_do_chao.jpg","type":"image\/jpeg"}],"author":"Sergio Redator Espanhol","twitter_card":"summary_large_image","twitter_creator":"@fraternidadeFHI","twitter_site":"@fraternidadeFHI","twitter_misc":{"Escrito por":"Sergio Redator Espanhol","Tiempo de lectura":"2 minutos"},"schema":{"@context":"https:\/\/schema.org","@graph":[{"@type":"WebPage","@id":"https:\/\/www.fraterinternacional.org\/es\/mision-confraternizar-primeras-acciones-en-la-comunidad-el-mistol\/","url":"https:\/\/www.fraterinternacional.org\/es\/mision-confraternizar-primeras-acciones-en-la-comunidad-el-mistol\/","name":"Misi\u00f3n Confraternizar \u2013 Primeras acciones en la comunidad El Mistol","isPartOf":{"@id":"https:\/\/www.fraterinternacional.org\/es\/#website"},"datePublished":"2018-02-22T00:46:27+00:00","dateModified":"2018-02-22T00:46:27+00:00","author":{"@id":"https:\/\/www.fraterinternacional.org\/es\/#\/schema\/person\/cf24d3eac28b0e09714ecb8cbd865c28"},"description":"Los misioneros identificaron problemas de salud en seres humanos y animales, as\u00ed como la vulnerabilidad del templo y de varias casas ante inundaciones.","breadcrumb":{"@id":"https:\/\/www.fraterinternacional.org\/es\/mision-confraternizar-primeras-acciones-en-la-comunidad-el-mistol\/#breadcrumb"},"inLanguage":"es","potentialAction":[{"@type":"ReadAction","target":["https:\/\/www.fraterinternacional.org\/es\/mision-confraternizar-primeras-acciones-en-la-comunidad-el-mistol\/"]}]},{"@type":"BreadcrumbList","@id":"https:\/\/www.fraterinternacional.org\/es\/mision-confraternizar-primeras-acciones-en-la-comunidad-el-mistol\/#breadcrumb","itemListElement":[{"@type":"ListItem","position":1,"name":"In\u00edcio","item":"https:\/\/www.fraterinternacional.org\/es\/"},{"@type":"ListItem","position":2,"name":"Misi\u00f3n Confraternizar \u2013 Primeras acciones en la comunidad El Mistol"}]},{"@type":"WebSite","@id":"https:\/\/www.fraterinternacional.org\/es\/#website","url":"https:\/\/www.fraterinternacional.org\/es\/","name":"Fraternidade - Federa\u00e7\u00e3o Humanit\u00e1ria Internacional","description":"Fraternidade - Federa\u00e7\u00e3o Humanit\u00e1ria Internacional","potentialAction":[{"@type":"SearchAction","target":{"@type":"EntryPoint","urlTemplate":"https:\/\/www.fraterinternacional.org\/es\/?s={search_term_string}"},"query-input":"required name=search_term_string"}],"inLanguage":"es"},{"@type":"Person","@id":"https:\/\/www.fraterinternacional.org\/es\/#\/schema\/person\/cf24d3eac28b0e09714ecb8cbd865c28","name":"Sergio Redator Espanhol"}]}},"_links":{"self":[{"href":"https:\/\/www.fraterinternacional.org\/es\/wp-json\/wp\/v2\/posts\/75340"}],"collection":[{"href":"https:\/\/www.fraterinternacional.org\/es\/wp-json\/wp\/v2\/posts"}],"about":[{"href":"https:\/\/www.fraterinternacional.org\/es\/wp-json\/wp\/v2\/types\/post"}],"author":[{"embeddable":true,"href":"https:\/\/www.fraterinternacional.org\/es\/wp-json\/wp\/v2\/users\/16"}],"replies":[{"embeddable":true,"href":"https:\/\/www.fraterinternacional.org\/es\/wp-json\/wp\/v2\/comments?post=75340"}],"version-history":[{"count":0,"href":"https:\/\/www.fraterinternacional.org\/es\/wp-json\/wp\/v2\/posts\/75340\/revisions"}],"wp:featuredmedia":[{"embeddable":true,"href":"https:\/\/www.fraterinternacional.org\/es\/wp-json\/wp\/v2\/media\/75322"}],"wp:attachment":[{"href":"https:\/\/www.fraterinternacional.org\/es\/wp-json\/wp\/v2\/media?parent=75340"}],"wp:term":[{"taxonomy":"category","embeddable":true,"href":"https:\/\/www.fraterinternacional.org\/es\/wp-json\/wp\/v2\/categories?post=75340"},{"taxonomy":"post_tag","embeddable":true,"href":"https:\/\/www.fraterinternacional.org\/es\/wp-json\/wp\/v2\/tags?post=75340"}],"curies":[{"name":"wp","href":"https:\/\/api.w.org\/{rel}","templated":true}]}}