{"id":70861,"date":"2017-12-27T13:32:07","date_gmt":"2017-12-27T16:32:07","guid":{"rendered":"https:\/\/www.fraterinternacional.org\/missa-criolla-gloria-deus\/"},"modified":"2017-12-27T13:49:38","modified_gmt":"2017-12-27T16:49:38","slug":"missa-criolla-gloria-dios","status":"publish","type":"post","link":"https:\/\/www.fraterinternacional.org\/es\/missa-criolla-gloria-dios\/","title":{"rendered":"Missa Criolla &#8211; Gl\u00f3ria a Dios"},"content":{"rendered":"<h3 style=\"text-align: center;\"><strong>Missa Criolla &#8211; Gl\u00f3ria a Dios<\/strong><\/h3>\n<div class=\"fusion-video fusion-vimeo fusion-aligncenter\" style=\"--awb-max-width:600px;--awb-max-height:360px;--awb-width:100%;\" data-autoplay=\"1\"><div class=\"video-shortcode\"><div class=\"fluid-width-video-wrapper\" style=\"padding-top:60%;\" ><iframe title=\"Vimeo video player 1\" src=\"https:\/\/player.vimeo.com\/video\/248786961?autoplay=0&autopause=0\" width=\"600\" height=\"360\" allowfullscreen allow=\"autoplay; fullscreen\"><\/iframe><\/div><\/div><\/div>\n<h3 style=\"text-align: center;\" data-fontsize=\"20\" data-lineheight=\"27\"><strong><a href=\"https:\/\/www.fraterinternacional.org\/es\/la-musica-como-elevacion\/\" target=\"_blank\" rel=\"noopener\">Conozca nuestro trabajo con la m\u00fasica clic aqu\u00ed<\/a><\/strong><\/h3>\n<p style=\"text-align: center;\">GL\u00d3RIA A DIOS<br \/>\n(Ariel Ram\u00edrez)<\/p>\n<p style=\"text-align: center;\">Gloria a Dios , en las alturas<br \/>\nY en la Tierra, paz a los hombres<br \/>\nPaz a los hombres<br \/>\nPaz a los hombres que ama el Se\u00f1or<\/p>\n<p style=\"text-align: center;\">Gloria a Dios en las alturas<br \/>\nY en la Tierra, paz a los hombres<br \/>\nPaz a los hombres<br \/>\nPaz a los hombres que ama el Se\u00f1or<\/p>\n<p style=\"text-align: center;\">Te alabamos, Te bendecimos<br \/>\nTe adoramos, Glorificamos<br \/>\nTe alabamos, Te bendecimos<br \/>\nTe adoramos, Glorificamos<br \/>\nTe damos gracias, Te damos gracias<br \/>\nTe damos gracias por tu inmensa gloria<\/p>\n<p style=\"text-align: center;\">Se\u00f1or Dios, Rey celestial<br \/>\nDios, Padre Todo poderoso<br \/>\nSe\u00f1or, Hijo unico, Jesucristo<br \/>\nSe\u00f1or Dos, cordero de Dios Hijo del Padre<\/p>\n<p style=\"text-align: center;\">T\u00fa que quitas los pecados del mundo<br \/>\nten piedad de nosotros<br \/>\nT\u00fa que quitas los pecados del mundo<br \/>\natiende nuestras suplicas<br \/>\nT\u00fa que reinas con el Padre<br \/>\nten piedad de nosotros, de nosotros<\/p>\n<p style=\"text-align: center;\">Gloria a Dios en las alturas<br \/>\nY en la tierra, paz a los hombres<br \/>\nPaz a los hombres,<br \/>\npaz a los hombres que ama el Se\u00f1or<\/p>\n<p style=\"text-align: center;\">Porque T\u00fa Solo eres Santo<br \/>\nSolo T\u00fa Se\u00f1or T\u00fa solo<br \/>\nporque T\u00fa solo eres Santo<br \/>\nSolo T\u00fa Se\u00f1or, T\u00fa solo,<br \/>\nT\u00fa solo altisimo Jesucristo<br \/>\nT\u00fa solo altisimo Jesucristo<br \/>\nCom El Esp\u00editu Santo<br \/>\nCon el Esp\u00edritu Santo en la gloria de Dios Padre<\/p>\n<p style=\"text-align: center;\">Am\u00e9n, am\u00e9n, am\u00e9n, am\u00e9n<\/p>\n<div class=\"fusion-aligncenter\"><a class=\"fusion-button button-3d button-small button-custom fusion-button-default button-1 fusion-button-default-span \" style=\"--button_accent_color:#ffffff;--button_accent_hover_color:#dedede;--button_border_hover_color:#dedede;--button_gradient_top_color:#d3b054;--button_gradient_bottom_color:#d3b054;--button_gradient_top_color_hover:#d3b054;--button_gradient_bottom_color_hover:#d3b054;\" target=\"_blank\" rel=\"noopener noreferrer\" href=\"https:\/\/www.fraterinternacional.org\/es\/category\/impulsos-para-la-semana\/musica-es\/\"><span class=\"fusion-button-text\">Vea todos<\/span><\/a><\/div>\n<p>&nbsp;<\/p>\n","protected":false},"excerpt":{"rendered":"<p>Missa Criolla &#8211; Gl\u00f3ria a Dios Conozca nuestro trabajo con la m\u00fasica clic aqu\u00ed GL\u00d3RIA A DIOS (Ariel Ram\u00edrez) Gloria [&hellip;]<\/p>\n","protected":false},"author":8,"featured_media":70857,"comment_status":"closed","ping_status":"closed","sticky":false,"template":"","format":"standard","meta":{"footnotes":""},"categories":[3237,3235],"tags":[3241],"class_list":["post-70861","post","type-post","status-publish","format-standard","has-post-thumbnail","hentry","category-impulsos-para-la-semana","category-videos-es","tag-musica-es"],"yoast_head":"<!-- This site is optimized with the Yoast SEO Premium plugin v21.0 (Yoast SEO v21.0) - https:\/\/yoast.com\/wordpress\/plugins\/seo\/ -->\n<title>Missa Criolla - Gl\u00f3ria a Dios - Impulso para la semana Musica<\/title>\n<meta name=\"description\" content=\"Gloria a Dios , en las alturas Y en la Tierra, paz a los hombres Paz a los hombres que ama el Se\u00f1or. Con el Esp\u00edritu Santo en la gloria de Dios Padre\" \/>\n<meta name=\"robots\" content=\"index, follow, max-snippet:-1, max-image-preview:large, max-video-preview:-1\" \/>\n<link rel=\"canonical\" href=\"https:\/\/www.fraterinternacional.org\/es\/missa-criolla-gloria-dios\/\" \/>\n<meta property=\"og:locale\" content=\"es_ES\" \/>\n<meta property=\"og:type\" content=\"article\" \/>\n<meta property=\"og:title\" content=\"Missa Criolla - Gl\u00f3ria a Dios\" \/>\n<meta property=\"og:description\" content=\"Gloria a Dios , en las alturas Y en la Tierra, paz a los hombres Paz a los hombres que ama el Se\u00f1or. Con el Esp\u00edritu Santo en la gloria de Dios Padre\" \/>\n<meta property=\"og:url\" content=\"https:\/\/www.fraterinternacional.org\/es\/missa-criolla-gloria-dios\/\" \/>\n<meta property=\"og:site_name\" content=\"Fraternidade - Federa\u00e7\u00e3o Humanit\u00e1ria Internacional\" \/>\n<meta property=\"article:publisher\" content=\"https:\/\/www.facebook.com\/fraternidadehumanitaria\" \/>\n<meta property=\"article:published_time\" content=\"2017-12-27T16:32:07+00:00\" \/>\n<meta property=\"article:modified_time\" content=\"2017-12-27T16:49:38+00:00\" \/>\n<meta property=\"og:image\" content=\"https:\/\/www.fraterinternacional.org\/wp-content\/uploads\/2017\/12\/missa_criolla_gloria_deus.jpg\" \/>\n\t<meta property=\"og:image:width\" content=\"690\" \/>\n\t<meta property=\"og:image:height\" content=\"388\" \/>\n\t<meta property=\"og:image:type\" content=\"image\/jpeg\" \/>\n<meta name=\"author\" content=\"FFHI\" \/>\n<meta name=\"twitter:card\" content=\"summary_large_image\" \/>\n<meta name=\"twitter:creator\" content=\"@fraternidadeFHI\" \/>\n<meta name=\"twitter:site\" content=\"@fraternidadeFHI\" \/>\n<meta name=\"twitter:label1\" content=\"Escrito por\" \/>\n\t<meta name=\"twitter:data1\" content=\"FFHI\" \/>\n\t<meta name=\"twitter:label2\" content=\"Tiempo de lectura\" \/>\n\t<meta name=\"twitter:data2\" content=\"2 minutos\" \/>\n<script type=\"application\/ld+json\" class=\"yoast-schema-graph\">{\"@context\":\"https:\/\/schema.org\",\"@graph\":[{\"@type\":\"WebPage\",\"@id\":\"https:\/\/www.fraterinternacional.org\/es\/missa-criolla-gloria-dios\/\",\"url\":\"https:\/\/www.fraterinternacional.org\/es\/missa-criolla-gloria-dios\/\",\"name\":\"Missa Criolla - Gl\u00f3ria a Dios - Impulso para la semana Musica\",\"isPartOf\":{\"@id\":\"https:\/\/www.fraterinternacional.org\/es\/#website\"},\"datePublished\":\"2017-12-27T16:32:07+00:00\",\"dateModified\":\"2017-12-27T16:49:38+00:00\",\"author\":{\"@id\":\"https:\/\/www.fraterinternacional.org\/es\/#\/schema\/person\/8fd7058ced8aa6a1995cc0feee75819f\"},\"description\":\"Gloria a Dios , en las alturas Y en la Tierra, paz a los hombres Paz a los hombres que ama el Se\u00f1or. Con el Esp\u00edritu Santo en la gloria de Dios Padre\",\"breadcrumb\":{\"@id\":\"https:\/\/www.fraterinternacional.org\/es\/missa-criolla-gloria-dios\/#breadcrumb\"},\"inLanguage\":\"es\",\"potentialAction\":[{\"@type\":\"ReadAction\",\"target\":[\"https:\/\/www.fraterinternacional.org\/es\/missa-criolla-gloria-dios\/\"]}]},{\"@type\":\"BreadcrumbList\",\"@id\":\"https:\/\/www.fraterinternacional.org\/es\/missa-criolla-gloria-dios\/#breadcrumb\",\"itemListElement\":[{\"@type\":\"ListItem\",\"position\":1,\"name\":\"In\u00edcio\",\"item\":\"https:\/\/www.fraterinternacional.org\/es\/\"},{\"@type\":\"ListItem\",\"position\":2,\"name\":\"Missa Criolla &#8211; Gl\u00f3ria a Dios\"}]},{\"@type\":\"WebSite\",\"@id\":\"https:\/\/www.fraterinternacional.org\/es\/#website\",\"url\":\"https:\/\/www.fraterinternacional.org\/es\/\",\"name\":\"Fraternidade - Federa\u00e7\u00e3o Humanit\u00e1ria Internacional\",\"description\":\"Fraternidade - Federa\u00e7\u00e3o Humanit\u00e1ria Internacional\",\"potentialAction\":[{\"@type\":\"SearchAction\",\"target\":{\"@type\":\"EntryPoint\",\"urlTemplate\":\"https:\/\/www.fraterinternacional.org\/es\/?s={search_term_string}\"},\"query-input\":\"required name=search_term_string\"}],\"inLanguage\":\"es\"},{\"@type\":\"Person\",\"@id\":\"https:\/\/www.fraterinternacional.org\/es\/#\/schema\/person\/8fd7058ced8aa6a1995cc0feee75819f\",\"name\":\"FFHI\"}]}<\/script>\n<!-- \/ Yoast SEO Premium plugin. -->","yoast_head_json":{"title":"Missa Criolla - Gl\u00f3ria a Dios - Impulso para la semana Musica","description":"Gloria a Dios , en las alturas Y en la Tierra, paz a los hombres Paz a los hombres que ama el Se\u00f1or. Con el Esp\u00edritu Santo en la gloria de Dios Padre","robots":{"index":"index","follow":"follow","max-snippet":"max-snippet:-1","max-image-preview":"max-image-preview:large","max-video-preview":"max-video-preview:-1"},"canonical":"https:\/\/www.fraterinternacional.org\/es\/missa-criolla-gloria-dios\/","og_locale":"es_ES","og_type":"article","og_title":"Missa Criolla - Gl\u00f3ria a Dios","og_description":"Gloria a Dios , en las alturas Y en la Tierra, paz a los hombres Paz a los hombres que ama el Se\u00f1or. Con el Esp\u00edritu Santo en la gloria de Dios Padre","og_url":"https:\/\/www.fraterinternacional.org\/es\/missa-criolla-gloria-dios\/","og_site_name":"Fraternidade - Federa\u00e7\u00e3o Humanit\u00e1ria Internacional","article_publisher":"https:\/\/www.facebook.com\/fraternidadehumanitaria","article_published_time":"2017-12-27T16:32:07+00:00","article_modified_time":"2017-12-27T16:49:38+00:00","og_image":[{"width":690,"height":388,"url":"https:\/\/www.fraterinternacional.org\/wp-content\/uploads\/2017\/12\/missa_criolla_gloria_deus.jpg","type":"image\/jpeg"}],"author":"FFHI","twitter_card":"summary_large_image","twitter_creator":"@fraternidadeFHI","twitter_site":"@fraternidadeFHI","twitter_misc":{"Escrito por":"FFHI","Tiempo de lectura":"2 minutos"},"schema":{"@context":"https:\/\/schema.org","@graph":[{"@type":"WebPage","@id":"https:\/\/www.fraterinternacional.org\/es\/missa-criolla-gloria-dios\/","url":"https:\/\/www.fraterinternacional.org\/es\/missa-criolla-gloria-dios\/","name":"Missa Criolla - Gl\u00f3ria a Dios - Impulso para la semana Musica","isPartOf":{"@id":"https:\/\/www.fraterinternacional.org\/es\/#website"},"datePublished":"2017-12-27T16:32:07+00:00","dateModified":"2017-12-27T16:49:38+00:00","author":{"@id":"https:\/\/www.fraterinternacional.org\/es\/#\/schema\/person\/8fd7058ced8aa6a1995cc0feee75819f"},"description":"Gloria a Dios , en las alturas Y en la Tierra, paz a los hombres Paz a los hombres que ama el Se\u00f1or. Con el Esp\u00edritu Santo en la gloria de Dios Padre","breadcrumb":{"@id":"https:\/\/www.fraterinternacional.org\/es\/missa-criolla-gloria-dios\/#breadcrumb"},"inLanguage":"es","potentialAction":[{"@type":"ReadAction","target":["https:\/\/www.fraterinternacional.org\/es\/missa-criolla-gloria-dios\/"]}]},{"@type":"BreadcrumbList","@id":"https:\/\/www.fraterinternacional.org\/es\/missa-criolla-gloria-dios\/#breadcrumb","itemListElement":[{"@type":"ListItem","position":1,"name":"In\u00edcio","item":"https:\/\/www.fraterinternacional.org\/es\/"},{"@type":"ListItem","position":2,"name":"Missa Criolla &#8211; Gl\u00f3ria a Dios"}]},{"@type":"WebSite","@id":"https:\/\/www.fraterinternacional.org\/es\/#website","url":"https:\/\/www.fraterinternacional.org\/es\/","name":"Fraternidade - Federa\u00e7\u00e3o Humanit\u00e1ria Internacional","description":"Fraternidade - Federa\u00e7\u00e3o Humanit\u00e1ria Internacional","potentialAction":[{"@type":"SearchAction","target":{"@type":"EntryPoint","urlTemplate":"https:\/\/www.fraterinternacional.org\/es\/?s={search_term_string}"},"query-input":"required name=search_term_string"}],"inLanguage":"es"},{"@type":"Person","@id":"https:\/\/www.fraterinternacional.org\/es\/#\/schema\/person\/8fd7058ced8aa6a1995cc0feee75819f","name":"FFHI"}]}},"_links":{"self":[{"href":"https:\/\/www.fraterinternacional.org\/es\/wp-json\/wp\/v2\/posts\/70861"}],"collection":[{"href":"https:\/\/www.fraterinternacional.org\/es\/wp-json\/wp\/v2\/posts"}],"about":[{"href":"https:\/\/www.fraterinternacional.org\/es\/wp-json\/wp\/v2\/types\/post"}],"author":[{"embeddable":true,"href":"https:\/\/www.fraterinternacional.org\/es\/wp-json\/wp\/v2\/users\/8"}],"replies":[{"embeddable":true,"href":"https:\/\/www.fraterinternacional.org\/es\/wp-json\/wp\/v2\/comments?post=70861"}],"version-history":[{"count":0,"href":"https:\/\/www.fraterinternacional.org\/es\/wp-json\/wp\/v2\/posts\/70861\/revisions"}],"wp:featuredmedia":[{"embeddable":true,"href":"https:\/\/www.fraterinternacional.org\/es\/wp-json\/wp\/v2\/media\/70857"}],"wp:attachment":[{"href":"https:\/\/www.fraterinternacional.org\/es\/wp-json\/wp\/v2\/media?parent=70861"}],"wp:term":[{"taxonomy":"category","embeddable":true,"href":"https:\/\/www.fraterinternacional.org\/es\/wp-json\/wp\/v2\/categories?post=70861"},{"taxonomy":"post_tag","embeddable":true,"href":"https:\/\/www.fraterinternacional.org\/es\/wp-json\/wp\/v2\/tags?post=70861"}],"curies":[{"name":"wp","href":"https:\/\/api.w.org\/{rel}","templated":true}]}}