{"id":70722,"date":"2017-12-25T00:17:22","date_gmt":"2017-12-25T03:17:22","guid":{"rendered":"https:\/\/www.fraterinternacional.org\/?p=70722"},"modified":"2017-12-27T12:24:57","modified_gmt":"2017-12-27T15:24:57","slug":"lugar-de-la-paz-mas-alla-de-la-mente","status":"publish","type":"post","link":"https:\/\/www.fraterinternacional.org\/es\/lugar-de-la-paz-mas-alla-de-la-mente\/","title":{"rendered":"El lugar de la paz m\u00e1s all\u00e1 de la mente"},"content":{"rendered":"<h3 data-fontsize=\"17\" data-lineheight=\"23\">Escuche el audio de Trigueirinho sobre el tema\u00a0<img decoding=\"async\" class=\"alignnone wp-image-3635\" src=\"http:\/\/www.fraterinternacional.org\/wp-content\/uploads\/2015\/09\/icone-audio.png\" alt=\"icone-audio\" width=\"33\" height=\"23\" \/><\/h3>\n<div style=\"width: 720px;\" class=\"wp-video\"><!--[if lt IE 9]><script>document.createElement('video');<\/script><![endif]-->\n<video class=\"wp-video-shortcode\" id=\"video-70722-1\" width=\"720\" height=\"100\" preload=\"metadata\" controls=\"controls\"><source type=\"video\/mp4\" src=\"https:\/\/www.fraterinternacional.org\/wp-content\/uploads\/2017\/12\/imp_ins_171225_lugar_paz_alem_mente_tri_con_222_es.mp4?_=1\" \/><a href=\"https:\/\/www.fraterinternacional.org\/wp-content\/uploads\/2017\/12\/imp_ins_171225_lugar_paz_alem_mente_tri_con_222_es.mp4\">https:\/\/www.fraterinternacional.org\/wp-content\/uploads\/2017\/12\/imp_ins_171225_lugar_paz_alem_mente_tri_con_222_es.mp4<\/a><\/video><\/div>\n<p>&nbsp;<\/p>\n<h3 style=\"text-align: center;\"><strong>Cuando la criatura humana despierta<\/strong><\/h3>\n<p style=\"text-align: justify;\"><a href=\"https:\/\/www.fraterinternacional.org\/wp-content\/uploads\/2017\/12\/borboletas.jpg\"><img decoding=\"async\" class=\"alignleft wp-image-70713 size-medium\" src=\"https:\/\/www.fraterinternacional.org\/wp-content\/uploads\/2017\/12\/borboletas-300x169.jpg\" alt=\"\" width=\"300\" height=\"169\" srcset=\"https:\/\/www.fraterinternacional.org\/wp-content\/uploads\/2017\/12\/borboletas-200x112.jpg 200w, https:\/\/www.fraterinternacional.org\/wp-content\/uploads\/2017\/12\/borboletas-300x169.jpg 300w, https:\/\/www.fraterinternacional.org\/wp-content\/uploads\/2017\/12\/borboletas-400x225.jpg 400w, https:\/\/www.fraterinternacional.org\/wp-content\/uploads\/2017\/12\/borboletas-600x337.jpg 600w, https:\/\/www.fraterinternacional.org\/wp-content\/uploads\/2017\/12\/borboletas.jpg 690w\" sizes=\"(max-width: 300px) 100vw, 300px\" \/><\/a>Cuando la criatura humana despierta para cooperar con la evoluci\u00f3n, ella cruza el primer portal, a partir del cual, el alma y la personalidad deben trabajar juntas. De esa forma deja atr\u00e1s las etapas que ven\u00eda recorriendo en su ritmo normal en la vida com\u00fan, m\u00e1s lento. Se dispone, entonces, a asumir la tarea de domar su mente y su libre albedr\u00edo; une todas sus energ\u00edas, pues, en el caso de que no lo haga, ciertos aspectos de la mente nunca podr\u00e1n concentrarse en la meta evolutiva y continuar\u00e1n, devastando, siempre que sea posible.<\/p>\n<h3 style=\"text-align: center;\"><strong>El inicio de un nuevo ciclo<\/strong><\/h3>\n<p style=\"text-align: justify;\">Esto significa el inicio de un nuevo ciclo. En este camino, el ser podr\u00e1 \u00a0contar con la ayuda de su parte m\u00e1s consciente (o sea, el Instructor), que siempre estuvo presente, sin embargo, manteni\u00e9ndose entre bastidores, e incluso hasta cierto punto, imperceptible.<\/p>\n<p style=\"text-align: justify;\">En esta nueva etapa, la reflexi\u00f3n sobre los aciertos, los errores y las pruebas vuelve receptiva al alma despu\u00e9s de un largo per\u00edodo de ceguera e ignorancia en el que se vivieron, superficialmente, hechos importantes que podr\u00edan haber sido resueltos de mejor manera. Verlos pasar, simplemente, sin ninguna opini\u00f3n al respecto, implicar\u00eda para esta alma, dejar de desarrollar una serie de potenciales.<\/p>\n<h3 style=\"text-align: center;\"><strong>Tendencias del pensamiento &#8211;\u00a0\u00ablugar de paz\u00bb<\/strong><\/h3>\n<p style=\"text-align: justify;\"><a href=\"https:\/\/www.fraterinternacional.org\/wp-content\/uploads\/2017\/12\/sol_por_espelho_arvore.jpg\"><img decoding=\"async\" class=\"alignright size-medium wp-image-70718\" src=\"https:\/\/www.fraterinternacional.org\/wp-content\/uploads\/2017\/12\/sol_por_espelho_arvore-300x169.jpg\" alt=\"\" width=\"300\" height=\"169\" srcset=\"https:\/\/www.fraterinternacional.org\/wp-content\/uploads\/2017\/12\/sol_por_espelho_arvore-200x112.jpg 200w, https:\/\/www.fraterinternacional.org\/wp-content\/uploads\/2017\/12\/sol_por_espelho_arvore-300x169.jpg 300w, https:\/\/www.fraterinternacional.org\/wp-content\/uploads\/2017\/12\/sol_por_espelho_arvore-400x225.jpg 400w, https:\/\/www.fraterinternacional.org\/wp-content\/uploads\/2017\/12\/sol_por_espelho_arvore-600x337.jpg 600w, https:\/\/www.fraterinternacional.org\/wp-content\/uploads\/2017\/12\/sol_por_espelho_arvore.jpg 690w\" sizes=\"(max-width: 300px) 100vw, 300px\" \/><\/a><\/p>\n<p style=\"text-align: justify;\">El ego\u00edsmo, la cr\u00edtica, la crueldad y la tendencia a la cr\u00edtica equivalen a los aspectos de esta mente que dan origen a los conceptos, a las teor\u00edas y a las ideas m\u00e1s concretas y obvias del hombre, de modo especial a las que se alinean y son afines con la mentalidad vigente en la sociedad organizada. Estas tendencias del pensamiento, que existen en todos nosotros y corresponden a aspectos mentales que implican separatividad, devastaci\u00f3n y cr\u00edtica, son pasibles de transmutaci\u00f3n y de desarrollo cuando est\u00e1n inspiradas por el \u00ablugar de paz\u00bb, hacia donde deben ser llevadas.<\/p>\n<h3 style=\"text-align: center;\"><strong>La mente superior<\/strong><\/h3>\n<p style=\"text-align: justify;\">Durante \u00e9pocas seguidas, el pensamiento estuvo suelto: la mente fue cruel y devastadora por no tener a\u00fan contacto con el lugar pac\u00edfico que existe m\u00e1s all\u00e1 de ella, el de la sabidur\u00eda. Ella llev\u00f3 al hombre a devastar primero su propio cuerpo f\u00edsico con h\u00e1bitos inadecuados y despu\u00e9s la sagrada Naturaleza terrestre. Lo llev\u00f3 a devastar sus relaciones por medio, principalmente, de la cr\u00edtica; aunque la mente superior, con su visi\u00f3n conjunta, inclusiva y amorosa, es m\u00e1s potente que el poder\u00edo de la separatividad y del juicio.<\/p>\n<h3 style=\"text-align: center;\"><strong>El poder de la propia decisi\u00f3n<\/strong><\/h3>\n<p style=\"text-align: justify;\">Detener esta mente que critica, que tiene ideas propias, que est\u00e1 infectada de preconceptos, y transportarla hacia otro nivel, llev\u00e1ndola a captar el pensamiento superior, la energ\u00eda del alma, usando para ello el poder de la propia decisi\u00f3n, he aqu\u00ed la tarea herc\u00falea que debe emprender quien ingresa en el camino.<\/p>\n<p style=\"text-align: justify;\">El aspirante no debe, sin embargo, enga\u00f1arse pensando de modo precipitado que, al elevar la mente hacia otro nivel, el trabajo ya est\u00e9 listo. El proceso de captura de la mente es largo y lleno de turbulencias. Para que el ego\u00edsmo sea domado por completo, se necesita mucho tiempo, trabajo y vigilancia. Y m\u00e1s tiempo todav\u00eda se requiere para que sea sublimado en los planos supraconscientes.<\/p>\n<h3 style=\"text-align: center;\"><strong>En el silencio del encuentro con el yo superior<\/strong><\/h3>\n<p style=\"text-align: justify;\">Otras partes del ser, con nuevas posibilidades, necesitan incluirse ahora en el proceso. Al ingresar en el camino, el ser percibe, por medio de los acontecimientos que las acciones sin la colaboraci\u00f3n de las energ\u00edas del alma no son m\u00e1s viables en su estadio evolutivo. As\u00ed, poco a poco, la mente se desarrolla, aprendiendo lo que es necesario ya no m\u00e1s por la raz\u00f3n sino por la intuici\u00f3n que se revela en el silencio del encuentro con el yo superior.<\/p>\n<p>&nbsp;<\/p>\n<p><strong>Art\u00edculo de referencia:<\/strong> <em>Jornal O Tempo<\/em>, 19\/nov.\/2017<br \/>\n<strong>Nombre del art\u00edculo:<\/strong> <em>O lugar pac\u00edfico que existe al\u00e9m da mente: a sabedoria<\/em> (El lugar pac\u00edfico que existe m\u00e1s all\u00e1 de la mente; la sabidur\u00eda)<br \/>\n<strong>Audio de Irdin: <\/strong>Conversas com Trigueirinho n\u00ba 222<br \/>\n<strong>Audio completo<\/strong>:\u00a0<a href=\"http:\/\/www.irdin.org.br\/acervo\/detalhes\/4526\" target=\"_blank\" rel=\"noopener\">http:\/\/www.irdin.org.br\/acervo\/detalhes\/4526<\/a><br \/>\n<strong>Tempo del audio: <\/strong>0&#8217;06\u201d al 1&#8217;52\u201d<\/p>\n<p style=\"text-align: left;\"><div class=\"fusion-aligncenter\"><a class=\"fusion-button button-3d button-small button-custom fusion-button-default button-1 fusion-button-default-span \" style=\"--button_accent_color:#ffffff;--button_accent_hover_color:#dedede;--button_border_hover_color:#dedede;--button_gradient_top_color:#d3b054;--button_gradient_bottom_color:#d3b054;--button_gradient_top_color_hover:#d3b054;--button_gradient_bottom_color_hover:#d3b054;\" target=\"_self\" href=\"https:\/\/www.fraterinternacional.org\/es\/category\/impulsos-para-la-semana\/instruccion-es\/\"><span class=\"fusion-button-text\">Vea todos<\/span><\/a><\/div><\/p>\n<p>&nbsp;<\/p>\n<p><a href=\"https:\/\/www.fraterinternacional.org\/wp-content\/uploads\/2017\/12\/borboletas.jpg\"><img decoding=\"async\" class=\"aligncenter wp-image-70713 size-full\" src=\"https:\/\/www.fraterinternacional.org\/wp-content\/uploads\/2017\/12\/borboletas.jpg\" alt=\"\" width=\"690\" height=\"388\" srcset=\"https:\/\/www.fraterinternacional.org\/wp-content\/uploads\/2017\/12\/borboletas-200x112.jpg 200w, https:\/\/www.fraterinternacional.org\/wp-content\/uploads\/2017\/12\/borboletas-300x169.jpg 300w, https:\/\/www.fraterinternacional.org\/wp-content\/uploads\/2017\/12\/borboletas-400x225.jpg 400w, https:\/\/www.fraterinternacional.org\/wp-content\/uploads\/2017\/12\/borboletas-600x337.jpg 600w, https:\/\/www.fraterinternacional.org\/wp-content\/uploads\/2017\/12\/borboletas.jpg 690w\" sizes=\"(max-width: 690px) 100vw, 690px\" \/><\/a><\/p>\n<p>&nbsp;<\/p>\n","protected":false},"excerpt":{"rendered":"<p>Escuche el audio de Trigueirinho sobre el tema\u00a0 &nbsp; Cuando la criatura humana despierta Cuando la criatura humana despierta para [&hellip;]<\/p>\n","protected":false},"author":8,"featured_media":70715,"comment_status":"closed","ping_status":"closed","sticky":false,"template":"","format":"standard","meta":{"footnotes":""},"categories":[3237],"tags":[3239],"class_list":["post-70722","post","type-post","status-publish","format-standard","has-post-thumbnail","hentry","category-impulsos-para-la-semana","tag-instruccion-es"],"yoast_head":"<!-- This site is optimized with the Yoast SEO Premium plugin v21.0 (Yoast SEO v21.0) - https:\/\/yoast.com\/wordpress\/plugins\/seo\/ -->\n<title>El lugar de la paz m\u00e1s all\u00e1 de la mente - Impulso Instrucci\u00f3n<\/title>\n<meta name=\"description\" content=\"La mente se desarrolla aprendiendo lo que es necesario no por la raz\u00f3n, sino por la intuici\u00f3n que se revela en el silencio del encuentro con el yo superior.\" \/>\n<meta name=\"robots\" content=\"index, follow, max-snippet:-1, max-image-preview:large, max-video-preview:-1\" \/>\n<link rel=\"canonical\" href=\"https:\/\/www.fraterinternacional.org\/es\/lugar-de-la-paz-mas-alla-de-la-mente\/\" \/>\n<meta property=\"og:locale\" content=\"es_ES\" \/>\n<meta property=\"og:type\" content=\"article\" \/>\n<meta property=\"og:title\" content=\"El lugar de la paz m\u00e1s all\u00e1 de la mente\" \/>\n<meta property=\"og:description\" content=\"La mente se desarrolla aprendiendo lo que es necesario no por la raz\u00f3n, sino por la intuici\u00f3n que se revela en el silencio del encuentro con el yo superior.\" \/>\n<meta property=\"og:url\" content=\"https:\/\/www.fraterinternacional.org\/es\/lugar-de-la-paz-mas-alla-de-la-mente\/\" \/>\n<meta property=\"og:site_name\" content=\"Fraternidade - Federa\u00e7\u00e3o Humanit\u00e1ria Internacional\" \/>\n<meta property=\"article:publisher\" content=\"https:\/\/www.facebook.com\/fraternidadehumanitaria\" \/>\n<meta property=\"article:published_time\" content=\"2017-12-25T03:17:22+00:00\" \/>\n<meta property=\"article:modified_time\" content=\"2017-12-27T15:24:57+00:00\" \/>\n<meta property=\"og:image\" content=\"https:\/\/www.fraterinternacional.org\/wp-content\/uploads\/2017\/12\/borboletas.jpg\" \/>\n\t<meta property=\"og:image:width\" content=\"690\" \/>\n\t<meta property=\"og:image:height\" content=\"388\" \/>\n\t<meta property=\"og:image:type\" content=\"image\/jpeg\" \/>\n<meta name=\"author\" content=\"FFHI\" \/>\n<meta name=\"twitter:card\" content=\"summary_large_image\" \/>\n<meta name=\"twitter:creator\" content=\"@fraternidadeFHI\" \/>\n<meta name=\"twitter:site\" content=\"@fraternidadeFHI\" \/>\n<meta name=\"twitter:label1\" content=\"Escrito por\" \/>\n\t<meta name=\"twitter:data1\" content=\"FFHI\" \/>\n\t<meta name=\"twitter:label2\" content=\"Tiempo de lectura\" \/>\n\t<meta name=\"twitter:data2\" content=\"4 minutos\" \/>\n<script type=\"application\/ld+json\" class=\"yoast-schema-graph\">{\"@context\":\"https:\/\/schema.org\",\"@graph\":[{\"@type\":\"WebPage\",\"@id\":\"https:\/\/www.fraterinternacional.org\/es\/lugar-de-la-paz-mas-alla-de-la-mente\/\",\"url\":\"https:\/\/www.fraterinternacional.org\/es\/lugar-de-la-paz-mas-alla-de-la-mente\/\",\"name\":\"El lugar de la paz m\u00e1s all\u00e1 de la mente - Impulso Instrucci\u00f3n\",\"isPartOf\":{\"@id\":\"https:\/\/www.fraterinternacional.org\/es\/#website\"},\"datePublished\":\"2017-12-25T03:17:22+00:00\",\"dateModified\":\"2017-12-27T15:24:57+00:00\",\"author\":{\"@id\":\"https:\/\/www.fraterinternacional.org\/es\/#\/schema\/person\/8fd7058ced8aa6a1995cc0feee75819f\"},\"description\":\"La mente se desarrolla aprendiendo lo que es necesario no por la raz\u00f3n, sino por la intuici\u00f3n que se revela en el silencio del encuentro con el yo superior.\",\"breadcrumb\":{\"@id\":\"https:\/\/www.fraterinternacional.org\/es\/lugar-de-la-paz-mas-alla-de-la-mente\/#breadcrumb\"},\"inLanguage\":\"es\",\"potentialAction\":[{\"@type\":\"ReadAction\",\"target\":[\"https:\/\/www.fraterinternacional.org\/es\/lugar-de-la-paz-mas-alla-de-la-mente\/\"]}]},{\"@type\":\"BreadcrumbList\",\"@id\":\"https:\/\/www.fraterinternacional.org\/es\/lugar-de-la-paz-mas-alla-de-la-mente\/#breadcrumb\",\"itemListElement\":[{\"@type\":\"ListItem\",\"position\":1,\"name\":\"In\u00edcio\",\"item\":\"https:\/\/www.fraterinternacional.org\/es\/\"},{\"@type\":\"ListItem\",\"position\":2,\"name\":\"El lugar de la paz m\u00e1s all\u00e1 de la mente\"}]},{\"@type\":\"WebSite\",\"@id\":\"https:\/\/www.fraterinternacional.org\/es\/#website\",\"url\":\"https:\/\/www.fraterinternacional.org\/es\/\",\"name\":\"Fraternidade - Federa\u00e7\u00e3o Humanit\u00e1ria Internacional\",\"description\":\"Fraternidade - Federa\u00e7\u00e3o Humanit\u00e1ria Internacional\",\"potentialAction\":[{\"@type\":\"SearchAction\",\"target\":{\"@type\":\"EntryPoint\",\"urlTemplate\":\"https:\/\/www.fraterinternacional.org\/es\/?s={search_term_string}\"},\"query-input\":\"required name=search_term_string\"}],\"inLanguage\":\"es\"},{\"@type\":\"Person\",\"@id\":\"https:\/\/www.fraterinternacional.org\/es\/#\/schema\/person\/8fd7058ced8aa6a1995cc0feee75819f\",\"name\":\"FFHI\"}]}<\/script>\n<!-- \/ Yoast SEO Premium plugin. -->","yoast_head_json":{"title":"El lugar de la paz m\u00e1s all\u00e1 de la mente - Impulso Instrucci\u00f3n","description":"La mente se desarrolla aprendiendo lo que es necesario no por la raz\u00f3n, sino por la intuici\u00f3n que se revela en el silencio del encuentro con el yo superior.","robots":{"index":"index","follow":"follow","max-snippet":"max-snippet:-1","max-image-preview":"max-image-preview:large","max-video-preview":"max-video-preview:-1"},"canonical":"https:\/\/www.fraterinternacional.org\/es\/lugar-de-la-paz-mas-alla-de-la-mente\/","og_locale":"es_ES","og_type":"article","og_title":"El lugar de la paz m\u00e1s all\u00e1 de la mente","og_description":"La mente se desarrolla aprendiendo lo que es necesario no por la raz\u00f3n, sino por la intuici\u00f3n que se revela en el silencio del encuentro con el yo superior.","og_url":"https:\/\/www.fraterinternacional.org\/es\/lugar-de-la-paz-mas-alla-de-la-mente\/","og_site_name":"Fraternidade - Federa\u00e7\u00e3o Humanit\u00e1ria Internacional","article_publisher":"https:\/\/www.facebook.com\/fraternidadehumanitaria","article_published_time":"2017-12-25T03:17:22+00:00","article_modified_time":"2017-12-27T15:24:57+00:00","og_image":[{"width":690,"height":388,"url":"https:\/\/www.fraterinternacional.org\/wp-content\/uploads\/2017\/12\/borboletas.jpg","type":"image\/jpeg"}],"author":"FFHI","twitter_card":"summary_large_image","twitter_creator":"@fraternidadeFHI","twitter_site":"@fraternidadeFHI","twitter_misc":{"Escrito por":"FFHI","Tiempo de lectura":"4 minutos"},"schema":{"@context":"https:\/\/schema.org","@graph":[{"@type":"WebPage","@id":"https:\/\/www.fraterinternacional.org\/es\/lugar-de-la-paz-mas-alla-de-la-mente\/","url":"https:\/\/www.fraterinternacional.org\/es\/lugar-de-la-paz-mas-alla-de-la-mente\/","name":"El lugar de la paz m\u00e1s all\u00e1 de la mente - Impulso Instrucci\u00f3n","isPartOf":{"@id":"https:\/\/www.fraterinternacional.org\/es\/#website"},"datePublished":"2017-12-25T03:17:22+00:00","dateModified":"2017-12-27T15:24:57+00:00","author":{"@id":"https:\/\/www.fraterinternacional.org\/es\/#\/schema\/person\/8fd7058ced8aa6a1995cc0feee75819f"},"description":"La mente se desarrolla aprendiendo lo que es necesario no por la raz\u00f3n, sino por la intuici\u00f3n que se revela en el silencio del encuentro con el yo superior.","breadcrumb":{"@id":"https:\/\/www.fraterinternacional.org\/es\/lugar-de-la-paz-mas-alla-de-la-mente\/#breadcrumb"},"inLanguage":"es","potentialAction":[{"@type":"ReadAction","target":["https:\/\/www.fraterinternacional.org\/es\/lugar-de-la-paz-mas-alla-de-la-mente\/"]}]},{"@type":"BreadcrumbList","@id":"https:\/\/www.fraterinternacional.org\/es\/lugar-de-la-paz-mas-alla-de-la-mente\/#breadcrumb","itemListElement":[{"@type":"ListItem","position":1,"name":"In\u00edcio","item":"https:\/\/www.fraterinternacional.org\/es\/"},{"@type":"ListItem","position":2,"name":"El lugar de la paz m\u00e1s all\u00e1 de la mente"}]},{"@type":"WebSite","@id":"https:\/\/www.fraterinternacional.org\/es\/#website","url":"https:\/\/www.fraterinternacional.org\/es\/","name":"Fraternidade - Federa\u00e7\u00e3o Humanit\u00e1ria Internacional","description":"Fraternidade - Federa\u00e7\u00e3o Humanit\u00e1ria Internacional","potentialAction":[{"@type":"SearchAction","target":{"@type":"EntryPoint","urlTemplate":"https:\/\/www.fraterinternacional.org\/es\/?s={search_term_string}"},"query-input":"required name=search_term_string"}],"inLanguage":"es"},{"@type":"Person","@id":"https:\/\/www.fraterinternacional.org\/es\/#\/schema\/person\/8fd7058ced8aa6a1995cc0feee75819f","name":"FFHI"}]}},"_links":{"self":[{"href":"https:\/\/www.fraterinternacional.org\/es\/wp-json\/wp\/v2\/posts\/70722"}],"collection":[{"href":"https:\/\/www.fraterinternacional.org\/es\/wp-json\/wp\/v2\/posts"}],"about":[{"href":"https:\/\/www.fraterinternacional.org\/es\/wp-json\/wp\/v2\/types\/post"}],"author":[{"embeddable":true,"href":"https:\/\/www.fraterinternacional.org\/es\/wp-json\/wp\/v2\/users\/8"}],"replies":[{"embeddable":true,"href":"https:\/\/www.fraterinternacional.org\/es\/wp-json\/wp\/v2\/comments?post=70722"}],"version-history":[{"count":0,"href":"https:\/\/www.fraterinternacional.org\/es\/wp-json\/wp\/v2\/posts\/70722\/revisions"}],"wp:featuredmedia":[{"embeddable":true,"href":"https:\/\/www.fraterinternacional.org\/es\/wp-json\/wp\/v2\/media\/70715"}],"wp:attachment":[{"href":"https:\/\/www.fraterinternacional.org\/es\/wp-json\/wp\/v2\/media?parent=70722"}],"wp:term":[{"taxonomy":"category","embeddable":true,"href":"https:\/\/www.fraterinternacional.org\/es\/wp-json\/wp\/v2\/categories?post=70722"},{"taxonomy":"post_tag","embeddable":true,"href":"https:\/\/www.fraterinternacional.org\/es\/wp-json\/wp\/v2\/tags?post=70722"}],"curies":[{"name":"wp","href":"https:\/\/api.w.org\/{rel}","templated":true}]}}