{"id":68884,"date":"2017-11-29T12:37:50","date_gmt":"2017-11-29T15:37:50","guid":{"rendered":"https:\/\/www.fraterinternacional.org\/?p=68884"},"modified":"2017-11-29T12:40:00","modified_gmt":"2017-11-29T15:40:00","slug":"mision-roraima-humanitaria-boa-vista-consultas-medicas-emergencias","status":"publish","type":"post","link":"https:\/\/www.fraterinternacional.org\/es\/mision-roraima-humanitaria-boa-vista-consultas-medicas-emergencias\/","title":{"rendered":"Misi\u00f3n Roraima Humanitaria en Boa Vista \u2013 consultas m\u00e9dicas de emergencias."},"content":{"rendered":"<h3 class=\"western\" style=\"text-align: center;\"><strong>Lunes 6\/11 al domingo 12\/11<\/strong><\/h3>\n<h3 class=\"western\" style=\"text-align: justify;\"><strong>Lunes 6 de noviembre<\/strong><\/h3>\n<div id=\"attachment_68388\" style=\"width: 310px\" class=\"wp-caption alignleft\"><a href=\"https:\/\/www.fraterinternacional.org\/wp-content\/uploads\/2017\/11\/roraima_missao_visita_acnur_abrigo_11_2017.jpg\"><img decoding=\"async\" aria-describedby=\"caption-attachment-68388\" class=\"wp-image-68388 size-medium\" src=\"https:\/\/www.fraterinternacional.org\/wp-content\/uploads\/2017\/11\/roraima_missao_visita_acnur_abrigo_11_2017-300x169.jpg\" alt=\"\" width=\"300\" height=\"169\" srcset=\"https:\/\/www.fraterinternacional.org\/wp-content\/uploads\/2017\/11\/roraima_missao_visita_acnur_abrigo_11_2017-200x112.jpg 200w, https:\/\/www.fraterinternacional.org\/wp-content\/uploads\/2017\/11\/roraima_missao_visita_acnur_abrigo_11_2017-300x169.jpg 300w, https:\/\/www.fraterinternacional.org\/wp-content\/uploads\/2017\/11\/roraima_missao_visita_acnur_abrigo_11_2017-400x225.jpg 400w, https:\/\/www.fraterinternacional.org\/wp-content\/uploads\/2017\/11\/roraima_missao_visita_acnur_abrigo_11_2017-600x337.jpg 600w, https:\/\/www.fraterinternacional.org\/wp-content\/uploads\/2017\/11\/roraima_missao_visita_acnur_abrigo_11_2017.jpg 690w\" sizes=\"(max-width: 300px) 100vw, 300px\" \/><\/a><p id=\"caption-attachment-68388\" class=\"wp-caption-text\">Representantes del ACNUR en el refugio<\/p><\/div>\n<p class=\"western\" style=\"text-align: justify;\">El CRI \u2013 Centro de Referencia al Inmigrante recibi\u00f3 la visita de representantes de Brasilia y del exterior del Alto Comisionado de las Naciones Unidas para los Refugiados (ACNUR). Ellos estaban acompa\u00f1ados por un miembro del Instituto de Migraciones y Derechos Humanos (IMDH) y de la Secretar\u00eda del Trabajo y Bienestar Social de Roraima (Setrabes). Los visitantes fueron recibidos con una danza t\u00edpica de los Waraos y con una exposici\u00f3n de piezas de su artesan\u00eda.<\/p>\n<p class=\"western\" style=\"text-align: justify;\">Cuatro pasantes del Curso de Gesti\u00f3n en Salud Colectiva Ind\u00edgena del Instituto Insikiram de Formaci\u00f3n Superior Ind\u00edgena de la Universidad Federal de Roraima (UFRR) pasaron la semana en el refugio trabajando en el cierre del curso.<\/p>\n<p class=\"western\" style=\"text-align: justify;\">En este d\u00eda, uno de los pasantes particip\u00f3 en las consultas de salud, tambi\u00e9n dio apoyo en la escuela e hizo una limpieza en las cabezas de varios ni\u00f1os que estaban con piojos.<\/p>\n<div id=\"attachment_68376\" style=\"width: 310px\" class=\"wp-caption alignright\"><a href=\"https:\/\/www.fraterinternacional.org\/wp-content\/uploads\/2017\/11\/roraima_missao_exposicao_visita_acnur_abrigo_11_2017.jpg\"><img decoding=\"async\" aria-describedby=\"caption-attachment-68376\" class=\"wp-image-68376 size-medium\" src=\"https:\/\/www.fraterinternacional.org\/wp-content\/uploads\/2017\/11\/roraima_missao_exposicao_visita_acnur_abrigo_11_2017-300x169.jpg\" alt=\"\" width=\"300\" height=\"169\" srcset=\"https:\/\/www.fraterinternacional.org\/wp-content\/uploads\/2017\/11\/roraima_missao_exposicao_visita_acnur_abrigo_11_2017-200x112.jpg 200w, https:\/\/www.fraterinternacional.org\/wp-content\/uploads\/2017\/11\/roraima_missao_exposicao_visita_acnur_abrigo_11_2017-300x169.jpg 300w, https:\/\/www.fraterinternacional.org\/wp-content\/uploads\/2017\/11\/roraima_missao_exposicao_visita_acnur_abrigo_11_2017-400x225.jpg 400w, https:\/\/www.fraterinternacional.org\/wp-content\/uploads\/2017\/11\/roraima_missao_exposicao_visita_acnur_abrigo_11_2017-600x337.jpg 600w, https:\/\/www.fraterinternacional.org\/wp-content\/uploads\/2017\/11\/roraima_missao_exposicao_visita_acnur_abrigo_11_2017.jpg 690w\" sizes=\"(max-width: 300px) 100vw, 300px\" \/><\/a><p id=\"caption-attachment-68376\" class=\"wp-caption-text\">Exposici\u00f3n de artesan\u00eda<\/p><\/div>\n<p class=\"western\" style=\"text-align: justify;\">Clases en la escuela del refugio y se proyectaron varios videos educativos.<\/p>\n<p class=\"western\" style=\"text-align: justify;\">Corte de u\u00f1as y actividades recreativas con los ni\u00f1os.<\/p>\n<p class=\"western\" style=\"text-align: justify;\">Consultas m\u00e9dicas b\u00e1sicas.<\/p>\n<p class=\"western\" style=\"text-align: justify;\">De noche, una ind\u00edgena con c\u00e1ncer en el \u00fatero fue socorrida y llevada al Hospital General de Boa Vista con muchos dolores y sangrado. Una pareja de la Iglesia Evang\u00e9lica llev\u00f3 a la inmigrante al hospital.<\/p>\n<p class=\"western\" style=\"text-align: justify;\">Llegada de una pareja de inmigrantes ind\u00edgena de la etnia Warao que llegaron de Venezuela.<\/p>\n<h3 class=\"western\" style=\"text-align: justify;\"><strong>Martes 7 de noviembre<\/strong><\/h3>\n<div id=\"attachment_68385\" style=\"width: 310px\" class=\"wp-caption alignleft\"><a href=\"https:\/\/www.fraterinternacional.org\/wp-content\/uploads\/2017\/11\/roraima_missao_video_educativo_11_2017.jpg\"><img decoding=\"async\" aria-describedby=\"caption-attachment-68385\" class=\"wp-image-68385 size-medium\" src=\"https:\/\/www.fraterinternacional.org\/wp-content\/uploads\/2017\/11\/roraima_missao_video_educativo_11_2017-300x169.jpg\" alt=\"\" width=\"300\" height=\"169\" srcset=\"https:\/\/www.fraterinternacional.org\/wp-content\/uploads\/2017\/11\/roraima_missao_video_educativo_11_2017-200x112.jpg 200w, https:\/\/www.fraterinternacional.org\/wp-content\/uploads\/2017\/11\/roraima_missao_video_educativo_11_2017-300x169.jpg 300w, https:\/\/www.fraterinternacional.org\/wp-content\/uploads\/2017\/11\/roraima_missao_video_educativo_11_2017-400x225.jpg 400w, https:\/\/www.fraterinternacional.org\/wp-content\/uploads\/2017\/11\/roraima_missao_video_educativo_11_2017-600x337.jpg 600w, https:\/\/www.fraterinternacional.org\/wp-content\/uploads\/2017\/11\/roraima_missao_video_educativo_11_2017.jpg 690w\" sizes=\"(max-width: 300px) 100vw, 300px\" \/><\/a><p id=\"caption-attachment-68385\" class=\"wp-caption-text\">Proyecci\u00f3n de video<\/p><\/div>\n<p class=\"western\" style=\"text-align: justify;\">Visita de una representante del \u201cBalc\u00f3n Tur\u00edstico de Roraima\u201d, lugar en donde se hace la exposici\u00f3n de la artesan\u00eda Warao, acompa\u00f1ada de dos investigadores de una facultad vinculada a la Organizaci\u00f3n Internacional para las Migraciones (OIM). El grupo estuvo conversando con algunas artesanas.<\/p>\n<p class=\"western\" style=\"text-align: justify;\">Los misioneros visitaron las carpas para as\u00ed constatar las necesidades de los inmigrantes. \u201cAlgunas personas solo entran en el gimnasio, donde tenemos mayor acceso, a la hora de alimentarse. Otras no entran nunca por que tienen problemas f\u00edsicos o de edad\u201d, explic\u00f3 la Alexandrina, misionera de la <strong>Fraternidade \u2013 Federaci\u00f3n Humanitaria Internacional<\/strong>.<\/p>\n<p class=\"western\" style=\"text-align: justify;\">Un voluntario exhibi\u00f3 un video mostrando c\u00f3mo hacer la separaci\u00f3n de la basura.<\/p>\n<p class=\"western\" style=\"text-align: justify;\">\u201cEl video llam\u00f3 mucho la atenci\u00f3n de los ni\u00f1os y lleg\u00f3 en el justo momento porque al d\u00eda siguiente iniciamos con los recipientes para la separaci\u00f3n de la basura\u201d, dijo Alexandrina.<\/p>\n<p class=\"western\" style=\"text-align: justify;\">Miembros de la Iglesia Asamblea de Dios estuvieron en el refugio para saber de la situaci\u00f3n del lugar y para visitar a la ind\u00edgena que est\u00e1 con c\u00e1ncer. Ellos conocieron a esta inmigrante en el hospital.<\/p>\n<h3 class=\"western\" style=\"text-align: justify;\"><strong>Mi\u00e9rcoles 8 de noviembre<\/strong><\/h3>\n<div id=\"attachment_68395\" style=\"width: 302px\" class=\"wp-caption alignright\"><a href=\"https:\/\/www.fraterinternacional.org\/wp-content\/uploads\/2017\/11\/roraima_missao_artesnato_11_2017.jpg\"><img decoding=\"async\" aria-describedby=\"caption-attachment-68395\" class=\"wp-image-68395\" src=\"https:\/\/www.fraterinternacional.org\/wp-content\/uploads\/2017\/11\/roraima_missao_artesnato_11_2017-300x225.jpg\" alt=\"\" width=\"292\" height=\"219\" srcset=\"https:\/\/www.fraterinternacional.org\/wp-content\/uploads\/2017\/11\/roraima_missao_artesnato_11_2017-200x150.jpg 200w, https:\/\/www.fraterinternacional.org\/wp-content\/uploads\/2017\/11\/roraima_missao_artesnato_11_2017-300x225.jpg 300w, https:\/\/www.fraterinternacional.org\/wp-content\/uploads\/2017\/11\/roraima_missao_artesnato_11_2017.jpg 400w\" sizes=\"(max-width: 292px) 100vw, 292px\" \/><\/a><p id=\"caption-attachment-68395\" class=\"wp-caption-text\">Artesan\u00edas<\/p><\/div>\n<p class=\"western\" style=\"text-align: justify;\">La Iglesia Metodista llev\u00f3 a ni\u00f1os y adolescentes entre los 10 y 16 a\u00f1os de edad , acompa\u00f1ados por sus responsables, para participar de las actividades educativas en la iglesia.<\/p>\n<p class=\"western\" style=\"text-align: justify;\">En el abrigo los inmigrantes realizaron varias actividades como costura y artesan\u00eda (bisuter\u00eda, instrumentos , flechas y hamacas).<\/p>\n<p class=\"western\" style=\"text-align: justify;\">Los profesores y los alumnos del curso de Maestr\u00eda de Salud, Educaci\u00f3n y Medio Ambiente estuvieron en el refugio para conocer sus necesidades y ver en qu\u00e9 forma podr\u00edan colaborar con la Fraternidade.<\/p>\n<p class=\"western\" style=\"text-align: justify;\">Se hicieron unas consultas m\u00e9dicas de la Secretar\u00eda Especial de Salud Ind\u00edgena (Sesai) del Distrito Sanitario Ind\u00edgena (Disei) del Este.<\/p>\n<p class=\"western\" style=\"text-align: justify;\">Visitaron el refugio un miembro del Ministerio de la Salud de Brasilia, que trabajaba con la salud de ni\u00f1os y gestantes, junto con un funcionario de la Secretar\u00eda de Estado de la Salud de Roraima (Sesau\/RR). Ellos conocieron las necesidades de los habitantes del lugar para luego poder establecer acciones de salud.<\/p>\n<p class=\"western\" style=\"text-align: justify;\">La Empresa de Desarrollo Urbano y Habitacional (EMHUR) con la ayuda de la Guardia Civil Municipal, incautaron las artesan\u00edas que una inmigrante ind\u00edgenas estaba vendiendo en un sem\u00e1for de la ciudad de Boa Vista.<\/p>\n<h3 class=\"western\" style=\"text-align: justify;\"><strong>Jueves 9 de noviembre<\/strong><\/h3>\n<div id=\"attachment_68373\" style=\"width: 310px\" class=\"wp-caption alignleft\"><a href=\"https:\/\/www.fraterinternacional.org\/wp-content\/uploads\/2017\/11\/roraima_missao_estagiarios_missionarios_11_2017.jpg\"><img decoding=\"async\" aria-describedby=\"caption-attachment-68373\" class=\"wp-image-68373 size-medium\" src=\"https:\/\/www.fraterinternacional.org\/wp-content\/uploads\/2017\/11\/roraima_missao_estagiarios_missionarios_11_2017-300x169.jpg\" alt=\"\" width=\"300\" height=\"169\" srcset=\"https:\/\/www.fraterinternacional.org\/wp-content\/uploads\/2017\/11\/roraima_missao_estagiarios_missionarios_11_2017-200x112.jpg 200w, https:\/\/www.fraterinternacional.org\/wp-content\/uploads\/2017\/11\/roraima_missao_estagiarios_missionarios_11_2017-300x169.jpg 300w, https:\/\/www.fraterinternacional.org\/wp-content\/uploads\/2017\/11\/roraima_missao_estagiarios_missionarios_11_2017-400x225.jpg 400w, https:\/\/www.fraterinternacional.org\/wp-content\/uploads\/2017\/11\/roraima_missao_estagiarios_missionarios_11_2017-600x337.jpg 600w, https:\/\/www.fraterinternacional.org\/wp-content\/uploads\/2017\/11\/roraima_missao_estagiarios_missionarios_11_2017.jpg 690w\" sizes=\"(max-width: 300px) 100vw, 300px\" \/><\/a><p id=\"caption-attachment-68373\" class=\"wp-caption-text\">Voluntarios<\/p><\/div>\n<p class=\"western\" style=\"text-align: justify;\">Los pasantes ayudaron en el \u00e1rea de salud y en otras.<\/p>\n<p class=\"western\" style=\"text-align: justify;\">Se lavaron las cabezas de los ni\u00f1os, se aplicaron medicamentos para retirar los piojos.<\/p>\n<p class=\"western\" style=\"text-align: justify;\">Un ni\u00f1o fue llevado al hospital por presentar problemas de falta de aire.<\/p>\n<p class=\"western\" style=\"text-align: justify;\">Tres ind\u00edgenas de la etnia Panare se emborracharon por el consumo de alcohol y fueron apartaron del abrigo.<\/p>\n<h3 class=\"western\" style=\"text-align: justify;\"><strong>Viernes 10 de noviembre<\/strong><\/h3>\n<div id=\"attachment_68382\" style=\"width: 287px\" class=\"wp-caption alignright\"><a href=\"https:\/\/www.fraterinternacional.org\/wp-content\/uploads\/2017\/11\/roraima_missao_panares_1artesanato_abrigo_11_2017.jpg\"><img decoding=\"async\" aria-describedby=\"caption-attachment-68382\" class=\"wp-image-68382\" src=\"https:\/\/www.fraterinternacional.org\/wp-content\/uploads\/2017\/11\/roraima_missao_panares_1artesanato_abrigo_11_2017-300x225.jpg\" alt=\"\" width=\"277\" height=\"208\" srcset=\"https:\/\/www.fraterinternacional.org\/wp-content\/uploads\/2017\/11\/roraima_missao_panares_1artesanato_abrigo_11_2017-200x150.jpg 200w, https:\/\/www.fraterinternacional.org\/wp-content\/uploads\/2017\/11\/roraima_missao_panares_1artesanato_abrigo_11_2017-300x225.jpg 300w, https:\/\/www.fraterinternacional.org\/wp-content\/uploads\/2017\/11\/roraima_missao_panares_1artesanato_abrigo_11_2017.jpg 400w\" sizes=\"(max-width: 277px) 100vw, 277px\" \/><\/a><p id=\"caption-attachment-68382\" class=\"wp-caption-text\">Ind\u00edgenas de la etnia Panare trabajando con artesan\u00edas<\/p><\/div>\n<p class=\"western\" style=\"text-align: justify;\">Los miembros de la Pastoral Universal, del Centro de Migraciones y Derechos Humanos (CMDH) llevaron a 50 ni\u00f1os de 5 a 12 a\u00f1os de edad y a sus responsables, a unas actividades recreativas fuera del refugio.<\/p>\n<p class=\"western\" style=\"text-align: justify;\">Se visitaron las carpas del abrigo, hubo conversaciones, cantos y juegos. Los casos de salud se encaminaron para ser atendidos con la m\u00e9dica del CRI.<\/p>\n<p class=\"western\" style=\"text-align: justify;\">Las familias que tienen beb\u00e9s reci\u00e9n nacidos en Brasil, pedir\u00e1n informaci\u00f3n sobre c\u00f3mo registrarlos.<\/p>\n<p class=\"western\" style=\"text-align: justify;\">Corte de u\u00f1as de los ni\u00f1os.<\/p>\n<p class=\"western\" style=\"text-align: justify;\">Recibimiento de donaciones de alimentos (arroz, frijoles, harina, az\u00facar y sal)<\/p>\n<p class=\"western\" style=\"text-align: justify;\">Limpieza del contenedor usado para disponerse para almacenar alimentos.<\/p>\n<h3 class=\"western\" style=\"text-align: justify;\"><strong>S\u00e1bado 11 de noviembre<\/strong><\/h3>\n<div id=\"attachment_68367\" style=\"width: 310px\" class=\"wp-caption alignleft\"><a href=\"https:\/\/www.fraterinternacional.org\/wp-content\/uploads\/2017\/11\/roraima_missao_curso_terapeuticas_11_2017.jpg\"><img decoding=\"async\" aria-describedby=\"caption-attachment-68367\" class=\"wp-image-68367 size-medium\" src=\"https:\/\/www.fraterinternacional.org\/wp-content\/uploads\/2017\/11\/roraima_missao_curso_terapeuticas_11_2017-300x169.jpg\" alt=\"\" width=\"300\" height=\"169\" srcset=\"https:\/\/www.fraterinternacional.org\/wp-content\/uploads\/2017\/11\/roraima_missao_curso_terapeuticas_11_2017-200x112.jpg 200w, https:\/\/www.fraterinternacional.org\/wp-content\/uploads\/2017\/11\/roraima_missao_curso_terapeuticas_11_2017-300x169.jpg 300w, https:\/\/www.fraterinternacional.org\/wp-content\/uploads\/2017\/11\/roraima_missao_curso_terapeuticas_11_2017-400x225.jpg 400w, https:\/\/www.fraterinternacional.org\/wp-content\/uploads\/2017\/11\/roraima_missao_curso_terapeuticas_11_2017-600x337.jpg 600w, https:\/\/www.fraterinternacional.org\/wp-content\/uploads\/2017\/11\/roraima_missao_curso_terapeuticas_11_2017.jpg 690w\" sizes=\"(max-width: 300px) 100vw, 300px\" \/><\/a><p id=\"caption-attachment-68367\" class=\"wp-caption-text\">Curso de Terap\u00e9uticas Externas<\/p><\/div>\n<p class=\"western\" style=\"text-align: justify;\">Limpieza de la escuela y agrupaci\u00f3n de los ni\u00f1os para las clases.<\/p>\n<p class=\"western\" style=\"text-align: justify;\">\u201cHemos percibido que los ni\u00f1os permanecen dispersos, por lo que es dif\u00edcil mantenerlos enfocados en una tarea. Tenemos que tener mucho amor y cuidado con eso, pues si un d\u00eda necesitasen asistir a una escuela tendr\u00e1n dificultades\u201d, dice Alexandrina.<\/p>\n<p class=\"western\" style=\"text-align: justify;\">Se inici\u00f3 el Curso de Terap\u00e9uticas Externas y Aromaterapia, promovido por la <a href=\"http:\/\/www.fraterinternacional.org\/es\/red-luz\/\">Rede-Luz<\/a> de Boa Vista y suministrado por una m\u00e9dica de la Rede-Luz de Rio de Janeiro. El evento se llev\u00f3 a cabo en el <a href=\"http:\/\/www.fraterinternacional.org\/es\/nucleos-luz\/\">N\u00facleo-Luz<\/a> de Figueira en Roraima, con la participaci\u00f3n de miembros de la Rede-Luz, misioneros, monasterio y colaboradores.<\/p>\n<p class=\"western\" style=\"text-align: justify;\">Se acompa\u00f1\u00f3 a una madre con su hijo de apenas un mes al Hospital de los Ni\u00f1os. El beb\u00e9 presentaba tos y resfriado. En el hospital fue diagnosticado con anemia y se le hizo una prescripci\u00f3n para las medicinas.<\/p>\n<p class=\"western\" style=\"text-align: justify;\">Justo despu\u00e9s de terminar con la distribuci\u00f3n de la cena, un ind\u00edgena que estaba embriagado se ahog\u00f3 con el alimento y qued\u00f3 sin aire. Un misionero de la Fraternidade con la ayuda de polic\u00edas, le dieron primeros auxilios. Despu\u00e9s de los procedimientos, incluso con respiraci\u00f3n boca a boca, el inmigrante se logr\u00f3 reanimar y se llev\u00f3 al Hospital en una ambulancia. Todo esto ocurri\u00f3 en la oscuridad, ya que el refugio estaba sin electricidad desde el comienzo de la noche.<\/p>\n<div id=\"attachment_68379\" style=\"width: 301px\" class=\"wp-caption alignright\"><a href=\"https:\/\/www.fraterinternacional.org\/wp-content\/uploads\/2017\/11\/roraima_missao_missionaria_bebe_11_2017.jpg\"><img decoding=\"async\" aria-describedby=\"caption-attachment-68379\" class=\"wp-image-68379\" src=\"https:\/\/www.fraterinternacional.org\/wp-content\/uploads\/2017\/11\/roraima_missao_missionaria_bebe_11_2017-300x225.jpg\" alt=\"\" width=\"291\" height=\"218\" srcset=\"https:\/\/www.fraterinternacional.org\/wp-content\/uploads\/2017\/11\/roraima_missao_missionaria_bebe_11_2017-200x150.jpg 200w, https:\/\/www.fraterinternacional.org\/wp-content\/uploads\/2017\/11\/roraima_missao_missionaria_bebe_11_2017-300x225.jpg 300w, https:\/\/www.fraterinternacional.org\/wp-content\/uploads\/2017\/11\/roraima_missao_missionaria_bebe_11_2017.jpg 400w\" sizes=\"(max-width: 291px) 100vw, 291px\" \/><\/a><p id=\"caption-attachment-68379\" class=\"wp-caption-text\">Actividades con las madres y sus beb\u00e9s<\/p><\/div>\n<h3 class=\"western\" style=\"text-align: justify;\"><strong>Domingo 12 de noviembre<\/strong><\/h3>\n<p class=\"western\" style=\"text-align: justify;\">Se distribuy\u00f3 material de higiene personal para los inmigrantes del abrigo y se limpi\u00f3 el contenedor en donde se realiz\u00f3 la acci\u00f3n.<\/p>\n<p class=\"western\" style=\"text-align: justify;\">Actividades de arte con los ni\u00f1os en la escuela y de limpieza del lugar.<\/p>\n<p class=\"western\" style=\"text-align: justify;\">Organizaci\u00f3n de los armarios de la escuela y \u00fatiles escolares.<\/p>\n<p class=\"western\" style=\"text-align: justify;\">Corte de u\u00f1as de los ni\u00f1os.<\/p>\n<p class=\"western\" style=\"text-align: justify;\">Ayuda a las madres de beb\u00e9s en la armonizaci\u00f3n de loa ambientes en donde se quedan los reci\u00e9n nacidos.<\/p>\n\n\t\t<style type=\"text\/css\">\n\t\t\t#gallery-1 {\n\t\t\t\tmargin: auto;\n\t\t\t}\n\t\t\t#gallery-1 .gallery-item {\n\t\t\t\tfloat: left;\n\t\t\t\tmargin-top: 10px;\n\t\t\t\ttext-align: center;\n\t\t\t\twidth: 50%;\n\t\t\t}\n\t\t\t#gallery-1 img {\n\t\t\t\tborder: 2px solid #cfcfcf;\n\t\t\t}\n\t\t\t#gallery-1 .gallery-caption {\n\t\t\t\tmargin-left: 0;\n\t\t\t}\n\t\t\t\/* see gallery_shortcode() in wp-includes\/media.php *\/\n\t\t<\/style>\n\t\t<div id='gallery-1' class='gallery galleryid-68884 gallery-columns-2 gallery-size-medium'><dl class='gallery-item'>\n\t\t\t<dt class='gallery-icon landscape'>\n\t\t\t\t<a data-rel=\"iLightbox[postimages]\" data-title=\"roraima_missao_danca_visita_acnur_abrigo_11_2017\" data-caption=\"Danza en el recibimiento del equipo del ACNUR\" href='https:\/\/www.fraterinternacional.org\/wp-content\/uploads\/2017\/11\/roraima_missao_danca_visita_acnur_abrigo_11_2017.jpg'><img decoding=\"async\" width=\"300\" height=\"169\" src=\"https:\/\/www.fraterinternacional.org\/wp-content\/uploads\/2017\/11\/roraima_missao_danca_visita_acnur_abrigo_11_2017-300x169.jpg\" class=\"attachment-medium size-medium\" alt=\"\" aria-describedby=\"gallery-1-68372\" srcset=\"https:\/\/www.fraterinternacional.org\/wp-content\/uploads\/2017\/11\/roraima_missao_danca_visita_acnur_abrigo_11_2017-200x112.jpg 200w, https:\/\/www.fraterinternacional.org\/wp-content\/uploads\/2017\/11\/roraima_missao_danca_visita_acnur_abrigo_11_2017-300x169.jpg 300w, https:\/\/www.fraterinternacional.org\/wp-content\/uploads\/2017\/11\/roraima_missao_danca_visita_acnur_abrigo_11_2017-400x225.jpg 400w, https:\/\/www.fraterinternacional.org\/wp-content\/uploads\/2017\/11\/roraima_missao_danca_visita_acnur_abrigo_11_2017-600x337.jpg 600w, https:\/\/www.fraterinternacional.org\/wp-content\/uploads\/2017\/11\/roraima_missao_danca_visita_acnur_abrigo_11_2017.jpg 690w\" sizes=\"(max-width: 300px) 100vw, 300px\" \/><\/a>\n\t\t\t<\/dt>\n\t\t\t\t<dd class='wp-caption-text gallery-caption' id='gallery-1-68372'>\n\t\t\t\tDanza en el recibimiento del equipo del ACNUR\n\t\t\t\t<\/dd><\/dl><dl class='gallery-item'>\n\t\t\t<dt class='gallery-icon landscape'>\n\t\t\t\t<a data-rel=\"iLightbox[postimages]\" data-title=\"roraima_missao_criancas_tv_abrigo_11_2017\" data-caption=\"Viendo el video \" href='https:\/\/www.fraterinternacional.org\/wp-content\/uploads\/2017\/11\/roraima_missao_criancas_tv_abrigo_11_2017.jpg'><img decoding=\"async\" width=\"300\" height=\"169\" src=\"https:\/\/www.fraterinternacional.org\/wp-content\/uploads\/2017\/11\/roraima_missao_criancas_tv_abrigo_11_2017-300x169.jpg\" class=\"attachment-medium size-medium\" alt=\"\" aria-describedby=\"gallery-1-68366\" srcset=\"https:\/\/www.fraterinternacional.org\/wp-content\/uploads\/2017\/11\/roraima_missao_criancas_tv_abrigo_11_2017-200x112.jpg 200w, https:\/\/www.fraterinternacional.org\/wp-content\/uploads\/2017\/11\/roraima_missao_criancas_tv_abrigo_11_2017-300x169.jpg 300w, https:\/\/www.fraterinternacional.org\/wp-content\/uploads\/2017\/11\/roraima_missao_criancas_tv_abrigo_11_2017-400x225.jpg 400w, https:\/\/www.fraterinternacional.org\/wp-content\/uploads\/2017\/11\/roraima_missao_criancas_tv_abrigo_11_2017-600x337.jpg 600w, https:\/\/www.fraterinternacional.org\/wp-content\/uploads\/2017\/11\/roraima_missao_criancas_tv_abrigo_11_2017.jpg 690w\" sizes=\"(max-width: 300px) 100vw, 300px\" \/><\/a>\n\t\t\t<\/dt>\n\t\t\t\t<dd class='wp-caption-text gallery-caption' id='gallery-1-68366'>\n\t\t\t\tViendo el video \n\t\t\t\t<\/dd><\/dl><br style=\"clear: both\" \/><dl class='gallery-item'>\n\t\t\t<dt class='gallery-icon landscape'>\n\t\t\t\t<a data-rel=\"iLightbox[postimages]\" data-title=\"roraima_missao_criancas_escola_abrigo_11_2017\" data-caption=\"Ni\u00f1o en la escuela del CRI  \" href='https:\/\/www.fraterinternacional.org\/wp-content\/uploads\/2017\/11\/roraima_missao_criancas_escola_abrigo_11_2017.jpg'><img decoding=\"async\" width=\"300\" height=\"169\" src=\"https:\/\/www.fraterinternacional.org\/wp-content\/uploads\/2017\/11\/roraima_missao_criancas_escola_abrigo_11_2017-300x169.jpg\" class=\"attachment-medium size-medium\" alt=\"\" aria-describedby=\"gallery-1-68363\" srcset=\"https:\/\/www.fraterinternacional.org\/wp-content\/uploads\/2017\/11\/roraima_missao_criancas_escola_abrigo_11_2017-200x112.jpg 200w, https:\/\/www.fraterinternacional.org\/wp-content\/uploads\/2017\/11\/roraima_missao_criancas_escola_abrigo_11_2017-300x169.jpg 300w, https:\/\/www.fraterinternacional.org\/wp-content\/uploads\/2017\/11\/roraima_missao_criancas_escola_abrigo_11_2017-400x225.jpg 400w, https:\/\/www.fraterinternacional.org\/wp-content\/uploads\/2017\/11\/roraima_missao_criancas_escola_abrigo_11_2017-600x337.jpg 600w, https:\/\/www.fraterinternacional.org\/wp-content\/uploads\/2017\/11\/roraima_missao_criancas_escola_abrigo_11_2017.jpg 690w\" sizes=\"(max-width: 300px) 100vw, 300px\" \/><\/a>\n\t\t\t<\/dt>\n\t\t\t\t<dd class='wp-caption-text gallery-caption' id='gallery-1-68363'>\n\t\t\t\tNi\u00f1o en la escuela del CRI  \n\t\t\t\t<\/dd><\/dl><dl class='gallery-item'>\n\t\t\t<dt class='gallery-icon landscape'>\n\t\t\t\t<a data-rel=\"iLightbox[postimages]\" data-title=\"roraima_missao_atendimento_bebe_11_2017\" data-caption=\"Consultas m\u00e9dicas \" href='https:\/\/www.fraterinternacional.org\/wp-content\/uploads\/2017\/11\/roraima_missao_atendimento_bebe_11_2017.jpg'><img decoding=\"async\" width=\"300\" height=\"169\" src=\"https:\/\/www.fraterinternacional.org\/wp-content\/uploads\/2017\/11\/roraima_missao_atendimento_bebe_11_2017-300x169.jpg\" class=\"attachment-medium size-medium\" alt=\"\" aria-describedby=\"gallery-1-68394\" srcset=\"https:\/\/www.fraterinternacional.org\/wp-content\/uploads\/2017\/11\/roraima_missao_atendimento_bebe_11_2017-200x112.jpg 200w, https:\/\/www.fraterinternacional.org\/wp-content\/uploads\/2017\/11\/roraima_missao_atendimento_bebe_11_2017-300x169.jpg 300w, https:\/\/www.fraterinternacional.org\/wp-content\/uploads\/2017\/11\/roraima_missao_atendimento_bebe_11_2017-400x225.jpg 400w, https:\/\/www.fraterinternacional.org\/wp-content\/uploads\/2017\/11\/roraima_missao_atendimento_bebe_11_2017-600x337.jpg 600w, https:\/\/www.fraterinternacional.org\/wp-content\/uploads\/2017\/11\/roraima_missao_atendimento_bebe_11_2017.jpg 690w\" sizes=\"(max-width: 300px) 100vw, 300px\" \/><\/a>\n\t\t\t<\/dt>\n\t\t\t\t<dd class='wp-caption-text gallery-caption' id='gallery-1-68394'>\n\t\t\t\tConsultas m\u00e9dicas \n\t\t\t\t<\/dd><\/dl><br style=\"clear: both\" \/>\n\t\t<\/div>\n\n","protected":false},"excerpt":{"rendered":"<p>Lunes 6\/11 al domingo 12\/11 Lunes 6 de noviembre El CRI \u2013 Centro de Referencia al Inmigrante recibi\u00f3 la visita [&hellip;]<\/p>\n","protected":false},"author":11,"featured_media":68394,"comment_status":"closed","ping_status":"closed","sticky":false,"template":"","format":"standard","meta":{"footnotes":""},"categories":[173,105],"tags":[229,3371,97],"class_list":["post-68884","post","type-post","status-publish","format-standard","has-post-thumbnail","hentry","category-noticia","category-noticias-de-las-misiones","tag-diario-es","tag-missao-roraima-humanitaria-es","tag-servicio-humanitario-es"],"yoast_head":"<!-- This site is optimized with the Yoast SEO Premium plugin v21.0 (Yoast SEO v21.0) - https:\/\/yoast.com\/wordpress\/plugins\/seo\/ -->\n<title>Misi\u00f3n Roraima Humanitaria en Boa Vista \u2013 consultas m\u00e9dicas de emergencias. -<\/title>\n<meta name=\"description\" content=\"Durante la semana , los misioneros de la Fraternidade acompa\u00f1aron las consultas de emergencias m\u00e9dica y realizaron procedimientos de primeros auxilios.\" \/>\n<meta name=\"robots\" content=\"index, follow, max-snippet:-1, max-image-preview:large, max-video-preview:-1\" \/>\n<link rel=\"canonical\" href=\"https:\/\/www.fraterinternacional.org\/es\/mision-roraima-humanitaria-boa-vista-consultas-medicas-emergencias\/\" \/>\n<meta property=\"og:locale\" content=\"es_ES\" \/>\n<meta property=\"og:type\" content=\"article\" \/>\n<meta property=\"og:title\" content=\"Misi\u00f3n Roraima Humanitaria en Boa Vista \u2013 consultas m\u00e9dicas de emergencias.\" \/>\n<meta property=\"og:description\" content=\"Durante la semana , los misioneros de la Fraternidade acompa\u00f1aron las consultas de emergencias m\u00e9dica y realizaron procedimientos de primeros auxilios.\" \/>\n<meta property=\"og:url\" content=\"https:\/\/www.fraterinternacional.org\/es\/mision-roraima-humanitaria-boa-vista-consultas-medicas-emergencias\/\" \/>\n<meta property=\"og:site_name\" content=\"Fraternidade - Federa\u00e7\u00e3o Humanit\u00e1ria Internacional\" \/>\n<meta property=\"article:publisher\" content=\"https:\/\/www.facebook.com\/fraternidadehumanitaria\" \/>\n<meta property=\"article:published_time\" content=\"2017-11-29T15:37:50+00:00\" \/>\n<meta property=\"article:modified_time\" content=\"2017-11-29T15:40:00+00:00\" \/>\n<meta property=\"og:image\" content=\"https:\/\/www.fraterinternacional.org\/wp-content\/uploads\/2017\/11\/roraima_missao_atendimento_bebe_11_2017.jpg\" \/>\n\t<meta property=\"og:image:width\" content=\"690\" \/>\n\t<meta property=\"og:image:height\" content=\"388\" \/>\n\t<meta property=\"og:image:type\" content=\"image\/jpeg\" \/>\n<meta name=\"author\" content=\"Nelson Frater\" \/>\n<meta name=\"twitter:card\" content=\"summary_large_image\" \/>\n<meta name=\"twitter:creator\" content=\"@fraternidadeFHI\" \/>\n<meta name=\"twitter:site\" content=\"@fraternidadeFHI\" \/>\n<meta name=\"twitter:label1\" content=\"Escrito por\" \/>\n\t<meta name=\"twitter:data1\" content=\"Nelson Frater\" \/>\n\t<meta name=\"twitter:label2\" content=\"Tiempo de lectura\" \/>\n\t<meta name=\"twitter:data2\" content=\"6 minutos\" \/>\n<script type=\"application\/ld+json\" class=\"yoast-schema-graph\">{\"@context\":\"https:\/\/schema.org\",\"@graph\":[{\"@type\":\"WebPage\",\"@id\":\"https:\/\/www.fraterinternacional.org\/es\/mision-roraima-humanitaria-boa-vista-consultas-medicas-emergencias\/\",\"url\":\"https:\/\/www.fraterinternacional.org\/es\/mision-roraima-humanitaria-boa-vista-consultas-medicas-emergencias\/\",\"name\":\"Misi\u00f3n Roraima Humanitaria en Boa Vista \u2013 consultas m\u00e9dicas de emergencias. -\",\"isPartOf\":{\"@id\":\"https:\/\/www.fraterinternacional.org\/es\/#website\"},\"datePublished\":\"2017-11-29T15:37:50+00:00\",\"dateModified\":\"2017-11-29T15:40:00+00:00\",\"author\":{\"@id\":\"https:\/\/www.fraterinternacional.org\/es\/#\/schema\/person\/facd24ae5f7e6b4ee1aeec7ad1b960ae\"},\"description\":\"Durante la semana , los misioneros de la Fraternidade acompa\u00f1aron las consultas de emergencias m\u00e9dica y realizaron procedimientos de primeros auxilios.\",\"breadcrumb\":{\"@id\":\"https:\/\/www.fraterinternacional.org\/es\/mision-roraima-humanitaria-boa-vista-consultas-medicas-emergencias\/#breadcrumb\"},\"inLanguage\":\"es\",\"potentialAction\":[{\"@type\":\"ReadAction\",\"target\":[\"https:\/\/www.fraterinternacional.org\/es\/mision-roraima-humanitaria-boa-vista-consultas-medicas-emergencias\/\"]}]},{\"@type\":\"BreadcrumbList\",\"@id\":\"https:\/\/www.fraterinternacional.org\/es\/mision-roraima-humanitaria-boa-vista-consultas-medicas-emergencias\/#breadcrumb\",\"itemListElement\":[{\"@type\":\"ListItem\",\"position\":1,\"name\":\"In\u00edcio\",\"item\":\"https:\/\/www.fraterinternacional.org\/es\/\"},{\"@type\":\"ListItem\",\"position\":2,\"name\":\"Misi\u00f3n Roraima Humanitaria en Boa Vista \u2013 consultas m\u00e9dicas de emergencias.\"}]},{\"@type\":\"WebSite\",\"@id\":\"https:\/\/www.fraterinternacional.org\/es\/#website\",\"url\":\"https:\/\/www.fraterinternacional.org\/es\/\",\"name\":\"Fraternidade - Federa\u00e7\u00e3o Humanit\u00e1ria Internacional\",\"description\":\"Fraternidade - Federa\u00e7\u00e3o Humanit\u00e1ria Internacional\",\"potentialAction\":[{\"@type\":\"SearchAction\",\"target\":{\"@type\":\"EntryPoint\",\"urlTemplate\":\"https:\/\/www.fraterinternacional.org\/es\/?s={search_term_string}\"},\"query-input\":\"required name=search_term_string\"}],\"inLanguage\":\"es\"},{\"@type\":\"Person\",\"@id\":\"https:\/\/www.fraterinternacional.org\/es\/#\/schema\/person\/facd24ae5f7e6b4ee1aeec7ad1b960ae\",\"name\":\"Nelson Frater\"}]}<\/script>\n<!-- \/ Yoast SEO Premium plugin. -->","yoast_head_json":{"title":"Misi\u00f3n Roraima Humanitaria en Boa Vista \u2013 consultas m\u00e9dicas de emergencias. -","description":"Durante la semana , los misioneros de la Fraternidade acompa\u00f1aron las consultas de emergencias m\u00e9dica y realizaron procedimientos de primeros auxilios.","robots":{"index":"index","follow":"follow","max-snippet":"max-snippet:-1","max-image-preview":"max-image-preview:large","max-video-preview":"max-video-preview:-1"},"canonical":"https:\/\/www.fraterinternacional.org\/es\/mision-roraima-humanitaria-boa-vista-consultas-medicas-emergencias\/","og_locale":"es_ES","og_type":"article","og_title":"Misi\u00f3n Roraima Humanitaria en Boa Vista \u2013 consultas m\u00e9dicas de emergencias.","og_description":"Durante la semana , los misioneros de la Fraternidade acompa\u00f1aron las consultas de emergencias m\u00e9dica y realizaron procedimientos de primeros auxilios.","og_url":"https:\/\/www.fraterinternacional.org\/es\/mision-roraima-humanitaria-boa-vista-consultas-medicas-emergencias\/","og_site_name":"Fraternidade - Federa\u00e7\u00e3o Humanit\u00e1ria Internacional","article_publisher":"https:\/\/www.facebook.com\/fraternidadehumanitaria","article_published_time":"2017-11-29T15:37:50+00:00","article_modified_time":"2017-11-29T15:40:00+00:00","og_image":[{"width":690,"height":388,"url":"https:\/\/www.fraterinternacional.org\/wp-content\/uploads\/2017\/11\/roraima_missao_atendimento_bebe_11_2017.jpg","type":"image\/jpeg"}],"author":"Nelson Frater","twitter_card":"summary_large_image","twitter_creator":"@fraternidadeFHI","twitter_site":"@fraternidadeFHI","twitter_misc":{"Escrito por":"Nelson Frater","Tiempo de lectura":"6 minutos"},"schema":{"@context":"https:\/\/schema.org","@graph":[{"@type":"WebPage","@id":"https:\/\/www.fraterinternacional.org\/es\/mision-roraima-humanitaria-boa-vista-consultas-medicas-emergencias\/","url":"https:\/\/www.fraterinternacional.org\/es\/mision-roraima-humanitaria-boa-vista-consultas-medicas-emergencias\/","name":"Misi\u00f3n Roraima Humanitaria en Boa Vista \u2013 consultas m\u00e9dicas de emergencias. -","isPartOf":{"@id":"https:\/\/www.fraterinternacional.org\/es\/#website"},"datePublished":"2017-11-29T15:37:50+00:00","dateModified":"2017-11-29T15:40:00+00:00","author":{"@id":"https:\/\/www.fraterinternacional.org\/es\/#\/schema\/person\/facd24ae5f7e6b4ee1aeec7ad1b960ae"},"description":"Durante la semana , los misioneros de la Fraternidade acompa\u00f1aron las consultas de emergencias m\u00e9dica y realizaron procedimientos de primeros auxilios.","breadcrumb":{"@id":"https:\/\/www.fraterinternacional.org\/es\/mision-roraima-humanitaria-boa-vista-consultas-medicas-emergencias\/#breadcrumb"},"inLanguage":"es","potentialAction":[{"@type":"ReadAction","target":["https:\/\/www.fraterinternacional.org\/es\/mision-roraima-humanitaria-boa-vista-consultas-medicas-emergencias\/"]}]},{"@type":"BreadcrumbList","@id":"https:\/\/www.fraterinternacional.org\/es\/mision-roraima-humanitaria-boa-vista-consultas-medicas-emergencias\/#breadcrumb","itemListElement":[{"@type":"ListItem","position":1,"name":"In\u00edcio","item":"https:\/\/www.fraterinternacional.org\/es\/"},{"@type":"ListItem","position":2,"name":"Misi\u00f3n Roraima Humanitaria en Boa Vista \u2013 consultas m\u00e9dicas de emergencias."}]},{"@type":"WebSite","@id":"https:\/\/www.fraterinternacional.org\/es\/#website","url":"https:\/\/www.fraterinternacional.org\/es\/","name":"Fraternidade - Federa\u00e7\u00e3o Humanit\u00e1ria Internacional","description":"Fraternidade - Federa\u00e7\u00e3o Humanit\u00e1ria Internacional","potentialAction":[{"@type":"SearchAction","target":{"@type":"EntryPoint","urlTemplate":"https:\/\/www.fraterinternacional.org\/es\/?s={search_term_string}"},"query-input":"required name=search_term_string"}],"inLanguage":"es"},{"@type":"Person","@id":"https:\/\/www.fraterinternacional.org\/es\/#\/schema\/person\/facd24ae5f7e6b4ee1aeec7ad1b960ae","name":"Nelson Frater"}]}},"_links":{"self":[{"href":"https:\/\/www.fraterinternacional.org\/es\/wp-json\/wp\/v2\/posts\/68884"}],"collection":[{"href":"https:\/\/www.fraterinternacional.org\/es\/wp-json\/wp\/v2\/posts"}],"about":[{"href":"https:\/\/www.fraterinternacional.org\/es\/wp-json\/wp\/v2\/types\/post"}],"author":[{"embeddable":true,"href":"https:\/\/www.fraterinternacional.org\/es\/wp-json\/wp\/v2\/users\/11"}],"replies":[{"embeddable":true,"href":"https:\/\/www.fraterinternacional.org\/es\/wp-json\/wp\/v2\/comments?post=68884"}],"version-history":[{"count":0,"href":"https:\/\/www.fraterinternacional.org\/es\/wp-json\/wp\/v2\/posts\/68884\/revisions"}],"wp:featuredmedia":[{"embeddable":true,"href":"https:\/\/www.fraterinternacional.org\/es\/wp-json\/wp\/v2\/media\/68394"}],"wp:attachment":[{"href":"https:\/\/www.fraterinternacional.org\/es\/wp-json\/wp\/v2\/media?parent=68884"}],"wp:term":[{"taxonomy":"category","embeddable":true,"href":"https:\/\/www.fraterinternacional.org\/es\/wp-json\/wp\/v2\/categories?post=68884"},{"taxonomy":"post_tag","embeddable":true,"href":"https:\/\/www.fraterinternacional.org\/es\/wp-json\/wp\/v2\/tags?post=68884"}],"curies":[{"name":"wp","href":"https:\/\/api.w.org\/{rel}","templated":true}]}}