{"id":66756,"date":"2017-11-06T00:17:21","date_gmt":"2017-11-06T03:17:21","guid":{"rendered":"https:\/\/www.fraterinternacional.org\/?p=66756"},"modified":"2017-11-05T19:10:02","modified_gmt":"2017-11-05T22:10:02","slug":"universo-2-contempla-cielo-estrellado","status":"publish","type":"post","link":"https:\/\/www.fraterinternacional.org\/es\/universo-2-contempla-cielo-estrellado\/","title":{"rendered":"Universo 2 \u2013 Contempla el cielo estrellado"},"content":{"rendered":"<h3 style=\"text-align: center;\"><strong>Formamos parte de una Vida c\u00f3smica<\/strong><\/h3>\n<p style=\"text-align: justify;\"><a href=\"https:\/\/www.fraterinternacional.org\/wp-content\/uploads\/2017\/11\/andromeda.jpg\"><img decoding=\"async\" class=\"alignleft size-medium wp-image-66747\" src=\"https:\/\/www.fraterinternacional.org\/wp-content\/uploads\/2017\/11\/andromeda-300x169.jpg\" alt=\"\" width=\"300\" height=\"169\" srcset=\"https:\/\/www.fraterinternacional.org\/wp-content\/uploads\/2017\/11\/andromeda-200x112.jpg 200w, https:\/\/www.fraterinternacional.org\/wp-content\/uploads\/2017\/11\/andromeda-300x169.jpg 300w, https:\/\/www.fraterinternacional.org\/wp-content\/uploads\/2017\/11\/andromeda-400x225.jpg 400w, https:\/\/www.fraterinternacional.org\/wp-content\/uploads\/2017\/11\/andromeda-600x337.jpg 600w, https:\/\/www.fraterinternacional.org\/wp-content\/uploads\/2017\/11\/andromeda.jpg 690w\" sizes=\"(max-width: 300px) 100vw, 300px\" \/><\/a>\u00bfC\u00f3mo nos comportamos ante los misterios y las grandezas que podemos observar en un cielo estrellado? \u00bfD\u00f3nde est\u00e1 nuestra reverencia y el arrobamiento que a veces sentimos ante la inmensidad silenciosa de un cielo nocturno? \u00bfFrente a las manifestaciones tambi\u00e9n grandiosas de la Naturaleza? \u00bfPor qu\u00e9 nos volvemos tan indiferentes, ciegos e hipnotizados\u00a0 sin siquiera darnos cuenta de que formamos parte de una Vida c\u00f3smica \u00fanica, que pulsa en nuestro ser, y nos impulsa hacia adelante?<\/p>\n<p style=\"text-align: justify;\">El Mensajero Divino, reconocido otrora, con otros ropajes, como San Jos\u00e9, un Padre paciente y humilde, hoy un gran Instructor de la humanidad, nos transmite regularmente preciosos mensajes a los o\u00eddos humanos que se volvieron sordos por conveniencia, por no interesarse m\u00e1s por la Verdad inc\u00f3moda que nos desaf\u00eda a la transformaci\u00f3n. Como un gran Instructor, sin embargo su voz resuena por los desiertos de este Planeta: \u00a1<em>Quien tiene o\u00eddos para o\u00edr, que oiga! <\/em>(Ver el\u00a0<a href=\"http:\/\/www.divinamadre.org\/es\/mensaje-de-san-jose\/jueves-3-de-septiembre-de-2015\" target=\"_blank\" rel=\"noopener\">mensaje completo de San Jos\u00e9<\/a>)<\/p>\n<h3 style=\"text-align: center;\"><strong>\u2014\u2014\u2014\u2014\u2014\u2014\u2014\u00a0El retorno al Origen\u00a0\u2014\u2014\u2014\u2014\u2014\u2014\u2014<\/strong><\/h3>\n<h4 style=\"text-align: justify;\"><a href=\"https:\/\/www.fraterinternacional.org\/wp-content\/uploads\/2017\/11\/via_lactea_centre_-parte2.jpg\"><img decoding=\"async\" class=\"alignright size-medium wp-image-66741\" src=\"https:\/\/www.fraterinternacional.org\/wp-content\/uploads\/2017\/11\/via_lactea_centre_-parte2-300x169.jpg\" alt=\"\" width=\"300\" height=\"169\" srcset=\"https:\/\/www.fraterinternacional.org\/wp-content\/uploads\/2017\/11\/via_lactea_centre_-parte2-200x112.jpg 200w, https:\/\/www.fraterinternacional.org\/wp-content\/uploads\/2017\/11\/via_lactea_centre_-parte2-300x169.jpg 300w, https:\/\/www.fraterinternacional.org\/wp-content\/uploads\/2017\/11\/via_lactea_centre_-parte2-400x225.jpg 400w, https:\/\/www.fraterinternacional.org\/wp-content\/uploads\/2017\/11\/via_lactea_centre_-parte2-600x337.jpg 600w, https:\/\/www.fraterinternacional.org\/wp-content\/uploads\/2017\/11\/via_lactea_centre_-parte2.jpg 690w\" sizes=\"(max-width: 300px) 100vw, 300px\" \/><\/a>\u00abSi observas el Universo, ver\u00e1s una infinidad de estrellas, sentir\u00e1s la grandeza de Dios y de Su Creaci\u00f3n; aspirar\u00e1s a sumergirte en ese Todo, que se expresa frente a tus ojos. Contempla el cielo estrellado y reconoce la presencia de Dios en una dimensi\u00f3n que, al mismo tiempo en que parece tan distante, impregna todo lo que fue creado.<\/h4>\n<h4 style=\"text-align: justify;\">Si no puedes encontrar la vida del esp\u00edritu en lo invisible del propio mundo interior, contempla entonces el cielo estrellado y sentir\u00e1s la presencia de los que son Bienaventurados en ese cielo y que te observan y aguardan tu despertar.<\/h4>\n<h4 style=\"text-align: justify;\">Si tu alma no consigue aspirar a nada superior a la vida material, vuelve entonces tus ojos f\u00edsicos para la cima, contempla el azul del cielo en un d\u00eda de sol y siente que por detr\u00e1s de ese azul est\u00e1 Dios, esperando ser tu aspiraci\u00f3n m\u00e1s pura y verdadera.<\/h4>\n<h4 style=\"text-align: justify;\">Busca en la belleza que existe, sobre tu ser, la grandeza de Dios y encontrar\u00e1s la verdad del esp\u00edritu en tu interior. Si te parece muy distante alcanzar un descubrimiento espiritual solo con el coraz\u00f3n, entonces descubre en el lado oculto de los Reinos de la Naturaleza las mismas verdades que buscas del silencio de tu interior.<\/h4>\n<h4 style=\"text-align: justify;\">Toda la Creaci\u00f3n est\u00e1 impregnada por los mismos principios divinos. Algunos descubrir\u00e1n la magnitud del Esp\u00edritu de Dios en el silencio del coraz\u00f3n, otros lo encontrar\u00e1n contemplando el cielo azul, otros lo buscar\u00e1n en la expresi\u00f3n de los Reinos de la Naturaleza, otros en el ejemplo puro de un hermano que es verdadero en su caminar. El Creador est\u00e1 en todo y aquel que lo busca, con sus posibilidades, de una forma cristalina, lo encontrar\u00e1.<\/h4>\n<h4 style=\"text-align: justify;\">Los misterios solo son misterios para aquellos que no quieren develarlos, porque el mismo principio que crea y recrea la vida en el Universo es el que anima los seres del mundo. Dios est\u00e1 en todas las cosas. B\u00fasquenlo, \u00fananse a \u00c9l. Tornen sagrada a la vida, por medio de esta b\u00fasqueda permanente del Creador en todo. La b\u00fasqueda de Dios dignifica el coraz\u00f3n humano y da un sentido para su existencia, que es el retorno al Origen.\u00bb<\/h4>\n<p style=\"text-align: right;\"><strong>Su amado Padre y Gu\u00eda, San Jos\u00e9<\/strong><\/p>\n<p>&nbsp;<\/p>\n<h3 style=\"text-align: center;\"><strong>\u2014\u2014\u2014\u2014\u2014\u2014\u2014\u00a0Reconoce la grandeza de la Vida\u00a0\u2014\u2014\u2014\u2014\u2014\u2014\u2014<\/strong><\/h3>\n<h4 style=\"text-align: center;\"><strong>Aunque tus ojos no lo vean, hay un Universo que te observa.<\/strong><br \/>\n<strong> Aunque sea con los o\u00eddos del coraz\u00f3n,<\/strong><br \/>\n<strong> escucha y responde a Su Llamado.<br \/>\nContempla el cielo estrellado y reconoce la grandeza de la Vida.<\/strong><\/h4>\n<p style=\"text-align: center;\">(Ver el\u00a0<a href=\"http:\/\/www.divinamadre.org\/es\/mensaje-de-san-jose\/viernes-10-de-marzo-de-2017\" target=\"_blank\" rel=\"noopener\">mensaje completo de San Jos\u00e9<\/a>)<\/p>\n<h3 style=\"text-align: center;\"><strong>\u00a1Esta jornada por el cielo estrellado deber\u00e1 proseguir!<\/strong><\/h3>\n<div class=\"fusion-aligncenter\"><a class=\"fusion-button button-3d button-small button-custom fusion-button-default button-1 fusion-button-default-span \" style=\"--button_accent_color:#ffffff;--button_accent_hover_color:#dedede;--button_border_hover_color:#dedede;--button_gradient_top_color:#d3b054;--button_gradient_bottom_color:#d3b054;--button_gradient_top_color_hover:#d3b054;--button_gradient_bottom_color_hover:#d3b054;\" target=\"_self\" href=\"https:\/\/www.fraterinternacional.org\/es\/category\/impulsos-para-la-semana\/cura-es\/\"><span class=\"fusion-button-text\">Vea Todos<\/span><\/a><\/div>\n<p>&nbsp;<\/p>\n<p><a href=\"https:\/\/www.fraterinternacional.org\/wp-content\/uploads\/2017\/11\/via_lactea_centre_-parte2_completa.jpg\"><img decoding=\"async\" class=\"aligncenter size-full wp-image-66744\" src=\"https:\/\/www.fraterinternacional.org\/wp-content\/uploads\/2017\/11\/via_lactea_centre_-parte2_completa.jpg\" alt=\"\" width=\"690\" height=\"941\" srcset=\"https:\/\/www.fraterinternacional.org\/wp-content\/uploads\/2017\/11\/via_lactea_centre_-parte2_completa-200x273.jpg 200w, https:\/\/www.fraterinternacional.org\/wp-content\/uploads\/2017\/11\/via_lactea_centre_-parte2_completa-220x300.jpg 220w, https:\/\/www.fraterinternacional.org\/wp-content\/uploads\/2017\/11\/via_lactea_centre_-parte2_completa-400x546.jpg 400w, https:\/\/www.fraterinternacional.org\/wp-content\/uploads\/2017\/11\/via_lactea_centre_-parte2_completa-600x818.jpg 600w, https:\/\/www.fraterinternacional.org\/wp-content\/uploads\/2017\/11\/via_lactea_centre_-parte2_completa.jpg 690w\" sizes=\"(max-width: 690px) 100vw, 690px\" \/><\/a><\/p>\n<p style=\"text-align: justify;\"><a href=\"#_ftnref1\" name=\"_ftn1\"><\/a><\/p>\n","protected":false},"excerpt":{"rendered":"<p>Formamos parte de una Vida c\u00f3smica \u00bfC\u00f3mo nos comportamos ante los misterios y las grandezas que podemos observar en un [&hellip;]<\/p>\n","protected":false},"author":8,"featured_media":66743,"comment_status":"closed","ping_status":"closed","sticky":false,"template":"","format":"standard","meta":{"footnotes":""},"categories":[3237],"tags":[3240],"class_list":["post-66756","post","type-post","status-publish","format-standard","has-post-thumbnail","hentry","category-impulsos-para-la-semana","tag-cura-es"],"yoast_head":"<!-- This site is optimized with the Yoast SEO Premium plugin v21.0 (Yoast SEO v21.0) - https:\/\/yoast.com\/wordpress\/plugins\/seo\/ -->\n<title>Universo 2 \u2013 \u00a0Contempla el cielo estrellado - Impulso Cura<\/title>\n<meta name=\"description\" content=\"&quot;Aunque tus ojos no lo vean, hay un Universo que te observa. Contempla el cielo estrellado y reconoce la grandeza de la Vida.&quot;\" \/>\n<meta name=\"robots\" content=\"index, follow, max-snippet:-1, max-image-preview:large, max-video-preview:-1\" \/>\n<link rel=\"canonical\" href=\"https:\/\/www.fraterinternacional.org\/es\/universo-2-contempla-cielo-estrellado\/\" \/>\n<meta property=\"og:locale\" content=\"es_ES\" \/>\n<meta property=\"og:type\" content=\"article\" \/>\n<meta property=\"og:title\" content=\"Universo 2 \u2013 Contempla el cielo estrellado\" \/>\n<meta property=\"og:description\" content=\"&quot;Aunque tus ojos no lo vean, hay un Universo que te observa. Contempla el cielo estrellado y reconoce la grandeza de la Vida.&quot;\" \/>\n<meta property=\"og:url\" content=\"https:\/\/www.fraterinternacional.org\/es\/universo-2-contempla-cielo-estrellado\/\" \/>\n<meta property=\"og:site_name\" content=\"Fraternidade - Federa\u00e7\u00e3o Humanit\u00e1ria Internacional\" \/>\n<meta property=\"article:publisher\" content=\"https:\/\/www.facebook.com\/fraternidadehumanitaria\" \/>\n<meta property=\"article:published_time\" content=\"2017-11-06T03:17:21+00:00\" \/>\n<meta property=\"article:modified_time\" content=\"2017-11-05T22:10:02+00:00\" \/>\n<meta property=\"og:image\" content=\"https:\/\/www.fraterinternacional.org\/wp-content\/uploads\/2017\/11\/via_lactea_centre_-parte2.jpg\" \/>\n\t<meta property=\"og:image:width\" content=\"690\" \/>\n\t<meta property=\"og:image:height\" content=\"388\" \/>\n\t<meta property=\"og:image:type\" content=\"image\/jpeg\" \/>\n<meta name=\"author\" content=\"FFHI\" \/>\n<meta name=\"twitter:card\" content=\"summary_large_image\" \/>\n<meta name=\"twitter:creator\" content=\"@fraternidadeFHI\" \/>\n<meta name=\"twitter:site\" content=\"@fraternidadeFHI\" \/>\n<meta name=\"twitter:label1\" content=\"Escrito por\" \/>\n\t<meta name=\"twitter:data1\" content=\"FFHI\" \/>\n\t<meta name=\"twitter:label2\" content=\"Tiempo de lectura\" \/>\n\t<meta name=\"twitter:data2\" content=\"3 minutos\" \/>\n<script type=\"application\/ld+json\" class=\"yoast-schema-graph\">{\"@context\":\"https:\/\/schema.org\",\"@graph\":[{\"@type\":\"WebPage\",\"@id\":\"https:\/\/www.fraterinternacional.org\/es\/universo-2-contempla-cielo-estrellado\/\",\"url\":\"https:\/\/www.fraterinternacional.org\/es\/universo-2-contempla-cielo-estrellado\/\",\"name\":\"Universo 2 \u2013 \u00a0Contempla el cielo estrellado - Impulso Cura\",\"isPartOf\":{\"@id\":\"https:\/\/www.fraterinternacional.org\/es\/#website\"},\"datePublished\":\"2017-11-06T03:17:21+00:00\",\"dateModified\":\"2017-11-05T22:10:02+00:00\",\"author\":{\"@id\":\"https:\/\/www.fraterinternacional.org\/es\/#\/schema\/person\/8fd7058ced8aa6a1995cc0feee75819f\"},\"description\":\"\\\"Aunque tus ojos no lo vean, hay un Universo que te observa. Contempla el cielo estrellado y reconoce la grandeza de la Vida.\\\"\",\"breadcrumb\":{\"@id\":\"https:\/\/www.fraterinternacional.org\/es\/universo-2-contempla-cielo-estrellado\/#breadcrumb\"},\"inLanguage\":\"es\",\"potentialAction\":[{\"@type\":\"ReadAction\",\"target\":[\"https:\/\/www.fraterinternacional.org\/es\/universo-2-contempla-cielo-estrellado\/\"]}]},{\"@type\":\"BreadcrumbList\",\"@id\":\"https:\/\/www.fraterinternacional.org\/es\/universo-2-contempla-cielo-estrellado\/#breadcrumb\",\"itemListElement\":[{\"@type\":\"ListItem\",\"position\":1,\"name\":\"In\u00edcio\",\"item\":\"https:\/\/www.fraterinternacional.org\/es\/\"},{\"@type\":\"ListItem\",\"position\":2,\"name\":\"Universo 2 \u2013 Contempla el cielo estrellado\"}]},{\"@type\":\"WebSite\",\"@id\":\"https:\/\/www.fraterinternacional.org\/es\/#website\",\"url\":\"https:\/\/www.fraterinternacional.org\/es\/\",\"name\":\"Fraternidade - Federa\u00e7\u00e3o Humanit\u00e1ria Internacional\",\"description\":\"Fraternidade - Federa\u00e7\u00e3o Humanit\u00e1ria Internacional\",\"potentialAction\":[{\"@type\":\"SearchAction\",\"target\":{\"@type\":\"EntryPoint\",\"urlTemplate\":\"https:\/\/www.fraterinternacional.org\/es\/?s={search_term_string}\"},\"query-input\":\"required name=search_term_string\"}],\"inLanguage\":\"es\"},{\"@type\":\"Person\",\"@id\":\"https:\/\/www.fraterinternacional.org\/es\/#\/schema\/person\/8fd7058ced8aa6a1995cc0feee75819f\",\"name\":\"FFHI\"}]}<\/script>\n<!-- \/ Yoast SEO Premium plugin. -->","yoast_head_json":{"title":"Universo 2 \u2013 \u00a0Contempla el cielo estrellado - Impulso Cura","description":"\"Aunque tus ojos no lo vean, hay un Universo que te observa. Contempla el cielo estrellado y reconoce la grandeza de la Vida.\"","robots":{"index":"index","follow":"follow","max-snippet":"max-snippet:-1","max-image-preview":"max-image-preview:large","max-video-preview":"max-video-preview:-1"},"canonical":"https:\/\/www.fraterinternacional.org\/es\/universo-2-contempla-cielo-estrellado\/","og_locale":"es_ES","og_type":"article","og_title":"Universo 2 \u2013 Contempla el cielo estrellado","og_description":"\"Aunque tus ojos no lo vean, hay un Universo que te observa. Contempla el cielo estrellado y reconoce la grandeza de la Vida.\"","og_url":"https:\/\/www.fraterinternacional.org\/es\/universo-2-contempla-cielo-estrellado\/","og_site_name":"Fraternidade - Federa\u00e7\u00e3o Humanit\u00e1ria Internacional","article_publisher":"https:\/\/www.facebook.com\/fraternidadehumanitaria","article_published_time":"2017-11-06T03:17:21+00:00","article_modified_time":"2017-11-05T22:10:02+00:00","og_image":[{"width":690,"height":388,"url":"https:\/\/www.fraterinternacional.org\/wp-content\/uploads\/2017\/11\/via_lactea_centre_-parte2.jpg","type":"image\/jpeg"}],"author":"FFHI","twitter_card":"summary_large_image","twitter_creator":"@fraternidadeFHI","twitter_site":"@fraternidadeFHI","twitter_misc":{"Escrito por":"FFHI","Tiempo de lectura":"3 minutos"},"schema":{"@context":"https:\/\/schema.org","@graph":[{"@type":"WebPage","@id":"https:\/\/www.fraterinternacional.org\/es\/universo-2-contempla-cielo-estrellado\/","url":"https:\/\/www.fraterinternacional.org\/es\/universo-2-contempla-cielo-estrellado\/","name":"Universo 2 \u2013 \u00a0Contempla el cielo estrellado - Impulso Cura","isPartOf":{"@id":"https:\/\/www.fraterinternacional.org\/es\/#website"},"datePublished":"2017-11-06T03:17:21+00:00","dateModified":"2017-11-05T22:10:02+00:00","author":{"@id":"https:\/\/www.fraterinternacional.org\/es\/#\/schema\/person\/8fd7058ced8aa6a1995cc0feee75819f"},"description":"\"Aunque tus ojos no lo vean, hay un Universo que te observa. Contempla el cielo estrellado y reconoce la grandeza de la Vida.\"","breadcrumb":{"@id":"https:\/\/www.fraterinternacional.org\/es\/universo-2-contempla-cielo-estrellado\/#breadcrumb"},"inLanguage":"es","potentialAction":[{"@type":"ReadAction","target":["https:\/\/www.fraterinternacional.org\/es\/universo-2-contempla-cielo-estrellado\/"]}]},{"@type":"BreadcrumbList","@id":"https:\/\/www.fraterinternacional.org\/es\/universo-2-contempla-cielo-estrellado\/#breadcrumb","itemListElement":[{"@type":"ListItem","position":1,"name":"In\u00edcio","item":"https:\/\/www.fraterinternacional.org\/es\/"},{"@type":"ListItem","position":2,"name":"Universo 2 \u2013 Contempla el cielo estrellado"}]},{"@type":"WebSite","@id":"https:\/\/www.fraterinternacional.org\/es\/#website","url":"https:\/\/www.fraterinternacional.org\/es\/","name":"Fraternidade - Federa\u00e7\u00e3o Humanit\u00e1ria Internacional","description":"Fraternidade - Federa\u00e7\u00e3o Humanit\u00e1ria Internacional","potentialAction":[{"@type":"SearchAction","target":{"@type":"EntryPoint","urlTemplate":"https:\/\/www.fraterinternacional.org\/es\/?s={search_term_string}"},"query-input":"required name=search_term_string"}],"inLanguage":"es"},{"@type":"Person","@id":"https:\/\/www.fraterinternacional.org\/es\/#\/schema\/person\/8fd7058ced8aa6a1995cc0feee75819f","name":"FFHI"}]}},"_links":{"self":[{"href":"https:\/\/www.fraterinternacional.org\/es\/wp-json\/wp\/v2\/posts\/66756"}],"collection":[{"href":"https:\/\/www.fraterinternacional.org\/es\/wp-json\/wp\/v2\/posts"}],"about":[{"href":"https:\/\/www.fraterinternacional.org\/es\/wp-json\/wp\/v2\/types\/post"}],"author":[{"embeddable":true,"href":"https:\/\/www.fraterinternacional.org\/es\/wp-json\/wp\/v2\/users\/8"}],"replies":[{"embeddable":true,"href":"https:\/\/www.fraterinternacional.org\/es\/wp-json\/wp\/v2\/comments?post=66756"}],"version-history":[{"count":0,"href":"https:\/\/www.fraterinternacional.org\/es\/wp-json\/wp\/v2\/posts\/66756\/revisions"}],"wp:featuredmedia":[{"embeddable":true,"href":"https:\/\/www.fraterinternacional.org\/es\/wp-json\/wp\/v2\/media\/66743"}],"wp:attachment":[{"href":"https:\/\/www.fraterinternacional.org\/es\/wp-json\/wp\/v2\/media?parent=66756"}],"wp:term":[{"taxonomy":"category","embeddable":true,"href":"https:\/\/www.fraterinternacional.org\/es\/wp-json\/wp\/v2\/categories?post=66756"},{"taxonomy":"post_tag","embeddable":true,"href":"https:\/\/www.fraterinternacional.org\/es\/wp-json\/wp\/v2\/tags?post=66756"}],"curies":[{"name":"wp","href":"https:\/\/api.w.org\/{rel}","templated":true}]}}