{"id":66314,"date":"2017-10-30T20:26:10","date_gmt":"2017-10-30T23:26:10","guid":{"rendered":"https:\/\/www.fraterinternacional.org\/?p=66314"},"modified":"2017-11-04T18:26:31","modified_gmt":"2017-11-04T21:26:31","slug":"encuentro-belo-horizonte-vision-espiritual-reinos-naturaleza","status":"publish","type":"post","link":"https:\/\/www.fraterinternacional.org\/es\/encuentro-belo-horizonte-vision-espiritual-reinos-naturaleza\/","title":{"rendered":"Encuentro en Belo Horizonte abord\u00f3 la visi\u00f3n espiritual sobre los Reinos de la Naturaleza"},"content":{"rendered":"<p class=\"western\" align=\"CENTER\"><i><span style=\"font-weight: 400;\">\u201cDios duerme en el mineral, sue\u00f1a en el vegetal, despierta en el animal, se torna consciente en el hombre.\u201d<br \/>\n<\/span><\/i><span style=\"font-weight: 400;\">(Pensamiento oriental antiguo)<\/span><\/p>\n<p class=\"western\" style=\"text-align: justify;\"><span style=\"font-weight: 400;\">El d\u00eda 18 de octubre de 2017 el Grupo Joven de Belo Horizonte, vinculado al <a href=\"http:\/\/www.fraterinternacional.org\/es\/nucleos-luz\/\">N\u00facleo-Luz<\/a> de Figueira Sagrado Cielo, promovi\u00f3 un encuentro cuyo tema \u201cUna visi\u00f3n espiritual sobre los Reinos de la Naturaleza\u201d atrajo a muchos j\u00f3venes y adultos para reflexionar respecto a esa tem\u00e1tica.<\/span><\/p>\n<h3 class=\"western\" style=\"text-align: justify;\"><b>Aspectos ocultos de los Reinos de la Naturaleza<\/b><\/h3>\n<p class=\"western\" style=\"text-align: justify;\"><a href=\"https:\/\/www.fraterinternacional.org\/wp-content\/uploads\/2017\/10\/reinos_natureza_encontro_bh_jovens2.jpg\"><img decoding=\"async\" class=\"alignleft size-medium wp-image-66103\" src=\"https:\/\/www.fraterinternacional.org\/wp-content\/uploads\/2017\/10\/reinos_natureza_encontro_bh_jovens2-300x169.jpg\" alt=\"\" width=\"300\" height=\"169\" srcset=\"https:\/\/www.fraterinternacional.org\/wp-content\/uploads\/2017\/10\/reinos_natureza_encontro_bh_jovens2-200x112.jpg 200w, https:\/\/www.fraterinternacional.org\/wp-content\/uploads\/2017\/10\/reinos_natureza_encontro_bh_jovens2-300x169.jpg 300w, https:\/\/www.fraterinternacional.org\/wp-content\/uploads\/2017\/10\/reinos_natureza_encontro_bh_jovens2-400x225.jpg 400w, https:\/\/www.fraterinternacional.org\/wp-content\/uploads\/2017\/10\/reinos_natureza_encontro_bh_jovens2-600x337.jpg 600w, https:\/\/www.fraterinternacional.org\/wp-content\/uploads\/2017\/10\/reinos_natureza_encontro_bh_jovens2.jpg 690w\" sizes=\"(max-width: 300px) 100vw, 300px\" \/><\/a><span style=\"font-weight: 400;\">El estudio se realiz\u00f3 en el N\u00facleo-Luz y fue conducido por un monje de la <a href=\"http:\/\/www.fraterinternacional.org\/es\/orden-gracia-misericordia\/\">Orden Gracia Misericordia<\/a> que expuso los aspectos ocultos de los <a href=\"http:\/\/www.fraterinternacional.org\/es\/amor-y-servicio-los-reinos\/\">Reinos<\/a> de la Naturaleza. Seg\u00fan Fray Thomas, un Reino es un sector de la vida universal, una etapa y un campo de la evoluci\u00f3n. En \u00e9l la consciencia desarrolla atributos y pasa por aprendizajes. El Reino Humano corresponde al consciente del planeta; los Reinos infrahumanos (el animal, el vegetal y el mineral), a su subconsciente.<\/span><\/p>\n<p class=\"western\" style=\"text-align: justify;\"><span style=\"font-weight: 400;\">Durante la charla tambi\u00e9n se dijo que, dentro de una perspectiva de la evoluci\u00f3n c\u00f3smica, el Reino Animal y los dem\u00e1s Reinos infrahumanos tienen al humano como meta a la cual, deber\u00e1n llegar, en alg\u00fan lugar del Cosmos. Otra explicaci\u00f3n importante fue que el grado de evoluci\u00f3n de la consciencia de los Reinos se revela por la exteriorizaci\u00f3n de su luz interior. Por ejemplo, en el Reino Mineral, esa exteriorizaci\u00f3n da origen a piedras y metales preciosos y a los cristales. Mientras que las plantas tienen un grado mucho m\u00e1s elevado de absorci\u00f3n de la energ\u00eda del Sol y su crecimiento en direcci\u00f3n a la luz revela su naturaleza devocional y ascensional.<\/span><\/p>\n<h3 class=\"western\" style=\"text-align: justify;\"><b>Intercomunicaci\u00f3n con el Reino Animal<\/b><\/h3>\n<p class=\"western\" style=\"text-align: justify;\"><a href=\"https:\/\/www.fraterinternacional.org\/wp-content\/uploads\/2017\/10\/reinos_natureza_encontro_bh_jovens1.jpg\"><img decoding=\"async\" class=\"alignright size-medium wp-image-66100\" src=\"https:\/\/www.fraterinternacional.org\/wp-content\/uploads\/2017\/10\/reinos_natureza_encontro_bh_jovens1-300x169.jpg\" alt=\"\" width=\"300\" height=\"169\" srcset=\"https:\/\/www.fraterinternacional.org\/wp-content\/uploads\/2017\/10\/reinos_natureza_encontro_bh_jovens1-200x112.jpg 200w, https:\/\/www.fraterinternacional.org\/wp-content\/uploads\/2017\/10\/reinos_natureza_encontro_bh_jovens1-300x169.jpg 300w, https:\/\/www.fraterinternacional.org\/wp-content\/uploads\/2017\/10\/reinos_natureza_encontro_bh_jovens1-400x225.jpg 400w, https:\/\/www.fraterinternacional.org\/wp-content\/uploads\/2017\/10\/reinos_natureza_encontro_bh_jovens1-600x337.jpg 600w, https:\/\/www.fraterinternacional.org\/wp-content\/uploads\/2017\/10\/reinos_natureza_encontro_bh_jovens1.jpg 690w\" sizes=\"(max-width: 300px) 100vw, 300px\" \/><\/a><span style=\"font-weight: 400;\">M\u00e1s all\u00e1 del estudio, exhibimos la pel\u00edcula \u201cIntercomunicaci\u00f3n con el Reino Animal\u201d, que muestra experiencias de comunicaci\u00f3n consciente entre seres humanos y animales. La pel\u00edcula narra varias situaciones en que Anna Breytenbach, una \u201ccomunicadora animal\u201d, habla con diversas especies animales, demostrando la posibilidad de ese tipo de contacto y revelando el servicio que puede ofrecerse a los Reinos a trav\u00e9s de esa habilidad de intercomunicaci\u00f3n entre los seres.<\/span><\/p>\n<h3 class=\"western\" style=\"text-align: justify;\">Elevaci\u00f3n y expansi\u00f3n de la conciencia<\/h3>\n<p class=\"western\" style=\"text-align: justify;\"><a href=\"https:\/\/www.fraterinternacional.org\/wp-content\/uploads\/2017\/10\/reinos_natureza_encontro_bh_jovens4.jpg\"><img decoding=\"async\" class=\"alignleft size-medium wp-image-66109\" src=\"https:\/\/www.fraterinternacional.org\/wp-content\/uploads\/2017\/10\/reinos_natureza_encontro_bh_jovens4-300x169.jpg\" alt=\"\" width=\"300\" height=\"169\" srcset=\"https:\/\/www.fraterinternacional.org\/wp-content\/uploads\/2017\/10\/reinos_natureza_encontro_bh_jovens4-200x112.jpg 200w, https:\/\/www.fraterinternacional.org\/wp-content\/uploads\/2017\/10\/reinos_natureza_encontro_bh_jovens4-300x169.jpg 300w, https:\/\/www.fraterinternacional.org\/wp-content\/uploads\/2017\/10\/reinos_natureza_encontro_bh_jovens4-400x225.jpg 400w, https:\/\/www.fraterinternacional.org\/wp-content\/uploads\/2017\/10\/reinos_natureza_encontro_bh_jovens4-600x337.jpg 600w, https:\/\/www.fraterinternacional.org\/wp-content\/uploads\/2017\/10\/reinos_natureza_encontro_bh_jovens4.jpg 690w\" sizes=\"(max-width: 300px) 100vw, 300px\" \/><\/a><span style=\"font-weight: 400;\">El encuentro tambi\u00e9n sirvi\u00f3 para la divulgaci\u00f3n de la Campa\u00f1a de la <a href=\"http:\/\/www.juventudepelapaz.org\/\" target=\"_blank\" rel=\"noopener\">Juventud por la Paz<\/a> que tiene como uno de sus principios la uni\u00f3n con la esencia de la Naturaleza. <\/span><\/p>\n<p class=\"western\" style=\"text-align: justify;\"><span style=\"font-weight: 400;\">La instrucci\u00f3n sobre los aspectos espirituales de la Creaci\u00f3n<\/span> passada durante o estudo contribuy\u00f3 a la generaci\u00f3n de un movimiento de elevaci\u00f3n y expansi\u00f3n de conciencia, propiciando a las personas llegar a ser m\u00e1s responsables acerca de su papel dentro de la corriente evolutiva. Como dice <a href=\"http:\/\/www.trigueirinho.org.br\/es\/\" target=\"_blank\" rel=\"noopener\">Trigueirinho<\/a> en el vertedero \u00abReino Animal\u00bb del libro <a href=\"http:\/\/www.irdin.org.br\/site\/produto\/glossario-esoterico\/\" target=\"_blank\" rel=\"noopener\">Glosario Esot\u00e9rico<\/a>:\u00a0<em>\u00ab<span style=\"font-weight: 400;\">El hombre deber\u00eda ser, para el animal, un intermediario de las emanaciones del Reino espiritual.\u201d<\/span><\/em><\/p>\n<p style=\"text-align: justify;\"><span style=\"font-weight: 400;\">El\u00a0 verso de la canci\u00f3n \u201cMensaje de los Reinos\u201d del <a href=\"http:\/\/www.irdin.org.br\/site\/produto\/blanca-esencia\/\" target=\"_blank\" rel=\"noopener\">CD Blanca Esencia<\/a> (lanzado por <a href=\"http:\/\/www.irdin.org.br\/site\/\" target=\"_blank\" rel=\"noopener\">Irdin Editora<\/a>), sintetiza la idea del impulso manifestado por el encuentro: <\/span><\/p>\n<p style=\"text-align: justify;\"><img decoding=\"async\" class=\"size-medium wp-image-66106 alignright\" src=\"https:\/\/www.fraterinternacional.org\/wp-content\/uploads\/2017\/10\/reinos_natureza_encontro_bh_jovens3-300x169.jpg\" alt=\"\" width=\"300\" height=\"169\" srcset=\"https:\/\/www.fraterinternacional.org\/wp-content\/uploads\/2017\/10\/reinos_natureza_encontro_bh_jovens3-200x112.jpg 200w, https:\/\/www.fraterinternacional.org\/wp-content\/uploads\/2017\/10\/reinos_natureza_encontro_bh_jovens3-300x169.jpg 300w, https:\/\/www.fraterinternacional.org\/wp-content\/uploads\/2017\/10\/reinos_natureza_encontro_bh_jovens3-400x225.jpg 400w, https:\/\/www.fraterinternacional.org\/wp-content\/uploads\/2017\/10\/reinos_natureza_encontro_bh_jovens3-600x337.jpg 600w, https:\/\/www.fraterinternacional.org\/wp-content\/uploads\/2017\/10\/reinos_natureza_encontro_bh_jovens3.jpg 690w\" sizes=\"(max-width: 300px) 100vw, 300px\" \/><\/p>\n<p style=\"text-align: center;\"><em><span style=\"font-weight: 400;\">\u201cSomos uno en el Reino del Amor \/ Somos todos uno en la Fuente Original.\u201d<\/span><\/em><\/p>\n<h3 class=\"western\" style=\"text-align: center;\">\u27e3<\/h3>\n<h3><\/h3>\n<p>&nbsp;<\/p>\n","protected":false},"excerpt":{"rendered":"<p>\u201cDios duerme en el mineral, sue\u00f1a en el vegetal, despierta en el animal, se torna consciente en el hombre.\u201d (Pensamiento [&hellip;]<\/p>\n","protected":false},"author":11,"featured_media":66105,"comment_status":"closed","ping_status":"closed","sticky":false,"template":"","format":"standard","meta":{"footnotes":""},"categories":[173],"tags":[3943],"class_list":["post-66314","post","type-post","status-publish","format-standard","has-post-thumbnail","hentry","category-noticia","tag-nucleo-luz-belo-horizonte-es"],"yoast_head":"<!-- This site is optimized with the Yoast SEO Premium plugin v21.0 (Yoast SEO v21.0) - https:\/\/yoast.com\/wordpress\/plugins\/seo\/ -->\n<title>Encuentro en Belo Horizonte abord\u00f3 la visi\u00f3n espiritual sobre los Reinos de la Naturaleza<\/title>\n<meta name=\"description\" content=\"El encuentro atrajo a muchos j\u00f3venes y adultos para reflexionar sobre el tema.\" \/>\n<meta name=\"robots\" content=\"index, follow, max-snippet:-1, max-image-preview:large, max-video-preview:-1\" \/>\n<link rel=\"canonical\" href=\"https:\/\/www.fraterinternacional.org\/es\/encuentro-belo-horizonte-vision-espiritual-reinos-naturaleza\/\" \/>\n<meta property=\"og:locale\" content=\"es_ES\" \/>\n<meta property=\"og:type\" content=\"article\" \/>\n<meta property=\"og:title\" content=\"Encuentro en Belo Horizonte abord\u00f3 la visi\u00f3n espiritual sobre los Reinos de la Naturaleza\" \/>\n<meta property=\"og:description\" content=\"El encuentro atrajo a muchos j\u00f3venes y adultos para reflexionar sobre el tema.\" \/>\n<meta property=\"og:url\" content=\"https:\/\/www.fraterinternacional.org\/es\/encuentro-belo-horizonte-vision-espiritual-reinos-naturaleza\/\" \/>\n<meta property=\"og:site_name\" content=\"Fraternidade - Federa\u00e7\u00e3o Humanit\u00e1ria Internacional\" \/>\n<meta property=\"article:publisher\" content=\"https:\/\/www.facebook.com\/fraternidadehumanitaria\" \/>\n<meta property=\"article:published_time\" content=\"2017-10-30T23:26:10+00:00\" \/>\n<meta property=\"article:modified_time\" content=\"2017-11-04T21:26:31+00:00\" \/>\n<meta property=\"og:image\" content=\"https:\/\/www.fraterinternacional.org\/wp-content\/uploads\/2017\/10\/reinos_natureza_encontro_bh_jovens2.jpg\" \/>\n\t<meta property=\"og:image:width\" content=\"690\" \/>\n\t<meta property=\"og:image:height\" content=\"388\" \/>\n\t<meta property=\"og:image:type\" content=\"image\/jpeg\" \/>\n<meta name=\"author\" content=\"Nelson Frater\" \/>\n<meta name=\"twitter:card\" content=\"summary_large_image\" \/>\n<meta name=\"twitter:creator\" content=\"@fraternidadeFHI\" \/>\n<meta name=\"twitter:site\" content=\"@fraternidadeFHI\" \/>\n<meta name=\"twitter:label1\" content=\"Escrito por\" \/>\n\t<meta name=\"twitter:data1\" content=\"Nelson Frater\" \/>\n\t<meta name=\"twitter:label2\" content=\"Tiempo de lectura\" \/>\n\t<meta name=\"twitter:data2\" content=\"3 minutos\" \/>\n<script type=\"application\/ld+json\" class=\"yoast-schema-graph\">{\"@context\":\"https:\/\/schema.org\",\"@graph\":[{\"@type\":\"WebPage\",\"@id\":\"https:\/\/www.fraterinternacional.org\/es\/encuentro-belo-horizonte-vision-espiritual-reinos-naturaleza\/\",\"url\":\"https:\/\/www.fraterinternacional.org\/es\/encuentro-belo-horizonte-vision-espiritual-reinos-naturaleza\/\",\"name\":\"Encuentro en Belo Horizonte abord\u00f3 la visi\u00f3n espiritual sobre los Reinos de la Naturaleza\",\"isPartOf\":{\"@id\":\"https:\/\/www.fraterinternacional.org\/es\/#website\"},\"datePublished\":\"2017-10-30T23:26:10+00:00\",\"dateModified\":\"2017-11-04T21:26:31+00:00\",\"author\":{\"@id\":\"https:\/\/www.fraterinternacional.org\/es\/#\/schema\/person\/facd24ae5f7e6b4ee1aeec7ad1b960ae\"},\"description\":\"El encuentro atrajo a muchos j\u00f3venes y adultos para reflexionar sobre el tema.\",\"breadcrumb\":{\"@id\":\"https:\/\/www.fraterinternacional.org\/es\/encuentro-belo-horizonte-vision-espiritual-reinos-naturaleza\/#breadcrumb\"},\"inLanguage\":\"es\",\"potentialAction\":[{\"@type\":\"ReadAction\",\"target\":[\"https:\/\/www.fraterinternacional.org\/es\/encuentro-belo-horizonte-vision-espiritual-reinos-naturaleza\/\"]}]},{\"@type\":\"BreadcrumbList\",\"@id\":\"https:\/\/www.fraterinternacional.org\/es\/encuentro-belo-horizonte-vision-espiritual-reinos-naturaleza\/#breadcrumb\",\"itemListElement\":[{\"@type\":\"ListItem\",\"position\":1,\"name\":\"In\u00edcio\",\"item\":\"https:\/\/www.fraterinternacional.org\/es\/\"},{\"@type\":\"ListItem\",\"position\":2,\"name\":\"Encuentro en Belo Horizonte abord\u00f3 la visi\u00f3n espiritual sobre los Reinos de la Naturaleza\"}]},{\"@type\":\"WebSite\",\"@id\":\"https:\/\/www.fraterinternacional.org\/es\/#website\",\"url\":\"https:\/\/www.fraterinternacional.org\/es\/\",\"name\":\"Fraternidade - Federa\u00e7\u00e3o Humanit\u00e1ria Internacional\",\"description\":\"Fraternidade - Federa\u00e7\u00e3o Humanit\u00e1ria Internacional\",\"potentialAction\":[{\"@type\":\"SearchAction\",\"target\":{\"@type\":\"EntryPoint\",\"urlTemplate\":\"https:\/\/www.fraterinternacional.org\/es\/?s={search_term_string}\"},\"query-input\":\"required name=search_term_string\"}],\"inLanguage\":\"es\"},{\"@type\":\"Person\",\"@id\":\"https:\/\/www.fraterinternacional.org\/es\/#\/schema\/person\/facd24ae5f7e6b4ee1aeec7ad1b960ae\",\"name\":\"Nelson Frater\"}]}<\/script>\n<!-- \/ Yoast SEO Premium plugin. -->","yoast_head_json":{"title":"Encuentro en Belo Horizonte abord\u00f3 la visi\u00f3n espiritual sobre los Reinos de la Naturaleza","description":"El encuentro atrajo a muchos j\u00f3venes y adultos para reflexionar sobre el tema.","robots":{"index":"index","follow":"follow","max-snippet":"max-snippet:-1","max-image-preview":"max-image-preview:large","max-video-preview":"max-video-preview:-1"},"canonical":"https:\/\/www.fraterinternacional.org\/es\/encuentro-belo-horizonte-vision-espiritual-reinos-naturaleza\/","og_locale":"es_ES","og_type":"article","og_title":"Encuentro en Belo Horizonte abord\u00f3 la visi\u00f3n espiritual sobre los Reinos de la Naturaleza","og_description":"El encuentro atrajo a muchos j\u00f3venes y adultos para reflexionar sobre el tema.","og_url":"https:\/\/www.fraterinternacional.org\/es\/encuentro-belo-horizonte-vision-espiritual-reinos-naturaleza\/","og_site_name":"Fraternidade - Federa\u00e7\u00e3o Humanit\u00e1ria Internacional","article_publisher":"https:\/\/www.facebook.com\/fraternidadehumanitaria","article_published_time":"2017-10-30T23:26:10+00:00","article_modified_time":"2017-11-04T21:26:31+00:00","og_image":[{"width":690,"height":388,"url":"https:\/\/www.fraterinternacional.org\/wp-content\/uploads\/2017\/10\/reinos_natureza_encontro_bh_jovens2.jpg","type":"image\/jpeg"}],"author":"Nelson Frater","twitter_card":"summary_large_image","twitter_creator":"@fraternidadeFHI","twitter_site":"@fraternidadeFHI","twitter_misc":{"Escrito por":"Nelson Frater","Tiempo de lectura":"3 minutos"},"schema":{"@context":"https:\/\/schema.org","@graph":[{"@type":"WebPage","@id":"https:\/\/www.fraterinternacional.org\/es\/encuentro-belo-horizonte-vision-espiritual-reinos-naturaleza\/","url":"https:\/\/www.fraterinternacional.org\/es\/encuentro-belo-horizonte-vision-espiritual-reinos-naturaleza\/","name":"Encuentro en Belo Horizonte abord\u00f3 la visi\u00f3n espiritual sobre los Reinos de la Naturaleza","isPartOf":{"@id":"https:\/\/www.fraterinternacional.org\/es\/#website"},"datePublished":"2017-10-30T23:26:10+00:00","dateModified":"2017-11-04T21:26:31+00:00","author":{"@id":"https:\/\/www.fraterinternacional.org\/es\/#\/schema\/person\/facd24ae5f7e6b4ee1aeec7ad1b960ae"},"description":"El encuentro atrajo a muchos j\u00f3venes y adultos para reflexionar sobre el tema.","breadcrumb":{"@id":"https:\/\/www.fraterinternacional.org\/es\/encuentro-belo-horizonte-vision-espiritual-reinos-naturaleza\/#breadcrumb"},"inLanguage":"es","potentialAction":[{"@type":"ReadAction","target":["https:\/\/www.fraterinternacional.org\/es\/encuentro-belo-horizonte-vision-espiritual-reinos-naturaleza\/"]}]},{"@type":"BreadcrumbList","@id":"https:\/\/www.fraterinternacional.org\/es\/encuentro-belo-horizonte-vision-espiritual-reinos-naturaleza\/#breadcrumb","itemListElement":[{"@type":"ListItem","position":1,"name":"In\u00edcio","item":"https:\/\/www.fraterinternacional.org\/es\/"},{"@type":"ListItem","position":2,"name":"Encuentro en Belo Horizonte abord\u00f3 la visi\u00f3n espiritual sobre los Reinos de la Naturaleza"}]},{"@type":"WebSite","@id":"https:\/\/www.fraterinternacional.org\/es\/#website","url":"https:\/\/www.fraterinternacional.org\/es\/","name":"Fraternidade - Federa\u00e7\u00e3o Humanit\u00e1ria Internacional","description":"Fraternidade - Federa\u00e7\u00e3o Humanit\u00e1ria Internacional","potentialAction":[{"@type":"SearchAction","target":{"@type":"EntryPoint","urlTemplate":"https:\/\/www.fraterinternacional.org\/es\/?s={search_term_string}"},"query-input":"required name=search_term_string"}],"inLanguage":"es"},{"@type":"Person","@id":"https:\/\/www.fraterinternacional.org\/es\/#\/schema\/person\/facd24ae5f7e6b4ee1aeec7ad1b960ae","name":"Nelson Frater"}]}},"_links":{"self":[{"href":"https:\/\/www.fraterinternacional.org\/es\/wp-json\/wp\/v2\/posts\/66314"}],"collection":[{"href":"https:\/\/www.fraterinternacional.org\/es\/wp-json\/wp\/v2\/posts"}],"about":[{"href":"https:\/\/www.fraterinternacional.org\/es\/wp-json\/wp\/v2\/types\/post"}],"author":[{"embeddable":true,"href":"https:\/\/www.fraterinternacional.org\/es\/wp-json\/wp\/v2\/users\/11"}],"replies":[{"embeddable":true,"href":"https:\/\/www.fraterinternacional.org\/es\/wp-json\/wp\/v2\/comments?post=66314"}],"version-history":[{"count":0,"href":"https:\/\/www.fraterinternacional.org\/es\/wp-json\/wp\/v2\/posts\/66314\/revisions"}],"wp:featuredmedia":[{"embeddable":true,"href":"https:\/\/www.fraterinternacional.org\/es\/wp-json\/wp\/v2\/media\/66105"}],"wp:attachment":[{"href":"https:\/\/www.fraterinternacional.org\/es\/wp-json\/wp\/v2\/media?parent=66314"}],"wp:term":[{"taxonomy":"category","embeddable":true,"href":"https:\/\/www.fraterinternacional.org\/es\/wp-json\/wp\/v2\/categories?post=66314"},{"taxonomy":"post_tag","embeddable":true,"href":"https:\/\/www.fraterinternacional.org\/es\/wp-json\/wp\/v2\/tags?post=66314"}],"curies":[{"name":"wp","href":"https:\/\/api.w.org\/{rel}","templated":true}]}}