{"id":65373,"date":"2017-10-23T11:49:01","date_gmt":"2017-10-23T14:49:01","guid":{"rendered":"https:\/\/www.fraterinternacional.org\/chave-para-caminho\/"},"modified":"2017-10-28T18:14:06","modified_gmt":"2017-10-28T21:14:06","slug":"claves-para-camino","status":"publish","type":"post","link":"https:\/\/www.fraterinternacional.org\/es\/claves-para-camino\/","title":{"rendered":"Claves para el camino"},"content":{"rendered":"<div style=\"width: 720px;\" class=\"wp-video\"><!--[if lt IE 9]><script>document.createElement('video');<\/script><![endif]-->\n<video class=\"wp-video-shortcode\" id=\"video-65373-1\" width=\"720\" height=\"100\" preload=\"metadata\" controls=\"controls\"><source type=\"video\/mp4\" src=\"https:\/\/www.fraterinternacional.org\/wp-content\/uploads\/2017\/10\/imp_ins_17_10_23_chaves_caminho_hum_tri_crescer_amor_es.mp4?_=1\" \/><a href=\"https:\/\/www.fraterinternacional.org\/wp-content\/uploads\/2017\/10\/imp_ins_17_10_23_chaves_caminho_hum_tri_crescer_amor_es.mp4\">https:\/\/www.fraterinternacional.org\/wp-content\/uploads\/2017\/10\/imp_ins_17_10_23_chaves_caminho_hum_tri_crescer_amor_es.mp4<\/a><\/video><\/div>\n<h3 style=\"text-align: center;\"><a href=\"https:\/\/www.fraterinternacional.org\/wp-content\/uploads\/2017\/10\/caminho_florido.jpg\"><img decoding=\"async\" class=\"size-medium wp-image-65356 alignleft\" src=\"https:\/\/www.fraterinternacional.org\/wp-content\/uploads\/2017\/10\/caminho_florido-300x169.jpg\" alt=\"\" width=\"300\" height=\"169\" srcset=\"https:\/\/www.fraterinternacional.org\/wp-content\/uploads\/2017\/10\/caminho_florido-200x112.jpg 200w, https:\/\/www.fraterinternacional.org\/wp-content\/uploads\/2017\/10\/caminho_florido-300x169.jpg 300w, https:\/\/www.fraterinternacional.org\/wp-content\/uploads\/2017\/10\/caminho_florido-400x225.jpg 400w, https:\/\/www.fraterinternacional.org\/wp-content\/uploads\/2017\/10\/caminho_florido-600x337.jpg 600w, https:\/\/www.fraterinternacional.org\/wp-content\/uploads\/2017\/10\/caminho_florido.jpg 690w\" sizes=\"(max-width: 300px) 100vw, 300px\" \/><\/a><strong>Pruebas b\u00e1sicas<\/strong><\/h3>\n<p style=\"text-align: justify;\">En general, el ser que est\u00e1 buscando el camino espiritual vive las pruebas b\u00e1sicas para confirmarse como un servidor de la obra de Dios, haciendo contacto con Leyes Superiores y disponi\u00e9ndose a vivirlas. Su decisi\u00f3n de seguir el camino de ascensi\u00f3n fue tomada y ser\u00e1 ayudado a caminar, dependiendo de su prop\u00f3sito para proseguir.<\/p>\n<p style=\"text-align: justify;\">Hoy en d\u00eda, quien se presenta para la Causa Divina debe tomar consciencia sobe puntos fundamentales para poder recorrer el camino de ascensi\u00f3n ascensional tales como: al caminar por la senda de la Luz, cada paso deber\u00e1 desligarlo del mundo material que conoc\u00eda; los seres que m\u00e1s necesitan de su ayuda no siempre son los que aparentan ser, y la oraci\u00f3n y la b\u00fasqueda del propio Origen lo sustentar\u00e1n para siempre.<\/p>\n<h3 style=\"text-align: center;\"><strong>El individuo lidia con reacciones de sus aspectos inferiores<\/strong><\/h3>\n<p style=\"text-align: justify;\">En general, el individuo lidia con reacciones de sus aspectos inferiores que no quieren elevarse y crean todo tipo de dificultades y de disculpas para la ascensi\u00f3n. Estos aspectos, creados y nutridos durante decenas de encarnaciones, reclaman su espacio y prometen luchar hasta el fin para que sus deseos, frutos de la ilusi\u00f3n del mundo, sean satisfechos.<\/p>\n<p style=\"text-align: justify;\">Sabemos que cada ser despierta, en diferentes grados, abre puertas para que muchos otros seres despierten, rompiendo las ataduras con la materia y con la cadena del karma. La aspiraci\u00f3n y la fe deben ser el sost\u00e9n para continuar.<\/p>\n<h3 style=\"text-align: center;\"><strong>Vencerse a s\u00ed mismo<\/strong><\/h3>\n<p style=\"text-align: justify;\">Siguiendo el trayecto rumbo a la ascensi\u00f3n el individuo deber\u00e1 tener en cuenta que vencerse a s\u00ed mismo no tiene nada que ver con luchar, pues la lucha solamente producir\u00eda perdedores. Vencerse a s\u00ed mismo es rendirse a las Leyes Divinas para que ellas transformen al ser. Considerar tambi\u00e9n que la ilusi\u00f3n solamente act\u00faa en quien se deleita con las ofertas del mundo. Para salir de la ilusi\u00f3n, se debe salir del deleite; para salir del deleite, se debe olvidar de s\u00ed y para olvidarse de s\u00ed mismo, debe abrirse para encontrar la necesidad del otro a cada momento.<\/p>\n<p style=\"text-align: justify;\"><a href=\"https:\/\/www.fraterinternacional.org\/wp-content\/uploads\/2017\/08\/nuvens_densas.jpg\"><img decoding=\"async\" class=\"size-medium wp-image-61744 alignright\" src=\"https:\/\/www.fraterinternacional.org\/wp-content\/uploads\/2017\/08\/nuvens_densas-300x169.jpg\" alt=\"\" width=\"300\" height=\"169\" srcset=\"https:\/\/www.fraterinternacional.org\/wp-content\/uploads\/2017\/08\/nuvens_densas-200x112.jpg 200w, https:\/\/www.fraterinternacional.org\/wp-content\/uploads\/2017\/08\/nuvens_densas-300x169.jpg 300w, https:\/\/www.fraterinternacional.org\/wp-content\/uploads\/2017\/08\/nuvens_densas-400x225.jpg 400w, https:\/\/www.fraterinternacional.org\/wp-content\/uploads\/2017\/08\/nuvens_densas-600x337.jpg 600w, https:\/\/www.fraterinternacional.org\/wp-content\/uploads\/2017\/08\/nuvens_densas.jpg 690w\" sizes=\"(max-width: 300px) 100vw, 300px\" \/><\/a><\/p>\n<h3 style=\"text-align: center;\"><strong>El miedo <\/strong><\/h3>\n<p style=\"text-align: justify;\">Cuando se superan algunas etapas del camino rumbo a la ascensi\u00f3n, el individuo sabe que la Luz siempre prevalecer\u00e1 y tiene absoluta confianza en eso. Sin embargo, el miedo se presenta e intenta paso a paso paralizar su caminata. Pero, \u00bfde d\u00f3nde surge? El miedo es una forma de la expresi\u00f3n del desamor; donde se abre un espacio para el amor, el miedo se presenta para impedir que el amor fluya. La persona podr\u00e1 percibir con claridad que sus apegos generan miedos, sin importar si estos son grandes o peque\u00f1os, densos o sutiles; si son apegos, ser\u00e1n una puerta cerrada al Amor verdadero y una puerta abierta para el miedo.<\/p>\n<p style=\"text-align: justify;\">En tiempos de tensi\u00f3n y de caos planetario que estamos viviendo, todos los apegos ser\u00e1n colocados a prueba y deben ser amorosamente desenmascarados y expulsados del templo del Coraz\u00f3n. Los que se libertaran por medio del Amor ser\u00e1n refrescados por el Fuego del Esp\u00edritu y encontrar\u00e1n la valent\u00eda para seguir el camino de ascensi\u00f3n. Los que fueran probados por el miedo primero encontrar\u00e1n el sufrimiento y, despu\u00e9s de la toma de consciencia y la apertura para la purificaci\u00f3n, podr\u00e1n liberarse de los apegos paralizantes, generadores del miedo.<\/p>\n<p style=\"text-align: justify;\">En un mundo como el nuestros, regido por la mentira, que valora los \u00abdramas\u00bb personales que se retroalimentan por la satisfacci\u00f3n del sufrimiento y por la b\u00fasqueda de la plenitud por medio de la vanidad, el miedo encuentra puertas ocultas para entrar. Por eso, la mentira debe ser eliminada del aura del ser.<\/p>\n<h3 style=\"text-align: center;\"><strong>La Energ\u00eda Divina cura todo<\/strong><\/h3>\n<p style=\"text-align: justify;\">Quien busca la ascensi\u00f3n espiritual debe acordarse de que la Energ\u00eda Divina cura todo eso y retira a los seres humanos de ese estado de oscuridad en el que vive. Donde Dios est\u00e1 solamente existe el Amor.<\/p>\n<p>&nbsp;<\/p>\n<p><strong>Art\u00edculo de referencia:<\/strong> <em>Jornal O Tempo <\/em>9\/oct\/2016<br \/>\n<strong>Nombre del art\u00edculo del Diario:<\/strong> Claves para recorrer el camino de b\u00fasqueda y de ascensi\u00f3n espiritual<br \/>\n<strong>\u00c1udio da Irdin: <\/strong>Crecer en amor<br \/>\n<strong>\u00c1udio completo:\u00a0<\/strong><a href=\"http:\/\/www.irdin.org.br\/acervo\/detalhes\/13456\" target=\"_blank\" rel=\"noopener\">http:\/\/www.irdin.org.br\/acervo\/detalhes\/13456<\/a><br \/>\n<strong>Tempo do \u00e1udio:\u00a0<\/strong>13&#8217;18\u201d a 15&#8217;05\u201d<\/p>\n<div class=\"fusion-aligncenter\"><a class=\"fusion-button button-3d button-small button-custom fusion-button-default button-1 fusion-button-default-span \" style=\"--button_accent_color:#ffffff;--button_accent_hover_color:#dedede;--button_border_hover_color:#dedede;--button_gradient_top_color:#d3b054;--button_gradient_bottom_color:#d3b054;--button_gradient_top_color_hover:#d3b054;--button_gradient_bottom_color_hover:#d3b054;\" target=\"_self\" href=\"https:\/\/www.fraterinternacional.org\/es\/category\/impulsos-para-la-semana\/instruccion-es\/\"><span class=\"fusion-button-text\">Vea todos<\/span><\/a><\/div>\n<p>&nbsp;<\/p>\n<p><a href=\"https:\/\/www.fraterinternacional.org\/wp-content\/uploads\/2017\/10\/caminho_florido.jpg\"><img decoding=\"async\" class=\"aligncenter wp-image-65356 size-full\" src=\"https:\/\/www.fraterinternacional.org\/wp-content\/uploads\/2017\/10\/caminho_florido.jpg\" alt=\"\" width=\"690\" height=\"388\" srcset=\"https:\/\/www.fraterinternacional.org\/wp-content\/uploads\/2017\/10\/caminho_florido-200x112.jpg 200w, https:\/\/www.fraterinternacional.org\/wp-content\/uploads\/2017\/10\/caminho_florido-300x169.jpg 300w, https:\/\/www.fraterinternacional.org\/wp-content\/uploads\/2017\/10\/caminho_florido-400x225.jpg 400w, https:\/\/www.fraterinternacional.org\/wp-content\/uploads\/2017\/10\/caminho_florido-600x337.jpg 600w, https:\/\/www.fraterinternacional.org\/wp-content\/uploads\/2017\/10\/caminho_florido.jpg 690w\" sizes=\"(max-width: 690px) 100vw, 690px\" \/><\/a><\/p>\n","protected":false},"excerpt":{"rendered":"<p>Pruebas b\u00e1sicas En general, el ser que est\u00e1 buscando el camino espiritual vive las pruebas b\u00e1sicas para confirmarse como un [&hellip;]<\/p>\n","protected":false},"author":8,"featured_media":65358,"comment_status":"closed","ping_status":"closed","sticky":false,"template":"","format":"standard","meta":{"footnotes":""},"categories":[3237],"tags":[3239],"class_list":["post-65373","post","type-post","status-publish","format-standard","has-post-thumbnail","hentry","category-impulsos-para-la-semana","tag-instruccion-es"],"yoast_head":"<!-- This site is optimized with the Yoast SEO Premium plugin v21.0 (Yoast SEO v21.0) - https:\/\/yoast.com\/wordpress\/plugins\/seo\/ -->\n<title>Claves para el camino - Impulsos para la semana - Impulso Instrucci\u00f3n<\/title>\n<meta name=\"description\" content=\"Quien busca la ascensi\u00f3n espiritual debe acordarse de que la Energ\u00eda Divina cura todo. Sin embargo, el miedo intenta paso a paso paralizar su caminata.\" \/>\n<meta name=\"robots\" content=\"index, follow, max-snippet:-1, max-image-preview:large, max-video-preview:-1\" \/>\n<link rel=\"canonical\" href=\"https:\/\/www.fraterinternacional.org\/es\/claves-para-camino\/\" \/>\n<meta property=\"og:locale\" content=\"es_ES\" \/>\n<meta property=\"og:type\" content=\"article\" \/>\n<meta property=\"og:title\" content=\"Claves para el camino\" \/>\n<meta property=\"og:description\" content=\"Quien busca la ascensi\u00f3n espiritual debe acordarse de que la Energ\u00eda Divina cura todo. Sin embargo, el miedo intenta paso a paso paralizar su caminata.\" \/>\n<meta property=\"og:url\" content=\"https:\/\/www.fraterinternacional.org\/es\/claves-para-camino\/\" \/>\n<meta property=\"og:site_name\" content=\"Fraternidade - Federa\u00e7\u00e3o Humanit\u00e1ria Internacional\" \/>\n<meta property=\"article:publisher\" content=\"https:\/\/www.facebook.com\/fraternidadehumanitaria\" \/>\n<meta property=\"article:published_time\" content=\"2017-10-23T14:49:01+00:00\" \/>\n<meta property=\"article:modified_time\" content=\"2017-10-28T21:14:06+00:00\" \/>\n<meta property=\"og:image\" content=\"https:\/\/www.fraterinternacional.org\/wp-content\/uploads\/2017\/10\/caminho_florido.jpg\" \/>\n\t<meta property=\"og:image:width\" content=\"690\" \/>\n\t<meta property=\"og:image:height\" content=\"388\" \/>\n\t<meta property=\"og:image:type\" content=\"image\/jpeg\" \/>\n<meta name=\"author\" content=\"FFHI\" \/>\n<meta name=\"twitter:card\" content=\"summary_large_image\" \/>\n<meta name=\"twitter:creator\" content=\"@fraternidadeFHI\" \/>\n<meta name=\"twitter:site\" content=\"@fraternidadeFHI\" \/>\n<meta name=\"twitter:label1\" content=\"Escrito por\" \/>\n\t<meta name=\"twitter:data1\" content=\"FFHI\" \/>\n\t<meta name=\"twitter:label2\" content=\"Tiempo de lectura\" \/>\n\t<meta name=\"twitter:data2\" content=\"4 minutos\" \/>\n<script type=\"application\/ld+json\" class=\"yoast-schema-graph\">{\"@context\":\"https:\/\/schema.org\",\"@graph\":[{\"@type\":\"WebPage\",\"@id\":\"https:\/\/www.fraterinternacional.org\/es\/claves-para-camino\/\",\"url\":\"https:\/\/www.fraterinternacional.org\/es\/claves-para-camino\/\",\"name\":\"Claves para el camino - Impulsos para la semana - Impulso Instrucci\u00f3n\",\"isPartOf\":{\"@id\":\"https:\/\/www.fraterinternacional.org\/es\/#website\"},\"datePublished\":\"2017-10-23T14:49:01+00:00\",\"dateModified\":\"2017-10-28T21:14:06+00:00\",\"author\":{\"@id\":\"https:\/\/www.fraterinternacional.org\/es\/#\/schema\/person\/8fd7058ced8aa6a1995cc0feee75819f\"},\"description\":\"Quien busca la ascensi\u00f3n espiritual debe acordarse de que la Energ\u00eda Divina cura todo. Sin embargo, el miedo intenta paso a paso paralizar su caminata.\",\"breadcrumb\":{\"@id\":\"https:\/\/www.fraterinternacional.org\/es\/claves-para-camino\/#breadcrumb\"},\"inLanguage\":\"es\",\"potentialAction\":[{\"@type\":\"ReadAction\",\"target\":[\"https:\/\/www.fraterinternacional.org\/es\/claves-para-camino\/\"]}]},{\"@type\":\"BreadcrumbList\",\"@id\":\"https:\/\/www.fraterinternacional.org\/es\/claves-para-camino\/#breadcrumb\",\"itemListElement\":[{\"@type\":\"ListItem\",\"position\":1,\"name\":\"In\u00edcio\",\"item\":\"https:\/\/www.fraterinternacional.org\/es\/\"},{\"@type\":\"ListItem\",\"position\":2,\"name\":\"Claves para el camino\"}]},{\"@type\":\"WebSite\",\"@id\":\"https:\/\/www.fraterinternacional.org\/es\/#website\",\"url\":\"https:\/\/www.fraterinternacional.org\/es\/\",\"name\":\"Fraternidade - Federa\u00e7\u00e3o Humanit\u00e1ria Internacional\",\"description\":\"Fraternidade - Federa\u00e7\u00e3o Humanit\u00e1ria Internacional\",\"potentialAction\":[{\"@type\":\"SearchAction\",\"target\":{\"@type\":\"EntryPoint\",\"urlTemplate\":\"https:\/\/www.fraterinternacional.org\/es\/?s={search_term_string}\"},\"query-input\":\"required name=search_term_string\"}],\"inLanguage\":\"es\"},{\"@type\":\"Person\",\"@id\":\"https:\/\/www.fraterinternacional.org\/es\/#\/schema\/person\/8fd7058ced8aa6a1995cc0feee75819f\",\"name\":\"FFHI\"}]}<\/script>\n<!-- \/ Yoast SEO Premium plugin. -->","yoast_head_json":{"title":"Claves para el camino - Impulsos para la semana - Impulso Instrucci\u00f3n","description":"Quien busca la ascensi\u00f3n espiritual debe acordarse de que la Energ\u00eda Divina cura todo. Sin embargo, el miedo intenta paso a paso paralizar su caminata.","robots":{"index":"index","follow":"follow","max-snippet":"max-snippet:-1","max-image-preview":"max-image-preview:large","max-video-preview":"max-video-preview:-1"},"canonical":"https:\/\/www.fraterinternacional.org\/es\/claves-para-camino\/","og_locale":"es_ES","og_type":"article","og_title":"Claves para el camino","og_description":"Quien busca la ascensi\u00f3n espiritual debe acordarse de que la Energ\u00eda Divina cura todo. Sin embargo, el miedo intenta paso a paso paralizar su caminata.","og_url":"https:\/\/www.fraterinternacional.org\/es\/claves-para-camino\/","og_site_name":"Fraternidade - Federa\u00e7\u00e3o Humanit\u00e1ria Internacional","article_publisher":"https:\/\/www.facebook.com\/fraternidadehumanitaria","article_published_time":"2017-10-23T14:49:01+00:00","article_modified_time":"2017-10-28T21:14:06+00:00","og_image":[{"width":690,"height":388,"url":"https:\/\/www.fraterinternacional.org\/wp-content\/uploads\/2017\/10\/caminho_florido.jpg","type":"image\/jpeg"}],"author":"FFHI","twitter_card":"summary_large_image","twitter_creator":"@fraternidadeFHI","twitter_site":"@fraternidadeFHI","twitter_misc":{"Escrito por":"FFHI","Tiempo de lectura":"4 minutos"},"schema":{"@context":"https:\/\/schema.org","@graph":[{"@type":"WebPage","@id":"https:\/\/www.fraterinternacional.org\/es\/claves-para-camino\/","url":"https:\/\/www.fraterinternacional.org\/es\/claves-para-camino\/","name":"Claves para el camino - Impulsos para la semana - Impulso Instrucci\u00f3n","isPartOf":{"@id":"https:\/\/www.fraterinternacional.org\/es\/#website"},"datePublished":"2017-10-23T14:49:01+00:00","dateModified":"2017-10-28T21:14:06+00:00","author":{"@id":"https:\/\/www.fraterinternacional.org\/es\/#\/schema\/person\/8fd7058ced8aa6a1995cc0feee75819f"},"description":"Quien busca la ascensi\u00f3n espiritual debe acordarse de que la Energ\u00eda Divina cura todo. Sin embargo, el miedo intenta paso a paso paralizar su caminata.","breadcrumb":{"@id":"https:\/\/www.fraterinternacional.org\/es\/claves-para-camino\/#breadcrumb"},"inLanguage":"es","potentialAction":[{"@type":"ReadAction","target":["https:\/\/www.fraterinternacional.org\/es\/claves-para-camino\/"]}]},{"@type":"BreadcrumbList","@id":"https:\/\/www.fraterinternacional.org\/es\/claves-para-camino\/#breadcrumb","itemListElement":[{"@type":"ListItem","position":1,"name":"In\u00edcio","item":"https:\/\/www.fraterinternacional.org\/es\/"},{"@type":"ListItem","position":2,"name":"Claves para el camino"}]},{"@type":"WebSite","@id":"https:\/\/www.fraterinternacional.org\/es\/#website","url":"https:\/\/www.fraterinternacional.org\/es\/","name":"Fraternidade - Federa\u00e7\u00e3o Humanit\u00e1ria Internacional","description":"Fraternidade - Federa\u00e7\u00e3o Humanit\u00e1ria Internacional","potentialAction":[{"@type":"SearchAction","target":{"@type":"EntryPoint","urlTemplate":"https:\/\/www.fraterinternacional.org\/es\/?s={search_term_string}"},"query-input":"required name=search_term_string"}],"inLanguage":"es"},{"@type":"Person","@id":"https:\/\/www.fraterinternacional.org\/es\/#\/schema\/person\/8fd7058ced8aa6a1995cc0feee75819f","name":"FFHI"}]}},"_links":{"self":[{"href":"https:\/\/www.fraterinternacional.org\/es\/wp-json\/wp\/v2\/posts\/65373"}],"collection":[{"href":"https:\/\/www.fraterinternacional.org\/es\/wp-json\/wp\/v2\/posts"}],"about":[{"href":"https:\/\/www.fraterinternacional.org\/es\/wp-json\/wp\/v2\/types\/post"}],"author":[{"embeddable":true,"href":"https:\/\/www.fraterinternacional.org\/es\/wp-json\/wp\/v2\/users\/8"}],"replies":[{"embeddable":true,"href":"https:\/\/www.fraterinternacional.org\/es\/wp-json\/wp\/v2\/comments?post=65373"}],"version-history":[{"count":0,"href":"https:\/\/www.fraterinternacional.org\/es\/wp-json\/wp\/v2\/posts\/65373\/revisions"}],"wp:featuredmedia":[{"embeddable":true,"href":"https:\/\/www.fraterinternacional.org\/es\/wp-json\/wp\/v2\/media\/65358"}],"wp:attachment":[{"href":"https:\/\/www.fraterinternacional.org\/es\/wp-json\/wp\/v2\/media?parent=65373"}],"wp:term":[{"taxonomy":"category","embeddable":true,"href":"https:\/\/www.fraterinternacional.org\/es\/wp-json\/wp\/v2\/categories?post=65373"},{"taxonomy":"post_tag","embeddable":true,"href":"https:\/\/www.fraterinternacional.org\/es\/wp-json\/wp\/v2\/tags?post=65373"}],"curies":[{"name":"wp","href":"https:\/\/api.w.org\/{rel}","templated":true}]}}