{"id":65203,"date":"2017-10-19T18:49:59","date_gmt":"2017-10-19T21:49:59","guid":{"rendered":"https:\/\/www.fraterinternacional.org\/?p=65203\/"},"modified":"2017-10-22T21:54:40","modified_gmt":"2017-10-23T00:54:40","slug":"nucleo-luz-belo-horizonte-encuentro-trimestral-reunion-red-luz","status":"publish","type":"post","link":"https:\/\/www.fraterinternacional.org\/es\/nucleo-luz-belo-horizonte-encuentro-trimestral-reunion-red-luz\/","title":{"rendered":"N\u00facleo-Luz Belo Horizonte \u2013 encuentro trimestral y reuni\u00f3n de la Red-Luz"},"content":{"rendered":"<h3 style=\"text-align: center;\"><strong>N\u00facleo-Luz de Figueira en Belo Horizonte<\/strong><\/h3>\n<p style=\"text-align: justify;\"><a href=\"https:\/\/www.fraterinternacional.org\/wp-content\/uploads\/2017\/10\/IMG_1032.jpg\"><img decoding=\"async\" class=\"alignleft wp-image-64771 size-medium\" src=\"https:\/\/www.fraterinternacional.org\/wp-content\/uploads\/2017\/10\/IMG_1032-300x169.jpg\" alt=\"\" width=\"300\" height=\"169\" srcset=\"https:\/\/www.fraterinternacional.org\/wp-content\/uploads\/2017\/10\/IMG_1032-200x112.jpg 200w, https:\/\/www.fraterinternacional.org\/wp-content\/uploads\/2017\/10\/IMG_1032-300x169.jpg 300w, https:\/\/www.fraterinternacional.org\/wp-content\/uploads\/2017\/10\/IMG_1032-400x225.jpg 400w, https:\/\/www.fraterinternacional.org\/wp-content\/uploads\/2017\/10\/IMG_1032-600x337.jpg 600w, https:\/\/www.fraterinternacional.org\/wp-content\/uploads\/2017\/10\/IMG_1032.jpg 690w\" sizes=\"(max-width: 300px) 100vw, 300px\" \/><\/a><br \/>\n<span style=\"font-weight: 400;\">El \u00faltimo d\u00eda 7, en el N\u00facleo-Luz de Figueira en Belo Horizonte, Sagrado Cielo, se realizaron dos encuentros importantes. En la ma\u00f1ana se realiz\u00f3 el Encuentro Trimestral del \u00a0N\u00facleo, considerado como el \u201cEncuentro General\u201d local. El per\u00edodo de la tarde se reserv\u00f3 para el Encuentro de las Coordinaciones de los grupos de la <a href=\"http:\/\/www.fraterinternacional.org\/es\/red-luz\/\">Red-Luz<\/a> de Minas Gerais.<\/span><\/p>\n<h3 style=\"text-align: justify;\"><\/h3>\n<h3 style=\"text-align: justify;\"><strong>Encuentro Trimestral<\/strong><\/h3>\n<p style=\"text-align: justify;\"><span style=\"font-weight: 400;\">El Encuentro Trimestral tuvo en su apertura una sinton\u00eda conducida por Fray Thomas, de la <a href=\"http:\/\/www.fraterinternacional.org\/es\/orden-gracia-misericordia\/\">Orden Gracia Misericordia<\/a>. Se resalt\u00f3 la importancia de poner atenci\u00f3n al momento presente, pues en \u00e9l est\u00e1 la tarea de cada uno, sea ella aparentemente simple o compleja.<\/span><\/p>\n<p style=\"text-align: justify;\"><a href=\"https:\/\/www.fraterinternacional.org\/wp-content\/uploads\/2017\/10\/IMG_0903.jpg\"><img decoding=\"async\" class=\"wp-image-64774 size-medium alignright\" src=\"https:\/\/www.fraterinternacional.org\/wp-content\/uploads\/2017\/10\/IMG_0903-300x169.jpg\" alt=\"\" width=\"300\" height=\"169\" srcset=\"https:\/\/www.fraterinternacional.org\/wp-content\/uploads\/2017\/10\/IMG_0903-200x112.jpg 200w, https:\/\/www.fraterinternacional.org\/wp-content\/uploads\/2017\/10\/IMG_0903-300x169.jpg 300w, https:\/\/www.fraterinternacional.org\/wp-content\/uploads\/2017\/10\/IMG_0903-400x225.jpg 400w, https:\/\/www.fraterinternacional.org\/wp-content\/uploads\/2017\/10\/IMG_0903-600x337.jpg 600w, https:\/\/www.fraterinternacional.org\/wp-content\/uploads\/2017\/10\/IMG_0903.jpg 690w\" sizes=\"(max-width: 300px) 100vw, 300px\" \/><\/a><span style=\"font-weight: 400;\">Un aspecto fundamental del Encuentro es el final de un ciclo y el comienzo de uno nuevo. Es un momento en que la consciencia grupal recibe los nuevos c\u00f3digos, que posibilitar\u00e1n la manifestaci\u00f3n del pr\u00f3ximo ciclo de la tarea, tanto en el plano individual de cada colaborador, como para el grupo.<\/span><\/p>\n<p style=\"text-align: justify;\"><span style=\"font-weight: 400;\">En otro momento del evento tuvo lugar la presentaci\u00f3n de la Coral, teniendo como impulso el Atributo del Monasterio <\/span><i><span style=\"font-weight: 400;\">Acci\u00f3n Abnegada 2: por el servicio incondicional, vivificar el n\u00facleo interno de los que sufren, <\/span><\/i><span style=\"font-weight: 400;\">poniendo la atenci\u00f3n en el aspecto del servicio y de la entrega de s\u00ed.<\/span><\/p>\n<p style=\"text-align: justify;\"><span style=\"font-weight: 400;\">El sello del Encuentro fue que el servicio, en un planeta colapsando y en la necesidad de llegar a todos, nos da la oportunidad de servir de diferentes maneras y grados.<\/span><\/p>\n<p style=\"text-align: justify;\"><a href=\"https:\/\/www.fraterinternacional.org\/wp-content\/uploads\/2017\/10\/IMG_1084.jpg\"><img decoding=\"async\" class=\"alignleft wp-image-64778 size-medium\" src=\"https:\/\/www.fraterinternacional.org\/wp-content\/uploads\/2017\/10\/IMG_1084-300x169.jpg\" alt=\"\" width=\"300\" height=\"169\" srcset=\"https:\/\/www.fraterinternacional.org\/wp-content\/uploads\/2017\/10\/IMG_1084-200x112.jpg 200w, https:\/\/www.fraterinternacional.org\/wp-content\/uploads\/2017\/10\/IMG_1084-300x169.jpg 300w, https:\/\/www.fraterinternacional.org\/wp-content\/uploads\/2017\/10\/IMG_1084-400x225.jpg 400w, https:\/\/www.fraterinternacional.org\/wp-content\/uploads\/2017\/10\/IMG_1084-600x337.jpg 600w, https:\/\/www.fraterinternacional.org\/wp-content\/uploads\/2017\/10\/IMG_1084.jpg 690w\" sizes=\"(max-width: 300px) 100vw, 300px\" \/><\/a><br \/>\n<span style=\"font-weight: 400;\">Las pr\u00f3ximas etapas por las cuales pasar\u00e1 el planeta, dependen tambi\u00e9n de la adhesi\u00f3n y del ofrecimiento que har\u00e1n los grupos de servicio. Por lo tanto, la mansedumbre delante de cualquier situaci\u00f3n, el cumplimiento de las pautas y asumir la responsabilidad que nos corresponde, marcar\u00e1 la diferencia y har\u00e1 posible la manifestaci\u00f3n de una nueva vida sobre la Tierra<\/span><\/p>\n<h3 style=\"text-align: justify;\"><b>Encuentro de las Coordinaciones de los grupos de la Red-Luz de Minas Gerais \u2013 Seres en Ascensi\u00f3n<\/b><\/h3>\n<p style=\"text-align: justify;\"><span style=\"font-weight: 400;\">La apertura cont\u00f3 con la presentaci\u00f3n de los \u201cCantantes del N\u00facleo de Belo Horizonte\u201d. El grupo estuvo compuesto por los colaboradores, que en algunos casos participaban por primera vez en una presentaci\u00f3n relacionada con el canto. Se presentaron c\u00e1nticos de Figueira.<\/span><\/p>\n<p style=\"text-align: justify;\"><span style=\"font-weight: 400;\">El encuentro estuvo integrado solo por los coordinadores y cocoordinadores, con la intenci\u00f3n de profundizar en los temas desarrollados. A cada coordinaci\u00f3n se confi\u00f3 \u00a0irradiar lo que fue gestado en el encuentro a los grupos de los cuales forman parte.<\/span><\/p>\n<p style=\"text-align: justify;\"><span style=\"font-weight: 400;\">De los 48 grupos Red-Luz que existen en Minas Gerais, el encuentro cont\u00f3 con la significativa representaci\u00f3n de 39 grupos. Tambi\u00e9n estuvieron representadas la Red-Luz Regional de Minas Gerais, la Red-Luz Planetaria, la <a href=\"http:\/\/www.fraterinternacional.org\/es\/comunidades-luz\/\">Comunidad-Luz Figueira<\/a> y la <strong>Fraternidade &#8211; Federaci\u00f3n Humanitaria Internacional<\/strong>.<\/span><\/p>\n<p style=\"text-align: justify;\"><span style=\"font-weight: 400;\">Uno de los asuntos principales fue la necesidad de que la Red-Luz Minas Gerais asuma parte de las tareas de las Misiones Humanitarias de la Fraternidad. Destacando el llamado a una consagraci\u00f3n m\u00e1s profunda a la Red-Luz, y espec\u00edficamente a las misiones de servicio humanitario. \u201cEl llamado a la ampliaci\u00f3n de la tarea del grupo y de cada uno\u201d, como resalt\u00f3 Mirnuk.<\/span><\/p>\n<p style=\"text-align: justify;\"><span style=\"font-weight: 400;\">Se propuso la posibilidad de que los integrantes inviten a nuevos colaboradores y amigos a adherirse con responsabilidad a las misiones. Tambi\u00e9n qued\u00f3 clara la importancia del apoyo mutuo entre los grupos y cada uno de sus miembros.<\/span><\/p>\n<p style=\"text-align: justify;\"><span style=\"font-weight: 400;\">Al final del Encuentro todos pudieron sentir que la Red-Luz es el Patrimonio Espiritual de la Obra, como lo enfatiza <a href=\"http:\/\/www.trigueirinho.org.br\/es\/\" target=\"_blank\" rel=\"noopener\">Trigueirinho<\/a>, y es tambi\u00e9n el patrimonio de cada uno de nosotros.<\/span><\/p>\n\n\t\t<style type=\"text\/css\">\n\t\t\t#gallery-1 {\n\t\t\t\tmargin: auto;\n\t\t\t}\n\t\t\t#gallery-1 .gallery-item {\n\t\t\t\tfloat: left;\n\t\t\t\tmargin-top: 10px;\n\t\t\t\ttext-align: center;\n\t\t\t\twidth: 25%;\n\t\t\t}\n\t\t\t#gallery-1 img {\n\t\t\t\tborder: 2px solid #cfcfcf;\n\t\t\t}\n\t\t\t#gallery-1 .gallery-caption {\n\t\t\t\tmargin-left: 0;\n\t\t\t}\n\t\t\t\/* see gallery_shortcode() in wp-includes\/media.php *\/\n\t\t<\/style>\n\t\t<div id='gallery-1' class='gallery galleryid-65203 gallery-columns-4 gallery-size-medium'><dl class='gallery-item'>\n\t\t\t<dt class='gallery-icon landscape'>\n\t\t\t\t<a data-rel=\"iLightbox[postimages]\" data-title=\"IMG_0925\" data-caption=\"\" href='https:\/\/www.fraterinternacional.org\/wp-content\/uploads\/2017\/10\/IMG_0925.jpg'><img decoding=\"async\" width=\"300\" height=\"169\" src=\"https:\/\/www.fraterinternacional.org\/wp-content\/uploads\/2017\/10\/IMG_0925-300x169.jpg\" class=\"attachment-medium size-medium\" alt=\"\" srcset=\"https:\/\/www.fraterinternacional.org\/wp-content\/uploads\/2017\/10\/IMG_0925-200x112.jpg 200w, https:\/\/www.fraterinternacional.org\/wp-content\/uploads\/2017\/10\/IMG_0925-300x169.jpg 300w, https:\/\/www.fraterinternacional.org\/wp-content\/uploads\/2017\/10\/IMG_0925-400x225.jpg 400w, https:\/\/www.fraterinternacional.org\/wp-content\/uploads\/2017\/10\/IMG_0925-600x337.jpg 600w, https:\/\/www.fraterinternacional.org\/wp-content\/uploads\/2017\/10\/IMG_0925.jpg 690w\" sizes=\"(max-width: 300px) 100vw, 300px\" \/><\/a>\n\t\t\t<\/dt><\/dl><dl class='gallery-item'>\n\t\t\t<dt class='gallery-icon landscape'>\n\t\t\t\t<a data-rel=\"iLightbox[postimages]\" data-title=\"IMG_0907\" data-caption=\"\" href='https:\/\/www.fraterinternacional.org\/wp-content\/uploads\/2017\/10\/IMG_0907.jpg'><img decoding=\"async\" width=\"300\" height=\"169\" src=\"https:\/\/www.fraterinternacional.org\/wp-content\/uploads\/2017\/10\/IMG_0907-300x169.jpg\" class=\"attachment-medium size-medium\" alt=\"\" srcset=\"https:\/\/www.fraterinternacional.org\/wp-content\/uploads\/2017\/10\/IMG_0907-200x112.jpg 200w, https:\/\/www.fraterinternacional.org\/wp-content\/uploads\/2017\/10\/IMG_0907-300x169.jpg 300w, https:\/\/www.fraterinternacional.org\/wp-content\/uploads\/2017\/10\/IMG_0907-400x225.jpg 400w, https:\/\/www.fraterinternacional.org\/wp-content\/uploads\/2017\/10\/IMG_0907-600x337.jpg 600w, https:\/\/www.fraterinternacional.org\/wp-content\/uploads\/2017\/10\/IMG_0907.jpg 690w\" sizes=\"(max-width: 300px) 100vw, 300px\" \/><\/a>\n\t\t\t<\/dt><\/dl><dl class='gallery-item'>\n\t\t\t<dt class='gallery-icon landscape'>\n\t\t\t\t<a data-rel=\"iLightbox[postimages]\" data-title=\"IMG_0917\" data-caption=\"\" href='https:\/\/www.fraterinternacional.org\/wp-content\/uploads\/2017\/10\/IMG_0917.jpg'><img decoding=\"async\" width=\"300\" height=\"169\" src=\"https:\/\/www.fraterinternacional.org\/wp-content\/uploads\/2017\/10\/IMG_0917-300x169.jpg\" class=\"attachment-medium size-medium\" alt=\"\" srcset=\"https:\/\/www.fraterinternacional.org\/wp-content\/uploads\/2017\/10\/IMG_0917-200x112.jpg 200w, https:\/\/www.fraterinternacional.org\/wp-content\/uploads\/2017\/10\/IMG_0917-300x169.jpg 300w, https:\/\/www.fraterinternacional.org\/wp-content\/uploads\/2017\/10\/IMG_0917-400x225.jpg 400w, https:\/\/www.fraterinternacional.org\/wp-content\/uploads\/2017\/10\/IMG_0917-600x337.jpg 600w, https:\/\/www.fraterinternacional.org\/wp-content\/uploads\/2017\/10\/IMG_0917.jpg 690w\" sizes=\"(max-width: 300px) 100vw, 300px\" \/><\/a>\n\t\t\t<\/dt><\/dl><dl class='gallery-item'>\n\t\t\t<dt class='gallery-icon landscape'>\n\t\t\t\t<a data-rel=\"iLightbox[postimages]\" data-title=\"IMG_1063i\" data-caption=\"\" href='https:\/\/www.fraterinternacional.org\/wp-content\/uploads\/2017\/10\/IMG_1063i.jpg'><img decoding=\"async\" width=\"300\" height=\"169\" src=\"https:\/\/www.fraterinternacional.org\/wp-content\/uploads\/2017\/10\/IMG_1063i-300x169.jpg\" class=\"attachment-medium size-medium\" alt=\"\" srcset=\"https:\/\/www.fraterinternacional.org\/wp-content\/uploads\/2017\/10\/IMG_1063i-200x112.jpg 200w, https:\/\/www.fraterinternacional.org\/wp-content\/uploads\/2017\/10\/IMG_1063i-300x169.jpg 300w, https:\/\/www.fraterinternacional.org\/wp-content\/uploads\/2017\/10\/IMG_1063i-400x225.jpg 400w, https:\/\/www.fraterinternacional.org\/wp-content\/uploads\/2017\/10\/IMG_1063i-600x337.jpg 600w, https:\/\/www.fraterinternacional.org\/wp-content\/uploads\/2017\/10\/IMG_1063i.jpg 690w\" sizes=\"(max-width: 300px) 100vw, 300px\" \/><\/a>\n\t\t\t<\/dt><\/dl><br style=\"clear: both\" \/><dl class='gallery-item'>\n\t\t\t<dt class='gallery-icon landscape'>\n\t\t\t\t<a data-rel=\"iLightbox[postimages]\" data-title=\"IMG_1008\" data-caption=\"\" href='https:\/\/www.fraterinternacional.org\/wp-content\/uploads\/2017\/10\/IMG_1008.jpg'><img decoding=\"async\" width=\"300\" height=\"169\" src=\"https:\/\/www.fraterinternacional.org\/wp-content\/uploads\/2017\/10\/IMG_1008-300x169.jpg\" class=\"attachment-medium size-medium\" alt=\"\" srcset=\"https:\/\/www.fraterinternacional.org\/wp-content\/uploads\/2017\/10\/IMG_1008-200x112.jpg 200w, https:\/\/www.fraterinternacional.org\/wp-content\/uploads\/2017\/10\/IMG_1008-300x169.jpg 300w, https:\/\/www.fraterinternacional.org\/wp-content\/uploads\/2017\/10\/IMG_1008-400x225.jpg 400w, https:\/\/www.fraterinternacional.org\/wp-content\/uploads\/2017\/10\/IMG_1008-600x337.jpg 600w, https:\/\/www.fraterinternacional.org\/wp-content\/uploads\/2017\/10\/IMG_1008.jpg 690w\" sizes=\"(max-width: 300px) 100vw, 300px\" \/><\/a>\n\t\t\t<\/dt><\/dl><dl class='gallery-item'>\n\t\t\t<dt class='gallery-icon landscape'>\n\t\t\t\t<a data-rel=\"iLightbox[postimages]\" data-title=\"IMG_0901\" data-caption=\"\" href='https:\/\/www.fraterinternacional.org\/wp-content\/uploads\/2017\/10\/IMG_0901.jpg'><img decoding=\"async\" width=\"300\" height=\"169\" src=\"https:\/\/www.fraterinternacional.org\/wp-content\/uploads\/2017\/10\/IMG_0901-300x169.jpg\" class=\"attachment-medium size-medium\" alt=\"\" srcset=\"https:\/\/www.fraterinternacional.org\/wp-content\/uploads\/2017\/10\/IMG_0901-200x112.jpg 200w, https:\/\/www.fraterinternacional.org\/wp-content\/uploads\/2017\/10\/IMG_0901-300x169.jpg 300w, https:\/\/www.fraterinternacional.org\/wp-content\/uploads\/2017\/10\/IMG_0901-400x225.jpg 400w, https:\/\/www.fraterinternacional.org\/wp-content\/uploads\/2017\/10\/IMG_0901-600x337.jpg 600w, https:\/\/www.fraterinternacional.org\/wp-content\/uploads\/2017\/10\/IMG_0901.jpg 690w\" sizes=\"(max-width: 300px) 100vw, 300px\" \/><\/a>\n\t\t\t<\/dt><\/dl><dl class='gallery-item'>\n\t\t\t<dt class='gallery-icon landscape'>\n\t\t\t\t<a data-rel=\"iLightbox[postimages]\" data-title=\"IMG_1098\" data-caption=\"\" href='https:\/\/www.fraterinternacional.org\/wp-content\/uploads\/2017\/10\/IMG_1098.jpg'><img decoding=\"async\" width=\"300\" height=\"169\" src=\"https:\/\/www.fraterinternacional.org\/wp-content\/uploads\/2017\/10\/IMG_1098-300x169.jpg\" class=\"attachment-medium size-medium\" alt=\"\" srcset=\"https:\/\/www.fraterinternacional.org\/wp-content\/uploads\/2017\/10\/IMG_1098-200x112.jpg 200w, https:\/\/www.fraterinternacional.org\/wp-content\/uploads\/2017\/10\/IMG_1098-300x169.jpg 300w, https:\/\/www.fraterinternacional.org\/wp-content\/uploads\/2017\/10\/IMG_1098-400x225.jpg 400w, https:\/\/www.fraterinternacional.org\/wp-content\/uploads\/2017\/10\/IMG_1098-600x337.jpg 600w, https:\/\/www.fraterinternacional.org\/wp-content\/uploads\/2017\/10\/IMG_1098.jpg 690w\" sizes=\"(max-width: 300px) 100vw, 300px\" \/><\/a>\n\t\t\t<\/dt><\/dl><dl class='gallery-item'>\n\t\t\t<dt class='gallery-icon landscape'>\n\t\t\t\t<a data-rel=\"iLightbox[postimages]\" data-title=\"IMG_1104\" data-caption=\"\" href='https:\/\/www.fraterinternacional.org\/wp-content\/uploads\/2017\/10\/IMG_1104.jpg'><img decoding=\"async\" width=\"300\" height=\"169\" src=\"https:\/\/www.fraterinternacional.org\/wp-content\/uploads\/2017\/10\/IMG_1104-300x169.jpg\" class=\"attachment-medium size-medium\" alt=\"\" srcset=\"https:\/\/www.fraterinternacional.org\/wp-content\/uploads\/2017\/10\/IMG_1104-200x112.jpg 200w, https:\/\/www.fraterinternacional.org\/wp-content\/uploads\/2017\/10\/IMG_1104-300x169.jpg 300w, https:\/\/www.fraterinternacional.org\/wp-content\/uploads\/2017\/10\/IMG_1104-400x225.jpg 400w, https:\/\/www.fraterinternacional.org\/wp-content\/uploads\/2017\/10\/IMG_1104-600x337.jpg 600w, https:\/\/www.fraterinternacional.org\/wp-content\/uploads\/2017\/10\/IMG_1104.jpg 690w\" sizes=\"(max-width: 300px) 100vw, 300px\" \/><\/a>\n\t\t\t<\/dt><\/dl><br style=\"clear: both\" \/>\n\t\t<\/div>\n\n","protected":false},"excerpt":{"rendered":"<p>N\u00facleo-Luz de Figueira en Belo Horizonte El \u00faltimo d\u00eda 7, en el N\u00facleo-Luz de Figueira en Belo Horizonte, Sagrado Cielo, [&hellip;]<\/p>\n","protected":false},"author":11,"featured_media":64773,"comment_status":"closed","ping_status":"closed","sticky":false,"template":"","format":"standard","meta":{"footnotes":""},"categories":[173],"tags":[3943,98,97],"class_list":["post-65203","post","type-post","status-publish","format-standard","has-post-thumbnail","hentry","category-noticia","tag-nucleo-luz-belo-horizonte-es","tag-nucleos-luz-es","tag-servicio-humanitario-es"],"yoast_head":"<!-- This site is optimized with the Yoast SEO Premium plugin v21.0 (Yoast SEO v21.0) - https:\/\/yoast.com\/wordpress\/plugins\/seo\/ -->\n<title>N\u00facleo-Luz Belo Horizonte \u2013 encuentro trimestral y reuni\u00f3n de la Red-Luz<\/title>\n<meta name=\"description\" content=\"El sello de los encuentros fue que el servicio humanitario y la necesidad de llegar a todos,nos dan la oportunidad de ampliar nuestra entrega y consagraci\u00f3n\" \/>\n<meta name=\"robots\" content=\"index, follow, max-snippet:-1, max-image-preview:large, max-video-preview:-1\" \/>\n<link rel=\"canonical\" href=\"https:\/\/www.fraterinternacional.org\/es\/nucleo-luz-belo-horizonte-encuentro-trimestral-reunion-red-luz\/\" \/>\n<meta property=\"og:locale\" content=\"es_ES\" \/>\n<meta property=\"og:type\" content=\"article\" \/>\n<meta property=\"og:title\" content=\"N\u00facleo-Luz Belo Horizonte \u2013 encuentro trimestral y reuni\u00f3n de la Red-Luz\" \/>\n<meta property=\"og:description\" content=\"El sello de los encuentros fue que el servicio humanitario y la necesidad de llegar a todos,nos dan la oportunidad de ampliar nuestra entrega y consagraci\u00f3n\" \/>\n<meta property=\"og:url\" content=\"https:\/\/www.fraterinternacional.org\/es\/nucleo-luz-belo-horizonte-encuentro-trimestral-reunion-red-luz\/\" \/>\n<meta property=\"og:site_name\" content=\"Fraternidade - Federa\u00e7\u00e3o Humanit\u00e1ria Internacional\" \/>\n<meta property=\"article:publisher\" content=\"https:\/\/www.facebook.com\/fraternidadehumanitaria\" \/>\n<meta property=\"article:published_time\" content=\"2017-10-19T21:49:59+00:00\" \/>\n<meta property=\"article:modified_time\" content=\"2017-10-23T00:54:40+00:00\" \/>\n<meta property=\"og:image\" content=\"https:\/\/www.fraterinternacional.org\/wp-content\/uploads\/2017\/10\/IMG_1032.jpg\" \/>\n\t<meta property=\"og:image:width\" content=\"690\" \/>\n\t<meta property=\"og:image:height\" content=\"388\" \/>\n\t<meta property=\"og:image:type\" content=\"image\/jpeg\" \/>\n<meta name=\"author\" content=\"Nelson Frater\" \/>\n<meta name=\"twitter:card\" content=\"summary_large_image\" \/>\n<meta name=\"twitter:creator\" content=\"@fraternidadeFHI\" \/>\n<meta name=\"twitter:site\" content=\"@fraternidadeFHI\" \/>\n<meta name=\"twitter:label1\" content=\"Escrito por\" \/>\n\t<meta name=\"twitter:data1\" content=\"Nelson Frater\" \/>\n\t<meta name=\"twitter:label2\" content=\"Tiempo de lectura\" \/>\n\t<meta name=\"twitter:data2\" content=\"3 minutos\" \/>\n<script type=\"application\/ld+json\" class=\"yoast-schema-graph\">{\"@context\":\"https:\/\/schema.org\",\"@graph\":[{\"@type\":\"WebPage\",\"@id\":\"https:\/\/www.fraterinternacional.org\/es\/nucleo-luz-belo-horizonte-encuentro-trimestral-reunion-red-luz\/\",\"url\":\"https:\/\/www.fraterinternacional.org\/es\/nucleo-luz-belo-horizonte-encuentro-trimestral-reunion-red-luz\/\",\"name\":\"N\u00facleo-Luz Belo Horizonte \u2013 encuentro trimestral y reuni\u00f3n de la Red-Luz\",\"isPartOf\":{\"@id\":\"https:\/\/www.fraterinternacional.org\/es\/#website\"},\"datePublished\":\"2017-10-19T21:49:59+00:00\",\"dateModified\":\"2017-10-23T00:54:40+00:00\",\"author\":{\"@id\":\"https:\/\/www.fraterinternacional.org\/es\/#\/schema\/person\/facd24ae5f7e6b4ee1aeec7ad1b960ae\"},\"description\":\"El sello de los encuentros fue que el servicio humanitario y la necesidad de llegar a todos,nos dan la oportunidad de ampliar nuestra entrega y consagraci\u00f3n\",\"breadcrumb\":{\"@id\":\"https:\/\/www.fraterinternacional.org\/es\/nucleo-luz-belo-horizonte-encuentro-trimestral-reunion-red-luz\/#breadcrumb\"},\"inLanguage\":\"es\",\"potentialAction\":[{\"@type\":\"ReadAction\",\"target\":[\"https:\/\/www.fraterinternacional.org\/es\/nucleo-luz-belo-horizonte-encuentro-trimestral-reunion-red-luz\/\"]}]},{\"@type\":\"BreadcrumbList\",\"@id\":\"https:\/\/www.fraterinternacional.org\/es\/nucleo-luz-belo-horizonte-encuentro-trimestral-reunion-red-luz\/#breadcrumb\",\"itemListElement\":[{\"@type\":\"ListItem\",\"position\":1,\"name\":\"In\u00edcio\",\"item\":\"https:\/\/www.fraterinternacional.org\/es\/\"},{\"@type\":\"ListItem\",\"position\":2,\"name\":\"N\u00facleo-Luz Belo Horizonte \u2013 encuentro trimestral y reuni\u00f3n de la Red-Luz\"}]},{\"@type\":\"WebSite\",\"@id\":\"https:\/\/www.fraterinternacional.org\/es\/#website\",\"url\":\"https:\/\/www.fraterinternacional.org\/es\/\",\"name\":\"Fraternidade - Federa\u00e7\u00e3o Humanit\u00e1ria Internacional\",\"description\":\"Fraternidade - Federa\u00e7\u00e3o Humanit\u00e1ria Internacional\",\"potentialAction\":[{\"@type\":\"SearchAction\",\"target\":{\"@type\":\"EntryPoint\",\"urlTemplate\":\"https:\/\/www.fraterinternacional.org\/es\/?s={search_term_string}\"},\"query-input\":\"required name=search_term_string\"}],\"inLanguage\":\"es\"},{\"@type\":\"Person\",\"@id\":\"https:\/\/www.fraterinternacional.org\/es\/#\/schema\/person\/facd24ae5f7e6b4ee1aeec7ad1b960ae\",\"name\":\"Nelson Frater\"}]}<\/script>\n<!-- \/ Yoast SEO Premium plugin. -->","yoast_head_json":{"title":"N\u00facleo-Luz Belo Horizonte \u2013 encuentro trimestral y reuni\u00f3n de la Red-Luz","description":"El sello de los encuentros fue que el servicio humanitario y la necesidad de llegar a todos,nos dan la oportunidad de ampliar nuestra entrega y consagraci\u00f3n","robots":{"index":"index","follow":"follow","max-snippet":"max-snippet:-1","max-image-preview":"max-image-preview:large","max-video-preview":"max-video-preview:-1"},"canonical":"https:\/\/www.fraterinternacional.org\/es\/nucleo-luz-belo-horizonte-encuentro-trimestral-reunion-red-luz\/","og_locale":"es_ES","og_type":"article","og_title":"N\u00facleo-Luz Belo Horizonte \u2013 encuentro trimestral y reuni\u00f3n de la Red-Luz","og_description":"El sello de los encuentros fue que el servicio humanitario y la necesidad de llegar a todos,nos dan la oportunidad de ampliar nuestra entrega y consagraci\u00f3n","og_url":"https:\/\/www.fraterinternacional.org\/es\/nucleo-luz-belo-horizonte-encuentro-trimestral-reunion-red-luz\/","og_site_name":"Fraternidade - Federa\u00e7\u00e3o Humanit\u00e1ria Internacional","article_publisher":"https:\/\/www.facebook.com\/fraternidadehumanitaria","article_published_time":"2017-10-19T21:49:59+00:00","article_modified_time":"2017-10-23T00:54:40+00:00","og_image":[{"width":690,"height":388,"url":"https:\/\/www.fraterinternacional.org\/wp-content\/uploads\/2017\/10\/IMG_1032.jpg","type":"image\/jpeg"}],"author":"Nelson Frater","twitter_card":"summary_large_image","twitter_creator":"@fraternidadeFHI","twitter_site":"@fraternidadeFHI","twitter_misc":{"Escrito por":"Nelson Frater","Tiempo de lectura":"3 minutos"},"schema":{"@context":"https:\/\/schema.org","@graph":[{"@type":"WebPage","@id":"https:\/\/www.fraterinternacional.org\/es\/nucleo-luz-belo-horizonte-encuentro-trimestral-reunion-red-luz\/","url":"https:\/\/www.fraterinternacional.org\/es\/nucleo-luz-belo-horizonte-encuentro-trimestral-reunion-red-luz\/","name":"N\u00facleo-Luz Belo Horizonte \u2013 encuentro trimestral y reuni\u00f3n de la Red-Luz","isPartOf":{"@id":"https:\/\/www.fraterinternacional.org\/es\/#website"},"datePublished":"2017-10-19T21:49:59+00:00","dateModified":"2017-10-23T00:54:40+00:00","author":{"@id":"https:\/\/www.fraterinternacional.org\/es\/#\/schema\/person\/facd24ae5f7e6b4ee1aeec7ad1b960ae"},"description":"El sello de los encuentros fue que el servicio humanitario y la necesidad de llegar a todos,nos dan la oportunidad de ampliar nuestra entrega y consagraci\u00f3n","breadcrumb":{"@id":"https:\/\/www.fraterinternacional.org\/es\/nucleo-luz-belo-horizonte-encuentro-trimestral-reunion-red-luz\/#breadcrumb"},"inLanguage":"es","potentialAction":[{"@type":"ReadAction","target":["https:\/\/www.fraterinternacional.org\/es\/nucleo-luz-belo-horizonte-encuentro-trimestral-reunion-red-luz\/"]}]},{"@type":"BreadcrumbList","@id":"https:\/\/www.fraterinternacional.org\/es\/nucleo-luz-belo-horizonte-encuentro-trimestral-reunion-red-luz\/#breadcrumb","itemListElement":[{"@type":"ListItem","position":1,"name":"In\u00edcio","item":"https:\/\/www.fraterinternacional.org\/es\/"},{"@type":"ListItem","position":2,"name":"N\u00facleo-Luz Belo Horizonte \u2013 encuentro trimestral y reuni\u00f3n de la Red-Luz"}]},{"@type":"WebSite","@id":"https:\/\/www.fraterinternacional.org\/es\/#website","url":"https:\/\/www.fraterinternacional.org\/es\/","name":"Fraternidade - Federa\u00e7\u00e3o Humanit\u00e1ria Internacional","description":"Fraternidade - Federa\u00e7\u00e3o Humanit\u00e1ria Internacional","potentialAction":[{"@type":"SearchAction","target":{"@type":"EntryPoint","urlTemplate":"https:\/\/www.fraterinternacional.org\/es\/?s={search_term_string}"},"query-input":"required name=search_term_string"}],"inLanguage":"es"},{"@type":"Person","@id":"https:\/\/www.fraterinternacional.org\/es\/#\/schema\/person\/facd24ae5f7e6b4ee1aeec7ad1b960ae","name":"Nelson Frater"}]}},"_links":{"self":[{"href":"https:\/\/www.fraterinternacional.org\/es\/wp-json\/wp\/v2\/posts\/65203"}],"collection":[{"href":"https:\/\/www.fraterinternacional.org\/es\/wp-json\/wp\/v2\/posts"}],"about":[{"href":"https:\/\/www.fraterinternacional.org\/es\/wp-json\/wp\/v2\/types\/post"}],"author":[{"embeddable":true,"href":"https:\/\/www.fraterinternacional.org\/es\/wp-json\/wp\/v2\/users\/11"}],"replies":[{"embeddable":true,"href":"https:\/\/www.fraterinternacional.org\/es\/wp-json\/wp\/v2\/comments?post=65203"}],"version-history":[{"count":0,"href":"https:\/\/www.fraterinternacional.org\/es\/wp-json\/wp\/v2\/posts\/65203\/revisions"}],"wp:featuredmedia":[{"embeddable":true,"href":"https:\/\/www.fraterinternacional.org\/es\/wp-json\/wp\/v2\/media\/64773"}],"wp:attachment":[{"href":"https:\/\/www.fraterinternacional.org\/es\/wp-json\/wp\/v2\/media?parent=65203"}],"wp:term":[{"taxonomy":"category","embeddable":true,"href":"https:\/\/www.fraterinternacional.org\/es\/wp-json\/wp\/v2\/categories?post=65203"},{"taxonomy":"post_tag","embeddable":true,"href":"https:\/\/www.fraterinternacional.org\/es\/wp-json\/wp\/v2\/tags?post=65203"}],"curies":[{"name":"wp","href":"https:\/\/api.w.org\/{rel}","templated":true}]}}