{"id":61393,"date":"2017-08-28T16:33:54","date_gmt":"2017-08-28T19:33:54","guid":{"rendered":"https:\/\/www.fraterinternacional.org\/?p=61393\/"},"modified":"2017-08-28T16:33:54","modified_gmt":"2017-08-28T19:33:54","slug":"tu-palabra-agua-viva","status":"publish","type":"post","link":"https:\/\/www.fraterinternacional.org\/es\/tu-palabra-agua-viva\/","title":{"rendered":"Tu Palabra es agua viva"},"content":{"rendered":"<p data-fontsize=\"17\" data-lineheight=\"23\"><div class=\"fusion-video fusion-vimeo\" style=\"--awb-max-width:700px;--awb-max-height:400px;\"><div class=\"video-shortcode\"><div class=\"fluid-width-video-wrapper\" style=\"padding-top:57.14%;\" ><iframe title=\"Vimeo video player 1\" src=\"https:\/\/player.vimeo.com\/video\/229329412?autoplay=0&autopause=0\" width=\"700\" height=\"400\" allowfullscreen allow=\"autoplay; fullscreen\"><\/iframe><\/div><\/div><\/div><\/p>\n<h3 style=\"text-align: center;\" data-fontsize=\"20\" data-lineheight=\"27\"><a href=\"https:\/\/www.fraterinternacional.org\/es\/la-musica-como-elevacion\/\">Conozca nuestro trabajo con la m\u00fasica clic aqu\u00ed<\/a><\/h3>\n<p style=\"text-align: center;\"><strong>TU PALABRA ES AGUA VIVA <\/strong><\/p>\n<p style=\"text-align: center;\">Fue Tu Mano, Se\u00f1or<br \/>\nextendida ante m\u00ed<br \/>\ny Tus Palabras<br \/>\nque limpiaron este barro que soy<br \/>\nmi Dios<\/p>\n<p style=\"text-align: center;\">Haz de esta vida un instrumento entre Tus manos<br \/>\nQuiero llevar Tu Presencia en cada paso que yo doy<br \/>\nQue sea este coraz\u00f3n una fuente de Tu Amor<br \/>\nQue anuncie al mundo entero<br \/>\nTu Mensaje Salvador<\/p>\n<p style=\"text-align: center;\">Y no me canso de decir<br \/>\nque Tu Palabra es agua viva<br \/>\ny sumergiendo hondo en lo profundo<br \/>\nall\u00ed estar\u00e1s Se\u00f1or,<br \/>\ndentro de m\u00ed<\/p>\n<p style=\"text-align: center;\">Se\u00f1or,<br \/>\nfue Tu Verbo Divino que hizo emerger la verdad que soy<br \/>\ninvit\u00e1ndome a viviro que quieres de m\u00ed<\/p>\n<p style=\"text-align: center;\">Y es por eso que hoy<br \/>\nyo te digo que s\u00ed<br \/>\ntestigo tuyo soy, a Tu lado hasta el fin<\/p>\n<p style=\"text-align: center;\">Y no me canso de decir<br \/>\nque Tu Palabra es agua viva<br \/>\ny sumergiendo hondo en lo profundo<br \/>\nall\u00ed estar\u00e1s Se\u00f1or,<\/p>\n<p style=\"text-align: center;\">Y no me canso de decir&#8230;<br \/>\nque Tu Palabra es agua viva<br \/>\ny sumergiendo hondo en lo profundo<br \/>\nall\u00ed estar\u00e1s Se\u00f1or,<br \/>\nDentro de mi<\/p>\n<p style=\"text-align: center;\">Se\u00f1or<br \/>\nY no me canso de decir<br \/>\nque Tu Palabra es agua viva<br \/>\nY no me canso de decir<br \/>\nque Tu Palabra<\/p>\n<div class=\"fusion-aligncenter\"><a class=\"fusion-button button-3d button-small button-custom fusion-button-default button-1 fusion-button-default-span \" style=\"--button_accent_color:#ffffff;--button_accent_hover_color:#dedede;--button_border_hover_color:#dedede;--button_gradient_top_color:#d3b054;--button_gradient_bottom_color:#d3b054;--button_gradient_top_color_hover:#d3b054;--button_gradient_bottom_color_hover:#d3b054;\" target=\"_blank\" rel=\"noopener noreferrer\" href=\"https:\/\/www.fraterinternacional.org\/es\/category\/impulsos-para-la-semana\/musica-es\/\"><span class=\"fusion-button-text\">Vea todos<\/span><\/a><\/div>\n","protected":false},"excerpt":{"rendered":"<p>Conozca nuestro trabajo con la m\u00fasica clic aqu\u00ed TU PALABRA ES AGUA VIVA Fue Tu Mano, Se\u00f1or extendida ante m\u00ed [&hellip;]<\/p>\n","protected":false},"author":8,"featured_media":53760,"comment_status":"closed","ping_status":"closed","sticky":false,"template":"","format":"standard","meta":{"footnotes":""},"categories":[3237,3235],"tags":[3241],"class_list":["post-61393","post","type-post","status-publish","format-standard","has-post-thumbnail","hentry","category-impulsos-para-la-semana","category-videos-es","tag-musica-es"],"yoast_head":"<!-- This site is optimized with the Yoast SEO Premium plugin v21.0 (Yoast SEO v21.0) - https:\/\/yoast.com\/wordpress\/plugins\/seo\/ -->\n<title>Tu Palabra es agua viva - Impulsos para la Semana - Impulso M\u00fasica<\/title>\n<meta name=\"description\" content=\"Haz de esta vida un instrumento entre Tus manos Quiero llevar Tu Presencia en cada paso que yo doy Que anuncie al mundo entero Tu Mensaje Salvador\" \/>\n<meta name=\"robots\" content=\"index, follow, max-snippet:-1, max-image-preview:large, max-video-preview:-1\" \/>\n<link rel=\"canonical\" href=\"https:\/\/www.fraterinternacional.org\/es\/tu-palabra-agua-viva\/\" \/>\n<meta property=\"og:locale\" content=\"es_ES\" \/>\n<meta property=\"og:type\" content=\"article\" \/>\n<meta property=\"og:title\" content=\"Tu Palabra es agua viva\" \/>\n<meta property=\"og:description\" content=\"Haz de esta vida un instrumento entre Tus manos Quiero llevar Tu Presencia en cada paso que yo doy Que anuncie al mundo entero Tu Mensaje Salvador\" \/>\n<meta property=\"og:url\" content=\"https:\/\/www.fraterinternacional.org\/es\/tu-palabra-agua-viva\/\" \/>\n<meta property=\"og:site_name\" content=\"Fraternidade - Federa\u00e7\u00e3o Humanit\u00e1ria Internacional\" \/>\n<meta property=\"article:publisher\" content=\"https:\/\/www.facebook.com\/fraternidadehumanitaria\" \/>\n<meta property=\"article:published_time\" content=\"2017-08-28T19:33:54+00:00\" \/>\n<meta property=\"og:image\" content=\"https:\/\/www.fraterinternacional.org\/wp-content\/uploads\/2017\/05\/ceu_passaro_sol_logo.jpg\" \/>\n\t<meta property=\"og:image:width\" content=\"690\" \/>\n\t<meta property=\"og:image:height\" content=\"388\" \/>\n\t<meta property=\"og:image:type\" content=\"image\/jpeg\" \/>\n<meta name=\"author\" content=\"FFHI\" \/>\n<meta name=\"twitter:card\" content=\"summary_large_image\" \/>\n<meta name=\"twitter:creator\" content=\"@fraternidadeFHI\" \/>\n<meta name=\"twitter:site\" content=\"@fraternidadeFHI\" \/>\n<meta name=\"twitter:label1\" content=\"Escrito por\" \/>\n\t<meta name=\"twitter:data1\" content=\"FFHI\" \/>\n\t<meta name=\"twitter:label2\" content=\"Tiempo de lectura\" \/>\n\t<meta name=\"twitter:data2\" content=\"1 minuto\" \/>\n<script type=\"application\/ld+json\" class=\"yoast-schema-graph\">{\"@context\":\"https:\/\/schema.org\",\"@graph\":[{\"@type\":\"WebPage\",\"@id\":\"https:\/\/www.fraterinternacional.org\/es\/tu-palabra-agua-viva\/\",\"url\":\"https:\/\/www.fraterinternacional.org\/es\/tu-palabra-agua-viva\/\",\"name\":\"Tu Palabra es agua viva - Impulsos para la Semana - Impulso M\u00fasica\",\"isPartOf\":{\"@id\":\"https:\/\/www.fraterinternacional.org\/es\/#website\"},\"datePublished\":\"2017-08-28T19:33:54+00:00\",\"dateModified\":\"2017-08-28T19:33:54+00:00\",\"author\":{\"@id\":\"https:\/\/www.fraterinternacional.org\/es\/#\/schema\/person\/8fd7058ced8aa6a1995cc0feee75819f\"},\"description\":\"Haz de esta vida un instrumento entre Tus manos Quiero llevar Tu Presencia en cada paso que yo doy Que anuncie al mundo entero Tu Mensaje Salvador\",\"breadcrumb\":{\"@id\":\"https:\/\/www.fraterinternacional.org\/es\/tu-palabra-agua-viva\/#breadcrumb\"},\"inLanguage\":\"es\",\"potentialAction\":[{\"@type\":\"ReadAction\",\"target\":[\"https:\/\/www.fraterinternacional.org\/es\/tu-palabra-agua-viva\/\"]}]},{\"@type\":\"BreadcrumbList\",\"@id\":\"https:\/\/www.fraterinternacional.org\/es\/tu-palabra-agua-viva\/#breadcrumb\",\"itemListElement\":[{\"@type\":\"ListItem\",\"position\":1,\"name\":\"In\u00edcio\",\"item\":\"https:\/\/www.fraterinternacional.org\/es\/\"},{\"@type\":\"ListItem\",\"position\":2,\"name\":\"Tu Palabra es agua viva\"}]},{\"@type\":\"WebSite\",\"@id\":\"https:\/\/www.fraterinternacional.org\/es\/#website\",\"url\":\"https:\/\/www.fraterinternacional.org\/es\/\",\"name\":\"Fraternidade - Federa\u00e7\u00e3o Humanit\u00e1ria Internacional\",\"description\":\"Fraternidade - Federa\u00e7\u00e3o Humanit\u00e1ria Internacional\",\"potentialAction\":[{\"@type\":\"SearchAction\",\"target\":{\"@type\":\"EntryPoint\",\"urlTemplate\":\"https:\/\/www.fraterinternacional.org\/es\/?s={search_term_string}\"},\"query-input\":\"required name=search_term_string\"}],\"inLanguage\":\"es\"},{\"@type\":\"Person\",\"@id\":\"https:\/\/www.fraterinternacional.org\/es\/#\/schema\/person\/8fd7058ced8aa6a1995cc0feee75819f\",\"name\":\"FFHI\"}]}<\/script>\n<!-- \/ Yoast SEO Premium plugin. -->","yoast_head_json":{"title":"Tu Palabra es agua viva - Impulsos para la Semana - Impulso M\u00fasica","description":"Haz de esta vida un instrumento entre Tus manos Quiero llevar Tu Presencia en cada paso que yo doy Que anuncie al mundo entero Tu Mensaje Salvador","robots":{"index":"index","follow":"follow","max-snippet":"max-snippet:-1","max-image-preview":"max-image-preview:large","max-video-preview":"max-video-preview:-1"},"canonical":"https:\/\/www.fraterinternacional.org\/es\/tu-palabra-agua-viva\/","og_locale":"es_ES","og_type":"article","og_title":"Tu Palabra es agua viva","og_description":"Haz de esta vida un instrumento entre Tus manos Quiero llevar Tu Presencia en cada paso que yo doy Que anuncie al mundo entero Tu Mensaje Salvador","og_url":"https:\/\/www.fraterinternacional.org\/es\/tu-palabra-agua-viva\/","og_site_name":"Fraternidade - Federa\u00e7\u00e3o Humanit\u00e1ria Internacional","article_publisher":"https:\/\/www.facebook.com\/fraternidadehumanitaria","article_published_time":"2017-08-28T19:33:54+00:00","og_image":[{"width":"690","height":"388","url":"https:\/\/www.fraterinternacional.org\/wp-content\/uploads\/2017\/05\/ceu_passaro_sol_logo.jpg","type":"image\/jpeg"}],"author":"FFHI","twitter_card":"summary_large_image","twitter_creator":"@fraternidadeFHI","twitter_site":"@fraternidadeFHI","twitter_misc":{"Escrito por":"FFHI","Tiempo de lectura":"1 minuto"},"schema":{"@context":"https:\/\/schema.org","@graph":[{"@type":"WebPage","@id":"https:\/\/www.fraterinternacional.org\/es\/tu-palabra-agua-viva\/","url":"https:\/\/www.fraterinternacional.org\/es\/tu-palabra-agua-viva\/","name":"Tu Palabra es agua viva - Impulsos para la Semana - Impulso M\u00fasica","isPartOf":{"@id":"https:\/\/www.fraterinternacional.org\/es\/#website"},"datePublished":"2017-08-28T19:33:54+00:00","dateModified":"2017-08-28T19:33:54+00:00","author":{"@id":"https:\/\/www.fraterinternacional.org\/es\/#\/schema\/person\/8fd7058ced8aa6a1995cc0feee75819f"},"description":"Haz de esta vida un instrumento entre Tus manos Quiero llevar Tu Presencia en cada paso que yo doy Que anuncie al mundo entero Tu Mensaje Salvador","breadcrumb":{"@id":"https:\/\/www.fraterinternacional.org\/es\/tu-palabra-agua-viva\/#breadcrumb"},"inLanguage":"es","potentialAction":[{"@type":"ReadAction","target":["https:\/\/www.fraterinternacional.org\/es\/tu-palabra-agua-viva\/"]}]},{"@type":"BreadcrumbList","@id":"https:\/\/www.fraterinternacional.org\/es\/tu-palabra-agua-viva\/#breadcrumb","itemListElement":[{"@type":"ListItem","position":1,"name":"In\u00edcio","item":"https:\/\/www.fraterinternacional.org\/es\/"},{"@type":"ListItem","position":2,"name":"Tu Palabra es agua viva"}]},{"@type":"WebSite","@id":"https:\/\/www.fraterinternacional.org\/es\/#website","url":"https:\/\/www.fraterinternacional.org\/es\/","name":"Fraternidade - Federa\u00e7\u00e3o Humanit\u00e1ria Internacional","description":"Fraternidade - Federa\u00e7\u00e3o Humanit\u00e1ria Internacional","potentialAction":[{"@type":"SearchAction","target":{"@type":"EntryPoint","urlTemplate":"https:\/\/www.fraterinternacional.org\/es\/?s={search_term_string}"},"query-input":"required name=search_term_string"}],"inLanguage":"es"},{"@type":"Person","@id":"https:\/\/www.fraterinternacional.org\/es\/#\/schema\/person\/8fd7058ced8aa6a1995cc0feee75819f","name":"FFHI"}]}},"_links":{"self":[{"href":"https:\/\/www.fraterinternacional.org\/es\/wp-json\/wp\/v2\/posts\/61393"}],"collection":[{"href":"https:\/\/www.fraterinternacional.org\/es\/wp-json\/wp\/v2\/posts"}],"about":[{"href":"https:\/\/www.fraterinternacional.org\/es\/wp-json\/wp\/v2\/types\/post"}],"author":[{"embeddable":true,"href":"https:\/\/www.fraterinternacional.org\/es\/wp-json\/wp\/v2\/users\/8"}],"replies":[{"embeddable":true,"href":"https:\/\/www.fraterinternacional.org\/es\/wp-json\/wp\/v2\/comments?post=61393"}],"version-history":[{"count":0,"href":"https:\/\/www.fraterinternacional.org\/es\/wp-json\/wp\/v2\/posts\/61393\/revisions"}],"wp:featuredmedia":[{"embeddable":true,"href":"https:\/\/www.fraterinternacional.org\/es\/wp-json\/wp\/v2\/media\/53760"}],"wp:attachment":[{"href":"https:\/\/www.fraterinternacional.org\/es\/wp-json\/wp\/v2\/media?parent=61393"}],"wp:term":[{"taxonomy":"category","embeddable":true,"href":"https:\/\/www.fraterinternacional.org\/es\/wp-json\/wp\/v2\/categories?post=61393"},{"taxonomy":"post_tag","embeddable":true,"href":"https:\/\/www.fraterinternacional.org\/es\/wp-json\/wp\/v2\/tags?post=61393"}],"curies":[{"name":"wp","href":"https:\/\/api.w.org\/{rel}","templated":true}]}}