{"id":61006,"date":"2017-08-21T15:21:40","date_gmt":"2017-08-21T18:21:40","guid":{"rendered":"https:\/\/www.fraterinternacional.org\/?p=61006\/"},"modified":"2017-08-28T14:08:47","modified_gmt":"2017-08-28T17:08:47","slug":"cooperacion-un-puente-para-la-fraternidad","status":"publish","type":"post","link":"https:\/\/www.fraterinternacional.org\/es\/cooperacion-un-puente-para-la-fraternidad\/","title":{"rendered":"Cooperaci\u00f3n, un puente para la fraternidad"},"content":{"rendered":"<div style=\"width: 720px;\" class=\"wp-video\"><!--[if lt IE 9]><script>document.createElement('video');<\/script><![endif]-->\n<video class=\"wp-video-shortcode\" id=\"video-61006-1\" width=\"720\" height=\"100\" preload=\"metadata\" controls=\"controls\"><source type=\"video\/mp4\" src=\"https:\/\/www.fraterinternacional.org\/wp-content\/uploads\/2017\/08\/imp_ins_17_07_28_cooperacao_ponte_fraternidade_hum_con_tri_800_es.mp4?_=1\" \/><a href=\"https:\/\/www.fraterinternacional.org\/wp-content\/uploads\/2017\/08\/imp_ins_17_07_28_cooperacao_ponte_fraternidade_hum_con_tri_800_es.mp4\">https:\/\/www.fraterinternacional.org\/wp-content\/uploads\/2017\/08\/imp_ins_17_07_28_cooperacao_ponte_fraternidade_hum_con_tri_800_es.mp4<\/a><\/video><\/div>\n<h3 style=\"text-align: center;\">Todos hemos sido estimulados a<br \/>\nla convivencia fraterna, al amor y a la paz<\/h3>\n<p style=\"text-align: justify;\"><a href=\"https:\/\/www.fraterinternacional.org\/wp-content\/uploads\/2017\/03\/coelho_criancas.jpg\"><img decoding=\"async\" class=\"alignleft wp-image-50541 size-medium\" src=\"https:\/\/www.fraterinternacional.org\/wp-content\/uploads\/2017\/03\/coelho_criancas-300x169.jpg\" alt=\"\" width=\"300\" height=\"169\" srcset=\"https:\/\/www.fraterinternacional.org\/wp-content\/uploads\/2017\/03\/coelho_criancas-200x112.jpg 200w, https:\/\/www.fraterinternacional.org\/wp-content\/uploads\/2017\/03\/coelho_criancas-300x169.jpg 300w, https:\/\/www.fraterinternacional.org\/wp-content\/uploads\/2017\/03\/coelho_criancas-400x225.jpg 400w, https:\/\/www.fraterinternacional.org\/wp-content\/uploads\/2017\/03\/coelho_criancas-600x337.jpg 600w, https:\/\/www.fraterinternacional.org\/wp-content\/uploads\/2017\/03\/coelho_criancas.jpg 690w\" sizes=\"(max-width: 300px) 100vw, 300px\" \/><\/a>En el transcurso de la evoluci\u00f3n, todos hemos sido estimulados a la convivencia fraterna, al amor y a la paz. A\u00fan, inconscientemente, se aspira a llegar a la verdadera cooperaci\u00f3n.<\/p>\n<h3 style=\"text-align: center;\"><strong>Acci\u00f3n positiva<\/strong><\/h3>\n<p style=\"text-align: justify;\">La aspiraci\u00f3n de vivir y de trabajar en armon\u00eda se transforma en acci\u00f3n positiva cuando se basa en valores espirituales. De hecho, las conductas fraternas van disolviendo el ego\u00edsmo. Movidos por esa voluntad, somos capaces de persistir a\u00fan cuando todo alrededor se opone al hecho de compartir.<\/p>\n<p style=\"text-align: justify;\">La posibilidad de cooperaci\u00f3n entre los seres humanos surge de la b\u00fasqueda de uni\u00f3n de cada uno con su nivel interno, con su alma. Y esa b\u00fasqueda comienza si hay disponibilidad para modificarse a s\u00ed mismo y para no abatirnos con el modo de actuar de los dem\u00e1s. Muchos est\u00e1n pasando por pruebas importantes, y, por medio de ellas, se aproximan a la uni\u00f3n con sus semejantes.<\/p>\n<p style=\"text-align: justify;\">Las estructuras materiales pueden derrumbarse por completo, en pocos instantes, pero quien estuviera desarrollando la voluntad espiritual y mantuviera la fe se sentir\u00e1 seguro. Sobre todo en tiempos turbulentos, como los actuales, es necesario no involucrarse emocionalmente con los acontecimientos externos. Es necesario, tambi\u00e9n, renunciar a conductas ego\u00edstas, porque acarrean limitaciones, sufrimiento y dolor ps\u00edquico.<\/p>\n<p style=\"text-align: justify;\">En la senda de la cooperaci\u00f3n, la neutralidad es la fuente de seguridad y de paz. Nada perturba el coraz\u00f3n ni el pensamiento cuando est\u00e1n ausentes preferencias ego\u00edstas o posiciones separatistas. La uni\u00f3n se consolida si la persona se mantiene equilibrada.<\/p>\n<h3 style=\"text-align: center;\">Donar la propia vida<br \/>\nen prol del bien de todos<\/h3>\n<p style=\"text-align: justify;\">La integraci\u00f3n de la consciencia humana en el trabajo fraterno ensancha sus horizontes, torna sus problemas m\u00e1s simples y la lleva a trascender el ego\u00edsmo y las desarmon\u00edas. As\u00ed comienza el correcto v\u00ednculo con las leyes de una existencia incalculablemente abundante. Para eso se necesita m\u00e1s que la simple disposici\u00f3n para cumplir con las tareas, sino donar la propia vida en prol del bien de todos.<\/p>\n<h3 style=\"text-align: center;\">\u00a0La alegr\u00eda que brota del servicio<\/h3>\n<p style=\"text-align: justify;\">Pero antes de que la donaci\u00f3n se convierta en un gesto natural, se puede descubrir la alegr\u00eda que brota del puro servicio. <img decoding=\"async\" class=\"alignright wp-image-42984 size-medium\" src=\"https:\/\/www.fraterinternacional.org\/wp-content\/uploads\/2017\/01\/Site_FFHI_Chaco-Seleccion.missao-chaco-dezembro-2016-quinto-encontro-01-300x169.jpg\" alt=\"\" width=\"300\" height=\"169\" srcset=\"https:\/\/www.fraterinternacional.org\/wp-content\/uploads\/2017\/01\/Site_FFHI_Chaco-Seleccion.missao-chaco-dezembro-2016-quinto-encontro-01-200x112.jpg 200w, https:\/\/www.fraterinternacional.org\/wp-content\/uploads\/2017\/01\/Site_FFHI_Chaco-Seleccion.missao-chaco-dezembro-2016-quinto-encontro-01-300x169.jpg 300w, https:\/\/www.fraterinternacional.org\/wp-content\/uploads\/2017\/01\/Site_FFHI_Chaco-Seleccion.missao-chaco-dezembro-2016-quinto-encontro-01-400x225.jpg 400w, https:\/\/www.fraterinternacional.org\/wp-content\/uploads\/2017\/01\/Site_FFHI_Chaco-Seleccion.missao-chaco-dezembro-2016-quinto-encontro-01-600x337.jpg 600w, https:\/\/www.fraterinternacional.org\/wp-content\/uploads\/2017\/01\/Site_FFHI_Chaco-Seleccion.missao-chaco-dezembro-2016-quinto-encontro-01.jpg 690w\" sizes=\"(max-width: 300px) 100vw, 300px\" \/>Hay que hacer un gran trabajo, y los que asumen la vida de servicio y de cooperaci\u00f3n, se adaptan al cumplimiento simult\u00e1neo de m\u00faltiples tareas. Que sean agradecidos por tanta oportunidad de ser \u00fatiles.<\/p>\n<h3 style=\"text-align: center;\">Las tareas son un medio de evoluci\u00f3n<\/h3>\n<p>Las tareas son un medio de evoluci\u00f3n y, para un coraz\u00f3n animado por la fraternidad, motivo de alegr\u00eda. Favorece la autodonaci\u00f3n y el olvido de s\u00ed mismo. La actitud sol\u00edcita ocupa el lugar de los antiguos actos ego\u00edstas, y la abundancia finalmente emerge.<\/p>\n<p style=\"text-align: justify;\">Para los que ven en la cooperaci\u00f3n un camino de crecimiento interior, que intenten realizar lo que se considera imposible. El empe\u00f1o humano, alcanza para llevar adelante lo que se considera como imposible, pero para poner en pr\u00e1ctica el esp\u00edritu de fraternidad, es necesario despertar capacidades dormidas o nuevos potenciales.<\/p>\n<p style=\"text-align: justify;\"><strong>Que cuenten con recursos a\u00fan desconocidos,<\/strong> latentes en el interior de los seres. <strong>Es tiempo de premura, urgencia, y fe.<\/strong> Las necesidades reales siempre son suplidas, en la hora correcta, cuando se vive seg\u00fan leyes espirituales elevadas. Y una de esas leyes fue enunciada por Cristo cuando dijo al hombre: \u00abbuscad primero el Reino de los Cielos dentro de ti y todo lo dem\u00e1s ser\u00e1 a\u00f1adido.\u00bb<\/p>\n<h3 style=\"text-align: center;\">La alegr\u00eda del alma<\/h3>\n<p style=\"text-align: justify;\">La cooperaci\u00f3n trae abundancia, que no siempre es una gran cantidad, pero es la cantidad justa con calidad. Es una vibraci\u00f3n de alegr\u00eda del alma que se dona, y se expresa, d\u00eda a d\u00eda, en el mundo de las formas.<\/p>\n<p style=\"text-align: justify;\">Cuando se renuncia al ego\u00edsmo, se puede compartir la verdadera abundancia. Se puede decir, entonces: \u00ab<strong>Nada nos Falta<\/strong>\u00ab.<\/p>\n<h3 style=\"text-align: center;\"><strong>Nada nos falta<\/strong><\/h3>\n<p><strong>Art\u00edculo de referencia:<\/strong>\u00a0<em>Jornal O Tempo, de 10\/jul\/2016<\/em><br \/>\n<strong>Nombre del art\u00edculo<\/strong>: Cooperaci\u00f3n, un puente para la verdadera fraternidad<\/p>\n<div class=\"fusion-aligncenter\"><a class=\"fusion-button button-3d button-small button-custom fusion-button-default button-1 fusion-button-default-span \" style=\"--button_accent_color:#ffffff;--button_accent_hover_color:#dedede;--button_border_hover_color:#dedede;--button_gradient_top_color:#d3b054;--button_gradient_bottom_color:#d3b054;--button_gradient_top_color_hover:#d3b054;--button_gradient_bottom_color_hover:#d3b054;\" target=\"_self\" href=\"https:\/\/www.fraterinternacional.org\/es\/category\/impulsos-para-la-semana\/instruccion-es\/\"><span class=\"fusion-button-text\">Vea Todos<\/span><\/a><\/div>\n<p>&nbsp;<\/p>\n\n\t\t<style type=\"text\/css\">\n\t\t\t#gallery-1 {\n\t\t\t\tmargin: auto;\n\t\t\t}\n\t\t\t#gallery-1 .gallery-item {\n\t\t\t\tfloat: left;\n\t\t\t\tmargin-top: 10px;\n\t\t\t\ttext-align: center;\n\t\t\t\twidth: 20%;\n\t\t\t}\n\t\t\t#gallery-1 img {\n\t\t\t\tborder: 2px solid #cfcfcf;\n\t\t\t}\n\t\t\t#gallery-1 .gallery-caption {\n\t\t\t\tmargin-left: 0;\n\t\t\t}\n\t\t\t\/* see gallery_shortcode() in wp-includes\/media.php *\/\n\t\t<\/style>\n\t\t<div id='gallery-1' class='gallery galleryid-61006 gallery-columns-5 gallery-size-thumbnail'><dl class='gallery-item'>\n\t\t\t<dt class='gallery-icon landscape'>\n\t\t\t\t<a data-rel=\"iLightbox[postimages]\" data-title=\"missao_roraima_criancas_roda_parque\" data-caption=\"\" href='https:\/\/www.fraterinternacional.org\/wp-content\/uploads\/2017\/01\/missao_roraima_criancas_roda_parque.jpg'><img decoding=\"async\" width=\"150\" height=\"150\" src=\"https:\/\/www.fraterinternacional.org\/wp-content\/uploads\/2017\/01\/missao_roraima_criancas_roda_parque-150x150.jpg\" class=\"attachment-thumbnail size-thumbnail\" alt=\"\" \/><\/a>\n\t\t\t<\/dt><\/dl><dl class='gallery-item'>\n\t\t\t<dt class='gallery-icon landscape'>\n\t\t\t\t<a data-rel=\"iLightbox[postimages]\" data-title=\"chaco_missao_7_encontro_pintura_rosto_2\" data-caption=\"\" href='https:\/\/www.fraterinternacional.org\/wp-content\/uploads\/2017\/08\/chaco_missao_7_encontro_pintura_rosto_2.jpg'><img decoding=\"async\" width=\"150\" height=\"150\" src=\"https:\/\/www.fraterinternacional.org\/wp-content\/uploads\/2017\/08\/chaco_missao_7_encontro_pintura_rosto_2-150x150.jpg\" class=\"attachment-thumbnail size-thumbnail\" alt=\"\" \/><\/a>\n\t\t\t<\/dt><\/dl><dl class='gallery-item'>\n\t\t\t<dt class='gallery-icon landscape'>\n\t\t\t\t<a data-rel=\"iLightbox[postimages]\" data-title=\"missionarios_missao_roraima_artesanato_mulheres\" data-caption=\"\" href='https:\/\/www.fraterinternacional.org\/wp-content\/uploads\/2017\/05\/missionarios_missao_roraima_artesanato_mulheres.jpg'><img decoding=\"async\" width=\"150\" height=\"150\" src=\"https:\/\/www.fraterinternacional.org\/wp-content\/uploads\/2017\/05\/missionarios_missao_roraima_artesanato_mulheres-150x150.jpg\" class=\"attachment-thumbnail size-thumbnail\" alt=\"\" \/><\/a>\n\t\t\t<\/dt><\/dl><dl class='gallery-item'>\n\t\t\t<dt class='gallery-icon landscape'>\n\t\t\t\t<a data-rel=\"iLightbox[postimages]\" data-title=\"L1041319\" data-caption=\"\" href='https:\/\/www.fraterinternacional.org\/wp-content\/uploads\/2015\/12\/L1041319.jpg'><img decoding=\"async\" width=\"150\" height=\"150\" src=\"https:\/\/www.fraterinternacional.org\/wp-content\/uploads\/2015\/12\/L1041319-150x150.jpg\" class=\"attachment-thumbnail size-thumbnail\" alt=\"\" srcset=\"https:\/\/www.fraterinternacional.org\/wp-content\/uploads\/2015\/12\/L1041319-45x45.jpg 45w, https:\/\/www.fraterinternacional.org\/wp-content\/uploads\/2015\/12\/L1041319-150x150.jpg 150w\" sizes=\"(max-width: 150px) 100vw, 150px\" \/><\/a>\n\t\t\t<\/dt><\/dl><dl class='gallery-item'>\n\t\t\t<dt class='gallery-icon landscape'>\n\t\t\t\t<a data-rel=\"iLightbox[postimages]\" data-title=\"missao_grecia_caritas_acolhimento_mulheres_e_criancas_01\" data-caption=\"\" href='https:\/\/www.fraterinternacional.org\/wp-content\/uploads\/2017\/01\/missao_grecia_caritas_acolhimento_mulheres_e_criancas_01.jpg'><img decoding=\"async\" width=\"150\" height=\"150\" src=\"https:\/\/www.fraterinternacional.org\/wp-content\/uploads\/2017\/01\/missao_grecia_caritas_acolhimento_mulheres_e_criancas_01-150x150.jpg\" class=\"attachment-thumbnail size-thumbnail\" alt=\"\" \/><\/a>\n\t\t\t<\/dt><\/dl><br style=\"clear: both\" \/><dl class='gallery-item'>\n\t\t\t<dt class='gallery-icon landscape'>\n\t\t\t\t<a data-rel=\"iLightbox[postimages]\" data-title=\"refugiados_missao_roraima_atendimento_saude_crianca1\" data-caption=\"\" href='https:\/\/www.fraterinternacional.org\/wp-content\/uploads\/2017\/01\/refugiados_missao_roraima_atendimento_saude_crianca1.jpg'><img decoding=\"async\" width=\"150\" height=\"150\" src=\"https:\/\/www.fraterinternacional.org\/wp-content\/uploads\/2017\/01\/refugiados_missao_roraima_atendimento_saude_crianca1-150x150.jpg\" class=\"attachment-thumbnail size-thumbnail\" alt=\"\" \/><\/a>\n\t\t\t<\/dt><\/dl><dl class='gallery-item'>\n\t\t\t<dt class='gallery-icon landscape'>\n\t\t\t\t<a data-rel=\"iLightbox[postimages]\" data-title=\"SITE_FFHI_2016-02-05_Mision Chaco-04-02_1\" data-caption=\"\" href='https:\/\/www.fraterinternacional.org\/wp-content\/uploads\/2016\/02\/SITE_FFHI_2016-02-05_Mision-Chaco-04-02_1.jpg'><img decoding=\"async\" width=\"150\" height=\"150\" src=\"https:\/\/www.fraterinternacional.org\/wp-content\/uploads\/2016\/02\/SITE_FFHI_2016-02-05_Mision-Chaco-04-02_1-150x150.jpg\" class=\"attachment-thumbnail size-thumbnail\" alt=\"\" srcset=\"https:\/\/www.fraterinternacional.org\/wp-content\/uploads\/2016\/02\/SITE_FFHI_2016-02-05_Mision-Chaco-04-02_1-45x45.jpg 45w, https:\/\/www.fraterinternacional.org\/wp-content\/uploads\/2016\/02\/SITE_FFHI_2016-02-05_Mision-Chaco-04-02_1-150x150.jpg 150w\" sizes=\"(max-width: 150px) 100vw, 150px\" \/><\/a>\n\t\t\t<\/dt><\/dl><dl class='gallery-item'>\n\t\t\t<dt class='gallery-icon landscape'>\n\t\t\t\t<a data-rel=\"iLightbox[postimages]\" data-title=\"IMG_5953\" data-caption=\"\" href='https:\/\/www.fraterinternacional.org\/wp-content\/uploads\/2015\/12\/IMG_5953.jpg'><img decoding=\"async\" width=\"150\" height=\"150\" src=\"https:\/\/www.fraterinternacional.org\/wp-content\/uploads\/2015\/12\/IMG_5953-150x150.jpg\" class=\"attachment-thumbnail size-thumbnail\" alt=\"\" srcset=\"https:\/\/www.fraterinternacional.org\/wp-content\/uploads\/2015\/12\/IMG_5953-45x45.jpg 45w, https:\/\/www.fraterinternacional.org\/wp-content\/uploads\/2015\/12\/IMG_5953-150x150.jpg 150w\" sizes=\"(max-width: 150px) 100vw, 150px\" \/><\/a>\n\t\t\t<\/dt><\/dl><dl class='gallery-item'>\n\t\t\t<dt class='gallery-icon landscape'>\n\t\t\t\t<a data-rel=\"iLightbox[postimages]\" data-title=\"vivencia-missionaria-noviembre-2016_03\" data-caption=\"\" href='https:\/\/www.fraterinternacional.org\/wp-content\/uploads\/2016\/12\/vivencia-missionaria-noviembre-2016_03.jpg'><img decoding=\"async\" width=\"150\" height=\"150\" src=\"https:\/\/www.fraterinternacional.org\/wp-content\/uploads\/2016\/12\/vivencia-missionaria-noviembre-2016_03-150x150.jpg\" class=\"attachment-thumbnail size-thumbnail\" alt=\"\" \/><\/a>\n\t\t\t<\/dt><\/dl><dl class='gallery-item'>\n\t\t\t<dt class='gallery-icon landscape'>\n\t\t\t\t<a data-rel=\"iLightbox[postimages]\" data-title=\"vivencia_missionaria_grupo_arvores_arte_educacion_03\" data-caption=\"\" href='https:\/\/www.fraterinternacional.org\/wp-content\/uploads\/2017\/06\/vivencia_missionaria_grupo_arvores_arte_educacion_03.jpg'><img decoding=\"async\" width=\"150\" height=\"150\" src=\"https:\/\/www.fraterinternacional.org\/wp-content\/uploads\/2017\/06\/vivencia_missionaria_grupo_arvores_arte_educacion_03-150x150.jpg\" class=\"attachment-thumbnail size-thumbnail\" alt=\"\" \/><\/a>\n\t\t\t<\/dt><\/dl><br style=\"clear: both\" \/>\n\t\t<\/div>\n\n<p>&nbsp;<\/p>\n","protected":false},"excerpt":{"rendered":"<p>Todos hemos sido estimulados a la convivencia fraterna, al amor y a la paz En el transcurso de la evoluci\u00f3n, [&hellip;]<\/p>\n","protected":false},"author":8,"featured_media":24466,"comment_status":"closed","ping_status":"closed","sticky":false,"template":"","format":"standard","meta":{"footnotes":""},"categories":[3237],"tags":[3239],"class_list":["post-61006","post","type-post","status-publish","format-standard","has-post-thumbnail","hentry","category-impulsos-para-la-semana","tag-instruccion-es"],"yoast_head":"<!-- This site is optimized with the Yoast SEO Premium plugin v21.0 (Yoast SEO v21.0) - https:\/\/yoast.com\/wordpress\/plugins\/seo\/ -->\n<title>Cooperaci\u00f3n, un puente para la fraternidad - Impulso Instrucci\u00f3n<\/title>\n<meta name=\"description\" content=\"En el transcurso de la evoluci\u00f3n, todos hemos sido estimulados a la convivencia fraterna, al amor y a la paz. Se puede decir, entonces: &quot;Nada nos Falta&quot;.\" \/>\n<meta name=\"robots\" content=\"index, follow, max-snippet:-1, max-image-preview:large, max-video-preview:-1\" \/>\n<link rel=\"canonical\" href=\"https:\/\/www.fraterinternacional.org\/es\/cooperacion-un-puente-para-la-fraternidad\/\" \/>\n<meta property=\"og:locale\" content=\"es_ES\" \/>\n<meta property=\"og:type\" content=\"article\" \/>\n<meta property=\"og:title\" content=\"Cooperaci\u00f3n, un puente para la fraternidad\" \/>\n<meta property=\"og:description\" content=\"En el transcurso de la evoluci\u00f3n, todos hemos sido estimulados a la convivencia fraterna, al amor y a la paz. Se puede decir, entonces: &quot;Nada nos Falta&quot;.\" \/>\n<meta property=\"og:url\" content=\"https:\/\/www.fraterinternacional.org\/es\/cooperacion-un-puente-para-la-fraternidad\/\" \/>\n<meta property=\"og:site_name\" content=\"Fraternidade - Federa\u00e7\u00e3o Humanit\u00e1ria Internacional\" \/>\n<meta property=\"article:publisher\" content=\"https:\/\/www.facebook.com\/fraternidadehumanitaria\" \/>\n<meta property=\"article:published_time\" content=\"2017-08-21T18:21:40+00:00\" \/>\n<meta property=\"article:modified_time\" content=\"2017-08-28T17:08:47+00:00\" \/>\n<meta property=\"og:image\" content=\"https:\/\/www.fraterinternacional.org\/wp-content\/uploads\/2016\/07\/missionario_vivencia1_julho_2016.jpg\" \/>\n\t<meta property=\"og:image:width\" content=\"690\" \/>\n\t<meta property=\"og:image:height\" content=\"388\" \/>\n\t<meta property=\"og:image:type\" content=\"image\/jpeg\" \/>\n<meta name=\"author\" content=\"FFHI\" \/>\n<meta name=\"twitter:card\" content=\"summary_large_image\" \/>\n<meta name=\"twitter:creator\" content=\"@fraternidadeFHI\" \/>\n<meta name=\"twitter:site\" content=\"@fraternidadeFHI\" \/>\n<meta name=\"twitter:label1\" content=\"Escrito por\" \/>\n\t<meta name=\"twitter:data1\" content=\"FFHI\" \/>\n\t<meta name=\"twitter:label2\" content=\"Tiempo de lectura\" \/>\n\t<meta name=\"twitter:data2\" content=\"4 minutos\" \/>\n<script type=\"application\/ld+json\" class=\"yoast-schema-graph\">{\"@context\":\"https:\/\/schema.org\",\"@graph\":[{\"@type\":\"WebPage\",\"@id\":\"https:\/\/www.fraterinternacional.org\/es\/cooperacion-un-puente-para-la-fraternidad\/\",\"url\":\"https:\/\/www.fraterinternacional.org\/es\/cooperacion-un-puente-para-la-fraternidad\/\",\"name\":\"Cooperaci\u00f3n, un puente para la fraternidad - Impulso Instrucci\u00f3n\",\"isPartOf\":{\"@id\":\"https:\/\/www.fraterinternacional.org\/es\/#website\"},\"datePublished\":\"2017-08-21T18:21:40+00:00\",\"dateModified\":\"2017-08-28T17:08:47+00:00\",\"author\":{\"@id\":\"https:\/\/www.fraterinternacional.org\/es\/#\/schema\/person\/8fd7058ced8aa6a1995cc0feee75819f\"},\"description\":\"En el transcurso de la evoluci\u00f3n, todos hemos sido estimulados a la convivencia fraterna, al amor y a la paz. Se puede decir, entonces: \\\"Nada nos Falta\\\".\",\"breadcrumb\":{\"@id\":\"https:\/\/www.fraterinternacional.org\/es\/cooperacion-un-puente-para-la-fraternidad\/#breadcrumb\"},\"inLanguage\":\"es\",\"potentialAction\":[{\"@type\":\"ReadAction\",\"target\":[\"https:\/\/www.fraterinternacional.org\/es\/cooperacion-un-puente-para-la-fraternidad\/\"]}]},{\"@type\":\"BreadcrumbList\",\"@id\":\"https:\/\/www.fraterinternacional.org\/es\/cooperacion-un-puente-para-la-fraternidad\/#breadcrumb\",\"itemListElement\":[{\"@type\":\"ListItem\",\"position\":1,\"name\":\"In\u00edcio\",\"item\":\"https:\/\/www.fraterinternacional.org\/es\/\"},{\"@type\":\"ListItem\",\"position\":2,\"name\":\"Cooperaci\u00f3n, un puente para la fraternidad\"}]},{\"@type\":\"WebSite\",\"@id\":\"https:\/\/www.fraterinternacional.org\/es\/#website\",\"url\":\"https:\/\/www.fraterinternacional.org\/es\/\",\"name\":\"Fraternidade - Federa\u00e7\u00e3o Humanit\u00e1ria Internacional\",\"description\":\"Fraternidade - Federa\u00e7\u00e3o Humanit\u00e1ria Internacional\",\"potentialAction\":[{\"@type\":\"SearchAction\",\"target\":{\"@type\":\"EntryPoint\",\"urlTemplate\":\"https:\/\/www.fraterinternacional.org\/es\/?s={search_term_string}\"},\"query-input\":\"required name=search_term_string\"}],\"inLanguage\":\"es\"},{\"@type\":\"Person\",\"@id\":\"https:\/\/www.fraterinternacional.org\/es\/#\/schema\/person\/8fd7058ced8aa6a1995cc0feee75819f\",\"name\":\"FFHI\"}]}<\/script>\n<!-- \/ Yoast SEO Premium plugin. -->","yoast_head_json":{"title":"Cooperaci\u00f3n, un puente para la fraternidad - Impulso Instrucci\u00f3n","description":"En el transcurso de la evoluci\u00f3n, todos hemos sido estimulados a la convivencia fraterna, al amor y a la paz. Se puede decir, entonces: \"Nada nos Falta\".","robots":{"index":"index","follow":"follow","max-snippet":"max-snippet:-1","max-image-preview":"max-image-preview:large","max-video-preview":"max-video-preview:-1"},"canonical":"https:\/\/www.fraterinternacional.org\/es\/cooperacion-un-puente-para-la-fraternidad\/","og_locale":"es_ES","og_type":"article","og_title":"Cooperaci\u00f3n, un puente para la fraternidad","og_description":"En el transcurso de la evoluci\u00f3n, todos hemos sido estimulados a la convivencia fraterna, al amor y a la paz. Se puede decir, entonces: \"Nada nos Falta\".","og_url":"https:\/\/www.fraterinternacional.org\/es\/cooperacion-un-puente-para-la-fraternidad\/","og_site_name":"Fraternidade - Federa\u00e7\u00e3o Humanit\u00e1ria Internacional","article_publisher":"https:\/\/www.facebook.com\/fraternidadehumanitaria","article_published_time":"2017-08-21T18:21:40+00:00","article_modified_time":"2017-08-28T17:08:47+00:00","og_image":[{"width":690,"height":388,"url":"https:\/\/www.fraterinternacional.org\/wp-content\/uploads\/2016\/07\/missionario_vivencia1_julho_2016.jpg","type":"image\/jpeg"}],"author":"FFHI","twitter_card":"summary_large_image","twitter_creator":"@fraternidadeFHI","twitter_site":"@fraternidadeFHI","twitter_misc":{"Escrito por":"FFHI","Tiempo de lectura":"4 minutos"},"schema":{"@context":"https:\/\/schema.org","@graph":[{"@type":"WebPage","@id":"https:\/\/www.fraterinternacional.org\/es\/cooperacion-un-puente-para-la-fraternidad\/","url":"https:\/\/www.fraterinternacional.org\/es\/cooperacion-un-puente-para-la-fraternidad\/","name":"Cooperaci\u00f3n, un puente para la fraternidad - Impulso Instrucci\u00f3n","isPartOf":{"@id":"https:\/\/www.fraterinternacional.org\/es\/#website"},"datePublished":"2017-08-21T18:21:40+00:00","dateModified":"2017-08-28T17:08:47+00:00","author":{"@id":"https:\/\/www.fraterinternacional.org\/es\/#\/schema\/person\/8fd7058ced8aa6a1995cc0feee75819f"},"description":"En el transcurso de la evoluci\u00f3n, todos hemos sido estimulados a la convivencia fraterna, al amor y a la paz. Se puede decir, entonces: \"Nada nos Falta\".","breadcrumb":{"@id":"https:\/\/www.fraterinternacional.org\/es\/cooperacion-un-puente-para-la-fraternidad\/#breadcrumb"},"inLanguage":"es","potentialAction":[{"@type":"ReadAction","target":["https:\/\/www.fraterinternacional.org\/es\/cooperacion-un-puente-para-la-fraternidad\/"]}]},{"@type":"BreadcrumbList","@id":"https:\/\/www.fraterinternacional.org\/es\/cooperacion-un-puente-para-la-fraternidad\/#breadcrumb","itemListElement":[{"@type":"ListItem","position":1,"name":"In\u00edcio","item":"https:\/\/www.fraterinternacional.org\/es\/"},{"@type":"ListItem","position":2,"name":"Cooperaci\u00f3n, un puente para la fraternidad"}]},{"@type":"WebSite","@id":"https:\/\/www.fraterinternacional.org\/es\/#website","url":"https:\/\/www.fraterinternacional.org\/es\/","name":"Fraternidade - Federa\u00e7\u00e3o Humanit\u00e1ria Internacional","description":"Fraternidade - Federa\u00e7\u00e3o Humanit\u00e1ria Internacional","potentialAction":[{"@type":"SearchAction","target":{"@type":"EntryPoint","urlTemplate":"https:\/\/www.fraterinternacional.org\/es\/?s={search_term_string}"},"query-input":"required name=search_term_string"}],"inLanguage":"es"},{"@type":"Person","@id":"https:\/\/www.fraterinternacional.org\/es\/#\/schema\/person\/8fd7058ced8aa6a1995cc0feee75819f","name":"FFHI"}]}},"_links":{"self":[{"href":"https:\/\/www.fraterinternacional.org\/es\/wp-json\/wp\/v2\/posts\/61006"}],"collection":[{"href":"https:\/\/www.fraterinternacional.org\/es\/wp-json\/wp\/v2\/posts"}],"about":[{"href":"https:\/\/www.fraterinternacional.org\/es\/wp-json\/wp\/v2\/types\/post"}],"author":[{"embeddable":true,"href":"https:\/\/www.fraterinternacional.org\/es\/wp-json\/wp\/v2\/users\/8"}],"replies":[{"embeddable":true,"href":"https:\/\/www.fraterinternacional.org\/es\/wp-json\/wp\/v2\/comments?post=61006"}],"version-history":[{"count":0,"href":"https:\/\/www.fraterinternacional.org\/es\/wp-json\/wp\/v2\/posts\/61006\/revisions"}],"wp:featuredmedia":[{"embeddable":true,"href":"https:\/\/www.fraterinternacional.org\/es\/wp-json\/wp\/v2\/media\/24466"}],"wp:attachment":[{"href":"https:\/\/www.fraterinternacional.org\/es\/wp-json\/wp\/v2\/media?parent=61006"}],"wp:term":[{"taxonomy":"category","embeddable":true,"href":"https:\/\/www.fraterinternacional.org\/es\/wp-json\/wp\/v2\/categories?post=61006"},{"taxonomy":"post_tag","embeddable":true,"href":"https:\/\/www.fraterinternacional.org\/es\/wp-json\/wp\/v2\/tags?post=61006"}],"curies":[{"name":"wp","href":"https:\/\/api.w.org\/{rel}","templated":true}]}}