{"id":60771,"date":"2017-08-17T13:05:49","date_gmt":"2017-08-17T16:05:49","guid":{"rendered":"https:\/\/www.fraterinternacional.org\/?p=60771\/"},"modified":"2017-08-17T13:05:49","modified_gmt":"2017-08-17T16:05:49","slug":"miedo-consciente-inconsciente","status":"publish","type":"post","link":"https:\/\/www.fraterinternacional.org\/es\/miedo-consciente-inconsciente\/","title":{"rendered":"Los miedos conscientes e inconscientes"},"content":{"rendered":"<div style=\"width: 720px;\" class=\"wp-video\"><!--[if lt IE 9]><script>document.createElement('video');<\/script><![endif]-->\n<video class=\"wp-video-shortcode\" id=\"video-60771-1\" width=\"720\" height=\"100\" preload=\"metadata\" controls=\"controls\"><source type=\"video\/mp4\" src=\"https:\/\/www.fraterinternacional.org\/wp-content\/uploads\/2017\/08\/imp_ins_17_07_28_medo_cons_incons_a_prop\u00f3sito_do_medo_es.mp4?_=1\" \/><a href=\"https:\/\/www.fraterinternacional.org\/wp-content\/uploads\/2017\/08\/imp_ins_17_07_28_medo_cons_incons_a_prop\u00f3sito_do_medo_es.mp4\">https:\/\/www.fraterinternacional.org\/wp-content\/uploads\/2017\/08\/imp_ins_17_07_28_medo_cons_incons_a_prop\u00f3sito_do_medo_es.mp4<\/a><\/video><\/div>\n<h3 style=\"text-align: center;\"><strong>La persona polarizada en los planos materiales,<br \/>\npermanece susceptible al sentimiento del miedo<br \/>\n<\/strong><\/h3>\n<p style=\"text-align: justify;\"><a href=\"https:\/\/www.fraterinternacional.org\/wp-content\/uploads\/2015\/09\/comunidades.jpg\"><img decoding=\"async\" class=\"alignleft wp-image-59169 size-medium\" src=\"https:\/\/www.fraterinternacional.org\/wp-content\/uploads\/2015\/09\/comunidades-300x169.jpg\" alt=\"\" width=\"300\" height=\"169\" srcset=\"https:\/\/www.fraterinternacional.org\/wp-content\/uploads\/2015\/09\/comunidades-200x112.jpg 200w, https:\/\/www.fraterinternacional.org\/wp-content\/uploads\/2015\/09\/comunidades-300x169.jpg 300w, https:\/\/www.fraterinternacional.org\/wp-content\/uploads\/2015\/09\/comunidades-400x225.jpg 400w, https:\/\/www.fraterinternacional.org\/wp-content\/uploads\/2015\/09\/comunidades-600x337.jpg 600w, https:\/\/www.fraterinternacional.org\/wp-content\/uploads\/2015\/09\/comunidades.jpg 690w\" sizes=\"(max-width: 300px) 100vw, 300px\" \/><\/a><\/p>\n<p>&nbsp;<\/p>\n<p style=\"text-align: justify;\">Mientras la persona se mantiene polarizada en los planos materiales, permanece susceptible al sentimiento del miedo. Los miedos subconscientes son m\u00e1s numerosos que los conscientes y est\u00e1n directa o indirectamente ligados al miedo a la muerte, a apegos y a incomprensiones de la verdadera naturaleza del ser, que es inmortal.<\/p>\n<h3 style=\"text-align: center;\"><strong>El miedo de la muerte<\/strong><\/h3>\n<p style=\"text-align: justify;\">La Psicolog\u00eda Esot\u00e9rica cita algunos miedos b\u00e1sicos del ser humano: el de la muerte, o del futuro, o del dolor f\u00edsico y el del fracaso. La palabra muerte es inadecuada para expresar lo que realmente sucede durante el proceso de transici\u00f3n, vivido por el alma, al pasar de los niveles de la consciencia f\u00edsico, emocional, y mental para otros m\u00e1s sutiles. Est\u00e1 ligada a algo que termina, cuando en la realidad, conforme a las leyes naturales y espirituales de la vida, todo se transforma y nada es definitivo. El miedo a la muerte es el fruto de la ignorancia de esas leyes.<\/p>\n<h3 style=\"text-align: center;\">El miedo al futuro<\/h3>\n<p style=\"text-align: justify;\">El miedo al futuro se debe a la capacidad de anticipaci\u00f3n de la mente, capacidad que, m\u00e1s tarde, se transforma en percepci\u00f3n intuitiva. Hasta que esta transformaci\u00f3n suceda, la mente proyecta, sobre el presente, ansiedades, imaginaciones y recuerdos. Tambi\u00e9n el individuo puede tomar como suyas emanaciones del siquismo colectivo, as\u00ed \u00e9l tiene aprehensiones y sentimientos que no se originaron en s\u00ed mismo.<\/p>\n<h3 style=\"text-align: center;\">El miedo al dolor f\u00edsico<\/h3>\n<p style=\"text-align: justify;\">El miedo al dolor f\u00edsico, a su vez, provienen de registros de experiencias del pasado, grabados en el subconsciente, pueden emerger de modo claro o actuar subliminalmente. Muchas enfermedades se agravan por ese miedo, no obstante, se van disolviendo a medida que el individuo no se identifica con sus cuerpos y se eleva espiritualmente.<\/p>\n<h3 style=\"text-align: center;\">El miedo al fracaso<\/h3>\n<p style=\"text-align: justify;\">El miedo al fracaso resulta de la necesidad de autoafirmaci\u00f3n de la personalidad. Desaparece cuando la personalidad es impregnada por el alma, pues el individuo, entonces, comprende que todo lo positivo y correcto que hizo, es, en verdad, realizado por energ\u00edas internas superiores, actuando por su intermedio, y los hechos inadecuados son los realizados humanamente. Este reconocimiento trae paz al yo consciente y profundiza su entrega al yo profundo.<\/p>\n<h3 style=\"text-align: center;\">En <em>Curas por la Qu\u00edmica Oculta<\/em><\/h3>\n<p style=\"text-align: justify;\">En <em>Curas por la Qu\u00edmica Oculta,<\/em> el Dr. Jos\u00e9 Maria Campos agrega: <em>\u00abEl miedo es un estado instalado profundamente en la consciencia del cuerpo f\u00edsico del hombre. Vivencias relevantes, en otras encarnaciones, debido a la acci\u00f3n poderosa de cataclismos naturales, muertes violentas provocadas por el fuego, por el agua y por representantes del Reino Animal, tanto como el hambre, pestes, enfermedades que mutilan, tensiones sobrehumanas, entre tantas otras situaciones, introducir\u00e1n sus vibraciones en el nivel at\u00f3mico del cuerpo f\u00edsico, influir\u00e1n parte de su estructura gen\u00e9tica y se perpetuar\u00e1n.<\/em><\/p>\n<p style=\"text-align: justify;\"><em>Como la materia terrestre se encamina a espacios m\u00e1s sutiles, y como la estructura del hombre, tambi\u00e9n, se distiende, tales n\u00facleos pueden emerger, en parte, en la consciencia externa del ser. Cuando el individuo comienza a constatar, de forma m\u00e1s directa, ese material, pasa a vivenciar momentos de gran angustia y desesperaci\u00f3n que sacuden, profundamente, su estructura ps\u00edquica.\u00bb<\/em><\/p>\n<h3 style=\"text-align: center;\">El individuo, cuando est\u00e1 unido a su propia esencia, nada teme<\/h3>\n<p style=\"text-align: justify;\">Como el miedo es una consecuencia de de haberse involucrado con las fuerzas de la materia y sus ilusiones, el individuo, cuando est\u00e1 unido a su propia esencia, nada teme. La limitaci\u00f3n de la consciencia al \u00e1mbito personal, encierra la idea de posesi\u00f3n, hasta de los cuerpos mismos. Si la criatura silencia la voz de los apegos, de la curiosidad y de la posesividad, nada tiene que temer.<\/p>\n<div class=\"fusion-aligncenter\"><a class=\"fusion-button button-3d button-small button-custom fusion-button-default button-1 fusion-button-default-span \" style=\"--button_accent_color:#ffffff;--button_accent_hover_color:#dedede;--button_border_hover_color:#dedede;--button_gradient_top_color:#d3b054;--button_gradient_bottom_color:#d3b054;--button_gradient_top_color_hover:#d3b054;--button_gradient_bottom_color_hover:#d3b054;\" target=\"_self\" href=\"https:\/\/www.fraterinternacional.org\/es\/category\/impulsos-para-la-semana\/instruccion-es\/\"><span class=\"fusion-button-text\">Vea Todos<\/span><\/a><\/div>\n<p>&nbsp;<\/p>\n<p><a href=\"https:\/\/www.fraterinternacional.org\/wp-content\/uploads\/2017\/08\/pen_17_08_09.jpg\"><img decoding=\"async\" class=\"aligncenter size-full wp-image-59607\" src=\"https:\/\/www.fraterinternacional.org\/wp-content\/uploads\/2017\/08\/pen_17_08_09.jpg\" alt=\"\" width=\"690\" height=\"388\" srcset=\"https:\/\/www.fraterinternacional.org\/wp-content\/uploads\/2017\/08\/pen_17_08_09-200x112.jpg 200w, https:\/\/www.fraterinternacional.org\/wp-content\/uploads\/2017\/08\/pen_17_08_09-300x169.jpg 300w, https:\/\/www.fraterinternacional.org\/wp-content\/uploads\/2017\/08\/pen_17_08_09-400x225.jpg 400w, https:\/\/www.fraterinternacional.org\/wp-content\/uploads\/2017\/08\/pen_17_08_09-600x337.jpg 600w, https:\/\/www.fraterinternacional.org\/wp-content\/uploads\/2017\/08\/pen_17_08_09.jpg 690w\" sizes=\"(max-width: 690px) 100vw, 690px\" \/><\/a><\/p>\n","protected":false},"excerpt":{"rendered":"<p>La persona polarizada en los planos materiales, permanece susceptible al sentimiento del miedo &nbsp; Mientras la persona se mantiene polarizada [&hellip;]<\/p>\n","protected":false},"author":8,"featured_media":60757,"comment_status":"closed","ping_status":"closed","sticky":false,"template":"","format":"standard","meta":{"footnotes":""},"categories":[3237],"tags":[3239],"class_list":["post-60771","post","type-post","status-publish","format-standard","has-post-thumbnail","hentry","category-impulsos-para-la-semana","tag-instruccion-es"],"yoast_head":"<!-- This site is optimized with the Yoast SEO Premium plugin v21.0 (Yoast SEO v21.0) - https:\/\/yoast.com\/wordpress\/plugins\/seo\/ -->\n<title>Los miedos conscientes e inconscientes - Impulsos para la Semana<\/title>\n<meta name=\"description\" content=\"Mientras la persona se mantiene polarizada en los planos materiales, permanece susceptible al sentimiento del miedo. Unida a su propia esencia, nada teme.\" \/>\n<meta name=\"robots\" content=\"index, follow, max-snippet:-1, max-image-preview:large, max-video-preview:-1\" \/>\n<link rel=\"canonical\" href=\"https:\/\/www.fraterinternacional.org\/es\/miedo-consciente-inconsciente\/\" \/>\n<meta property=\"og:locale\" content=\"es_ES\" \/>\n<meta property=\"og:type\" content=\"article\" \/>\n<meta property=\"og:title\" content=\"Los miedos conscientes e inconscientes\" \/>\n<meta property=\"og:description\" content=\"Mientras la persona se mantiene polarizada en los planos materiales, permanece susceptible al sentimiento del miedo. Unida a su propia esencia, nada teme.\" \/>\n<meta property=\"og:url\" content=\"https:\/\/www.fraterinternacional.org\/es\/miedo-consciente-inconsciente\/\" \/>\n<meta property=\"og:site_name\" content=\"Fraternidade - Federa\u00e7\u00e3o Humanit\u00e1ria Internacional\" \/>\n<meta property=\"article:publisher\" content=\"https:\/\/www.facebook.com\/fraternidadehumanitaria\" \/>\n<meta property=\"article:published_time\" content=\"2017-08-17T16:05:49+00:00\" \/>\n<meta property=\"og:image\" content=\"https:\/\/www.fraterinternacional.org\/wp-content\/uploads\/2017\/08\/gira_sol_terras_sol.jpg\" \/>\n\t<meta property=\"og:image:width\" content=\"690\" \/>\n\t<meta property=\"og:image:height\" content=\"388\" \/>\n\t<meta property=\"og:image:type\" content=\"image\/jpeg\" \/>\n<meta name=\"author\" content=\"FFHI\" \/>\n<meta name=\"twitter:card\" content=\"summary_large_image\" \/>\n<meta name=\"twitter:creator\" content=\"@fraternidadeFHI\" \/>\n<meta name=\"twitter:site\" content=\"@fraternidadeFHI\" \/>\n<meta name=\"twitter:label1\" content=\"Escrito por\" \/>\n\t<meta name=\"twitter:data1\" content=\"FFHI\" \/>\n\t<meta name=\"twitter:label2\" content=\"Tiempo de lectura\" \/>\n\t<meta name=\"twitter:data2\" content=\"4 minutos\" \/>\n<script type=\"application\/ld+json\" class=\"yoast-schema-graph\">{\"@context\":\"https:\/\/schema.org\",\"@graph\":[{\"@type\":\"WebPage\",\"@id\":\"https:\/\/www.fraterinternacional.org\/es\/miedo-consciente-inconsciente\/\",\"url\":\"https:\/\/www.fraterinternacional.org\/es\/miedo-consciente-inconsciente\/\",\"name\":\"Los miedos conscientes e inconscientes - Impulsos para la Semana\",\"isPartOf\":{\"@id\":\"https:\/\/www.fraterinternacional.org\/es\/#website\"},\"datePublished\":\"2017-08-17T16:05:49+00:00\",\"dateModified\":\"2017-08-17T16:05:49+00:00\",\"author\":{\"@id\":\"https:\/\/www.fraterinternacional.org\/es\/#\/schema\/person\/8fd7058ced8aa6a1995cc0feee75819f\"},\"description\":\"Mientras la persona se mantiene polarizada en los planos materiales, permanece susceptible al sentimiento del miedo. Unida a su propia esencia, nada teme.\",\"breadcrumb\":{\"@id\":\"https:\/\/www.fraterinternacional.org\/es\/miedo-consciente-inconsciente\/#breadcrumb\"},\"inLanguage\":\"es\",\"potentialAction\":[{\"@type\":\"ReadAction\",\"target\":[\"https:\/\/www.fraterinternacional.org\/es\/miedo-consciente-inconsciente\/\"]}]},{\"@type\":\"BreadcrumbList\",\"@id\":\"https:\/\/www.fraterinternacional.org\/es\/miedo-consciente-inconsciente\/#breadcrumb\",\"itemListElement\":[{\"@type\":\"ListItem\",\"position\":1,\"name\":\"In\u00edcio\",\"item\":\"https:\/\/www.fraterinternacional.org\/es\/\"},{\"@type\":\"ListItem\",\"position\":2,\"name\":\"Los miedos conscientes e inconscientes\"}]},{\"@type\":\"WebSite\",\"@id\":\"https:\/\/www.fraterinternacional.org\/es\/#website\",\"url\":\"https:\/\/www.fraterinternacional.org\/es\/\",\"name\":\"Fraternidade - Federa\u00e7\u00e3o Humanit\u00e1ria Internacional\",\"description\":\"Fraternidade - Federa\u00e7\u00e3o Humanit\u00e1ria Internacional\",\"potentialAction\":[{\"@type\":\"SearchAction\",\"target\":{\"@type\":\"EntryPoint\",\"urlTemplate\":\"https:\/\/www.fraterinternacional.org\/es\/?s={search_term_string}\"},\"query-input\":\"required name=search_term_string\"}],\"inLanguage\":\"es\"},{\"@type\":\"Person\",\"@id\":\"https:\/\/www.fraterinternacional.org\/es\/#\/schema\/person\/8fd7058ced8aa6a1995cc0feee75819f\",\"name\":\"FFHI\"}]}<\/script>\n<!-- \/ Yoast SEO Premium plugin. -->","yoast_head_json":{"title":"Los miedos conscientes e inconscientes - Impulsos para la Semana","description":"Mientras la persona se mantiene polarizada en los planos materiales, permanece susceptible al sentimiento del miedo. Unida a su propia esencia, nada teme.","robots":{"index":"index","follow":"follow","max-snippet":"max-snippet:-1","max-image-preview":"max-image-preview:large","max-video-preview":"max-video-preview:-1"},"canonical":"https:\/\/www.fraterinternacional.org\/es\/miedo-consciente-inconsciente\/","og_locale":"es_ES","og_type":"article","og_title":"Los miedos conscientes e inconscientes","og_description":"Mientras la persona se mantiene polarizada en los planos materiales, permanece susceptible al sentimiento del miedo. Unida a su propia esencia, nada teme.","og_url":"https:\/\/www.fraterinternacional.org\/es\/miedo-consciente-inconsciente\/","og_site_name":"Fraternidade - Federa\u00e7\u00e3o Humanit\u00e1ria Internacional","article_publisher":"https:\/\/www.facebook.com\/fraternidadehumanitaria","article_published_time":"2017-08-17T16:05:49+00:00","og_image":[{"width":690,"height":388,"url":"https:\/\/www.fraterinternacional.org\/wp-content\/uploads\/2017\/08\/gira_sol_terras_sol.jpg","type":"image\/jpeg"}],"author":"FFHI","twitter_card":"summary_large_image","twitter_creator":"@fraternidadeFHI","twitter_site":"@fraternidadeFHI","twitter_misc":{"Escrito por":"FFHI","Tiempo de lectura":"4 minutos"},"schema":{"@context":"https:\/\/schema.org","@graph":[{"@type":"WebPage","@id":"https:\/\/www.fraterinternacional.org\/es\/miedo-consciente-inconsciente\/","url":"https:\/\/www.fraterinternacional.org\/es\/miedo-consciente-inconsciente\/","name":"Los miedos conscientes e inconscientes - Impulsos para la Semana","isPartOf":{"@id":"https:\/\/www.fraterinternacional.org\/es\/#website"},"datePublished":"2017-08-17T16:05:49+00:00","dateModified":"2017-08-17T16:05:49+00:00","author":{"@id":"https:\/\/www.fraterinternacional.org\/es\/#\/schema\/person\/8fd7058ced8aa6a1995cc0feee75819f"},"description":"Mientras la persona se mantiene polarizada en los planos materiales, permanece susceptible al sentimiento del miedo. Unida a su propia esencia, nada teme.","breadcrumb":{"@id":"https:\/\/www.fraterinternacional.org\/es\/miedo-consciente-inconsciente\/#breadcrumb"},"inLanguage":"es","potentialAction":[{"@type":"ReadAction","target":["https:\/\/www.fraterinternacional.org\/es\/miedo-consciente-inconsciente\/"]}]},{"@type":"BreadcrumbList","@id":"https:\/\/www.fraterinternacional.org\/es\/miedo-consciente-inconsciente\/#breadcrumb","itemListElement":[{"@type":"ListItem","position":1,"name":"In\u00edcio","item":"https:\/\/www.fraterinternacional.org\/es\/"},{"@type":"ListItem","position":2,"name":"Los miedos conscientes e inconscientes"}]},{"@type":"WebSite","@id":"https:\/\/www.fraterinternacional.org\/es\/#website","url":"https:\/\/www.fraterinternacional.org\/es\/","name":"Fraternidade - Federa\u00e7\u00e3o Humanit\u00e1ria Internacional","description":"Fraternidade - Federa\u00e7\u00e3o Humanit\u00e1ria Internacional","potentialAction":[{"@type":"SearchAction","target":{"@type":"EntryPoint","urlTemplate":"https:\/\/www.fraterinternacional.org\/es\/?s={search_term_string}"},"query-input":"required name=search_term_string"}],"inLanguage":"es"},{"@type":"Person","@id":"https:\/\/www.fraterinternacional.org\/es\/#\/schema\/person\/8fd7058ced8aa6a1995cc0feee75819f","name":"FFHI"}]}},"_links":{"self":[{"href":"https:\/\/www.fraterinternacional.org\/es\/wp-json\/wp\/v2\/posts\/60771"}],"collection":[{"href":"https:\/\/www.fraterinternacional.org\/es\/wp-json\/wp\/v2\/posts"}],"about":[{"href":"https:\/\/www.fraterinternacional.org\/es\/wp-json\/wp\/v2\/types\/post"}],"author":[{"embeddable":true,"href":"https:\/\/www.fraterinternacional.org\/es\/wp-json\/wp\/v2\/users\/8"}],"replies":[{"embeddable":true,"href":"https:\/\/www.fraterinternacional.org\/es\/wp-json\/wp\/v2\/comments?post=60771"}],"version-history":[{"count":0,"href":"https:\/\/www.fraterinternacional.org\/es\/wp-json\/wp\/v2\/posts\/60771\/revisions"}],"wp:featuredmedia":[{"embeddable":true,"href":"https:\/\/www.fraterinternacional.org\/es\/wp-json\/wp\/v2\/media\/60757"}],"wp:attachment":[{"href":"https:\/\/www.fraterinternacional.org\/es\/wp-json\/wp\/v2\/media?parent=60771"}],"wp:term":[{"taxonomy":"category","embeddable":true,"href":"https:\/\/www.fraterinternacional.org\/es\/wp-json\/wp\/v2\/categories?post=60771"},{"taxonomy":"post_tag","embeddable":true,"href":"https:\/\/www.fraterinternacional.org\/es\/wp-json\/wp\/v2\/tags?post=60771"}],"curies":[{"name":"wp","href":"https:\/\/api.w.org\/{rel}","templated":true}]}}