{"id":58680,"date":"2017-07-25T10:08:45","date_gmt":"2017-07-25T13:08:45","guid":{"rendered":"https:\/\/www.fraterinternacional.org\/?p=58680\/"},"modified":"2017-07-25T10:08:45","modified_gmt":"2017-07-25T13:08:45","slug":"accion-abnegada-humildad","status":"publish","type":"post","link":"https:\/\/www.fraterinternacional.org\/es\/accion-abnegada-humildad\/","title":{"rendered":"La acci\u00f3n abnegada y la humildad"},"content":{"rendered":"<div style=\"width: 720px;\" class=\"wp-video\"><!--[if lt IE 9]><script>document.createElement('video');<\/script><![endif]-->\n<video class=\"wp-video-shortcode\" id=\"video-58680-1\" width=\"720\" height=\"100\" preload=\"metadata\" controls=\"controls\"><source type=\"video\/mp4\" src=\"https:\/\/www.fraterinternacional.org\/wp-content\/uploads\/2017\/07\/imp_ins_17_07_09_acao_abnegada_humildade_tri_men_tri_12_2_esp.mp4?_=1\" \/><a href=\"https:\/\/www.fraterinternacional.org\/wp-content\/uploads\/2017\/07\/imp_ins_17_07_09_acao_abnegada_humildade_tri_men_tri_12_2_esp.mp4\">https:\/\/www.fraterinternacional.org\/wp-content\/uploads\/2017\/07\/imp_ins_17_07_09_acao_abnegada_humildade_tri_men_tri_12_2_esp.mp4<\/a><\/video><\/div>\n<h3 style=\"text-align: center;\"><strong>Camino evolutivo y ascensi\u00f3n espiritual<\/strong><\/h3>\n<p style=\"text-align: justify;\"><a href=\"https:\/\/www.fraterinternacional.org\/wp-content\/uploads\/2017\/07\/deserto_interior_caminho.jpg\"><img decoding=\"async\" class=\"alignleft size-medium wp-image-58674\" src=\"https:\/\/www.fraterinternacional.org\/wp-content\/uploads\/2017\/07\/deserto_interior_caminho-300x169.jpg\" alt=\"\" width=\"300\" height=\"169\" srcset=\"https:\/\/www.fraterinternacional.org\/wp-content\/uploads\/2017\/07\/deserto_interior_caminho-200x112.jpg 200w, https:\/\/www.fraterinternacional.org\/wp-content\/uploads\/2017\/07\/deserto_interior_caminho-300x169.jpg 300w, https:\/\/www.fraterinternacional.org\/wp-content\/uploads\/2017\/07\/deserto_interior_caminho-400x225.jpg 400w, https:\/\/www.fraterinternacional.org\/wp-content\/uploads\/2017\/07\/deserto_interior_caminho-600x337.jpg 600w, https:\/\/www.fraterinternacional.org\/wp-content\/uploads\/2017\/07\/deserto_interior_caminho.jpg 690w\" sizes=\"(max-width: 300px) 100vw, 300px\" \/><\/a>En etapas m\u00e1s adelantadas del camino evolutivo y de ascensi\u00f3n espiritual, el ser tiene contacto con la verdadera vida abnegada, a trav\u00e9s de la experiencia directa. Este vivir abnegado no es un simple acto de caridad y s\u00ed, poco a poco pasar a ser la propia expresi\u00f3n de la caridad, olvid\u00e1ndose totalmente de s\u00ed en beneficio del bien al pr\u00f3jimo. Es dejarse sustentar por Dios que todo ve y\u00a0 todo sabe, y permitir \u00a0ser regido por Leyes Espirituales hasta entonces desconocidas, donde el Universo parece moverse para atender las necesidades reales que se presentan, donde se torna instrumento para suplir esas necesidades.<\/p>\n<p style=\"text-align: justify;\">Y as\u00ed verdaderos milagros comienzan a ocurrir, en la medida que la persona sale de s\u00ed misma y vive a Cristo en el pr\u00f3jimo. Mientras se abren las puertas para que la Gracia act\u00fae, mayor caudal de energ\u00eda c\u00f3smica puede ingresar en la vida de los seres que reciben aquello que ya les pertenec\u00eda, pero que no ten\u00edan acceso por no abrir las puertas correctamente.<\/p>\n<h3 style=\"text-align: center;\"><strong>Oraci\u00f3n y ense\u00f1anzas<\/strong><\/h3>\n<p style=\"text-align: justify;\">Para consumar este estado, el ser tiene consigo la oraci\u00f3n y las ense\u00f1anzas de las m\u00e1s simples y universales palabras de Dios. Pero, algunos de aquellos que comienzan a despertar a partir de Sus Palabras y de Su Ejemplo cumplen con una tendencia humana de transferir al objeto de su devoci\u00f3n para aquello que puede ver materializado delante de sus ojos. Y as\u00ed, algunos comienzan a ver a ese ser m\u00e1s adelantado espiritualmente como hombre santo, como hombre de milagros e incluso est\u00e1n aquellos que quieren tornarse dependientes de \u00e9l, para poder utilizarlo como una muleta, para as\u00ed no cumplir como deben su propio camino de ascensi\u00f3n.<\/p>\n<h3 style=\"text-align: center;\"><strong>La senda de la humildad<\/strong><\/h3>\n<p style=\"text-align: justify;\">En este punto, el ser evolucionado debe retomar la lecci\u00f3n que aprendi\u00f3 cuando a\u00fan daba los primeros pasos y recorrer sin cesar la senda de la humildad. Ahora bien, sin ella no habr\u00eda podido llegar hasta este punto, pues el orgullo humano no da tregua en ninguna parte del camino ascensional. \u00c9l se enmascara, se oculta e inclusive se sutiliza, pero no desaparece, y siempre est\u00e1 preparado para entrar en escena a la menor se\u00f1al de descuido.<\/p>\n<p style=\"text-align: justify;\">Aquel que ya alcanz\u00f3 este estado y no quiere dejarse enredar m\u00e1s en la red del propio orgullo debe realizar el ejercicio de transformar cada pensamiento, sentimiento o acci\u00f3n que hubiere efectuado en acci\u00f3n abnegada por el bien del pr\u00f3jimo, acci\u00f3n en la cual se \u00abdisminuye\u00bb delante del otro para que el Se\u00f1or pueda prevalecer sobre \u00e9l. Como una ceremonia para los d\u00edas actuales, adem\u00e1s de postrarse ante Dios, el ap\u00f3stol se postra simb\u00f3licamente ante las criaturas, a trav\u00e9s de las acciones abnegadas, sabiendo internamente que se est\u00e1 postrando ante Dios.<\/p>\n<p style=\"text-align: justify;\">Esas acciones ser\u00edan consideradas humillantes para la gran mayor\u00eda de las personas, pero, para quien ascendi\u00f3 es su acto de penitencia que nunca lo hiere en ning\u00fan nivel y siempre ejerce el bien a otro hermano. Sin embargo, el \u00fanico n\u00facleo que sufrir\u00e1 una y otra vez con esos actos de penitencia ser\u00e1 su ego, que por momentos se sentir\u00e1 tan grande, que solamente por medio de esas simb\u00f3licas postraciones\u00a0 se redimensionar\u00e1 y cerrar\u00e1 todas las puertas a la involuci\u00f3n, que siempre estar\u00e1 atento para tornarlo grande.<\/p>\n<h3 style=\"text-align: center;\">Cuidar con vigilancia<\/h3>\n<p style=\"text-align: justify;\">Ese ser debe cuidar con vigilancia absoluta para no ser asaltado, en la calma de la noche, por sus propios aspectos ego\u00edstas, porque la Gracia que podr\u00eda encontrar en \u00e9l un canal para descender, de esa manera, est\u00e1 imposibilitada de actuar.<\/p>\n<p style=\"text-align: justify;\"><strong>Art\u00edculo de referencia:<\/strong> Jornal O Tempo, del 13\/nov\/16<br \/>\n<strong>Nombre del art\u00edculo:<\/strong> <em>A humildade como condi\u00e7\u00e3o para express\u00e3o do amor de Deus<\/em> (La humildad como condici\u00f3n para la expresi\u00f3n del amor de Dios).<br \/>\n<strong>Audio de Irdin: <\/strong>Mensagens de Trigueirinho em 2012 \u2013 Vol. 2 &#8211;\u00a0de 0&#8217;19 a 5&#8217;56<br \/>\n<strong style=\"text-align: justify;\">Audio completo:\u00a0<\/strong><a href=\"http:\/\/www.irdin.org.br\/acervo\/detalhes\/12436\">http:\/\/www.irdin.org.br\/acervo\/detalhes\/12436<\/a><\/p>\n<div class=\"fusion-aligncenter\"><a class=\"fusion-button button-3d button-small button-custom fusion-button-default button-1 fusion-button-default-span \" style=\"--button_accent_color:#ffffff;--button_accent_hover_color:#dedede;--button_border_hover_color:#dedede;--button_gradient_top_color:#d3b054;--button_gradient_bottom_color:#d3b054;--button_gradient_top_color_hover:#d3b054;--button_gradient_bottom_color_hover:#d3b054;\" target=\"_self\" href=\"https:\/\/www.fraterinternacional.org\/es\/category\/impulsos-para-la-semana\/instruccion-es\/\"><span class=\"fusion-button-text\">Vea todos<\/span><\/a><\/div>\n<p>&nbsp;<\/p>\n<p><a href=\"https:\/\/www.fraterinternacional.org\/wp-content\/uploads\/2017\/07\/arco_iris_arvoredo.jpg\"><img decoding=\"async\" class=\"aligncenter wp-image-58671 size-full\" src=\"https:\/\/www.fraterinternacional.org\/wp-content\/uploads\/2017\/07\/arco_iris_arvoredo.jpg\" alt=\"\" width=\"690\" height=\"388\" srcset=\"https:\/\/www.fraterinternacional.org\/wp-content\/uploads\/2017\/07\/arco_iris_arvoredo-200x112.jpg 200w, https:\/\/www.fraterinternacional.org\/wp-content\/uploads\/2017\/07\/arco_iris_arvoredo-300x169.jpg 300w, https:\/\/www.fraterinternacional.org\/wp-content\/uploads\/2017\/07\/arco_iris_arvoredo-400x225.jpg 400w, https:\/\/www.fraterinternacional.org\/wp-content\/uploads\/2017\/07\/arco_iris_arvoredo-600x337.jpg 600w, https:\/\/www.fraterinternacional.org\/wp-content\/uploads\/2017\/07\/arco_iris_arvoredo.jpg 690w\" sizes=\"(max-width: 690px) 100vw, 690px\" \/><\/a><\/p>\n","protected":false},"excerpt":{"rendered":"<p>Camino evolutivo y ascensi\u00f3n espiritual En etapas m\u00e1s adelantadas del camino evolutivo y de ascensi\u00f3n espiritual, el ser tiene contacto [&hellip;]<\/p>\n","protected":false},"author":8,"featured_media":58673,"comment_status":"closed","ping_status":"closed","sticky":false,"template":"","format":"standard","meta":{"footnotes":""},"categories":[3237],"tags":[3239],"class_list":["post-58680","post","type-post","status-publish","format-standard","has-post-thumbnail","hentry","category-impulsos-para-la-semana","tag-instruccion-es"],"yoast_head":"<!-- This site is optimized with the Yoast SEO Premium plugin v21.0 (Yoast SEO v21.0) - https:\/\/yoast.com\/wordpress\/plugins\/seo\/ -->\n<title>La acci\u00f3n abnegada y la humildad - Impulsos para la Semana - Instrucci\u00f3n<\/title>\n<meta name=\"description\" content=\"El ser evolucionado debe retomar la lecci\u00f3n que aprendi\u00f3 cuando a\u00fan daba los primeros pasos y recorrer sin cesar la senda de la humildad.\" \/>\n<meta name=\"robots\" content=\"index, follow, max-snippet:-1, max-image-preview:large, max-video-preview:-1\" \/>\n<link rel=\"canonical\" href=\"https:\/\/www.fraterinternacional.org\/es\/accion-abnegada-humildad\/\" \/>\n<meta property=\"og:locale\" content=\"es_ES\" \/>\n<meta property=\"og:type\" content=\"article\" \/>\n<meta property=\"og:title\" content=\"La acci\u00f3n abnegada y la humildad\" \/>\n<meta property=\"og:description\" content=\"El ser evolucionado debe retomar la lecci\u00f3n que aprendi\u00f3 cuando a\u00fan daba los primeros pasos y recorrer sin cesar la senda de la humildad.\" \/>\n<meta property=\"og:url\" content=\"https:\/\/www.fraterinternacional.org\/es\/accion-abnegada-humildad\/\" \/>\n<meta property=\"og:site_name\" content=\"Fraternidade - Federa\u00e7\u00e3o Humanit\u00e1ria Internacional\" \/>\n<meta property=\"article:publisher\" content=\"https:\/\/www.facebook.com\/fraternidadehumanitaria\" \/>\n<meta property=\"article:published_time\" content=\"2017-07-25T13:08:45+00:00\" \/>\n<meta property=\"og:image\" content=\"https:\/\/www.fraterinternacional.org\/wp-content\/uploads\/2017\/07\/arco_iris_arvoredo.jpg\" \/>\n\t<meta property=\"og:image:width\" content=\"690\" \/>\n\t<meta property=\"og:image:height\" content=\"388\" \/>\n\t<meta property=\"og:image:type\" content=\"image\/jpeg\" \/>\n<meta name=\"author\" content=\"FFHI\" \/>\n<meta name=\"twitter:card\" content=\"summary_large_image\" \/>\n<meta name=\"twitter:creator\" content=\"@fraternidadeFHI\" \/>\n<meta name=\"twitter:site\" content=\"@fraternidadeFHI\" \/>\n<meta name=\"twitter:label1\" content=\"Escrito por\" \/>\n\t<meta name=\"twitter:data1\" content=\"FFHI\" \/>\n\t<meta name=\"twitter:label2\" content=\"Tiempo de lectura\" \/>\n\t<meta name=\"twitter:data2\" content=\"4 minutos\" \/>\n<script type=\"application\/ld+json\" class=\"yoast-schema-graph\">{\"@context\":\"https:\/\/schema.org\",\"@graph\":[{\"@type\":\"WebPage\",\"@id\":\"https:\/\/www.fraterinternacional.org\/es\/accion-abnegada-humildad\/\",\"url\":\"https:\/\/www.fraterinternacional.org\/es\/accion-abnegada-humildad\/\",\"name\":\"La acci\u00f3n abnegada y la humildad - Impulsos para la Semana - Instrucci\u00f3n\",\"isPartOf\":{\"@id\":\"https:\/\/www.fraterinternacional.org\/es\/#website\"},\"datePublished\":\"2017-07-25T13:08:45+00:00\",\"dateModified\":\"2017-07-25T13:08:45+00:00\",\"author\":{\"@id\":\"https:\/\/www.fraterinternacional.org\/es\/#\/schema\/person\/8fd7058ced8aa6a1995cc0feee75819f\"},\"description\":\"El ser evolucionado debe retomar la lecci\u00f3n que aprendi\u00f3 cuando a\u00fan daba los primeros pasos y recorrer sin cesar la senda de la humildad.\",\"breadcrumb\":{\"@id\":\"https:\/\/www.fraterinternacional.org\/es\/accion-abnegada-humildad\/#breadcrumb\"},\"inLanguage\":\"es\",\"potentialAction\":[{\"@type\":\"ReadAction\",\"target\":[\"https:\/\/www.fraterinternacional.org\/es\/accion-abnegada-humildad\/\"]}]},{\"@type\":\"BreadcrumbList\",\"@id\":\"https:\/\/www.fraterinternacional.org\/es\/accion-abnegada-humildad\/#breadcrumb\",\"itemListElement\":[{\"@type\":\"ListItem\",\"position\":1,\"name\":\"In\u00edcio\",\"item\":\"https:\/\/www.fraterinternacional.org\/es\/\"},{\"@type\":\"ListItem\",\"position\":2,\"name\":\"La acci\u00f3n abnegada y la humildad\"}]},{\"@type\":\"WebSite\",\"@id\":\"https:\/\/www.fraterinternacional.org\/es\/#website\",\"url\":\"https:\/\/www.fraterinternacional.org\/es\/\",\"name\":\"Fraternidade - Federa\u00e7\u00e3o Humanit\u00e1ria Internacional\",\"description\":\"Fraternidade - Federa\u00e7\u00e3o Humanit\u00e1ria Internacional\",\"potentialAction\":[{\"@type\":\"SearchAction\",\"target\":{\"@type\":\"EntryPoint\",\"urlTemplate\":\"https:\/\/www.fraterinternacional.org\/es\/?s={search_term_string}\"},\"query-input\":\"required name=search_term_string\"}],\"inLanguage\":\"es\"},{\"@type\":\"Person\",\"@id\":\"https:\/\/www.fraterinternacional.org\/es\/#\/schema\/person\/8fd7058ced8aa6a1995cc0feee75819f\",\"name\":\"FFHI\"}]}<\/script>\n<!-- \/ Yoast SEO Premium plugin. -->","yoast_head_json":{"title":"La acci\u00f3n abnegada y la humildad - Impulsos para la Semana - Instrucci\u00f3n","description":"El ser evolucionado debe retomar la lecci\u00f3n que aprendi\u00f3 cuando a\u00fan daba los primeros pasos y recorrer sin cesar la senda de la humildad.","robots":{"index":"index","follow":"follow","max-snippet":"max-snippet:-1","max-image-preview":"max-image-preview:large","max-video-preview":"max-video-preview:-1"},"canonical":"https:\/\/www.fraterinternacional.org\/es\/accion-abnegada-humildad\/","og_locale":"es_ES","og_type":"article","og_title":"La acci\u00f3n abnegada y la humildad","og_description":"El ser evolucionado debe retomar la lecci\u00f3n que aprendi\u00f3 cuando a\u00fan daba los primeros pasos y recorrer sin cesar la senda de la humildad.","og_url":"https:\/\/www.fraterinternacional.org\/es\/accion-abnegada-humildad\/","og_site_name":"Fraternidade - Federa\u00e7\u00e3o Humanit\u00e1ria Internacional","article_publisher":"https:\/\/www.facebook.com\/fraternidadehumanitaria","article_published_time":"2017-07-25T13:08:45+00:00","og_image":[{"width":690,"height":388,"url":"https:\/\/www.fraterinternacional.org\/wp-content\/uploads\/2017\/07\/arco_iris_arvoredo.jpg","type":"image\/jpeg"}],"author":"FFHI","twitter_card":"summary_large_image","twitter_creator":"@fraternidadeFHI","twitter_site":"@fraternidadeFHI","twitter_misc":{"Escrito por":"FFHI","Tiempo de lectura":"4 minutos"},"schema":{"@context":"https:\/\/schema.org","@graph":[{"@type":"WebPage","@id":"https:\/\/www.fraterinternacional.org\/es\/accion-abnegada-humildad\/","url":"https:\/\/www.fraterinternacional.org\/es\/accion-abnegada-humildad\/","name":"La acci\u00f3n abnegada y la humildad - Impulsos para la Semana - Instrucci\u00f3n","isPartOf":{"@id":"https:\/\/www.fraterinternacional.org\/es\/#website"},"datePublished":"2017-07-25T13:08:45+00:00","dateModified":"2017-07-25T13:08:45+00:00","author":{"@id":"https:\/\/www.fraterinternacional.org\/es\/#\/schema\/person\/8fd7058ced8aa6a1995cc0feee75819f"},"description":"El ser evolucionado debe retomar la lecci\u00f3n que aprendi\u00f3 cuando a\u00fan daba los primeros pasos y recorrer sin cesar la senda de la humildad.","breadcrumb":{"@id":"https:\/\/www.fraterinternacional.org\/es\/accion-abnegada-humildad\/#breadcrumb"},"inLanguage":"es","potentialAction":[{"@type":"ReadAction","target":["https:\/\/www.fraterinternacional.org\/es\/accion-abnegada-humildad\/"]}]},{"@type":"BreadcrumbList","@id":"https:\/\/www.fraterinternacional.org\/es\/accion-abnegada-humildad\/#breadcrumb","itemListElement":[{"@type":"ListItem","position":1,"name":"In\u00edcio","item":"https:\/\/www.fraterinternacional.org\/es\/"},{"@type":"ListItem","position":2,"name":"La acci\u00f3n abnegada y la humildad"}]},{"@type":"WebSite","@id":"https:\/\/www.fraterinternacional.org\/es\/#website","url":"https:\/\/www.fraterinternacional.org\/es\/","name":"Fraternidade - Federa\u00e7\u00e3o Humanit\u00e1ria Internacional","description":"Fraternidade - Federa\u00e7\u00e3o Humanit\u00e1ria Internacional","potentialAction":[{"@type":"SearchAction","target":{"@type":"EntryPoint","urlTemplate":"https:\/\/www.fraterinternacional.org\/es\/?s={search_term_string}"},"query-input":"required name=search_term_string"}],"inLanguage":"es"},{"@type":"Person","@id":"https:\/\/www.fraterinternacional.org\/es\/#\/schema\/person\/8fd7058ced8aa6a1995cc0feee75819f","name":"FFHI"}]}},"_links":{"self":[{"href":"https:\/\/www.fraterinternacional.org\/es\/wp-json\/wp\/v2\/posts\/58680"}],"collection":[{"href":"https:\/\/www.fraterinternacional.org\/es\/wp-json\/wp\/v2\/posts"}],"about":[{"href":"https:\/\/www.fraterinternacional.org\/es\/wp-json\/wp\/v2\/types\/post"}],"author":[{"embeddable":true,"href":"https:\/\/www.fraterinternacional.org\/es\/wp-json\/wp\/v2\/users\/8"}],"replies":[{"embeddable":true,"href":"https:\/\/www.fraterinternacional.org\/es\/wp-json\/wp\/v2\/comments?post=58680"}],"version-history":[{"count":0,"href":"https:\/\/www.fraterinternacional.org\/es\/wp-json\/wp\/v2\/posts\/58680\/revisions"}],"wp:featuredmedia":[{"embeddable":true,"href":"https:\/\/www.fraterinternacional.org\/es\/wp-json\/wp\/v2\/media\/58673"}],"wp:attachment":[{"href":"https:\/\/www.fraterinternacional.org\/es\/wp-json\/wp\/v2\/media?parent=58680"}],"wp:term":[{"taxonomy":"category","embeddable":true,"href":"https:\/\/www.fraterinternacional.org\/es\/wp-json\/wp\/v2\/categories?post=58680"},{"taxonomy":"post_tag","embeddable":true,"href":"https:\/\/www.fraterinternacional.org\/es\/wp-json\/wp\/v2\/tags?post=58680"}],"curies":[{"name":"wp","href":"https:\/\/api.w.org\/{rel}","templated":true}]}}