{"id":58163,"date":"2017-07-17T09:51:59","date_gmt":"2017-07-17T12:51:59","guid":{"rendered":"https:\/\/www.fraterinternacional.org\/?p=58163\/"},"modified":"2017-07-17T09:51:59","modified_gmt":"2017-07-17T12:51:59","slug":"inmunidad-6-poder-oracion-escudo-remedio","status":"publish","type":"post","link":"https:\/\/www.fraterinternacional.org\/es\/inmunidad-6-poder-oracion-escudo-remedio\/","title":{"rendered":"Inmunidad 6 &#8211; El Poder de la Oraci\u00f3n: Escudo y Remedio"},"content":{"rendered":"<div class=\"fusion-fullwidth fullwidth-box fusion-builder-row-1 nonhundred-percent-fullwidth non-hundred-percent-height-scrolling\" style=\"--awb-border-radius-top-left:0px;--awb-border-radius-top-right:0px;--awb-border-radius-bottom-right:0px;--awb-border-radius-bottom-left:0px;--awb-flex-wrap:wrap;\" ><div class=\"fusion-builder-row fusion-row\"><div class=\"fusion-layout-column fusion_builder_column fusion-builder-column-0 fusion_builder_column_1_1 1_1 fusion-one-full fusion-column-first fusion-column-last\" style=\"--awb-bg-size:cover;--awb-margin-bottom:0px;\"><div class=\"fusion-column-wrapper fusion-flex-column-wrapper-legacy\"><div class=\"fusion-text fusion-text-1\"><h3 style=\"text-align: center;\"><strong>El Poder de la Oraci\u00f3n: Escudo y Remedio Espiritual contra toda infecci\u00f3n<\/strong><\/h3>\n<p style=\"text-align: justify;\"><a href=\"https:\/\/www.fraterinternacional.org\/wp-content\/uploads\/2017\/07\/imp_ora_orac_d_2.jpg\"><img decoding=\"async\" class=\"alignleft wp-image-58173 size-medium\" src=\"https:\/\/www.fraterinternacional.org\/wp-content\/uploads\/2017\/07\/imp_ora_orac_d_2-300x169.jpg\" alt=\"\" width=\"300\" height=\"169\" srcset=\"https:\/\/www.fraterinternacional.org\/wp-content\/uploads\/2017\/07\/imp_ora_orac_d_2-200x112.jpg 200w, https:\/\/www.fraterinternacional.org\/wp-content\/uploads\/2017\/07\/imp_ora_orac_d_2-300x169.jpg 300w, https:\/\/www.fraterinternacional.org\/wp-content\/uploads\/2017\/07\/imp_ora_orac_d_2-400x225.jpg 400w, https:\/\/www.fraterinternacional.org\/wp-content\/uploads\/2017\/07\/imp_ora_orac_d_2-600x337.jpg 600w, https:\/\/www.fraterinternacional.org\/wp-content\/uploads\/2017\/07\/imp_ora_orac_d_2.jpg 690w\" sizes=\"(max-width: 300px) 100vw, 300px\" \/><\/a>Transcribo aqu\u00ed, \u00edntegramente, el <a href=\"http:\/\/www.divinamadre.org\/es\/mensaje-de-maria\/sabado-12-de-noviembre-de-2016\" target=\"_blank\" rel=\"noopener\">Mensaje de Mar\u00eda, Rosa de la Paz, del d\u00eda 12 de noviembre de 2016<\/a>. Para muchos podr\u00e1 no sonar bien, no tiene importancia. A\u00fan as\u00ed int\u00e9nte leer hasta el final; rec\u00edbalo, simplemente con el coraz\u00f3n, solo como informaci\u00f3n, sin aprobar o desaprobar. Ya es un primer paso, y nadie se arrepentir\u00e1 de haberlo hecho.<\/p>\n<p style=\"text-align: justify;\">Deje entonces que la energ\u00eda del mensaje entre y act\u00fae, en silencio, en lo profundo del ser. Vuelva a releerlo. Una semilla, para germinar fuerte y saludable, debe desarrollarse correctamente y dar sus frutos, necesita de atenci\u00f3n, cuidados y, antes que nada, de amor.<\/p>\n<h3 style=\"text-align: center;\"><em>Af\u00edrmense en el poder de la oraci\u00f3n<\/em><\/h3>\n<p style=\"text-align: justify;\"><em>En los tiempos que llegar\u00e1n, la humanidad se purificar\u00e1 violentamente y esto no ser\u00e1 as\u00ed porque el Padre Eterno lo establezca, sino que la purificaci\u00f3n de la humanidad vendr\u00e1 de la mano de todas las acciones incoherentes que llevar\u00e1 a cabo el hombre de superficie, lo que afectar\u00e1 a muchas personas.<\/em><\/p>\n<p style=\"text-align: justify;\"><em>Es as\u00ed que la oraci\u00f3n en estos tiempos ser\u00e1 el escudo y al mismo tiempo el remedio espiritual contra toda infecci\u00f3n mental, ps\u00edquica y emocional, consecuencia del desajuste global que la humanidad ha atra\u00eddo hacia s\u00ed y hacia los Reinos de la Naturaleza.<\/em><\/p>\n<p style=\"text-align: justify;\"><em>La oraci\u00f3n revestir\u00e1 de luz y de paz a quien la practique de coraz\u00f3n y no por obligaci\u00f3n.\u00a0Por otra parte la humanidad no sabr\u00e1 c\u00f3mo autosustentarse, ni siquiera espiritualmente, en el momento en que la purificaci\u00f3n se desencadene en las consciencias de la noche a la ma\u00f1ana.\u00a0Pero la oraci\u00f3n le ofrecer\u00e1, a quien la viva de coraz\u00f3n, un equilibrio inexplicable, capaz de neutralizar espacios o ciudades enteras, porque su poder es desconocido hasta los d\u00edas de hoy.<\/em><\/p>\n<h3 style=\"text-align: center;\"><em>Mientras el mundo se purifica<\/em><\/h3>\n<p style=\"text-align: justify;\"><em>Mientras el mundo se purifica, muchas consciencias se dar\u00e1n cuenta muy tarde de todo lo que nunca le ofrecieron a Dios y cu\u00e1nto estuvieron lejos de la Fuente de Su Amor Eterno; ese ser\u00e1 el momento m\u00e1s dif\u00edcil para la mayor\u00eda de los hombres de la Tierra.<\/em><\/p>\n<p style=\"text-align: justify;\"><em>Pero la oraci\u00f3n har\u00e1, de las almas orantes, esencias cristalinas desvinculadas de las deudas del pasado;, ser\u00e1n como espejos de luz que refractar\u00e1n, por donde vayan, los c\u00f3digos de la redenci\u00f3n.\u00a0Esto ser\u00e1 parte de la \u00faltima fase del apostolado en estos tiempos.<\/em><\/p>\n<p style=\"text-align: justify;\"><em>Mientras el planeta se purifica, surgir\u00e1n situaciones humanas desconocidas o causas nunca antes vistas en la salud de la humanidad, lo que los cient\u00edficos considerar\u00e1n sin explicaci\u00f3n.\u00a0Pero esas causas tendr\u00e1n sus ra\u00edces en la falta de amor. Las almas que no oren ni tampoco busquen la uni\u00f3n con Dios en estos tiempos, poco a poco se apagar\u00e1n porque el amor en su interior no ser\u00e1 suficiente, ya que ese amor est\u00e1 basado en las necesidades personales y no en la esencia divina, que es la que mueve el amor en el Universo.<\/em><\/p>\n<h3 style=\"text-align: center;\"><em>Los verdaderos orantes tendr\u00e1n una misi\u00f3n especial<\/em><\/h3>\n<p style=\"text-align: justify;\"><em>En esa hora los verdaderos orantes tendr\u00e1n una misi\u00f3n especial, y el amor que ellos hayan generado dentro de s\u00ed a trav\u00e9s de las obras de bien, de caridad y de paz, har\u00e1 que todas esas consciencias que ser\u00e1n como \u201cseres vivos disecados\u201d por la falta del amor, reciban esa energ\u00eda divina de amor que los salvar\u00e1 y los redimir\u00e1.<\/em><\/p>\n<p style=\"text-align: justify;\"><em>Aqu\u00ed, hijos M\u00edos, les hablo de revelaciones internas que emerger\u00e1n poco a poco, a medida que la humanidad ingrese de lleno en la transici\u00f3n de la Tierra.\u00a0Muchas de las consecuencias y de los hechos inexplicables que hoy se viven en la humanidad son generados a partir de un gran desequilibrio mundial: realizar abortos de almas inocentes, la matanza desmedida de animales para consumo humano y las guerras que son la consecuencia de un pecado mundial que ha crecido y aumentado en los \u00faltimos tres a\u00f1os.<\/em><\/p>\n<p style=\"text-align: justify;\"><em>As\u00ed la humanidad a\u00fan no redimida por el Amor Divino, la que niega la existencia de los mundos celestiales e invisibles, vivir\u00e1 lo que ella ha sembrado; lo que vivir\u00e1 en este \u00faltimo ciclo no ser\u00e1 por falta de asistencia espiritual, sino por la indiferencia ante tanta desigualdad mundial.<\/em><\/p>\n<h3 style=\"text-align: center;\"><em>Escudos impenetrables<\/em><\/h3>\n<p style=\"text-align: justify;\"><em>Pero la oraci\u00f3n har\u00e1, de los seres orantes, escudos impenetrables de luz, capaces de soportar la purificaci\u00f3n del planeta y sustentar las consecuencias de la misma; en verdad esas almas orantes fueron escogidas por los \u00e1ngeles para acompa\u00f1ar el actual y agudo proceso planetario.<\/em><\/p>\n<p style=\"text-align: justify;\"><em>No quisiera ofrecer un mensaje apocal\u00edptico, pero eso es lo que la humanidad ya comenz\u00f3 a vivir a partir del \u00faltimo ocho de agosto.\u00a0Esta realidad mundial debe llegar a la consciencia de todos los servidores de la luz, porque con el apoyo y la oraci\u00f3n de todos, al menos ser\u00e1 m\u00e1s leve para algunos.<\/em><\/p>\n<h3 style=\"text-align: center;\"><em>Queridos hijos<\/em><\/h3>\n<p style=\"text-align: justify;\"><em>Queridos hijos, la oraci\u00f3n en estos tiempos se tornar\u00e1 la herramienta espiritual m\u00e1s eficaz y poderosa al momento de ser pronunciada de coraz\u00f3n.\u00a0Si las almas supieran sobre el poder de la oraci\u00f3n, tal vez sus propias deudas y pecados no ser\u00edan purificados a trav\u00e9s del dolor, sino a trav\u00e9s del amor que la propia oraci\u00f3n despierta, un amor que no es humano ni tampoco de este mundo tridimensional.<\/em><\/p>\n<p style=\"text-align: justify;\"><em>En este sentido, la vida de oraci\u00f3n en el fin de los tiempos se tornar\u00e1 prioridad para los corazones despiertos para comprender que, sin la oraci\u00f3n, nunca se encontrar\u00e1 la salida ni el recinto para estar lejos del caos que reinar\u00e1 en el planeta.\u00a0La oraci\u00f3n los har\u00e1 permanecer en el mundo para poder servirlo y aprender, pero sin ser de \u00e9l. Todo esto ser\u00e1 el comienzo de una preparaci\u00f3n que definir\u00e1 la batalla durante el Armaged\u00f3n.<\/em><\/p>\n<h3 style=\"text-align: center;\">Armaged\u00f3n<\/h3>\n<p style=\"text-align: justify;\">El t\u00e9rmino Armaged\u00f3n define la gran batalla final del ciclo del Apocalipsis, entre las fuerzas de la Luz y las tinieblas, y que deber\u00e1 cerrar el ciclo de purificaci\u00f3n planetaria, que pueda surgir la Nueva Humanidad. la Nueva Tierra, que marcar\u00e1, tambi\u00e9n, el inicio de los tan esperados y anunciados Mil A\u00f1os de Paz.<\/p>\n<p style=\"text-align: right;\">Am\u00e9n, \u00a1Que as\u00ed sea!<\/p>\n<h3 style=\"text-align: center;\"><strong>Fin del tema inmunidad<\/strong><\/h3>\n<div class=\"fusion-aligncenter\"><a class=\"fusion-button button-3d button-small button-custom fusion-button-default button-1 fusion-button-default-span \" style=\"--button_accent_color:#ffffff;--button_accent_hover_color:#dedede;--button_border_hover_color:#dedede;--button_gradient_top_color:#d3b054;--button_gradient_bottom_color:#d3b054;--button_gradient_top_color_hover:#d3b054;--button_gradient_bottom_color_hover:#d3b054;\" target=\"_self\" href=\"https:\/\/www.fraterinternacional.org\/es\/category\/impulsos-para-la-semana\/cura-es\/\"><span class=\"fusion-button-text\">Vea Todos<\/span><\/a><\/div>\n<p>&nbsp;<\/p>\n<p><a href=\"https:\/\/www.fraterinternacional.org\/wp-content\/uploads\/2017\/07\/imp_ora_enc_ora.jpg\"><img decoding=\"async\" class=\"aligncenter size-full wp-image-58170\" src=\"https:\/\/www.fraterinternacional.org\/wp-content\/uploads\/2017\/07\/imp_ora_enc_ora.jpg\" alt=\"\" width=\"690\" height=\"388\" srcset=\"https:\/\/www.fraterinternacional.org\/wp-content\/uploads\/2017\/07\/imp_ora_enc_ora-200x112.jpg 200w, https:\/\/www.fraterinternacional.org\/wp-content\/uploads\/2017\/07\/imp_ora_enc_ora-300x169.jpg 300w, https:\/\/www.fraterinternacional.org\/wp-content\/uploads\/2017\/07\/imp_ora_enc_ora-400x225.jpg 400w, https:\/\/www.fraterinternacional.org\/wp-content\/uploads\/2017\/07\/imp_ora_enc_ora-600x337.jpg 600w, https:\/\/www.fraterinternacional.org\/wp-content\/uploads\/2017\/07\/imp_ora_enc_ora.jpg 690w\" sizes=\"(max-width: 690px) 100vw, 690px\" \/><\/a><\/p>\n<p>&nbsp;<\/p>\n<\/div><div class=\"fusion-clearfix\"><\/div><\/div><\/div><\/div><\/div>\n","protected":false},"excerpt":{"rendered":"","protected":false},"author":8,"featured_media":58170,"comment_status":"closed","ping_status":"closed","sticky":false,"template":"","format":"standard","meta":{"footnotes":""},"categories":[3237],"tags":[3240],"class_list":["post-58163","post","type-post","status-publish","format-standard","has-post-thumbnail","hentry","category-impulsos-para-la-semana","tag-cura-es"],"yoast_head":"<!-- This site is optimized with the Yoast SEO Premium plugin v21.0 (Yoast SEO v21.0) - https:\/\/yoast.com\/wordpress\/plugins\/seo\/ -->\n<title>El Poder de la Oraci\u00f3n:Escudo y Remedio Espiritual - Impulso Cura<\/title>\n<meta name=\"description\" content=\"Transcribo el Mensaje de Mar\u00eda, Rosa de la Paz. Int\u00e9nte leer hasta el final. Rec\u00edbalo, con el coraz\u00f3n, sin aprobar o desaprobar. Vuelva a releerlo.\" \/>\n<meta name=\"robots\" content=\"index, follow, max-snippet:-1, max-image-preview:large, max-video-preview:-1\" \/>\n<link rel=\"canonical\" href=\"https:\/\/www.fraterinternacional.org\/es\/inmunidad-6-poder-oracion-escudo-remedio\/\" \/>\n<meta property=\"og:locale\" content=\"es_ES\" \/>\n<meta property=\"og:type\" content=\"article\" \/>\n<meta property=\"og:title\" content=\"Inmunidad 6 - El Poder de la Oraci\u00f3n: Escudo y Remedio\" \/>\n<meta property=\"og:description\" content=\"Transcribo el Mensaje de Mar\u00eda, Rosa de la Paz. Int\u00e9nte leer hasta el final. Rec\u00edbalo, con el coraz\u00f3n, sin aprobar o desaprobar. Vuelva a releerlo.\" \/>\n<meta property=\"og:url\" content=\"https:\/\/www.fraterinternacional.org\/es\/inmunidad-6-poder-oracion-escudo-remedio\/\" \/>\n<meta property=\"og:site_name\" content=\"Fraternidade - Federa\u00e7\u00e3o Humanit\u00e1ria Internacional\" \/>\n<meta property=\"article:publisher\" content=\"https:\/\/www.facebook.com\/fraternidadehumanitaria\" \/>\n<meta property=\"article:published_time\" content=\"2017-07-17T12:51:59+00:00\" \/>\n<meta property=\"og:image\" content=\"https:\/\/www.fraterinternacional.org\/wp-content\/uploads\/2017\/07\/imp_ora_enc_ora.jpg\" \/>\n\t<meta property=\"og:image:width\" content=\"690\" \/>\n\t<meta property=\"og:image:height\" content=\"388\" \/>\n\t<meta property=\"og:image:type\" content=\"image\/jpeg\" \/>\n<meta name=\"author\" content=\"FFHI\" \/>\n<meta name=\"twitter:card\" content=\"summary_large_image\" \/>\n<meta name=\"twitter:creator\" content=\"@fraternidadeFHI\" \/>\n<meta name=\"twitter:site\" content=\"@fraternidadeFHI\" \/>\n<meta name=\"twitter:label1\" content=\"Escrito por\" \/>\n\t<meta name=\"twitter:data1\" content=\"FFHI\" \/>\n\t<meta name=\"twitter:label2\" content=\"Tiempo de lectura\" \/>\n\t<meta name=\"twitter:data2\" content=\"7 minutos\" \/>\n<script type=\"application\/ld+json\" class=\"yoast-schema-graph\">{\"@context\":\"https:\/\/schema.org\",\"@graph\":[{\"@type\":\"WebPage\",\"@id\":\"https:\/\/www.fraterinternacional.org\/es\/inmunidad-6-poder-oracion-escudo-remedio\/\",\"url\":\"https:\/\/www.fraterinternacional.org\/es\/inmunidad-6-poder-oracion-escudo-remedio\/\",\"name\":\"El Poder de la Oraci\u00f3n:Escudo y Remedio Espiritual - Impulso Cura\",\"isPartOf\":{\"@id\":\"https:\/\/www.fraterinternacional.org\/es\/#website\"},\"datePublished\":\"2017-07-17T12:51:59+00:00\",\"dateModified\":\"2017-07-17T12:51:59+00:00\",\"author\":{\"@id\":\"https:\/\/www.fraterinternacional.org\/es\/#\/schema\/person\/8fd7058ced8aa6a1995cc0feee75819f\"},\"description\":\"Transcribo el Mensaje de Mar\u00eda, Rosa de la Paz. Int\u00e9nte leer hasta el final. Rec\u00edbalo, con el coraz\u00f3n, sin aprobar o desaprobar. Vuelva a releerlo.\",\"breadcrumb\":{\"@id\":\"https:\/\/www.fraterinternacional.org\/es\/inmunidad-6-poder-oracion-escudo-remedio\/#breadcrumb\"},\"inLanguage\":\"es\",\"potentialAction\":[{\"@type\":\"ReadAction\",\"target\":[\"https:\/\/www.fraterinternacional.org\/es\/inmunidad-6-poder-oracion-escudo-remedio\/\"]}]},{\"@type\":\"BreadcrumbList\",\"@id\":\"https:\/\/www.fraterinternacional.org\/es\/inmunidad-6-poder-oracion-escudo-remedio\/#breadcrumb\",\"itemListElement\":[{\"@type\":\"ListItem\",\"position\":1,\"name\":\"In\u00edcio\",\"item\":\"https:\/\/www.fraterinternacional.org\/es\/\"},{\"@type\":\"ListItem\",\"position\":2,\"name\":\"Inmunidad 6 &#8211; El Poder de la Oraci\u00f3n: Escudo y Remedio\"}]},{\"@type\":\"WebSite\",\"@id\":\"https:\/\/www.fraterinternacional.org\/es\/#website\",\"url\":\"https:\/\/www.fraterinternacional.org\/es\/\",\"name\":\"Fraternidade - Federa\u00e7\u00e3o Humanit\u00e1ria Internacional\",\"description\":\"Fraternidade - Federa\u00e7\u00e3o Humanit\u00e1ria Internacional\",\"potentialAction\":[{\"@type\":\"SearchAction\",\"target\":{\"@type\":\"EntryPoint\",\"urlTemplate\":\"https:\/\/www.fraterinternacional.org\/es\/?s={search_term_string}\"},\"query-input\":\"required name=search_term_string\"}],\"inLanguage\":\"es\"},{\"@type\":\"Person\",\"@id\":\"https:\/\/www.fraterinternacional.org\/es\/#\/schema\/person\/8fd7058ced8aa6a1995cc0feee75819f\",\"name\":\"FFHI\"}]}<\/script>\n<!-- \/ Yoast SEO Premium plugin. -->","yoast_head_json":{"title":"El Poder de la Oraci\u00f3n:Escudo y Remedio Espiritual - Impulso Cura","description":"Transcribo el Mensaje de Mar\u00eda, Rosa de la Paz. Int\u00e9nte leer hasta el final. Rec\u00edbalo, con el coraz\u00f3n, sin aprobar o desaprobar. Vuelva a releerlo.","robots":{"index":"index","follow":"follow","max-snippet":"max-snippet:-1","max-image-preview":"max-image-preview:large","max-video-preview":"max-video-preview:-1"},"canonical":"https:\/\/www.fraterinternacional.org\/es\/inmunidad-6-poder-oracion-escudo-remedio\/","og_locale":"es_ES","og_type":"article","og_title":"Inmunidad 6 - El Poder de la Oraci\u00f3n: Escudo y Remedio","og_description":"Transcribo el Mensaje de Mar\u00eda, Rosa de la Paz. Int\u00e9nte leer hasta el final. Rec\u00edbalo, con el coraz\u00f3n, sin aprobar o desaprobar. Vuelva a releerlo.","og_url":"https:\/\/www.fraterinternacional.org\/es\/inmunidad-6-poder-oracion-escudo-remedio\/","og_site_name":"Fraternidade - Federa\u00e7\u00e3o Humanit\u00e1ria Internacional","article_publisher":"https:\/\/www.facebook.com\/fraternidadehumanitaria","article_published_time":"2017-07-17T12:51:59+00:00","og_image":[{"width":690,"height":388,"url":"https:\/\/www.fraterinternacional.org\/wp-content\/uploads\/2017\/07\/imp_ora_enc_ora.jpg","type":"image\/jpeg"}],"author":"FFHI","twitter_card":"summary_large_image","twitter_creator":"@fraternidadeFHI","twitter_site":"@fraternidadeFHI","twitter_misc":{"Escrito por":"FFHI","Tiempo de lectura":"7 minutos"},"schema":{"@context":"https:\/\/schema.org","@graph":[{"@type":"WebPage","@id":"https:\/\/www.fraterinternacional.org\/es\/inmunidad-6-poder-oracion-escudo-remedio\/","url":"https:\/\/www.fraterinternacional.org\/es\/inmunidad-6-poder-oracion-escudo-remedio\/","name":"El Poder de la Oraci\u00f3n:Escudo y Remedio Espiritual - Impulso Cura","isPartOf":{"@id":"https:\/\/www.fraterinternacional.org\/es\/#website"},"datePublished":"2017-07-17T12:51:59+00:00","dateModified":"2017-07-17T12:51:59+00:00","author":{"@id":"https:\/\/www.fraterinternacional.org\/es\/#\/schema\/person\/8fd7058ced8aa6a1995cc0feee75819f"},"description":"Transcribo el Mensaje de Mar\u00eda, Rosa de la Paz. Int\u00e9nte leer hasta el final. Rec\u00edbalo, con el coraz\u00f3n, sin aprobar o desaprobar. Vuelva a releerlo.","breadcrumb":{"@id":"https:\/\/www.fraterinternacional.org\/es\/inmunidad-6-poder-oracion-escudo-remedio\/#breadcrumb"},"inLanguage":"es","potentialAction":[{"@type":"ReadAction","target":["https:\/\/www.fraterinternacional.org\/es\/inmunidad-6-poder-oracion-escudo-remedio\/"]}]},{"@type":"BreadcrumbList","@id":"https:\/\/www.fraterinternacional.org\/es\/inmunidad-6-poder-oracion-escudo-remedio\/#breadcrumb","itemListElement":[{"@type":"ListItem","position":1,"name":"In\u00edcio","item":"https:\/\/www.fraterinternacional.org\/es\/"},{"@type":"ListItem","position":2,"name":"Inmunidad 6 &#8211; El Poder de la Oraci\u00f3n: Escudo y Remedio"}]},{"@type":"WebSite","@id":"https:\/\/www.fraterinternacional.org\/es\/#website","url":"https:\/\/www.fraterinternacional.org\/es\/","name":"Fraternidade - Federa\u00e7\u00e3o Humanit\u00e1ria Internacional","description":"Fraternidade - Federa\u00e7\u00e3o Humanit\u00e1ria Internacional","potentialAction":[{"@type":"SearchAction","target":{"@type":"EntryPoint","urlTemplate":"https:\/\/www.fraterinternacional.org\/es\/?s={search_term_string}"},"query-input":"required name=search_term_string"}],"inLanguage":"es"},{"@type":"Person","@id":"https:\/\/www.fraterinternacional.org\/es\/#\/schema\/person\/8fd7058ced8aa6a1995cc0feee75819f","name":"FFHI"}]}},"_links":{"self":[{"href":"https:\/\/www.fraterinternacional.org\/es\/wp-json\/wp\/v2\/posts\/58163"}],"collection":[{"href":"https:\/\/www.fraterinternacional.org\/es\/wp-json\/wp\/v2\/posts"}],"about":[{"href":"https:\/\/www.fraterinternacional.org\/es\/wp-json\/wp\/v2\/types\/post"}],"author":[{"embeddable":true,"href":"https:\/\/www.fraterinternacional.org\/es\/wp-json\/wp\/v2\/users\/8"}],"replies":[{"embeddable":true,"href":"https:\/\/www.fraterinternacional.org\/es\/wp-json\/wp\/v2\/comments?post=58163"}],"version-history":[{"count":0,"href":"https:\/\/www.fraterinternacional.org\/es\/wp-json\/wp\/v2\/posts\/58163\/revisions"}],"wp:featuredmedia":[{"embeddable":true,"href":"https:\/\/www.fraterinternacional.org\/es\/wp-json\/wp\/v2\/media\/58170"}],"wp:attachment":[{"href":"https:\/\/www.fraterinternacional.org\/es\/wp-json\/wp\/v2\/media?parent=58163"}],"wp:term":[{"taxonomy":"category","embeddable":true,"href":"https:\/\/www.fraterinternacional.org\/es\/wp-json\/wp\/v2\/categories?post=58163"},{"taxonomy":"post_tag","embeddable":true,"href":"https:\/\/www.fraterinternacional.org\/es\/wp-json\/wp\/v2\/tags?post=58163"}],"curies":[{"name":"wp","href":"https:\/\/api.w.org\/{rel}","templated":true}]}}