{"id":57986,"date":"2017-07-14T15:25:34","date_gmt":"2017-07-14T18:25:34","guid":{"rendered":"https:\/\/www.fraterinternacional.org\/?p=57986\/"},"modified":"2017-07-14T15:25:34","modified_gmt":"2017-07-14T18:25:34","slug":"mision-grecia-jovenes-voluntarios","status":"publish","type":"post","link":"https:\/\/www.fraterinternacional.org\/es\/mision-grecia-jovenes-voluntarios\/","title":{"rendered":"Misi\u00f3n Grecia &#8211; j\u00f3venes voluntarios"},"content":{"rendered":"<p class=\"western\" style=\"text-align: justify;\"><strong>Lunes 3\/07 al 9\/07 domingo<\/strong><br \/>\n<a href=\"https:\/\/www.fraterinternacional.org\/wp-content\/uploads\/2017\/07\/grecia_missao_missionarios_cestas_basicas_julho_2017.jpg\"><img decoding=\"async\" class=\"alignright wp-image-57739\" src=\"https:\/\/www.fraterinternacional.org\/wp-content\/uploads\/2017\/07\/grecia_missao_missionarios_cestas_basicas_julho_2017-225x300.jpg\" alt=\"\" width=\"188\" height=\"251\" srcset=\"https:\/\/www.fraterinternacional.org\/wp-content\/uploads\/2017\/07\/grecia_missao_missionarios_cestas_basicas_julho_2017-200x267.jpg 200w, https:\/\/www.fraterinternacional.org\/wp-content\/uploads\/2017\/07\/grecia_missao_missionarios_cestas_basicas_julho_2017-225x300.jpg 225w, https:\/\/www.fraterinternacional.org\/wp-content\/uploads\/2017\/07\/grecia_missao_missionarios_cestas_basicas_julho_2017.jpg 400w\" sizes=\"(max-width: 188px) 100vw, 188px\" \/><\/a><\/p>\n<p class=\"western\" style=\"text-align: justify;\">Los misioneros de la <strong>Fraternidade &#8211; Federaci\u00f3n Humanitaria Internacional<\/strong> estuvieron presentes en las casas de las Misioneras de la Caridad de Madre Teresa de Calcuta en la ciudad de Atenas. Colaboraron en la tarea de preparaci\u00f3n de refecciones que se ofrecen y ayudaron a servirlas. Realizaron tareas de mantenimiento en la casa y en el comedor comunitario, y prepararon bolsas con cestas b\u00e1sicas para distribuci\u00f3n para familias carentes de la regi\u00f3n.<\/p>\n<p class=\"western\" style=\"text-align: justify;\">En la instituci\u00f3n Caritas Hellas, ayudaron en la distribuci\u00f3n de ropa masculina y femenina y en la organizaci\u00f3n de los dep\u00f3sitos de donaciones.<\/p>\n<p class=\"western\" style=\"text-align: justify;\"><strong>Voluntarios de Europa<br \/>\n<\/strong><b><\/b>El grupo tambi\u00e9n apoy\u00f3 en la orientaci\u00f3n de grupos de voluntarios j\u00f3venes, que llegan de pa\u00edses de Europa para hacer un servicio voluntario durante las vacaciones de verano.<\/p>\n<p class=\"western\" style=\"text-align: justify;\" align=\"JUSTIFY\"><a href=\"https:\/\/www.fraterinternacional.org\/wp-content\/uploads\/2017\/07\/grecia_missao_missionarios_cozinha1_julho_2017.jpg\"><img decoding=\"async\" class=\"alignleft size-medium wp-image-57742\" src=\"https:\/\/www.fraterinternacional.org\/wp-content\/uploads\/2017\/07\/grecia_missao_missionarios_cozinha1_julho_2017-300x169.jpg\" alt=\"\" width=\"300\" height=\"169\" srcset=\"https:\/\/www.fraterinternacional.org\/wp-content\/uploads\/2017\/07\/grecia_missao_missionarios_cozinha1_julho_2017-200x112.jpg 200w, https:\/\/www.fraterinternacional.org\/wp-content\/uploads\/2017\/07\/grecia_missao_missionarios_cozinha1_julho_2017-300x169.jpg 300w, https:\/\/www.fraterinternacional.org\/wp-content\/uploads\/2017\/07\/grecia_missao_missionarios_cozinha1_julho_2017-400x225.jpg 400w, https:\/\/www.fraterinternacional.org\/wp-content\/uploads\/2017\/07\/grecia_missao_missionarios_cozinha1_julho_2017-600x337.jpg 600w, https:\/\/www.fraterinternacional.org\/wp-content\/uploads\/2017\/07\/grecia_missao_missionarios_cozinha1_julho_2017.jpg 690w\" sizes=\"(max-width: 300px) 100vw, 300px\" \/><\/a><\/p>\n<p class=\"western\" style=\"text-align: justify;\">En el dep\u00f3sito de ropa de la Asociaci\u00f3n de Lagonisi, se realiz\u00f3 un orden en el dep\u00f3sito, la limpieza del \u00e1rea externa y la reactivaci\u00f3n de los ba\u00f1os. Tambi\u00e9n se inici\u00f3 la distribuci\u00f3n de ropa.<\/p>\n<p class=\"western\" style=\"text-align: justify;\">En la Iglesia Ortodoxa de San Teodoro, en Anavyssos, los misioneros ayudaron en la cocina, en la organizaci\u00f3n del mantenimiento para la confecci\u00f3n de cestas b\u00e1sicas y visitaron una pareja de ancianos que don\u00f3 sus libros para la Iglesia<\/p>\n\n\t\t<style type=\"text\/css\">\n\t\t\t#gallery-1 {\n\t\t\t\tmargin: auto;\n\t\t\t}\n\t\t\t#gallery-1 .gallery-item {\n\t\t\t\tfloat: left;\n\t\t\t\tmargin-top: 10px;\n\t\t\t\ttext-align: center;\n\t\t\t\twidth: 50%;\n\t\t\t}\n\t\t\t#gallery-1 img {\n\t\t\t\tborder: 2px solid #cfcfcf;\n\t\t\t}\n\t\t\t#gallery-1 .gallery-caption {\n\t\t\t\tmargin-left: 0;\n\t\t\t}\n\t\t\t\/* see gallery_shortcode() in wp-includes\/media.php *\/\n\t\t<\/style>\n\t\t<div id='gallery-1' class='gallery galleryid-57986 gallery-columns-2 gallery-size-medium'><dl class='gallery-item'>\n\t\t\t<dt class='gallery-icon landscape'>\n\t\t\t\t<a data-rel=\"iLightbox[postimages]\" data-title=\"grecia_missao_missionarios_limpeza_area_externa_julho_2017\" data-caption=\"\" href='https:\/\/www.fraterinternacional.org\/wp-content\/uploads\/2017\/07\/grecia_missao_missionarios_limpeza_area_externa_julho_2017.jpg'><img decoding=\"async\" width=\"300\" height=\"169\" src=\"https:\/\/www.fraterinternacional.org\/wp-content\/uploads\/2017\/07\/grecia_missao_missionarios_limpeza_area_externa_julho_2017-300x169.jpg\" class=\"attachment-medium size-medium\" alt=\"\" srcset=\"https:\/\/www.fraterinternacional.org\/wp-content\/uploads\/2017\/07\/grecia_missao_missionarios_limpeza_area_externa_julho_2017-200x112.jpg 200w, https:\/\/www.fraterinternacional.org\/wp-content\/uploads\/2017\/07\/grecia_missao_missionarios_limpeza_area_externa_julho_2017-300x169.jpg 300w, https:\/\/www.fraterinternacional.org\/wp-content\/uploads\/2017\/07\/grecia_missao_missionarios_limpeza_area_externa_julho_2017-400x225.jpg 400w, https:\/\/www.fraterinternacional.org\/wp-content\/uploads\/2017\/07\/grecia_missao_missionarios_limpeza_area_externa_julho_2017-600x337.jpg 600w, https:\/\/www.fraterinternacional.org\/wp-content\/uploads\/2017\/07\/grecia_missao_missionarios_limpeza_area_externa_julho_2017.jpg 690w\" sizes=\"(max-width: 300px) 100vw, 300px\" \/><\/a>\n\t\t\t<\/dt><\/dl><dl class='gallery-item'>\n\t\t\t<dt class='gallery-icon landscape'>\n\t\t\t\t<a data-rel=\"iLightbox[postimages]\" data-title=\"grecia_missao_missionarios_deposito_roupas_julho_2017\" data-caption=\"\" href='https:\/\/www.fraterinternacional.org\/wp-content\/uploads\/2017\/07\/grecia_missao_missionarios_deposito_roupas_julho_2017.jpg'><img decoding=\"async\" width=\"300\" height=\"169\" src=\"https:\/\/www.fraterinternacional.org\/wp-content\/uploads\/2017\/07\/grecia_missao_missionarios_deposito_roupas_julho_2017-300x169.jpg\" class=\"attachment-medium size-medium\" alt=\"\" srcset=\"https:\/\/www.fraterinternacional.org\/wp-content\/uploads\/2017\/07\/grecia_missao_missionarios_deposito_roupas_julho_2017-200x112.jpg 200w, https:\/\/www.fraterinternacional.org\/wp-content\/uploads\/2017\/07\/grecia_missao_missionarios_deposito_roupas_julho_2017-300x169.jpg 300w, https:\/\/www.fraterinternacional.org\/wp-content\/uploads\/2017\/07\/grecia_missao_missionarios_deposito_roupas_julho_2017-400x225.jpg 400w, https:\/\/www.fraterinternacional.org\/wp-content\/uploads\/2017\/07\/grecia_missao_missionarios_deposito_roupas_julho_2017-600x337.jpg 600w, https:\/\/www.fraterinternacional.org\/wp-content\/uploads\/2017\/07\/grecia_missao_missionarios_deposito_roupas_julho_2017.jpg 690w\" sizes=\"(max-width: 300px) 100vw, 300px\" \/><\/a>\n\t\t\t<\/dt><\/dl><br style=\"clear: both\" \/><dl class='gallery-item'>\n\t\t\t<dt class='gallery-icon landscape'>\n\t\t\t\t<a data-rel=\"iLightbox[postimages]\" data-title=\"grecia_missao_missionarios_livros1_julho_2017\" data-caption=\"\" href='https:\/\/www.fraterinternacional.org\/wp-content\/uploads\/2017\/07\/grecia_missao_missionarios_livros1_julho_2017.jpg'><img decoding=\"async\" width=\"300\" height=\"169\" src=\"https:\/\/www.fraterinternacional.org\/wp-content\/uploads\/2017\/07\/grecia_missao_missionarios_livros1_julho_2017-300x169.jpg\" class=\"attachment-medium size-medium\" alt=\"\" srcset=\"https:\/\/www.fraterinternacional.org\/wp-content\/uploads\/2017\/07\/grecia_missao_missionarios_livros1_julho_2017-200x112.jpg 200w, https:\/\/www.fraterinternacional.org\/wp-content\/uploads\/2017\/07\/grecia_missao_missionarios_livros1_julho_2017-300x169.jpg 300w, https:\/\/www.fraterinternacional.org\/wp-content\/uploads\/2017\/07\/grecia_missao_missionarios_livros1_julho_2017-400x225.jpg 400w, https:\/\/www.fraterinternacional.org\/wp-content\/uploads\/2017\/07\/grecia_missao_missionarios_livros1_julho_2017-600x337.jpg 600w, https:\/\/www.fraterinternacional.org\/wp-content\/uploads\/2017\/07\/grecia_missao_missionarios_livros1_julho_2017.jpg 690w\" sizes=\"(max-width: 300px) 100vw, 300px\" \/><\/a>\n\t\t\t<\/dt><\/dl><dl class='gallery-item'>\n\t\t\t<dt class='gallery-icon landscape'>\n\t\t\t\t<a data-rel=\"iLightbox[postimages]\" data-title=\"grecia_missao_missionarios_livros2_julho_2017\" data-caption=\"\" href='https:\/\/www.fraterinternacional.org\/wp-content\/uploads\/2017\/07\/grecia_missao_missionarios_livros2_julho_2017.jpg'><img decoding=\"async\" width=\"300\" height=\"169\" src=\"https:\/\/www.fraterinternacional.org\/wp-content\/uploads\/2017\/07\/grecia_missao_missionarios_livros2_julho_2017-300x169.jpg\" class=\"attachment-medium size-medium\" alt=\"\" srcset=\"https:\/\/www.fraterinternacional.org\/wp-content\/uploads\/2017\/07\/grecia_missao_missionarios_livros2_julho_2017-200x112.jpg 200w, https:\/\/www.fraterinternacional.org\/wp-content\/uploads\/2017\/07\/grecia_missao_missionarios_livros2_julho_2017-300x169.jpg 300w, https:\/\/www.fraterinternacional.org\/wp-content\/uploads\/2017\/07\/grecia_missao_missionarios_livros2_julho_2017-400x225.jpg 400w, https:\/\/www.fraterinternacional.org\/wp-content\/uploads\/2017\/07\/grecia_missao_missionarios_livros2_julho_2017-600x337.jpg 600w, https:\/\/www.fraterinternacional.org\/wp-content\/uploads\/2017\/07\/grecia_missao_missionarios_livros2_julho_2017.jpg 690w\" sizes=\"(max-width: 300px) 100vw, 300px\" \/><\/a>\n\t\t\t<\/dt><\/dl><br style=\"clear: both\" \/>\n\t\t<\/div>\n\n","protected":false},"excerpt":{"rendered":"<p>Lunes 3\/07 al 9\/07 domingo Los misioneros de la Fraternidade &#8211; Federaci\u00f3n Humanitaria Internacional estuvieron presentes en las casas de [&hellip;]<\/p>\n","protected":false},"author":11,"featured_media":57756,"comment_status":"closed","ping_status":"closed","sticky":false,"template":"","format":"standard","meta":{"footnotes":""},"categories":[173,105],"tags":[229,3598,97],"class_list":["post-57986","post","type-post","status-publish","format-standard","has-post-thumbnail","hentry","category-noticia","category-noticias-de-las-misiones","tag-diario-es","tag-mision-grecia","tag-servicio-humanitario-es"],"yoast_head":"<!-- This site is optimized with the Yoast SEO Premium plugin v21.0 (Yoast SEO v21.0) - https:\/\/yoast.com\/wordpress\/plugins\/seo\/ -->\n<title>Misi\u00f3n Grecia - j\u00f3venes voluntarios<\/title>\n<meta name=\"description\" content=\"Los misioneros orientaron a j\u00f3venes europeos, que prestan servicio voluntario durante las vacaciones de verano.\" \/>\n<meta name=\"robots\" content=\"index, follow, max-snippet:-1, max-image-preview:large, max-video-preview:-1\" \/>\n<link rel=\"canonical\" href=\"https:\/\/www.fraterinternacional.org\/es\/mision-grecia-jovenes-voluntarios\/\" \/>\n<meta property=\"og:locale\" content=\"es_ES\" \/>\n<meta property=\"og:type\" content=\"article\" \/>\n<meta property=\"og:title\" content=\"Misi\u00f3n Grecia - j\u00f3venes voluntarios\" \/>\n<meta property=\"og:description\" content=\"Los misioneros orientaron a j\u00f3venes europeos, que prestan servicio voluntario durante las vacaciones de verano.\" \/>\n<meta property=\"og:url\" content=\"https:\/\/www.fraterinternacional.org\/es\/mision-grecia-jovenes-voluntarios\/\" \/>\n<meta property=\"og:site_name\" content=\"Fraternidade - Federa\u00e7\u00e3o Humanit\u00e1ria Internacional\" \/>\n<meta property=\"article:publisher\" content=\"https:\/\/www.facebook.com\/fraternidadehumanitaria\" \/>\n<meta property=\"article:published_time\" content=\"2017-07-14T18:25:34+00:00\" \/>\n<meta property=\"og:image\" content=\"https:\/\/www.fraterinternacional.org\/wp-content\/uploads\/2017\/07\/grecia_missao_missionarios_livros2_julho_2017.jpg\" \/>\n\t<meta property=\"og:image:width\" content=\"690\" \/>\n\t<meta property=\"og:image:height\" content=\"388\" \/>\n\t<meta property=\"og:image:type\" content=\"image\/jpeg\" \/>\n<meta name=\"author\" content=\"Nelson Frater\" \/>\n<meta name=\"twitter:card\" content=\"summary_large_image\" \/>\n<meta name=\"twitter:creator\" content=\"@fraternidadeFHI\" \/>\n<meta name=\"twitter:site\" content=\"@fraternidadeFHI\" \/>\n<meta name=\"twitter:label1\" content=\"Escrito por\" \/>\n\t<meta name=\"twitter:data1\" content=\"Nelson Frater\" \/>\n\t<meta name=\"twitter:label2\" content=\"Tiempo de lectura\" \/>\n\t<meta name=\"twitter:data2\" content=\"1 minuto\" \/>\n<script type=\"application\/ld+json\" class=\"yoast-schema-graph\">{\"@context\":\"https:\/\/schema.org\",\"@graph\":[{\"@type\":\"WebPage\",\"@id\":\"https:\/\/www.fraterinternacional.org\/es\/mision-grecia-jovenes-voluntarios\/\",\"url\":\"https:\/\/www.fraterinternacional.org\/es\/mision-grecia-jovenes-voluntarios\/\",\"name\":\"Misi\u00f3n Grecia - j\u00f3venes voluntarios\",\"isPartOf\":{\"@id\":\"https:\/\/www.fraterinternacional.org\/es\/#website\"},\"datePublished\":\"2017-07-14T18:25:34+00:00\",\"dateModified\":\"2017-07-14T18:25:34+00:00\",\"author\":{\"@id\":\"https:\/\/www.fraterinternacional.org\/es\/#\/schema\/person\/facd24ae5f7e6b4ee1aeec7ad1b960ae\"},\"description\":\"Los misioneros orientaron a j\u00f3venes europeos, que prestan servicio voluntario durante las vacaciones de verano.\",\"breadcrumb\":{\"@id\":\"https:\/\/www.fraterinternacional.org\/es\/mision-grecia-jovenes-voluntarios\/#breadcrumb\"},\"inLanguage\":\"es\",\"potentialAction\":[{\"@type\":\"ReadAction\",\"target\":[\"https:\/\/www.fraterinternacional.org\/es\/mision-grecia-jovenes-voluntarios\/\"]}]},{\"@type\":\"BreadcrumbList\",\"@id\":\"https:\/\/www.fraterinternacional.org\/es\/mision-grecia-jovenes-voluntarios\/#breadcrumb\",\"itemListElement\":[{\"@type\":\"ListItem\",\"position\":1,\"name\":\"In\u00edcio\",\"item\":\"https:\/\/www.fraterinternacional.org\/es\/\"},{\"@type\":\"ListItem\",\"position\":2,\"name\":\"Misi\u00f3n Grecia &#8211; j\u00f3venes voluntarios\"}]},{\"@type\":\"WebSite\",\"@id\":\"https:\/\/www.fraterinternacional.org\/es\/#website\",\"url\":\"https:\/\/www.fraterinternacional.org\/es\/\",\"name\":\"Fraternidade - Federa\u00e7\u00e3o Humanit\u00e1ria Internacional\",\"description\":\"Fraternidade - Federa\u00e7\u00e3o Humanit\u00e1ria Internacional\",\"potentialAction\":[{\"@type\":\"SearchAction\",\"target\":{\"@type\":\"EntryPoint\",\"urlTemplate\":\"https:\/\/www.fraterinternacional.org\/es\/?s={search_term_string}\"},\"query-input\":\"required name=search_term_string\"}],\"inLanguage\":\"es\"},{\"@type\":\"Person\",\"@id\":\"https:\/\/www.fraterinternacional.org\/es\/#\/schema\/person\/facd24ae5f7e6b4ee1aeec7ad1b960ae\",\"name\":\"Nelson Frater\"}]}<\/script>\n<!-- \/ Yoast SEO Premium plugin. -->","yoast_head_json":{"title":"Misi\u00f3n Grecia - j\u00f3venes voluntarios","description":"Los misioneros orientaron a j\u00f3venes europeos, que prestan servicio voluntario durante las vacaciones de verano.","robots":{"index":"index","follow":"follow","max-snippet":"max-snippet:-1","max-image-preview":"max-image-preview:large","max-video-preview":"max-video-preview:-1"},"canonical":"https:\/\/www.fraterinternacional.org\/es\/mision-grecia-jovenes-voluntarios\/","og_locale":"es_ES","og_type":"article","og_title":"Misi\u00f3n Grecia - j\u00f3venes voluntarios","og_description":"Los misioneros orientaron a j\u00f3venes europeos, que prestan servicio voluntario durante las vacaciones de verano.","og_url":"https:\/\/www.fraterinternacional.org\/es\/mision-grecia-jovenes-voluntarios\/","og_site_name":"Fraternidade - Federa\u00e7\u00e3o Humanit\u00e1ria Internacional","article_publisher":"https:\/\/www.facebook.com\/fraternidadehumanitaria","article_published_time":"2017-07-14T18:25:34+00:00","og_image":[{"width":690,"height":388,"url":"https:\/\/www.fraterinternacional.org\/wp-content\/uploads\/2017\/07\/grecia_missao_missionarios_livros2_julho_2017.jpg","type":"image\/jpeg"}],"author":"Nelson Frater","twitter_card":"summary_large_image","twitter_creator":"@fraternidadeFHI","twitter_site":"@fraternidadeFHI","twitter_misc":{"Escrito por":"Nelson Frater","Tiempo de lectura":"1 minuto"},"schema":{"@context":"https:\/\/schema.org","@graph":[{"@type":"WebPage","@id":"https:\/\/www.fraterinternacional.org\/es\/mision-grecia-jovenes-voluntarios\/","url":"https:\/\/www.fraterinternacional.org\/es\/mision-grecia-jovenes-voluntarios\/","name":"Misi\u00f3n Grecia - j\u00f3venes voluntarios","isPartOf":{"@id":"https:\/\/www.fraterinternacional.org\/es\/#website"},"datePublished":"2017-07-14T18:25:34+00:00","dateModified":"2017-07-14T18:25:34+00:00","author":{"@id":"https:\/\/www.fraterinternacional.org\/es\/#\/schema\/person\/facd24ae5f7e6b4ee1aeec7ad1b960ae"},"description":"Los misioneros orientaron a j\u00f3venes europeos, que prestan servicio voluntario durante las vacaciones de verano.","breadcrumb":{"@id":"https:\/\/www.fraterinternacional.org\/es\/mision-grecia-jovenes-voluntarios\/#breadcrumb"},"inLanguage":"es","potentialAction":[{"@type":"ReadAction","target":["https:\/\/www.fraterinternacional.org\/es\/mision-grecia-jovenes-voluntarios\/"]}]},{"@type":"BreadcrumbList","@id":"https:\/\/www.fraterinternacional.org\/es\/mision-grecia-jovenes-voluntarios\/#breadcrumb","itemListElement":[{"@type":"ListItem","position":1,"name":"In\u00edcio","item":"https:\/\/www.fraterinternacional.org\/es\/"},{"@type":"ListItem","position":2,"name":"Misi\u00f3n Grecia &#8211; j\u00f3venes voluntarios"}]},{"@type":"WebSite","@id":"https:\/\/www.fraterinternacional.org\/es\/#website","url":"https:\/\/www.fraterinternacional.org\/es\/","name":"Fraternidade - Federa\u00e7\u00e3o Humanit\u00e1ria Internacional","description":"Fraternidade - Federa\u00e7\u00e3o Humanit\u00e1ria Internacional","potentialAction":[{"@type":"SearchAction","target":{"@type":"EntryPoint","urlTemplate":"https:\/\/www.fraterinternacional.org\/es\/?s={search_term_string}"},"query-input":"required name=search_term_string"}],"inLanguage":"es"},{"@type":"Person","@id":"https:\/\/www.fraterinternacional.org\/es\/#\/schema\/person\/facd24ae5f7e6b4ee1aeec7ad1b960ae","name":"Nelson Frater"}]}},"_links":{"self":[{"href":"https:\/\/www.fraterinternacional.org\/es\/wp-json\/wp\/v2\/posts\/57986"}],"collection":[{"href":"https:\/\/www.fraterinternacional.org\/es\/wp-json\/wp\/v2\/posts"}],"about":[{"href":"https:\/\/www.fraterinternacional.org\/es\/wp-json\/wp\/v2\/types\/post"}],"author":[{"embeddable":true,"href":"https:\/\/www.fraterinternacional.org\/es\/wp-json\/wp\/v2\/users\/11"}],"replies":[{"embeddable":true,"href":"https:\/\/www.fraterinternacional.org\/es\/wp-json\/wp\/v2\/comments?post=57986"}],"version-history":[{"count":0,"href":"https:\/\/www.fraterinternacional.org\/es\/wp-json\/wp\/v2\/posts\/57986\/revisions"}],"wp:featuredmedia":[{"embeddable":true,"href":"https:\/\/www.fraterinternacional.org\/es\/wp-json\/wp\/v2\/media\/57756"}],"wp:attachment":[{"href":"https:\/\/www.fraterinternacional.org\/es\/wp-json\/wp\/v2\/media?parent=57986"}],"wp:term":[{"taxonomy":"category","embeddable":true,"href":"https:\/\/www.fraterinternacional.org\/es\/wp-json\/wp\/v2\/categories?post=57986"},{"taxonomy":"post_tag","embeddable":true,"href":"https:\/\/www.fraterinternacional.org\/es\/wp-json\/wp\/v2\/tags?post=57986"}],"curies":[{"name":"wp","href":"https:\/\/api.w.org\/{rel}","templated":true}]}}