{"id":57032,"date":"2017-07-03T12:11:45","date_gmt":"2017-07-03T15:11:45","guid":{"rendered":"https:\/\/www.fraterinternacional.org\/?p=57032\/"},"modified":"2017-07-16T10:19:58","modified_gmt":"2017-07-16T13:19:58","slug":"inmunidad-4-la-verdadera-inmunidad","status":"publish","type":"post","link":"https:\/\/www.fraterinternacional.org\/es\/inmunidad-4-la-verdadera-inmunidad\/","title":{"rendered":"Inmunidad 4 \u2013 La Verdadera Inmunidad"},"content":{"rendered":"<div class=\"fusion-fullwidth fullwidth-box fusion-builder-row-1 nonhundred-percent-fullwidth non-hundred-percent-height-scrolling\" style=\"--awb-border-radius-top-left:0px;--awb-border-radius-top-right:0px;--awb-border-radius-bottom-right:0px;--awb-border-radius-bottom-left:0px;--awb-flex-wrap:wrap;\" ><div class=\"fusion-builder-row fusion-row\"><div class=\"fusion-layout-column fusion_builder_column fusion-builder-column-0 fusion_builder_column_1_1 1_1 fusion-one-full fusion-column-first fusion-column-last\" style=\"--awb-bg-size:cover;--awb-margin-bottom:0px;\"><div class=\"fusion-column-wrapper fusion-flex-column-wrapper-legacy\"><div class=\"fusion-text fusion-text-1\"><p style=\"text-align: justify;\">Aqu\u00ed surgen nuevas preguntas, relacionadas con todo lo que fue expuesto hasta ahora: <em>\u00bfC\u00f3mo protegernos delante de la contaminaci\u00f3n ambiental, que ya es una realidad en el planeta? \u00bfC\u00f3mo prevenirnos delante de las epidemias, g\u00e9rmenes y enfermedades planetarias que ya nos amenazan? \u00bfC\u00f3mo adquirir una inmunidad m\u00e1s abarcadora y estable? <\/em>Escuchemos una vez m\u00e1s lo que nos dice nuestro instructor Trigueirinho en relaci\u00f3n con todo esto:<\/p>\n<div style=\"width: 720px;\" class=\"wp-video\"><!--[if lt IE 9]><script>document.createElement('video');<\/script><![endif]-->\n<video class=\"wp-video-shortcode\" id=\"video-57032-1\" width=\"720\" height=\"100\" preload=\"metadata\" controls=\"controls\"><source type=\"video\/mp4\" src=\"https:\/\/www.fraterinternacional.org\/wp-content\/uploads\/2017\/07\/imp_cur_17_06_21_imunidade4_verdade_con_tri_368_es.mp4?_=1\" \/><a href=\"https:\/\/www.fraterinternacional.org\/wp-content\/uploads\/2017\/07\/imp_cur_17_06_21_imunidade4_verdade_con_tri_368_es.mp4\">https:\/\/www.fraterinternacional.org\/wp-content\/uploads\/2017\/07\/imp_cur_17_06_21_imunidade4_verdade_con_tri_368_es.mp4<\/a><\/video><\/div>\n<p>&nbsp;<\/p>\n<p style=\"text-align: justify;\"><a href=\"https:\/\/www.fraterinternacional.org\/wp-content\/uploads\/2017\/07\/arco-\u00edris_ak.jpg\"><img decoding=\"async\" class=\"alignleft wp-image-57010 size-medium\" src=\"https:\/\/www.fraterinternacional.org\/wp-content\/uploads\/2017\/07\/arco-\u00edris_ak-300x169.jpg\" alt=\"\" width=\"300\" height=\"169\" srcset=\"https:\/\/www.fraterinternacional.org\/wp-content\/uploads\/2017\/07\/arco-\u00edris_ak-200x112.jpg 200w, https:\/\/www.fraterinternacional.org\/wp-content\/uploads\/2017\/07\/arco-\u00edris_ak-300x169.jpg 300w, https:\/\/www.fraterinternacional.org\/wp-content\/uploads\/2017\/07\/arco-\u00edris_ak-400x225.jpg 400w, https:\/\/www.fraterinternacional.org\/wp-content\/uploads\/2017\/07\/arco-\u00edris_ak-600x337.jpg 600w, https:\/\/www.fraterinternacional.org\/wp-content\/uploads\/2017\/07\/arco-\u00edris_ak.jpg 690w\" sizes=\"(max-width: 300px) 100vw, 300px\" \/><\/a><\/p>\n<h3 style=\"text-align: center;\">La singular historia relatada por <em>La Madre<\/em><\/h3>\n<p style=\"text-align: justify;\">La singular historia relatada por <em>La Madre<\/em> (ver <a href=\"https:\/\/www.fraterinternacional.org\/es\/inmunidad-1-realidad-por-detras-de-una-epidemia\/\" target=\"_blank\" rel=\"noopener\"><em>INMUNIDAD 1<\/em><\/a> e <a href=\"https:\/\/www.fraterinternacional.org\/es\/inmunidad-2-realidad-por-detras-de-epidemia\/\" target=\"_blank\" rel=\"noopener\"><em>INMUNIDAD 2<\/em><\/a>) en este PORTAL, ilustra bien la afirmaci\u00f3n de la ciencia espiritual de que una enfermedad f\u00edsica no comienza exactamente en el cuerpo f\u00edsico, en donde es posible percibirla m\u00e1s f\u00e1cilmente. Confirma que por detr\u00e1s de cada enfermedad existe un estado, una condici\u00f3n ps\u00edquica alterada, que al interactuar con el cuerpo f\u00edsico-vital lo desequilibra, creando ah\u00ed las condiciones propicias para que el desajuste energ\u00e9tico pueda manifestarse, ahora como una enfermedad reconocible externamente.<\/p>\n<p style=\"text-align: justify;\">De acuerdo con esta ciencia, el ser humano est\u00e1 constituido por diferentes estados o niveles de consciencia que conforman un \u00fanico ser y esos estados o cuerpos sutiles interact\u00faan entre s\u00ed, de manera din\u00e1mica y continua. Esto significa que si ocurrieran interferencias en cualquiera de esos niveles, como por ejemplo, deficiencias corporales o hereditarias, deficiencias de car\u00e1cter, conflictos o choques de cualquier naturaleza: ps\u00edquicos, mentales o emocionales, interrupci\u00f3n o desorganizaci\u00f3n de la vitalidad, todo esto ser\u00edan puertas de entrada para g\u00e9rmenes oportunistas, o para que esos desajustes \u201cdesciendan\u201d hasta el f\u00edsico, creando las condiciones finales para que las enfermedades se materialicen y se establezcan aqu\u00ed.<\/p>\n<p style=\"text-align: justify;\">As\u00ed, cuadros de depresi\u00f3n o choques ps\u00edquicos agudos y violentos, que acometen al ser de golpe, podr\u00e1n desencadenarse sobre su cuerpo f\u00edsico, minando y deprimiendo su sistema inmunol\u00f3gico, abriendo en \u00e9l las puertas para que g\u00e9rmenes oportunistas puedan expandirse ahora y un cuadro infeccioso pueda instalarse f\u00edsicamente.<\/p>\n<h3 style=\"text-align: center;\">Esta reflexi\u00f3n es de vital importancia, porque nos proporciona claves esenciales<\/h3>\n<p style=\"text-align: justify;\">Esta reflexi\u00f3n es de vital importancia, porque nos proporciona claves esenciales en nuestra preparaci\u00f3n para los tiempos dif\u00edciles, que est\u00e1n por venir. Solamente una uni\u00f3n firme y din\u00e1mica con nuestra alma, con nuestros niveles superiores de consciencia, podr\u00e1 abrir caminos internos para que energ\u00edas sublimes puedan fluir e impregnar nuestro ser, creando en \u00e9l condiciones energ\u00e9ticas estables y seguras, que nos proporcionen una inmunidad amplia y verdadera, frente a cualquier condici\u00f3n planetaria venidera y adversa.<\/p>\n<h3 style=\"text-align: center;\">Oraci\u00f3n<\/h3>\n<p style=\"text-align: justify;\">A este di\u00e1logo interno con nuestros niveles superiores de consciencia, o con entidades sublimes que representan para nosotros tales estados o energ\u00edas m\u00e1s elevadas, es lo que llamamos <em>oraci\u00f3n<\/em>. Ella no es solo una mera repetici\u00f3n mec\u00e1nica de f\u00f3rmulas fijas o externas, que pueden tambi\u00e9n ser un instrumento \u00fatil de apoyo hasta que alcancemos, por nosotros mismos, ese estado interno de contacto o de di\u00e1logo \u00edntimo con Dios; en nosotros, o fuera de nosotros.<\/p>\n<p style=\"text-align: center;\"><strong>Remedio espiritual universal<\/strong><\/p>\n<p style=\"text-align: center;\"><strong><em>La oraci\u00f3n, en estos tiempos, ser\u00e1 el escudo<br \/>\ny, al mismo tiempo, el remedio espiritual<br \/>\ncontra toda enfermedad mental, ps\u00edquica y emocional,<br \/>\nconsecuencia del desajuste global que la humanidad atrajo<br \/>\nhacia s\u00ed\u00a0y hacia los Reinos de la Naturaleza.<\/em><\/strong><\/p>\n<p style=\"text-align: center;\"><strong>(<a href=\"http:\/\/www.divinamadre.org\/es\/mensaje-de-maria\/sabado-12-de-noviembre-de-2016\" target=\"_blank\" rel=\"noopener\">Mensagem de Maria &#8211; 12.11.2016<\/a>)<\/strong><\/p>\n<p>&nbsp;<\/p>\n<p><strong>Audio Irdin:<\/strong> Delimitaci\u00f3n del tiempo del audio: 41&#8217;35 min hasta 45\u201915 min (Audici\u00f3n recomendable hasta 56\u201953)<br \/>\n<strong>Audio Completo:<\/strong> <a href=\"http:\/\/www.irdin.org.br\/site\/produto\/001397\/\" target=\"_blank\" rel=\"noopener\">www.irdin.org.br\/acervo\/<\/a><\/p>\n<p><strong>El tema de la <em>Inmunidad<\/em> proseguir\u00e1.<\/strong><\/p>\n<\/div><div class=\"fusion-aligncenter\"><a class=\"fusion-button button-3d button-small button-custom fusion-button-default button-1 fusion-button-span-center \" style=\"--button_accent_color:#ffffff;--button_accent_hover_color:#dedede;--button_border_hover_color:#dedede;--button_gradient_top_color:#d3b054;--button_gradient_bottom_color:#d3b054;--button_gradient_top_color_hover:#d3b054;--button_gradient_bottom_color_hover:#d3b054;\" target=\"_self\" href=\"https:\/\/www.fraterinternacional.org\/es\/category\/impulsos-para-la-semana\/cura-es\/\"><span class=\"fusion-button-text\">Vea todos<\/span><\/a><\/div><div class=\"fusion-clearfix\"><\/div><\/div><\/div><\/div><\/div>\n","protected":false},"excerpt":{"rendered":"","protected":false},"author":8,"featured_media":57079,"comment_status":"closed","ping_status":"closed","sticky":false,"template":"","format":"standard","meta":{"footnotes":""},"categories":[3237],"tags":[3240],"class_list":["post-57032","post","type-post","status-publish","format-standard","has-post-thumbnail","hentry","category-impulsos-para-la-semana","tag-cura-es"],"yoast_head":"<!-- This site is optimized with the Yoast SEO Premium plugin v21.0 (Yoast SEO v21.0) - https:\/\/yoast.com\/wordpress\/plugins\/seo\/ -->\n<title>Inmunidad 4 \u2013 La Verdadera Inmunidad - Impulsos para la Semana - Cura<\/title>\n<meta name=\"description\" content=\"Esta reflexi\u00f3n es de vital importancia, porque nos proporciona claves esenciales en nuestra preparaci\u00f3n para los tiempos dif\u00edciles, que est\u00e1n por venir.\" \/>\n<meta name=\"robots\" content=\"index, follow, max-snippet:-1, max-image-preview:large, max-video-preview:-1\" \/>\n<link rel=\"canonical\" href=\"https:\/\/www.fraterinternacional.org\/es\/inmunidad-4-la-verdadera-inmunidad\/\" \/>\n<meta property=\"og:locale\" content=\"es_ES\" \/>\n<meta property=\"og:type\" content=\"article\" \/>\n<meta property=\"og:title\" content=\"Inmunidad 4 \u2013 La Verdadera Inmunidad\" \/>\n<meta property=\"og:description\" content=\"Esta reflexi\u00f3n es de vital importancia, porque nos proporciona claves esenciales en nuestra preparaci\u00f3n para los tiempos dif\u00edciles, que est\u00e1n por venir.\" \/>\n<meta property=\"og:url\" content=\"https:\/\/www.fraterinternacional.org\/es\/inmunidad-4-la-verdadera-inmunidad\/\" \/>\n<meta property=\"og:site_name\" content=\"Fraternidade - Federa\u00e7\u00e3o Humanit\u00e1ria Internacional\" \/>\n<meta property=\"article:publisher\" content=\"https:\/\/www.facebook.com\/fraternidadehumanitaria\" \/>\n<meta property=\"article:published_time\" content=\"2017-07-03T15:11:45+00:00\" \/>\n<meta property=\"article:modified_time\" content=\"2017-07-16T13:19:58+00:00\" \/>\n<meta property=\"og:image\" content=\"https:\/\/www.fraterinternacional.org\/wp-content\/uploads\/2017\/07\/arco-iris_cura.jpg\" \/>\n\t<meta property=\"og:image:width\" content=\"690\" \/>\n\t<meta property=\"og:image:height\" content=\"388\" \/>\n\t<meta property=\"og:image:type\" content=\"image\/jpeg\" \/>\n<meta name=\"author\" content=\"FFHI\" \/>\n<meta name=\"twitter:card\" content=\"summary_large_image\" \/>\n<meta name=\"twitter:creator\" content=\"@fraternidadeFHI\" \/>\n<meta name=\"twitter:site\" content=\"@fraternidadeFHI\" \/>\n<meta name=\"twitter:label1\" content=\"Escrito por\" \/>\n\t<meta name=\"twitter:data1\" content=\"FFHI\" \/>\n\t<meta name=\"twitter:label2\" content=\"Tiempo de lectura\" \/>\n\t<meta name=\"twitter:data2\" content=\"4 minutos\" \/>\n<script type=\"application\/ld+json\" class=\"yoast-schema-graph\">{\"@context\":\"https:\/\/schema.org\",\"@graph\":[{\"@type\":\"WebPage\",\"@id\":\"https:\/\/www.fraterinternacional.org\/es\/inmunidad-4-la-verdadera-inmunidad\/\",\"url\":\"https:\/\/www.fraterinternacional.org\/es\/inmunidad-4-la-verdadera-inmunidad\/\",\"name\":\"Inmunidad 4 \u2013 La Verdadera Inmunidad - Impulsos para la Semana - Cura\",\"isPartOf\":{\"@id\":\"https:\/\/www.fraterinternacional.org\/es\/#website\"},\"datePublished\":\"2017-07-03T15:11:45+00:00\",\"dateModified\":\"2017-07-16T13:19:58+00:00\",\"author\":{\"@id\":\"https:\/\/www.fraterinternacional.org\/es\/#\/schema\/person\/8fd7058ced8aa6a1995cc0feee75819f\"},\"description\":\"Esta reflexi\u00f3n es de vital importancia, porque nos proporciona claves esenciales en nuestra preparaci\u00f3n para los tiempos dif\u00edciles, que est\u00e1n por venir.\",\"breadcrumb\":{\"@id\":\"https:\/\/www.fraterinternacional.org\/es\/inmunidad-4-la-verdadera-inmunidad\/#breadcrumb\"},\"inLanguage\":\"es\",\"potentialAction\":[{\"@type\":\"ReadAction\",\"target\":[\"https:\/\/www.fraterinternacional.org\/es\/inmunidad-4-la-verdadera-inmunidad\/\"]}]},{\"@type\":\"BreadcrumbList\",\"@id\":\"https:\/\/www.fraterinternacional.org\/es\/inmunidad-4-la-verdadera-inmunidad\/#breadcrumb\",\"itemListElement\":[{\"@type\":\"ListItem\",\"position\":1,\"name\":\"In\u00edcio\",\"item\":\"https:\/\/www.fraterinternacional.org\/es\/\"},{\"@type\":\"ListItem\",\"position\":2,\"name\":\"Inmunidad 4 \u2013 La Verdadera Inmunidad\"}]},{\"@type\":\"WebSite\",\"@id\":\"https:\/\/www.fraterinternacional.org\/es\/#website\",\"url\":\"https:\/\/www.fraterinternacional.org\/es\/\",\"name\":\"Fraternidade - Federa\u00e7\u00e3o Humanit\u00e1ria Internacional\",\"description\":\"Fraternidade - Federa\u00e7\u00e3o Humanit\u00e1ria Internacional\",\"potentialAction\":[{\"@type\":\"SearchAction\",\"target\":{\"@type\":\"EntryPoint\",\"urlTemplate\":\"https:\/\/www.fraterinternacional.org\/es\/?s={search_term_string}\"},\"query-input\":\"required name=search_term_string\"}],\"inLanguage\":\"es\"},{\"@type\":\"Person\",\"@id\":\"https:\/\/www.fraterinternacional.org\/es\/#\/schema\/person\/8fd7058ced8aa6a1995cc0feee75819f\",\"name\":\"FFHI\"}]}<\/script>\n<!-- \/ Yoast SEO Premium plugin. -->","yoast_head_json":{"title":"Inmunidad 4 \u2013 La Verdadera Inmunidad - Impulsos para la Semana - Cura","description":"Esta reflexi\u00f3n es de vital importancia, porque nos proporciona claves esenciales en nuestra preparaci\u00f3n para los tiempos dif\u00edciles, que est\u00e1n por venir.","robots":{"index":"index","follow":"follow","max-snippet":"max-snippet:-1","max-image-preview":"max-image-preview:large","max-video-preview":"max-video-preview:-1"},"canonical":"https:\/\/www.fraterinternacional.org\/es\/inmunidad-4-la-verdadera-inmunidad\/","og_locale":"es_ES","og_type":"article","og_title":"Inmunidad 4 \u2013 La Verdadera Inmunidad","og_description":"Esta reflexi\u00f3n es de vital importancia, porque nos proporciona claves esenciales en nuestra preparaci\u00f3n para los tiempos dif\u00edciles, que est\u00e1n por venir.","og_url":"https:\/\/www.fraterinternacional.org\/es\/inmunidad-4-la-verdadera-inmunidad\/","og_site_name":"Fraternidade - Federa\u00e7\u00e3o Humanit\u00e1ria Internacional","article_publisher":"https:\/\/www.facebook.com\/fraternidadehumanitaria","article_published_time":"2017-07-03T15:11:45+00:00","article_modified_time":"2017-07-16T13:19:58+00:00","og_image":[{"width":690,"height":388,"url":"https:\/\/www.fraterinternacional.org\/wp-content\/uploads\/2017\/07\/arco-iris_cura.jpg","type":"image\/jpeg"}],"author":"FFHI","twitter_card":"summary_large_image","twitter_creator":"@fraternidadeFHI","twitter_site":"@fraternidadeFHI","twitter_misc":{"Escrito por":"FFHI","Tiempo de lectura":"4 minutos"},"schema":{"@context":"https:\/\/schema.org","@graph":[{"@type":"WebPage","@id":"https:\/\/www.fraterinternacional.org\/es\/inmunidad-4-la-verdadera-inmunidad\/","url":"https:\/\/www.fraterinternacional.org\/es\/inmunidad-4-la-verdadera-inmunidad\/","name":"Inmunidad 4 \u2013 La Verdadera Inmunidad - Impulsos para la Semana - Cura","isPartOf":{"@id":"https:\/\/www.fraterinternacional.org\/es\/#website"},"datePublished":"2017-07-03T15:11:45+00:00","dateModified":"2017-07-16T13:19:58+00:00","author":{"@id":"https:\/\/www.fraterinternacional.org\/es\/#\/schema\/person\/8fd7058ced8aa6a1995cc0feee75819f"},"description":"Esta reflexi\u00f3n es de vital importancia, porque nos proporciona claves esenciales en nuestra preparaci\u00f3n para los tiempos dif\u00edciles, que est\u00e1n por venir.","breadcrumb":{"@id":"https:\/\/www.fraterinternacional.org\/es\/inmunidad-4-la-verdadera-inmunidad\/#breadcrumb"},"inLanguage":"es","potentialAction":[{"@type":"ReadAction","target":["https:\/\/www.fraterinternacional.org\/es\/inmunidad-4-la-verdadera-inmunidad\/"]}]},{"@type":"BreadcrumbList","@id":"https:\/\/www.fraterinternacional.org\/es\/inmunidad-4-la-verdadera-inmunidad\/#breadcrumb","itemListElement":[{"@type":"ListItem","position":1,"name":"In\u00edcio","item":"https:\/\/www.fraterinternacional.org\/es\/"},{"@type":"ListItem","position":2,"name":"Inmunidad 4 \u2013 La Verdadera Inmunidad"}]},{"@type":"WebSite","@id":"https:\/\/www.fraterinternacional.org\/es\/#website","url":"https:\/\/www.fraterinternacional.org\/es\/","name":"Fraternidade - Federa\u00e7\u00e3o Humanit\u00e1ria Internacional","description":"Fraternidade - Federa\u00e7\u00e3o Humanit\u00e1ria Internacional","potentialAction":[{"@type":"SearchAction","target":{"@type":"EntryPoint","urlTemplate":"https:\/\/www.fraterinternacional.org\/es\/?s={search_term_string}"},"query-input":"required name=search_term_string"}],"inLanguage":"es"},{"@type":"Person","@id":"https:\/\/www.fraterinternacional.org\/es\/#\/schema\/person\/8fd7058ced8aa6a1995cc0feee75819f","name":"FFHI"}]}},"_links":{"self":[{"href":"https:\/\/www.fraterinternacional.org\/es\/wp-json\/wp\/v2\/posts\/57032"}],"collection":[{"href":"https:\/\/www.fraterinternacional.org\/es\/wp-json\/wp\/v2\/posts"}],"about":[{"href":"https:\/\/www.fraterinternacional.org\/es\/wp-json\/wp\/v2\/types\/post"}],"author":[{"embeddable":true,"href":"https:\/\/www.fraterinternacional.org\/es\/wp-json\/wp\/v2\/users\/8"}],"replies":[{"embeddable":true,"href":"https:\/\/www.fraterinternacional.org\/es\/wp-json\/wp\/v2\/comments?post=57032"}],"version-history":[{"count":0,"href":"https:\/\/www.fraterinternacional.org\/es\/wp-json\/wp\/v2\/posts\/57032\/revisions"}],"wp:featuredmedia":[{"embeddable":true,"href":"https:\/\/www.fraterinternacional.org\/es\/wp-json\/wp\/v2\/media\/57079"}],"wp:attachment":[{"href":"https:\/\/www.fraterinternacional.org\/es\/wp-json\/wp\/v2\/media?parent=57032"}],"wp:term":[{"taxonomy":"category","embeddable":true,"href":"https:\/\/www.fraterinternacional.org\/es\/wp-json\/wp\/v2\/categories?post=57032"},{"taxonomy":"post_tag","embeddable":true,"href":"https:\/\/www.fraterinternacional.org\/es\/wp-json\/wp\/v2\/tags?post=57032"}],"curies":[{"name":"wp","href":"https:\/\/api.w.org\/{rel}","templated":true}]}}