{"id":56876,"date":"2017-06-29T21:32:41","date_gmt":"2017-06-30T00:32:41","guid":{"rendered":"https:\/\/www.fraterinternacional.org\/?p=56876\/"},"modified":"2017-07-10T20:39:12","modified_gmt":"2017-07-10T23:39:12","slug":"ana-regina-lanza-su-tercer-libro-sobre-los-reinos-ensolarar-vidas","status":"publish","type":"post","link":"https:\/\/www.fraterinternacional.org\/es\/ana-regina-lanza-su-tercer-libro-sobre-los-reinos-ensolarar-vidas\/","title":{"rendered":"Ana Regina lanza su tercer libro sobre los Reinos: \u201cEnsolarar vidas\u201d"},"content":{"rendered":"<p style=\"text-align: justify;\"><a href=\"https:\/\/www.fraterinternacional.org\/wp-content\/uploads\/2017\/06\/ensolarar_vidas_terceiro_libro_reinos_ana_regina_nogueira_09.jpg\"><img decoding=\"async\" class=\"size-medium wp-image-56755 alignright\" src=\"https:\/\/www.fraterinternacional.org\/wp-content\/uploads\/2017\/06\/ensolarar_vidas_terceiro_libro_reinos_ana_regina_nogueira_09-300x204.jpg\" alt=\"\" width=\"300\" height=\"204\" srcset=\"https:\/\/www.fraterinternacional.org\/wp-content\/uploads\/2017\/06\/ensolarar_vidas_terceiro_libro_reinos_ana_regina_nogueira_09-200x136.jpg 200w, https:\/\/www.fraterinternacional.org\/wp-content\/uploads\/2017\/06\/ensolarar_vidas_terceiro_libro_reinos_ana_regina_nogueira_09-300x204.jpg 300w, https:\/\/www.fraterinternacional.org\/wp-content\/uploads\/2017\/06\/ensolarar_vidas_terceiro_libro_reinos_ana_regina_nogueira_09-400x272.jpg 400w, https:\/\/www.fraterinternacional.org\/wp-content\/uploads\/2017\/06\/ensolarar_vidas_terceiro_libro_reinos_ana_regina_nogueira_09-600x409.jpg 600w, https:\/\/www.fraterinternacional.org\/wp-content\/uploads\/2017\/06\/ensolarar_vidas_terceiro_libro_reinos_ana_regina_nogueira_09.jpg 690w\" sizes=\"(max-width: 300px) 100vw, 300px\" \/><\/a>Ana Regina Nogueira, autora de \u201cViver o Amor aos C\u00e3es\u201d (\u00abVivir el Amor a los Perros\u00bb) y \u201cPor Que Ningu\u00e9m Me Disse Isso Antes &#8211; Segredos de gente, bichos, plantas e pedras\u201d (\u00abPor Qu\u00e9 Nadie Me Dijo Eso Antes &#8211; Secretos de gente, animales, plantas y piedras), presenta el s\u00e1bado 1\u00ba de julio su tercer libro: \u201cEnsolarar vidas\u201d (Solear vidas). El acto se realizar\u00e1 en la ciudad de San Lorenzo, Minas Gerais, Brasil, a partir de las 16.00 horas. Ser\u00e1 en el marco del Primer Encuentro de Protectores de Animales del Sur de Minas, a llevarse a cabo en el colegio Inmaculado Coraz\u00f3n de Mar\u00eda (Coronel Jos\u00e9 Justino 532, Centro).<\/p>\n<p style=\"text-align: justify;\">La obra, publicada por <a href=\"http:\/\/www.irdin.org.br\/site\/\" target=\"_blank\" rel=\"noopener\">Irdin Editora<\/a>, se propone mostrar el ejemplo de una pareja que, a cierta altura de su existencia, decide consagrarse por completo al cuidado de los <a href=\"http:\/\/www.fraterinternacional.org\/es\/amor-y-servicio-los-reinos\/\">Reinos de la Naturaleza<\/a>, abandonando la vida que llevaba en Belo Horizonte, capital del estado de Minas Gerais. \u201cEl libro busca constituirse en una invitaci\u00f3n para servir a Dios a trav\u00e9s de los Reinos\u201d, adelanta Ana Regina.<\/p>\n<p style=\"text-align: justify;\"><a href=\"https:\/\/www.fraterinternacional.org\/wp-content\/uploads\/2017\/06\/ensolarar_vidas_terceiro_libro_reinos_ana_regina_nogueira_08.jpg\"><img decoding=\"async\" class=\"alignleft size-medium wp-image-56752\" src=\"https:\/\/www.fraterinternacional.org\/wp-content\/uploads\/2017\/06\/ensolarar_vidas_terceiro_libro_reinos_ana_regina_nogueira_08-300x216.jpg\" alt=\"\" width=\"300\" height=\"216\" srcset=\"https:\/\/www.fraterinternacional.org\/wp-content\/uploads\/2017\/06\/ensolarar_vidas_terceiro_libro_reinos_ana_regina_nogueira_08-200x144.jpg 200w, https:\/\/www.fraterinternacional.org\/wp-content\/uploads\/2017\/06\/ensolarar_vidas_terceiro_libro_reinos_ana_regina_nogueira_08-300x216.jpg 300w, https:\/\/www.fraterinternacional.org\/wp-content\/uploads\/2017\/06\/ensolarar_vidas_terceiro_libro_reinos_ana_regina_nogueira_08-400x288.jpg 400w, https:\/\/www.fraterinternacional.org\/wp-content\/uploads\/2017\/06\/ensolarar_vidas_terceiro_libro_reinos_ana_regina_nogueira_08-600x431.jpg 600w, https:\/\/www.fraterinternacional.org\/wp-content\/uploads\/2017\/06\/ensolarar_vidas_terceiro_libro_reinos_ana_regina_nogueira_08.jpg 690w\" sizes=\"(max-width: 300px) 100vw, 300px\" \/><\/a>\u201cEste es un libro de dos autores: aquella que lo escribi\u00f3 y el mirar de los animales en \u00e9l fotografiados. Esas miradas confirman que el Reino Animal contin\u00faa siendo un misterio para el hombre, porque aun no sabemos distinguir cuando ya existe una semilla de Alma en uno de esos`hermanos menores\u00b4\u201d, afirma en la presentaci\u00f3n del texto el fil\u00f3sofo espiritualista Jos\u00e9 <a href=\"http:\/\/www.trigueirinho.org.br\/es\/\" target=\"_blank\" rel=\"noopener\">Triguerinho<\/a>.<\/p>\n<p style=\"text-align: justify;\">El ensayo relata la experiencia de Mene y Hayla como responsables del Sector Reinos en la <a href=\"http:\/\/www.comunidadefigueira.org.br\/esp\/\" target=\"_blank\" rel=\"noopener\">Comunidad-Luz Figueira<\/a> y en su prolongaci\u00f3n, la <a href=\"http:\/\/www.casaluzdacolina.org.br\/\" target=\"_blank\" rel=\"noopener\">Casa Luz de la Colina<\/a>, a trav\u00e9s del Sitio de los Reinos, las Tierras de la Unidad y la Casa Esperanza, todas afiliadas a la <strong>Fraternidade \u2013 Federaci\u00f3n Humanitaria Internacional<\/strong>.<\/p>\n<p style=\"text-align: justify;\">En esos lugares, verdaderas Arcas de No\u00e9 en los cr\u00edticos tiempos actuales, los protagonistas, con la ayuda de varios colaboradores, dedican sus vidas a rescatar y aliviar el sufrimiento de miles de animales y vegetales. Todos son acogidos por el matrimonio como \u201chijos\u201d e \u201chijas\u201d.<\/p>\n<p style=\"text-align: justify;\"><a href=\"https:\/\/www.fraterinternacional.org\/wp-content\/uploads\/2017\/06\/ensolarar_vidas_terceiro_libro_reinos_ana_regina_nogueira_07.jpg\"><img decoding=\"async\" class=\"alignright size-medium wp-image-56749\" src=\"https:\/\/www.fraterinternacional.org\/wp-content\/uploads\/2017\/06\/ensolarar_vidas_terceiro_libro_reinos_ana_regina_nogueira_07-300x169.jpg\" alt=\"\" width=\"300\" height=\"169\" srcset=\"https:\/\/www.fraterinternacional.org\/wp-content\/uploads\/2017\/06\/ensolarar_vidas_terceiro_libro_reinos_ana_regina_nogueira_07-200x112.jpg 200w, https:\/\/www.fraterinternacional.org\/wp-content\/uploads\/2017\/06\/ensolarar_vidas_terceiro_libro_reinos_ana_regina_nogueira_07-300x169.jpg 300w, https:\/\/www.fraterinternacional.org\/wp-content\/uploads\/2017\/06\/ensolarar_vidas_terceiro_libro_reinos_ana_regina_nogueira_07-400x225.jpg 400w, https:\/\/www.fraterinternacional.org\/wp-content\/uploads\/2017\/06\/ensolarar_vidas_terceiro_libro_reinos_ana_regina_nogueira_07-600x337.jpg 600w, https:\/\/www.fraterinternacional.org\/wp-content\/uploads\/2017\/06\/ensolarar_vidas_terceiro_libro_reinos_ana_regina_nogueira_07.jpg 690w\" sizes=\"(max-width: 300px) 100vw, 300px\" \/><\/a>El ensayo, de 220 p\u00e1ginas y 130 fotograf\u00edas a color, fue escrito en cuatro meses. \u201cDurante su proceso de gestaci\u00f3n me sent\u00ed totalmente acompa\u00f1ada y guiada\u201d, acota la autora. Consta de 42 cap\u00edtulos breves, entre ellos: \u201cPomares, santu\u00e1rio para as aves\u201d (\u201cPomares, un santuario para las aves\u201d), \u201cOs devas e as podas\u201d(\u201cLos devas y las podas\u201d), \u201cUm jardim rural\u201d (Un jard\u00edn rural), \u201cCaf\u00e9, uma planta frustrada, e matas em extin\u00e7\u00e3o\u201d(Caf\u00e9, una planta frustrada, y bosques en extinci\u00f3n\u201d), \u201cDi\u00e1logo de gente sobre cobras e lagartos, r\u00e3s, pererecas, aves, plantas e eutan\u00e1sia\u201d (\u201cDi\u00e1logo de personas sobre v\u00edboras y lagartos, ranas, aves, plantas y eutanasia\u201d), \u201cQuati, algo dele na gente\u201d (\u201cCoat\u00ed, algo de \u00e9l en nosotros\u201d, \u201cPica-pau, ser m\u00e3e e pai de todos\u201d (\u201cP\u00e1jaro carpintero, un ser madre y padre de todos\u201d), \u201cUma casa para almas animais\u201d (\u201cUna casa para almas animales\u201d) e \u201cAs vidas ensolaradas\u201d (\u201cLas vidas soleadas\u201d).<\/p>\n<p style=\"text-align: justify;\">La escritora recibi\u00f3 la inspiraci\u00f3n del t\u00edtulo, \u201cEnsolarar vidas\u201d (Solear vidas), durante una <a href=\"http:\/\/www.divinamadre.org\/es\/campanaporlapaz\" target=\"_blank\" rel=\"noopener\">aparici\u00f3n de la Virgen Mar\u00eda<\/a> al vidente Fray El\u00edas del Sagrado Coraz\u00f3n, de la <a href=\"http:\/\/www.fraterinternacional.org\/es\/orden-gracia-misericordia\/\">Orden Gracia Misericordia<\/a>. \u201cConsidero que refleja la esencia del material: una historia de amor por la Vida, la historia de personas que, con manos y corazones iluminados, comparten un pedazo de sol y de esperanza con cada ser que encuentran en sus caminos, sean estos miembros de la humanidad o de los Reinos de la Naturaleza\u201d, finaliza Ana Regina.<\/p>\n<p>&nbsp;<\/p>\n\n\t\t<style type=\"text\/css\">\n\t\t\t#gallery-1 {\n\t\t\t\tmargin: auto;\n\t\t\t}\n\t\t\t#gallery-1 .gallery-item {\n\t\t\t\tfloat: left;\n\t\t\t\tmargin-top: 10px;\n\t\t\t\ttext-align: center;\n\t\t\t\twidth: 33%;\n\t\t\t}\n\t\t\t#gallery-1 img {\n\t\t\t\tborder: 2px solid #cfcfcf;\n\t\t\t}\n\t\t\t#gallery-1 .gallery-caption {\n\t\t\t\tmargin-left: 0;\n\t\t\t}\n\t\t\t\/* see gallery_shortcode() in wp-includes\/media.php *\/\n\t\t<\/style>\n\t\t<div id='gallery-1' class='gallery galleryid-56876 gallery-columns-3 gallery-size-medium'><dl class='gallery-item'>\n\t\t\t<dt class='gallery-icon landscape'>\n\t\t\t\t<a data-rel=\"iLightbox[postimages]\" data-title=\"ensolarar_vidas_terceiro_libro_reinos_ana_regina_nogueira_05\" data-caption=\"\" href='https:\/\/www.fraterinternacional.org\/wp-content\/uploads\/2017\/06\/ensolarar_vidas_terceiro_libro_reinos_ana_regina_nogueira_05.jpg'><img decoding=\"async\" width=\"300\" height=\"207\" src=\"https:\/\/www.fraterinternacional.org\/wp-content\/uploads\/2017\/06\/ensolarar_vidas_terceiro_libro_reinos_ana_regina_nogueira_05-300x207.jpg\" class=\"attachment-medium size-medium\" alt=\"\" srcset=\"https:\/\/www.fraterinternacional.org\/wp-content\/uploads\/2017\/06\/ensolarar_vidas_terceiro_libro_reinos_ana_regina_nogueira_05-200x138.jpg 200w, https:\/\/www.fraterinternacional.org\/wp-content\/uploads\/2017\/06\/ensolarar_vidas_terceiro_libro_reinos_ana_regina_nogueira_05-300x207.jpg 300w, https:\/\/www.fraterinternacional.org\/wp-content\/uploads\/2017\/06\/ensolarar_vidas_terceiro_libro_reinos_ana_regina_nogueira_05-400x275.jpg 400w, https:\/\/www.fraterinternacional.org\/wp-content\/uploads\/2017\/06\/ensolarar_vidas_terceiro_libro_reinos_ana_regina_nogueira_05-600x413.jpg 600w, https:\/\/www.fraterinternacional.org\/wp-content\/uploads\/2017\/06\/ensolarar_vidas_terceiro_libro_reinos_ana_regina_nogueira_05.jpg 690w\" sizes=\"(max-width: 300px) 100vw, 300px\" \/><\/a>\n\t\t\t<\/dt><\/dl><dl class='gallery-item'>\n\t\t\t<dt class='gallery-icon landscape'>\n\t\t\t\t<a data-rel=\"iLightbox[postimages]\" data-title=\"ensolarar_vidas_terceiro_libro_reinos_ana_regina_nogueira_03\" data-caption=\"\" href='https:\/\/www.fraterinternacional.org\/wp-content\/uploads\/2017\/06\/ensolarar_vidas_terceiro_libro_reinos_ana_regina_nogueira_03.jpg'><img decoding=\"async\" width=\"300\" height=\"190\" src=\"https:\/\/www.fraterinternacional.org\/wp-content\/uploads\/2017\/06\/ensolarar_vidas_terceiro_libro_reinos_ana_regina_nogueira_03-300x190.jpg\" class=\"attachment-medium size-medium\" alt=\"\" srcset=\"https:\/\/www.fraterinternacional.org\/wp-content\/uploads\/2017\/06\/ensolarar_vidas_terceiro_libro_reinos_ana_regina_nogueira_03-200x127.jpg 200w, https:\/\/www.fraterinternacional.org\/wp-content\/uploads\/2017\/06\/ensolarar_vidas_terceiro_libro_reinos_ana_regina_nogueira_03-300x190.jpg 300w, https:\/\/www.fraterinternacional.org\/wp-content\/uploads\/2017\/06\/ensolarar_vidas_terceiro_libro_reinos_ana_regina_nogueira_03-320x202.jpg 320w, https:\/\/www.fraterinternacional.org\/wp-content\/uploads\/2017\/06\/ensolarar_vidas_terceiro_libro_reinos_ana_regina_nogueira_03-400x254.jpg 400w, https:\/\/www.fraterinternacional.org\/wp-content\/uploads\/2017\/06\/ensolarar_vidas_terceiro_libro_reinos_ana_regina_nogueira_03-600x381.jpg 600w, https:\/\/www.fraterinternacional.org\/wp-content\/uploads\/2017\/06\/ensolarar_vidas_terceiro_libro_reinos_ana_regina_nogueira_03.jpg 690w\" sizes=\"(max-width: 300px) 100vw, 300px\" \/><\/a>\n\t\t\t<\/dt><\/dl><dl class='gallery-item'>\n\t\t\t<dt class='gallery-icon landscape'>\n\t\t\t\t<a data-rel=\"iLightbox[postimages]\" data-title=\"ensolarar_vidas_terceiro_libro_reinos_ana_regina_nogueira_06\" data-caption=\"\" href='https:\/\/www.fraterinternacional.org\/wp-content\/uploads\/2017\/06\/ensolarar_vidas_terceiro_libro_reinos_ana_regina_nogueira_06.jpg'><img decoding=\"async\" width=\"300\" height=\"169\" src=\"https:\/\/www.fraterinternacional.org\/wp-content\/uploads\/2017\/06\/ensolarar_vidas_terceiro_libro_reinos_ana_regina_nogueira_06-300x169.jpg\" class=\"attachment-medium size-medium\" alt=\"\" srcset=\"https:\/\/www.fraterinternacional.org\/wp-content\/uploads\/2017\/06\/ensolarar_vidas_terceiro_libro_reinos_ana_regina_nogueira_06-200x112.jpg 200w, https:\/\/www.fraterinternacional.org\/wp-content\/uploads\/2017\/06\/ensolarar_vidas_terceiro_libro_reinos_ana_regina_nogueira_06-300x169.jpg 300w, https:\/\/www.fraterinternacional.org\/wp-content\/uploads\/2017\/06\/ensolarar_vidas_terceiro_libro_reinos_ana_regina_nogueira_06-400x225.jpg 400w, https:\/\/www.fraterinternacional.org\/wp-content\/uploads\/2017\/06\/ensolarar_vidas_terceiro_libro_reinos_ana_regina_nogueira_06-600x337.jpg 600w, https:\/\/www.fraterinternacional.org\/wp-content\/uploads\/2017\/06\/ensolarar_vidas_terceiro_libro_reinos_ana_regina_nogueira_06.jpg 690w\" sizes=\"(max-width: 300px) 100vw, 300px\" \/><\/a>\n\t\t\t<\/dt><\/dl><br style=\"clear: both\" \/>\n\t\t<\/div>\n\n<p>&nbsp;<\/p>\n","protected":false},"excerpt":{"rendered":"<p>Ana Regina Nogueira, autora de \u201cViver o Amor aos C\u00e3es\u201d (\u00abVivir el Amor a los Perros\u00bb) y \u201cPor Que Ningu\u00e9m [&hellip;]<\/p>\n","protected":false},"author":16,"featured_media":56769,"comment_status":"closed","ping_status":"closed","sticky":false,"template":"","format":"standard","meta":{"footnotes":""},"categories":[173],"tags":[103],"class_list":["post-56876","post","type-post","status-publish","format-standard","has-post-thumbnail","hentry","category-noticia","tag-amor-y-servicio-a-los-reinos"],"yoast_head":"<!-- This site is optimized with the Yoast SEO Premium plugin v21.0 (Yoast SEO v21.0) - https:\/\/yoast.com\/wordpress\/plugins\/seo\/ -->\n<title>Ana Regina lanza su tercer libro sobre los Reinos: \u201cEnsolarar vidas\u201d<\/title>\n<meta name=\"description\" content=\"La autora de \u201cViver o Amor aos C\u00e3es\u201d cuenta la historia de una pareja que se consagra a colaborar con los Reinos y el desarrollo del alma en los animales.\" \/>\n<meta name=\"robots\" content=\"index, follow, max-snippet:-1, max-image-preview:large, max-video-preview:-1\" \/>\n<link rel=\"canonical\" href=\"https:\/\/www.fraterinternacional.org\/es\/ana-regina-lanza-su-tercer-libro-sobre-los-reinos-ensolarar-vidas\/\" \/>\n<meta property=\"og:locale\" content=\"es_ES\" \/>\n<meta property=\"og:type\" content=\"article\" \/>\n<meta property=\"og:title\" content=\"Ana Regina lanza su tercer libro sobre los Reinos: \u201cEnsolarar vidas\u201d\" \/>\n<meta property=\"og:description\" content=\"La autora de \u201cViver o Amor aos C\u00e3es\u201d cuenta la historia de una pareja que se consagra a colaborar con los Reinos y el desarrollo del alma en los animales.\" \/>\n<meta property=\"og:url\" content=\"https:\/\/www.fraterinternacional.org\/es\/ana-regina-lanza-su-tercer-libro-sobre-los-reinos-ensolarar-vidas\/\" \/>\n<meta property=\"og:site_name\" content=\"Fraternidade - Federa\u00e7\u00e3o Humanit\u00e1ria Internacional\" \/>\n<meta property=\"article:publisher\" content=\"https:\/\/www.facebook.com\/fraternidadehumanitaria\" \/>\n<meta property=\"article:published_time\" content=\"2017-06-30T00:32:41+00:00\" \/>\n<meta property=\"article:modified_time\" content=\"2017-07-10T23:39:12+00:00\" \/>\n<meta property=\"og:image\" content=\"https:\/\/www.fraterinternacional.org\/wp-content\/uploads\/2017\/06\/ensolarar_vidas_terceiro_libro_reinos_ana_regina_nogueira_04.jpg\" \/>\n\t<meta property=\"og:image:width\" content=\"690\" \/>\n\t<meta property=\"og:image:height\" content=\"388\" \/>\n\t<meta property=\"og:image:type\" content=\"image\/jpeg\" \/>\n<meta name=\"author\" content=\"Sergio Redator Espanhol\" \/>\n<meta name=\"twitter:card\" content=\"summary_large_image\" \/>\n<meta name=\"twitter:creator\" content=\"@fraternidadeFHI\" \/>\n<meta name=\"twitter:site\" content=\"@fraternidadeFHI\" \/>\n<meta name=\"twitter:label1\" content=\"Escrito por\" \/>\n\t<meta name=\"twitter:data1\" content=\"Sergio Redator Espanhol\" \/>\n\t<meta name=\"twitter:label2\" content=\"Tiempo de lectura\" \/>\n\t<meta name=\"twitter:data2\" content=\"3 minutos\" \/>\n<script type=\"application\/ld+json\" class=\"yoast-schema-graph\">{\"@context\":\"https:\/\/schema.org\",\"@graph\":[{\"@type\":\"WebPage\",\"@id\":\"https:\/\/www.fraterinternacional.org\/es\/ana-regina-lanza-su-tercer-libro-sobre-los-reinos-ensolarar-vidas\/\",\"url\":\"https:\/\/www.fraterinternacional.org\/es\/ana-regina-lanza-su-tercer-libro-sobre-los-reinos-ensolarar-vidas\/\",\"name\":\"Ana Regina lanza su tercer libro sobre los Reinos: \u201cEnsolarar vidas\u201d\",\"isPartOf\":{\"@id\":\"https:\/\/www.fraterinternacional.org\/es\/#website\"},\"datePublished\":\"2017-06-30T00:32:41+00:00\",\"dateModified\":\"2017-07-10T23:39:12+00:00\",\"author\":{\"@id\":\"https:\/\/www.fraterinternacional.org\/es\/#\/schema\/person\/cf24d3eac28b0e09714ecb8cbd865c28\"},\"description\":\"La autora de \u201cViver o Amor aos C\u00e3es\u201d cuenta la historia de una pareja que se consagra a colaborar con los Reinos y el desarrollo del alma en los animales.\",\"breadcrumb\":{\"@id\":\"https:\/\/www.fraterinternacional.org\/es\/ana-regina-lanza-su-tercer-libro-sobre-los-reinos-ensolarar-vidas\/#breadcrumb\"},\"inLanguage\":\"es\",\"potentialAction\":[{\"@type\":\"ReadAction\",\"target\":[\"https:\/\/www.fraterinternacional.org\/es\/ana-regina-lanza-su-tercer-libro-sobre-los-reinos-ensolarar-vidas\/\"]}]},{\"@type\":\"BreadcrumbList\",\"@id\":\"https:\/\/www.fraterinternacional.org\/es\/ana-regina-lanza-su-tercer-libro-sobre-los-reinos-ensolarar-vidas\/#breadcrumb\",\"itemListElement\":[{\"@type\":\"ListItem\",\"position\":1,\"name\":\"In\u00edcio\",\"item\":\"https:\/\/www.fraterinternacional.org\/es\/\"},{\"@type\":\"ListItem\",\"position\":2,\"name\":\"Ana Regina lanza su tercer libro sobre los Reinos: \u201cEnsolarar vidas\u201d\"}]},{\"@type\":\"WebSite\",\"@id\":\"https:\/\/www.fraterinternacional.org\/es\/#website\",\"url\":\"https:\/\/www.fraterinternacional.org\/es\/\",\"name\":\"Fraternidade - Federa\u00e7\u00e3o Humanit\u00e1ria Internacional\",\"description\":\"Fraternidade - Federa\u00e7\u00e3o Humanit\u00e1ria Internacional\",\"potentialAction\":[{\"@type\":\"SearchAction\",\"target\":{\"@type\":\"EntryPoint\",\"urlTemplate\":\"https:\/\/www.fraterinternacional.org\/es\/?s={search_term_string}\"},\"query-input\":\"required name=search_term_string\"}],\"inLanguage\":\"es\"},{\"@type\":\"Person\",\"@id\":\"https:\/\/www.fraterinternacional.org\/es\/#\/schema\/person\/cf24d3eac28b0e09714ecb8cbd865c28\",\"name\":\"Sergio Redator Espanhol\"}]}<\/script>\n<!-- \/ Yoast SEO Premium plugin. -->","yoast_head_json":{"title":"Ana Regina lanza su tercer libro sobre los Reinos: \u201cEnsolarar vidas\u201d","description":"La autora de \u201cViver o Amor aos C\u00e3es\u201d cuenta la historia de una pareja que se consagra a colaborar con los Reinos y el desarrollo del alma en los animales.","robots":{"index":"index","follow":"follow","max-snippet":"max-snippet:-1","max-image-preview":"max-image-preview:large","max-video-preview":"max-video-preview:-1"},"canonical":"https:\/\/www.fraterinternacional.org\/es\/ana-regina-lanza-su-tercer-libro-sobre-los-reinos-ensolarar-vidas\/","og_locale":"es_ES","og_type":"article","og_title":"Ana Regina lanza su tercer libro sobre los Reinos: \u201cEnsolarar vidas\u201d","og_description":"La autora de \u201cViver o Amor aos C\u00e3es\u201d cuenta la historia de una pareja que se consagra a colaborar con los Reinos y el desarrollo del alma en los animales.","og_url":"https:\/\/www.fraterinternacional.org\/es\/ana-regina-lanza-su-tercer-libro-sobre-los-reinos-ensolarar-vidas\/","og_site_name":"Fraternidade - Federa\u00e7\u00e3o Humanit\u00e1ria Internacional","article_publisher":"https:\/\/www.facebook.com\/fraternidadehumanitaria","article_published_time":"2017-06-30T00:32:41+00:00","article_modified_time":"2017-07-10T23:39:12+00:00","og_image":[{"width":690,"height":388,"url":"https:\/\/www.fraterinternacional.org\/wp-content\/uploads\/2017\/06\/ensolarar_vidas_terceiro_libro_reinos_ana_regina_nogueira_04.jpg","type":"image\/jpeg"}],"author":"Sergio Redator Espanhol","twitter_card":"summary_large_image","twitter_creator":"@fraternidadeFHI","twitter_site":"@fraternidadeFHI","twitter_misc":{"Escrito por":"Sergio Redator Espanhol","Tiempo de lectura":"3 minutos"},"schema":{"@context":"https:\/\/schema.org","@graph":[{"@type":"WebPage","@id":"https:\/\/www.fraterinternacional.org\/es\/ana-regina-lanza-su-tercer-libro-sobre-los-reinos-ensolarar-vidas\/","url":"https:\/\/www.fraterinternacional.org\/es\/ana-regina-lanza-su-tercer-libro-sobre-los-reinos-ensolarar-vidas\/","name":"Ana Regina lanza su tercer libro sobre los Reinos: \u201cEnsolarar vidas\u201d","isPartOf":{"@id":"https:\/\/www.fraterinternacional.org\/es\/#website"},"datePublished":"2017-06-30T00:32:41+00:00","dateModified":"2017-07-10T23:39:12+00:00","author":{"@id":"https:\/\/www.fraterinternacional.org\/es\/#\/schema\/person\/cf24d3eac28b0e09714ecb8cbd865c28"},"description":"La autora de \u201cViver o Amor aos C\u00e3es\u201d cuenta la historia de una pareja que se consagra a colaborar con los Reinos y el desarrollo del alma en los animales.","breadcrumb":{"@id":"https:\/\/www.fraterinternacional.org\/es\/ana-regina-lanza-su-tercer-libro-sobre-los-reinos-ensolarar-vidas\/#breadcrumb"},"inLanguage":"es","potentialAction":[{"@type":"ReadAction","target":["https:\/\/www.fraterinternacional.org\/es\/ana-regina-lanza-su-tercer-libro-sobre-los-reinos-ensolarar-vidas\/"]}]},{"@type":"BreadcrumbList","@id":"https:\/\/www.fraterinternacional.org\/es\/ana-regina-lanza-su-tercer-libro-sobre-los-reinos-ensolarar-vidas\/#breadcrumb","itemListElement":[{"@type":"ListItem","position":1,"name":"In\u00edcio","item":"https:\/\/www.fraterinternacional.org\/es\/"},{"@type":"ListItem","position":2,"name":"Ana Regina lanza su tercer libro sobre los Reinos: \u201cEnsolarar vidas\u201d"}]},{"@type":"WebSite","@id":"https:\/\/www.fraterinternacional.org\/es\/#website","url":"https:\/\/www.fraterinternacional.org\/es\/","name":"Fraternidade - Federa\u00e7\u00e3o Humanit\u00e1ria Internacional","description":"Fraternidade - Federa\u00e7\u00e3o Humanit\u00e1ria Internacional","potentialAction":[{"@type":"SearchAction","target":{"@type":"EntryPoint","urlTemplate":"https:\/\/www.fraterinternacional.org\/es\/?s={search_term_string}"},"query-input":"required name=search_term_string"}],"inLanguage":"es"},{"@type":"Person","@id":"https:\/\/www.fraterinternacional.org\/es\/#\/schema\/person\/cf24d3eac28b0e09714ecb8cbd865c28","name":"Sergio Redator Espanhol"}]}},"_links":{"self":[{"href":"https:\/\/www.fraterinternacional.org\/es\/wp-json\/wp\/v2\/posts\/56876"}],"collection":[{"href":"https:\/\/www.fraterinternacional.org\/es\/wp-json\/wp\/v2\/posts"}],"about":[{"href":"https:\/\/www.fraterinternacional.org\/es\/wp-json\/wp\/v2\/types\/post"}],"author":[{"embeddable":true,"href":"https:\/\/www.fraterinternacional.org\/es\/wp-json\/wp\/v2\/users\/16"}],"replies":[{"embeddable":true,"href":"https:\/\/www.fraterinternacional.org\/es\/wp-json\/wp\/v2\/comments?post=56876"}],"version-history":[{"count":0,"href":"https:\/\/www.fraterinternacional.org\/es\/wp-json\/wp\/v2\/posts\/56876\/revisions"}],"wp:featuredmedia":[{"embeddable":true,"href":"https:\/\/www.fraterinternacional.org\/es\/wp-json\/wp\/v2\/media\/56769"}],"wp:attachment":[{"href":"https:\/\/www.fraterinternacional.org\/es\/wp-json\/wp\/v2\/media?parent=56876"}],"wp:term":[{"taxonomy":"category","embeddable":true,"href":"https:\/\/www.fraterinternacional.org\/es\/wp-json\/wp\/v2\/categories?post=56876"},{"taxonomy":"post_tag","embeddable":true,"href":"https:\/\/www.fraterinternacional.org\/es\/wp-json\/wp\/v2\/tags?post=56876"}],"curies":[{"name":"wp","href":"https:\/\/api.w.org\/{rel}","templated":true}]}}