{"id":56551,"date":"2017-06-26T23:17:10","date_gmt":"2017-06-27T02:17:10","guid":{"rendered":"https:\/\/www.fraterinternacional.org\/?p=56551\/"},"modified":"2017-06-26T23:18:27","modified_gmt":"2017-06-27T02:18:27","slug":"depuracion-vibraciones-densas","status":"publish","type":"post","link":"https:\/\/www.fraterinternacional.org\/es\/depuracion-vibraciones-densas\/","title":{"rendered":"La depuraci\u00f3n de las vibraciones densas"},"content":{"rendered":"<div style=\"width: 720px;\" class=\"wp-video\"><!--[if lt IE 9]><script>document.createElement('video');<\/script><![endif]-->\n<video class=\"wp-video-shortcode\" id=\"video-56551-1\" width=\"720\" height=\"100\" preload=\"metadata\" controls=\"controls\"><source type=\"video\/mp4\" src=\"https:\/\/www.fraterinternacional.org\/wp-content\/uploads\/2017\/06\/imp_ins17_06_17_depuracao_vibracoes_tri_vamos_despertar_es.mp4?_=1\" \/><a href=\"https:\/\/www.fraterinternacional.org\/wp-content\/uploads\/2017\/06\/imp_ins17_06_17_depuracao_vibracoes_tri_vamos_despertar_es.mp4\">https:\/\/www.fraterinternacional.org\/wp-content\/uploads\/2017\/06\/imp_ins17_06_17_depuracao_vibracoes_tri_vamos_despertar_es.mp4<\/a><\/video><\/div>\n<p>&nbsp;<\/p>\n<p style=\"text-align: justify;\"><a href=\"https:\/\/www.fraterinternacional.org\/wp-content\/uploads\/2017\/06\/rio_erks_sino.jpg\"><img decoding=\"async\" class=\"alignleft wp-image-56609 size-medium\" src=\"https:\/\/www.fraterinternacional.org\/wp-content\/uploads\/2017\/06\/rio_erks_sino-300x169.jpg\" alt=\"\" width=\"300\" height=\"169\" srcset=\"https:\/\/www.fraterinternacional.org\/wp-content\/uploads\/2017\/06\/rio_erks_sino-200x112.jpg 200w, https:\/\/www.fraterinternacional.org\/wp-content\/uploads\/2017\/06\/rio_erks_sino-300x169.jpg 300w, https:\/\/www.fraterinternacional.org\/wp-content\/uploads\/2017\/06\/rio_erks_sino-400x225.jpg 400w, https:\/\/www.fraterinternacional.org\/wp-content\/uploads\/2017\/06\/rio_erks_sino-600x337.jpg 600w, https:\/\/www.fraterinternacional.org\/wp-content\/uploads\/2017\/06\/rio_erks_sino.jpg 690w\" sizes=\"(max-width: 300px) 100vw, 300px\" \/><\/a>Al encontrarse el hombre aun en la fase de apertura a lo m\u00e1s Alto, necesita cultivar el despego y la ausencia de expectativas, sin lo cual no tendr\u00e1 condiciones de integrarse conscientemente al trabajo interior. Primero, porque no tendr\u00e1 disposici\u00f3n para proseguir cuando no vea resultados. Segundo, porque el apego y la expectativa, siendo cualidades de vibraci\u00f3n inferior, no lo dejar\u00e1n seguir adelante mientras est\u00e9n mezcladas al impulso que hace caminar al ser humano.<\/p>\n<p style=\"text-align: justify;\">Cuando se cae en un r\u00edo, el hombre se salva o se ahoga. Aunque no sepa nadar, puede recibir una tabla de salvaci\u00f3n. La vida los coloca a todos delante de esta oportunidad: o se aferran a la tabla, o se dejan tragar por el agua. Las fuerzas contrarias a la evoluci\u00f3n hicieron que la gran mayor\u00eda de los hombres imaginara que esas aguas eran mansas, y los que se dejaron llevar por ellas, no pudieron vislumbrar a\u00fan el futuro que les espera. Involucrarse con esas fuerzas genera una gran arritmia en toda la humanidad.<\/p>\n<p style=\"text-align: justify;\">Pero no todos tienen el mismo destino, y lo que cada uno escogi\u00f3, debe realizarse. Como madre cuidadosa, aun con todo el amor que tiene por sus hijos, no puede cambiarles el rumbo, pues el Padre no interfiere en sus elecciones. Act\u00faa silenciosamente, trayendo al Universo el d\u00eda y la noche. A los que buscan discernir sobre los pasos que deben dar, les ofrece la luz, y a los que escogen tantear a ciegas, les concede la oscuridad.<\/p>\n<h3 style=\"text-align: center;\">El alimento interior es justo y perfecto<\/h3>\n<p style=\"text-align: justify;\">El alimento interior es justo y perfecto para cada necesidad. Cada ser recibe la parte que le corresponde. Si el hombre tiene predilecci\u00f3n por las cosas del mundo, no encontrar\u00e1 en el alimento interno su sustento; teniendo la consciencia enfocada en la materia, se suplir\u00e1 de ella. Puede ser tambi\u00e9n que, aunque haya iniciado su b\u00fasqueda interior, sus cuerpos aun necesiten de la vibraci\u00f3n material. Aun as\u00ed, \u00e9l se saciar\u00e1 mucho m\u00e1s con lo que toma de esa b\u00fasqueda, que de lo que viene de niveles m\u00e1s densos.<\/p>\n<p style=\"text-align: justify;\">A medida que la materia es permeada con vibraciones superiores, va ganando maleabilidad, plasticidad, un movimiento ordenado y din\u00e1mico. Sin embargo, el paso de un estado de inercia a otro, sutil, no se realiza sin luchas. Y para vencerlas, la consciencia tiene que aprender a lidiar con leyes y energ\u00edas de distintos planos.<\/p>\n<p style=\"text-align: justify;\">Sin la depuraci\u00f3n de su propia energ\u00eda y la disoluci\u00f3n de los v\u00ednculos creados, el hombre no puede alcanzar estados sublimes de consciencia. Su enfoque en los niveles elevados es lo que poco a poco extingue patrones vibratorios m\u00e1s densos. As\u00ed, para los que siguen este camino conscientemente. Llegar\u00e1n las pruebas, en las que tendr\u00e1n que optar por uno u otro patr\u00f3n de energ\u00eda.<\/p>\n<p style=\"text-align: justify;\">Para que un proceso ascensional pueda darse sin interrupciones, ya sea para un individuo, ya sea para un grupo, es necesario que ocurra esa selecci\u00f3n energ\u00e9tica. Aclarando estos puntos y yendo al encuentro de lo m\u00e1s sublime e impersonal que los mueve internamente, ser\u00e1n llevados a vivir situaciones poco comunes. Si esto ocurre, que agradezcan, pues las vibraciones sublimes no vienen para conformar viejas estructuras, sino para traer lo nuevo, lo in\u00e9dito.<\/p>\n<p style=\"text-align: justify;\">Los que buscan con sinceridad una profundizaci\u00f3n interior, deben estar dispuestos a abandonar todo lo que no corresponda a la necesidad del Padre. Ese \u201ctodo\u201d no son situaciones buenas ni malas, pero es todo, literalmente, y en especial, a s\u00ed mismo.<\/p>\n<p style=\"text-align: justify;\"><strong>Art\u00edculo de referencia:<\/strong> Peri\u00f3dico <em>O Tempo, <\/em>de agosto 28 de 2016<br \/>\n<strong>Nombre del art\u00edculo:<\/strong> La elevaci\u00f3n de la consciencia por medio de la depuraci\u00f3n de las vibraciones densas.<br \/>\n<strong>Audio de la Irdin<\/strong>:\u00a0Vamos despertar<br \/>\n<strong>Audio completo<\/strong>:\u00a0<a href=\"http:\/\/www.irdin.org.br\/acervo\/detalhes\/13394\" target=\"_blank\" rel=\"noopener\">http:\/\/www.irdin.org.br\/acervo\/detalhes\/13394<\/a><\/p>\n","protected":false},"excerpt":{"rendered":"<p>&nbsp; Al encontrarse el hombre aun en la fase de apertura a lo m\u00e1s Alto, necesita cultivar el despego y [&hellip;]<\/p>\n","protected":false},"author":8,"featured_media":56606,"comment_status":"closed","ping_status":"closed","sticky":false,"template":"","format":"standard","meta":{"footnotes":""},"categories":[3237],"tags":[3239],"class_list":["post-56551","post","type-post","status-publish","format-standard","has-post-thumbnail","hentry","category-impulsos-para-la-semana","tag-instruccion-es"],"yoast_head":"<!-- This site is optimized with the Yoast SEO Premium plugin v21.0 (Yoast SEO v21.0) - https:\/\/yoast.com\/wordpress\/plugins\/seo\/ -->\n<title>La depuraci\u00f3n de las vibraciones densas - Impulso Instrucci\u00f3n<\/title>\n<meta name=\"description\" content=\"El alimento interior es justo y perfecto para cada necesidad. Los que buscan una profundizaci\u00f3n interior, deben estar dispuestos a abandonar todo.\" \/>\n<meta name=\"robots\" content=\"index, follow, max-snippet:-1, max-image-preview:large, max-video-preview:-1\" \/>\n<link rel=\"canonical\" href=\"https:\/\/www.fraterinternacional.org\/es\/depuracion-vibraciones-densas\/\" \/>\n<meta property=\"og:locale\" content=\"es_ES\" \/>\n<meta property=\"og:type\" content=\"article\" \/>\n<meta property=\"og:title\" content=\"La depuraci\u00f3n de las vibraciones densas\" \/>\n<meta property=\"og:description\" content=\"El alimento interior es justo y perfecto para cada necesidad. Los que buscan una profundizaci\u00f3n interior, deben estar dispuestos a abandonar todo.\" \/>\n<meta property=\"og:url\" content=\"https:\/\/www.fraterinternacional.org\/es\/depuracion-vibraciones-densas\/\" \/>\n<meta property=\"og:site_name\" content=\"Fraternidade - Federa\u00e7\u00e3o Humanit\u00e1ria Internacional\" \/>\n<meta property=\"article:publisher\" content=\"https:\/\/www.facebook.com\/fraternidadehumanitaria\" \/>\n<meta property=\"article:published_time\" content=\"2017-06-27T02:17:10+00:00\" \/>\n<meta property=\"article:modified_time\" content=\"2017-06-27T02:18:27+00:00\" \/>\n<meta property=\"og:image\" content=\"https:\/\/www.fraterinternacional.org\/wp-content\/uploads\/2017\/06\/rio_erks.jpg\" \/>\n\t<meta property=\"og:image:width\" content=\"690\" \/>\n\t<meta property=\"og:image:height\" content=\"388\" \/>\n\t<meta property=\"og:image:type\" content=\"image\/jpeg\" \/>\n<meta name=\"author\" content=\"FFHI\" \/>\n<meta name=\"twitter:card\" content=\"summary_large_image\" \/>\n<meta name=\"twitter:creator\" content=\"@fraternidadeFHI\" \/>\n<meta name=\"twitter:site\" content=\"@fraternidadeFHI\" \/>\n<meta name=\"twitter:label1\" content=\"Escrito por\" \/>\n\t<meta name=\"twitter:data1\" content=\"FFHI\" \/>\n\t<meta name=\"twitter:label2\" content=\"Tiempo de lectura\" \/>\n\t<meta name=\"twitter:data2\" content=\"3 minutos\" \/>\n<script type=\"application\/ld+json\" class=\"yoast-schema-graph\">{\"@context\":\"https:\/\/schema.org\",\"@graph\":[{\"@type\":\"WebPage\",\"@id\":\"https:\/\/www.fraterinternacional.org\/es\/depuracion-vibraciones-densas\/\",\"url\":\"https:\/\/www.fraterinternacional.org\/es\/depuracion-vibraciones-densas\/\",\"name\":\"La depuraci\u00f3n de las vibraciones densas - Impulso Instrucci\u00f3n\",\"isPartOf\":{\"@id\":\"https:\/\/www.fraterinternacional.org\/es\/#website\"},\"datePublished\":\"2017-06-27T02:17:10+00:00\",\"dateModified\":\"2017-06-27T02:18:27+00:00\",\"author\":{\"@id\":\"https:\/\/www.fraterinternacional.org\/es\/#\/schema\/person\/8fd7058ced8aa6a1995cc0feee75819f\"},\"description\":\"El alimento interior es justo y perfecto para cada necesidad. Los que buscan una profundizaci\u00f3n interior, deben estar dispuestos a abandonar todo.\",\"breadcrumb\":{\"@id\":\"https:\/\/www.fraterinternacional.org\/es\/depuracion-vibraciones-densas\/#breadcrumb\"},\"inLanguage\":\"es\",\"potentialAction\":[{\"@type\":\"ReadAction\",\"target\":[\"https:\/\/www.fraterinternacional.org\/es\/depuracion-vibraciones-densas\/\"]}]},{\"@type\":\"BreadcrumbList\",\"@id\":\"https:\/\/www.fraterinternacional.org\/es\/depuracion-vibraciones-densas\/#breadcrumb\",\"itemListElement\":[{\"@type\":\"ListItem\",\"position\":1,\"name\":\"In\u00edcio\",\"item\":\"https:\/\/www.fraterinternacional.org\/es\/\"},{\"@type\":\"ListItem\",\"position\":2,\"name\":\"La depuraci\u00f3n de las vibraciones densas\"}]},{\"@type\":\"WebSite\",\"@id\":\"https:\/\/www.fraterinternacional.org\/es\/#website\",\"url\":\"https:\/\/www.fraterinternacional.org\/es\/\",\"name\":\"Fraternidade - Federa\u00e7\u00e3o Humanit\u00e1ria Internacional\",\"description\":\"Fraternidade - Federa\u00e7\u00e3o Humanit\u00e1ria Internacional\",\"potentialAction\":[{\"@type\":\"SearchAction\",\"target\":{\"@type\":\"EntryPoint\",\"urlTemplate\":\"https:\/\/www.fraterinternacional.org\/es\/?s={search_term_string}\"},\"query-input\":\"required name=search_term_string\"}],\"inLanguage\":\"es\"},{\"@type\":\"Person\",\"@id\":\"https:\/\/www.fraterinternacional.org\/es\/#\/schema\/person\/8fd7058ced8aa6a1995cc0feee75819f\",\"name\":\"FFHI\"}]}<\/script>\n<!-- \/ Yoast SEO Premium plugin. -->","yoast_head_json":{"title":"La depuraci\u00f3n de las vibraciones densas - Impulso Instrucci\u00f3n","description":"El alimento interior es justo y perfecto para cada necesidad. Los que buscan una profundizaci\u00f3n interior, deben estar dispuestos a abandonar todo.","robots":{"index":"index","follow":"follow","max-snippet":"max-snippet:-1","max-image-preview":"max-image-preview:large","max-video-preview":"max-video-preview:-1"},"canonical":"https:\/\/www.fraterinternacional.org\/es\/depuracion-vibraciones-densas\/","og_locale":"es_ES","og_type":"article","og_title":"La depuraci\u00f3n de las vibraciones densas","og_description":"El alimento interior es justo y perfecto para cada necesidad. Los que buscan una profundizaci\u00f3n interior, deben estar dispuestos a abandonar todo.","og_url":"https:\/\/www.fraterinternacional.org\/es\/depuracion-vibraciones-densas\/","og_site_name":"Fraternidade - Federa\u00e7\u00e3o Humanit\u00e1ria Internacional","article_publisher":"https:\/\/www.facebook.com\/fraternidadehumanitaria","article_published_time":"2017-06-27T02:17:10+00:00","article_modified_time":"2017-06-27T02:18:27+00:00","og_image":[{"width":690,"height":388,"url":"https:\/\/www.fraterinternacional.org\/wp-content\/uploads\/2017\/06\/rio_erks.jpg","type":"image\/jpeg"}],"author":"FFHI","twitter_card":"summary_large_image","twitter_creator":"@fraternidadeFHI","twitter_site":"@fraternidadeFHI","twitter_misc":{"Escrito por":"FFHI","Tiempo de lectura":"3 minutos"},"schema":{"@context":"https:\/\/schema.org","@graph":[{"@type":"WebPage","@id":"https:\/\/www.fraterinternacional.org\/es\/depuracion-vibraciones-densas\/","url":"https:\/\/www.fraterinternacional.org\/es\/depuracion-vibraciones-densas\/","name":"La depuraci\u00f3n de las vibraciones densas - Impulso Instrucci\u00f3n","isPartOf":{"@id":"https:\/\/www.fraterinternacional.org\/es\/#website"},"datePublished":"2017-06-27T02:17:10+00:00","dateModified":"2017-06-27T02:18:27+00:00","author":{"@id":"https:\/\/www.fraterinternacional.org\/es\/#\/schema\/person\/8fd7058ced8aa6a1995cc0feee75819f"},"description":"El alimento interior es justo y perfecto para cada necesidad. Los que buscan una profundizaci\u00f3n interior, deben estar dispuestos a abandonar todo.","breadcrumb":{"@id":"https:\/\/www.fraterinternacional.org\/es\/depuracion-vibraciones-densas\/#breadcrumb"},"inLanguage":"es","potentialAction":[{"@type":"ReadAction","target":["https:\/\/www.fraterinternacional.org\/es\/depuracion-vibraciones-densas\/"]}]},{"@type":"BreadcrumbList","@id":"https:\/\/www.fraterinternacional.org\/es\/depuracion-vibraciones-densas\/#breadcrumb","itemListElement":[{"@type":"ListItem","position":1,"name":"In\u00edcio","item":"https:\/\/www.fraterinternacional.org\/es\/"},{"@type":"ListItem","position":2,"name":"La depuraci\u00f3n de las vibraciones densas"}]},{"@type":"WebSite","@id":"https:\/\/www.fraterinternacional.org\/es\/#website","url":"https:\/\/www.fraterinternacional.org\/es\/","name":"Fraternidade - Federa\u00e7\u00e3o Humanit\u00e1ria Internacional","description":"Fraternidade - Federa\u00e7\u00e3o Humanit\u00e1ria Internacional","potentialAction":[{"@type":"SearchAction","target":{"@type":"EntryPoint","urlTemplate":"https:\/\/www.fraterinternacional.org\/es\/?s={search_term_string}"},"query-input":"required name=search_term_string"}],"inLanguage":"es"},{"@type":"Person","@id":"https:\/\/www.fraterinternacional.org\/es\/#\/schema\/person\/8fd7058ced8aa6a1995cc0feee75819f","name":"FFHI"}]}},"_links":{"self":[{"href":"https:\/\/www.fraterinternacional.org\/es\/wp-json\/wp\/v2\/posts\/56551"}],"collection":[{"href":"https:\/\/www.fraterinternacional.org\/es\/wp-json\/wp\/v2\/posts"}],"about":[{"href":"https:\/\/www.fraterinternacional.org\/es\/wp-json\/wp\/v2\/types\/post"}],"author":[{"embeddable":true,"href":"https:\/\/www.fraterinternacional.org\/es\/wp-json\/wp\/v2\/users\/8"}],"replies":[{"embeddable":true,"href":"https:\/\/www.fraterinternacional.org\/es\/wp-json\/wp\/v2\/comments?post=56551"}],"version-history":[{"count":0,"href":"https:\/\/www.fraterinternacional.org\/es\/wp-json\/wp\/v2\/posts\/56551\/revisions"}],"wp:featuredmedia":[{"embeddable":true,"href":"https:\/\/www.fraterinternacional.org\/es\/wp-json\/wp\/v2\/media\/56606"}],"wp:attachment":[{"href":"https:\/\/www.fraterinternacional.org\/es\/wp-json\/wp\/v2\/media?parent=56551"}],"wp:term":[{"taxonomy":"category","embeddable":true,"href":"https:\/\/www.fraterinternacional.org\/es\/wp-json\/wp\/v2\/categories?post=56551"},{"taxonomy":"post_tag","embeddable":true,"href":"https:\/\/www.fraterinternacional.org\/es\/wp-json\/wp\/v2\/tags?post=56551"}],"curies":[{"name":"wp","href":"https:\/\/api.w.org\/{rel}","templated":true}]}}