{"id":56226,"date":"2017-06-26T23:28:40","date_gmt":"2017-06-27T02:28:40","guid":{"rendered":"https:\/\/www.fraterinternacional.org\/?p=56226\/"},"modified":"2017-07-02T18:49:32","modified_gmt":"2017-07-02T21:49:32","slug":"imunidad-3-tiempo-de-adaptacion","status":"publish","type":"post","link":"https:\/\/www.fraterinternacional.org\/es\/imunidad-3-tiempo-de-adaptacion\/","title":{"rendered":"Imunidad 3 &#8211; Tiempo de Adaptaci\u00f3n"},"content":{"rendered":"<p style=\"text-align: justify;\">Al leer esta reveladora historia relatada por <em>La <\/em><em>Madre <\/em>(v\u00e9ase <a href=\"https:\/\/www.fraterinternacional.org\/es\/inmunidad-1-realidad-por-detras-de-una-epidemia\/\" target=\"_blank\" rel=\"noopener\"><em>INMUNIDAD 1<\/em><\/a> e <a href=\"https:\/\/www.fraterinternacional.org\/es\/inmunidad-2-realidad-por-detras-de-epidemia\/\" target=\"_blank\" rel=\"noopener\"><em>INMUNIDAD 2<\/em><\/a>, ya publicados en este Portal), a\u00fan m\u00e1s ins\u00f3lita en nuestra civilizaci\u00f3n n\u00edtidamente materialista y decadente, emergen preguntas cruciales para los tiempos de hoy, tales como: <em>\u00bfEse relato sucedi\u00f3 hace casi un siglo; esos seres demon\u00edacos subsisten a\u00fan, en los d\u00edas de hoy? \u00bfQu\u00e9 son en realidad esos demonios? \u00bfC\u00f3mo protegernos delante de estas realidades? \u00bfC\u00f3mo permanecer inmunes a ellas? <\/em>Trigueirinho tiene puntos importantes que nos aclaran al respecto. Escuchemos su instrucci\u00f3n:<\/p>\n<div style=\"width: 720px;\" class=\"wp-video\"><!--[if lt IE 9]><script>document.createElement('video');<\/script><![endif]-->\n<video class=\"wp-video-shortcode\" id=\"video-56226-1\" width=\"720\" height=\"100\" preload=\"metadata\" controls=\"controls\"><source type=\"video\/mp4\" src=\"https:\/\/www.fraterinternacional.org\/wp-content\/uploads\/2017\/06\/imp_cur_17_06_16_imunidade3_tempo_adaptacao_con_tri_375_es.mp4?_=1\" \/><a href=\"https:\/\/www.fraterinternacional.org\/wp-content\/uploads\/2017\/06\/imp_cur_17_06_16_imunidade3_tempo_adaptacao_con_tri_375_es.mp4\">https:\/\/www.fraterinternacional.org\/wp-content\/uploads\/2017\/06\/imp_cur_17_06_16_imunidade3_tempo_adaptacao_con_tri_375_es.mp4<\/a><\/video><\/div>\n<p>&nbsp;<\/p>\n<p style=\"text-align: justify;\"><a href=\"https:\/\/www.fraterinternacional.org\/wp-content\/uploads\/2017\/06\/pen_17_06_18.jpg\"><img decoding=\"async\" class=\"alignleft wp-image-56506 size-medium\" src=\"https:\/\/www.fraterinternacional.org\/wp-content\/uploads\/2017\/06\/pen_17_06_18-300x169.jpg\" alt=\"\" width=\"300\" height=\"169\" srcset=\"https:\/\/www.fraterinternacional.org\/wp-content\/uploads\/2017\/06\/pen_17_06_18-200x112.jpg 200w, https:\/\/www.fraterinternacional.org\/wp-content\/uploads\/2017\/06\/pen_17_06_18-300x169.jpg 300w, https:\/\/www.fraterinternacional.org\/wp-content\/uploads\/2017\/06\/pen_17_06_18-400x225.jpg 400w, https:\/\/www.fraterinternacional.org\/wp-content\/uploads\/2017\/06\/pen_17_06_18-600x337.jpg 600w, https:\/\/www.fraterinternacional.org\/wp-content\/uploads\/2017\/06\/pen_17_06_18.jpg 690w\" sizes=\"(max-width: 300px) 100vw, 300px\" \/><\/a>Todas estas realidades ca\u00f3ticas creadas por las fuerzas involutivas e ignoradas por la gran mayor\u00eda de la humanidad y hoy muy presentes y actuantes en los planos m\u00e1s densos de la esfera ps\u00edquica planetaria, forman parte de un importante ciclo evolutivo en el que ya estamos inmersos, definido como el <em>Apocalipsis (Tiempo de Revelaci\u00f3n)<\/em>, ampliamente anunciado por todas las grandes religiones de la Tierra, a lo largo de los \u00faltimos dos mil a\u00f1os. La <em>Madre Divina<\/em>, en Su mensaje del 25 de noviembre de 2016 (v\u00e9ase la p\u00e1gina: <a href=\"http:\/\/www.divinamadre.org\/es\/mensaje-de-maria\/viernes-25-de-noviembre-de-2016-0\" target=\"_blank\" rel=\"noopener\">www.divinamadre.org\/es<\/a>), nos lo aclara as\u00ed (seleccionamos algunos p\u00e1rrafos):<\/p>\n<p style=\"text-align: center;\"><em>\u00abEn el Coraz\u00f3n del Padre Celestial, desde el principio estaban escritos los \u00faltimos d\u00edas del planeta, en donde todo ser\u00eda permitido para que la humanidad diera el salto a la trascendencia de la consciencia y de la vida planetaria. Es en esta hora en donde el Universo se prepara para atravesar, junto a la humanidad, este momento.<\/em><\/p>\n<p style=\"text-align: center;\"><em>El Apocalipsis significa espiritualmente el cambio de un ciclo para otro, a trav\u00e9s de acontecimientos puntuales, que dar\u00e1n a la humanidad la oportunidad de cambiar completamente el estado primitivo de su consciencia <\/em>[&#8230;]<\/p>\n<p style=\"text-align: center;\"><em>El Apocalipsis existe en este momento en la humanidad y en todo el planeta, por no haberse cumplido ni vivido las leyes b\u00e1sicas de los mandamientos, con las cuales hace mucho m\u00e1s de dos mil a\u00f1os, a trav\u00e9s de Mois\u00e9s, se intentaba ense\u00f1ar a la consciencia humana primitiva c\u00f3mo ella deb\u00eda vivir en Dios y dentro de las Leyes Universales, con el fin de permanecer como raza dentro del Prop\u00f3sito Divino y C\u00f3smico. <\/em>[&#8230;]<\/p>\n<p style=\"text-align: center;\"><em>Mientras el ser humano contin\u00fae explotando al planeta para su propio y mal\u00e9fico beneficio,<br \/>\nen muchas partes del mundo suceder\u00e1n cosas incre\u00edbles. <\/em>[&#8230;]<em>.<\/em><\/p>\n<p style=\"text-align: center;\"><em>La herramienta fundamental que ayudar\u00e1 a mantener las cosas en su debido orden universal y planetario ser\u00e1 el verbo constructivo de la oraci\u00f3n, poderosa energ\u00eda de la Fuente Divina Creadora que ayudar\u00e1 a equilibrar<br \/>\ntodo lo que intentar\u00e1 moverse f\u00edsicamente en este amado planeta.<\/em><\/p>\n<p style=\"text-align: center;\">[&#8230;] <em>Estos son los tiempos que el planeta y la raza humana estar\u00e1n enfrentando. La oraci\u00f3n siempre los colocar\u00e1, a pesar de todo, en el lugar seguro que es el recinto sagrado del Coraz\u00f3n Supremo de Dios.<\/em><\/p>\n<p style=\"text-align: center;\"><em>El Apocalipsis es el momento en que el planeta como consciencia madre, despu\u00e9s de haber sufrido tanto, estar\u00e1 en la hora de su gran parto; ese nacimiento del nuevo hombre y de la nueva consciencia terrestre llevar\u00e1 a purificar y a vivir grandes cambios que solo prometen mejorar y ampliar la evoluci\u00f3n de la humanidad,<br \/>\npara que ella deje de ser primitiva y se torne evolucionada.\u00bb<\/em><\/p>\n<h3 style=\"text-align: center;\">Para finalizar este cap\u00edtulo<\/h3>\n<p style=\"text-align: justify;\">Y para finalizar este cap\u00edtulo, escuchemos al instructor Trigueirinho hablarnos sobre si debemos usar o no\u00a0 vacunas y nuevamente, sobre la <em>verdadera inmunidad:<\/em><\/p>\n<!--[if lt IE 9]><script>document.createElement('audio');<\/script><![endif]-->\n<audio class=\"wp-audio-shortcode\" id=\"audio-56226-1\" preload=\"none\" style=\"width: 100%;\" controls=\"controls\"><source type=\"audio\/mpeg\" src=\"https:\/\/www.fraterinternacional.org\/wp-content\/uploads\/2017\/06\/imp_cur_17_06_16_imunidade3_tempo_adaptacao_con_tri_298.mp3?_=1\" \/><a href=\"https:\/\/www.fraterinternacional.org\/wp-content\/uploads\/2017\/06\/imp_cur_17_06_16_imunidade3_tempo_adaptacao_con_tri_298.mp3\">https:\/\/www.fraterinternacional.org\/wp-content\/uploads\/2017\/06\/imp_cur_17_06_16_imunidade3_tempo_adaptacao_con_tri_298.mp3<\/a><\/audio>\n<p><strong>\u00c1udio 1:<\/strong><\/p>\n<p><strong>Audio:<\/strong> Irdin \u2013 <em>Conversas con Trigueirinho No. 375<\/em><br \/>\n<strong>Tiempo delimitado<\/strong>: 25:39 hasta 30:12 (para quien desee profundizar sobre el tema, es recomendable escuchar hasta 40:55).<br \/>\n<strong>Audio completo en<\/strong>: <a href=\"http:\/\/www.irdin.org.br\/site\/produto\/001392\/\" target=\"_blank\" rel=\"noopener\">www.irdin.org.br\/acervo\/detalhes\/<\/a><\/p>\n<p><strong>\u00c1udio 2:<\/strong><\/p>\n<p><strong>Audio:<\/strong> Irdin \u2013 <em>Conversas con Trigueirinho No. 298<\/em><br \/>\n<strong>Tiempo delimitado<\/strong>: 11:06 \u2013 12:58<br \/>\n<strong>Audio Completo en<\/strong>: <a href=\"http:\/\/www.irdin.org.br\/site\/produto\/001412\/\" target=\"_blank\" rel=\"noopener\">www.irdin.org.br\/acervo\/detalhes\/<\/a>\u00a0\u00a0\u00a0 <strong>CONFERIR<\/strong><\/p>\n<p><strong>El tema sobre la INMUNIDAD continuar\u00e1.<\/strong><\/p>\n<p>&nbsp;<\/p>\n","protected":false},"excerpt":{"rendered":"<p>Al leer esta reveladora historia relatada por La Madre (v\u00e9ase INMUNIDAD 1 e INMUNIDAD 2, ya publicados en este Portal), [&hellip;]<\/p>\n","protected":false},"author":8,"featured_media":56506,"comment_status":"closed","ping_status":"closed","sticky":false,"template":"","format":"standard","meta":{"footnotes":""},"categories":[3237],"tags":[3240],"class_list":["post-56226","post","type-post","status-publish","format-standard","has-post-thumbnail","hentry","category-impulsos-para-la-semana","tag-cura-es"],"yoast_head":"<!-- This site is optimized with the Yoast SEO Premium plugin v21.0 (Yoast SEO v21.0) - https:\/\/yoast.com\/wordpress\/plugins\/seo\/ -->\n<title>Imunidad 3 - Tiempo de Adaptaci\u00f3n \/ Impulsos para la semana - Cura<\/title>\n<meta name=\"description\" content=\"Emergen preguntas cruciales para los tiempos de hoy, tales como: \u00bfC\u00f3mo protegernos delante de estas realidades? \u00bfC\u00f3mo permanecer inmunes a ellas?\" \/>\n<meta name=\"robots\" content=\"index, follow, max-snippet:-1, max-image-preview:large, max-video-preview:-1\" \/>\n<link rel=\"canonical\" href=\"https:\/\/www.fraterinternacional.org\/es\/imunidad-3-tiempo-de-adaptacion\/\" \/>\n<meta property=\"og:locale\" content=\"es_ES\" \/>\n<meta property=\"og:type\" content=\"article\" \/>\n<meta property=\"og:title\" content=\"Imunidad 3 - Tiempo de Adaptaci\u00f3n\" \/>\n<meta property=\"og:description\" content=\"Emergen preguntas cruciales para los tiempos de hoy, tales como: \u00bfC\u00f3mo protegernos delante de estas realidades? \u00bfC\u00f3mo permanecer inmunes a ellas?\" \/>\n<meta property=\"og:url\" content=\"https:\/\/www.fraterinternacional.org\/es\/imunidad-3-tiempo-de-adaptacion\/\" \/>\n<meta property=\"og:site_name\" content=\"Fraternidade - Federa\u00e7\u00e3o Humanit\u00e1ria Internacional\" \/>\n<meta property=\"article:publisher\" content=\"https:\/\/www.facebook.com\/fraternidadehumanitaria\" \/>\n<meta property=\"article:published_time\" content=\"2017-06-27T02:28:40+00:00\" \/>\n<meta property=\"article:modified_time\" content=\"2017-07-02T21:49:32+00:00\" \/>\n<meta property=\"og:image\" content=\"https:\/\/www.fraterinternacional.org\/wp-content\/uploads\/2017\/06\/pen_17_06_18.jpg\" \/>\n\t<meta property=\"og:image:width\" content=\"690\" \/>\n\t<meta property=\"og:image:height\" content=\"388\" \/>\n\t<meta property=\"og:image:type\" content=\"image\/jpeg\" \/>\n<meta name=\"author\" content=\"FFHI\" \/>\n<meta name=\"twitter:card\" content=\"summary_large_image\" \/>\n<meta name=\"twitter:creator\" content=\"@fraternidadeFHI\" \/>\n<meta name=\"twitter:site\" content=\"@fraternidadeFHI\" \/>\n<meta name=\"twitter:label1\" content=\"Escrito por\" \/>\n\t<meta name=\"twitter:data1\" content=\"FFHI\" \/>\n\t<meta name=\"twitter:label2\" content=\"Tiempo de lectura\" \/>\n\t<meta name=\"twitter:data2\" content=\"3 minutos\" \/>\n<script type=\"application\/ld+json\" class=\"yoast-schema-graph\">{\"@context\":\"https:\/\/schema.org\",\"@graph\":[{\"@type\":\"WebPage\",\"@id\":\"https:\/\/www.fraterinternacional.org\/es\/imunidad-3-tiempo-de-adaptacion\/\",\"url\":\"https:\/\/www.fraterinternacional.org\/es\/imunidad-3-tiempo-de-adaptacion\/\",\"name\":\"Imunidad 3 - Tiempo de Adaptaci\u00f3n \/ Impulsos para la semana - Cura\",\"isPartOf\":{\"@id\":\"https:\/\/www.fraterinternacional.org\/es\/#website\"},\"datePublished\":\"2017-06-27T02:28:40+00:00\",\"dateModified\":\"2017-07-02T21:49:32+00:00\",\"author\":{\"@id\":\"https:\/\/www.fraterinternacional.org\/es\/#\/schema\/person\/8fd7058ced8aa6a1995cc0feee75819f\"},\"description\":\"Emergen preguntas cruciales para los tiempos de hoy, tales como: \u00bfC\u00f3mo protegernos delante de estas realidades? \u00bfC\u00f3mo permanecer inmunes a ellas?\",\"breadcrumb\":{\"@id\":\"https:\/\/www.fraterinternacional.org\/es\/imunidad-3-tiempo-de-adaptacion\/#breadcrumb\"},\"inLanguage\":\"es\",\"potentialAction\":[{\"@type\":\"ReadAction\",\"target\":[\"https:\/\/www.fraterinternacional.org\/es\/imunidad-3-tiempo-de-adaptacion\/\"]}]},{\"@type\":\"BreadcrumbList\",\"@id\":\"https:\/\/www.fraterinternacional.org\/es\/imunidad-3-tiempo-de-adaptacion\/#breadcrumb\",\"itemListElement\":[{\"@type\":\"ListItem\",\"position\":1,\"name\":\"In\u00edcio\",\"item\":\"https:\/\/www.fraterinternacional.org\/es\/\"},{\"@type\":\"ListItem\",\"position\":2,\"name\":\"Imunidad 3 &#8211; Tiempo de Adaptaci\u00f3n\"}]},{\"@type\":\"WebSite\",\"@id\":\"https:\/\/www.fraterinternacional.org\/es\/#website\",\"url\":\"https:\/\/www.fraterinternacional.org\/es\/\",\"name\":\"Fraternidade - Federa\u00e7\u00e3o Humanit\u00e1ria Internacional\",\"description\":\"Fraternidade - Federa\u00e7\u00e3o Humanit\u00e1ria Internacional\",\"potentialAction\":[{\"@type\":\"SearchAction\",\"target\":{\"@type\":\"EntryPoint\",\"urlTemplate\":\"https:\/\/www.fraterinternacional.org\/es\/?s={search_term_string}\"},\"query-input\":\"required name=search_term_string\"}],\"inLanguage\":\"es\"},{\"@type\":\"Person\",\"@id\":\"https:\/\/www.fraterinternacional.org\/es\/#\/schema\/person\/8fd7058ced8aa6a1995cc0feee75819f\",\"name\":\"FFHI\"}]}<\/script>\n<!-- \/ Yoast SEO Premium plugin. -->","yoast_head_json":{"title":"Imunidad 3 - Tiempo de Adaptaci\u00f3n \/ Impulsos para la semana - Cura","description":"Emergen preguntas cruciales para los tiempos de hoy, tales como: \u00bfC\u00f3mo protegernos delante de estas realidades? \u00bfC\u00f3mo permanecer inmunes a ellas?","robots":{"index":"index","follow":"follow","max-snippet":"max-snippet:-1","max-image-preview":"max-image-preview:large","max-video-preview":"max-video-preview:-1"},"canonical":"https:\/\/www.fraterinternacional.org\/es\/imunidad-3-tiempo-de-adaptacion\/","og_locale":"es_ES","og_type":"article","og_title":"Imunidad 3 - Tiempo de Adaptaci\u00f3n","og_description":"Emergen preguntas cruciales para los tiempos de hoy, tales como: \u00bfC\u00f3mo protegernos delante de estas realidades? \u00bfC\u00f3mo permanecer inmunes a ellas?","og_url":"https:\/\/www.fraterinternacional.org\/es\/imunidad-3-tiempo-de-adaptacion\/","og_site_name":"Fraternidade - Federa\u00e7\u00e3o Humanit\u00e1ria Internacional","article_publisher":"https:\/\/www.facebook.com\/fraternidadehumanitaria","article_published_time":"2017-06-27T02:28:40+00:00","article_modified_time":"2017-07-02T21:49:32+00:00","og_image":[{"width":690,"height":388,"url":"https:\/\/www.fraterinternacional.org\/wp-content\/uploads\/2017\/06\/pen_17_06_18.jpg","type":"image\/jpeg"}],"author":"FFHI","twitter_card":"summary_large_image","twitter_creator":"@fraternidadeFHI","twitter_site":"@fraternidadeFHI","twitter_misc":{"Escrito por":"FFHI","Tiempo de lectura":"3 minutos"},"schema":{"@context":"https:\/\/schema.org","@graph":[{"@type":"WebPage","@id":"https:\/\/www.fraterinternacional.org\/es\/imunidad-3-tiempo-de-adaptacion\/","url":"https:\/\/www.fraterinternacional.org\/es\/imunidad-3-tiempo-de-adaptacion\/","name":"Imunidad 3 - Tiempo de Adaptaci\u00f3n \/ Impulsos para la semana - Cura","isPartOf":{"@id":"https:\/\/www.fraterinternacional.org\/es\/#website"},"datePublished":"2017-06-27T02:28:40+00:00","dateModified":"2017-07-02T21:49:32+00:00","author":{"@id":"https:\/\/www.fraterinternacional.org\/es\/#\/schema\/person\/8fd7058ced8aa6a1995cc0feee75819f"},"description":"Emergen preguntas cruciales para los tiempos de hoy, tales como: \u00bfC\u00f3mo protegernos delante de estas realidades? \u00bfC\u00f3mo permanecer inmunes a ellas?","breadcrumb":{"@id":"https:\/\/www.fraterinternacional.org\/es\/imunidad-3-tiempo-de-adaptacion\/#breadcrumb"},"inLanguage":"es","potentialAction":[{"@type":"ReadAction","target":["https:\/\/www.fraterinternacional.org\/es\/imunidad-3-tiempo-de-adaptacion\/"]}]},{"@type":"BreadcrumbList","@id":"https:\/\/www.fraterinternacional.org\/es\/imunidad-3-tiempo-de-adaptacion\/#breadcrumb","itemListElement":[{"@type":"ListItem","position":1,"name":"In\u00edcio","item":"https:\/\/www.fraterinternacional.org\/es\/"},{"@type":"ListItem","position":2,"name":"Imunidad 3 &#8211; Tiempo de Adaptaci\u00f3n"}]},{"@type":"WebSite","@id":"https:\/\/www.fraterinternacional.org\/es\/#website","url":"https:\/\/www.fraterinternacional.org\/es\/","name":"Fraternidade - Federa\u00e7\u00e3o Humanit\u00e1ria Internacional","description":"Fraternidade - Federa\u00e7\u00e3o Humanit\u00e1ria Internacional","potentialAction":[{"@type":"SearchAction","target":{"@type":"EntryPoint","urlTemplate":"https:\/\/www.fraterinternacional.org\/es\/?s={search_term_string}"},"query-input":"required name=search_term_string"}],"inLanguage":"es"},{"@type":"Person","@id":"https:\/\/www.fraterinternacional.org\/es\/#\/schema\/person\/8fd7058ced8aa6a1995cc0feee75819f","name":"FFHI"}]}},"_links":{"self":[{"href":"https:\/\/www.fraterinternacional.org\/es\/wp-json\/wp\/v2\/posts\/56226"}],"collection":[{"href":"https:\/\/www.fraterinternacional.org\/es\/wp-json\/wp\/v2\/posts"}],"about":[{"href":"https:\/\/www.fraterinternacional.org\/es\/wp-json\/wp\/v2\/types\/post"}],"author":[{"embeddable":true,"href":"https:\/\/www.fraterinternacional.org\/es\/wp-json\/wp\/v2\/users\/8"}],"replies":[{"embeddable":true,"href":"https:\/\/www.fraterinternacional.org\/es\/wp-json\/wp\/v2\/comments?post=56226"}],"version-history":[{"count":0,"href":"https:\/\/www.fraterinternacional.org\/es\/wp-json\/wp\/v2\/posts\/56226\/revisions"}],"wp:featuredmedia":[{"embeddable":true,"href":"https:\/\/www.fraterinternacional.org\/es\/wp-json\/wp\/v2\/media\/56506"}],"wp:attachment":[{"href":"https:\/\/www.fraterinternacional.org\/es\/wp-json\/wp\/v2\/media?parent=56226"}],"wp:term":[{"taxonomy":"category","embeddable":true,"href":"https:\/\/www.fraterinternacional.org\/es\/wp-json\/wp\/v2\/categories?post=56226"},{"taxonomy":"post_tag","embeddable":true,"href":"https:\/\/www.fraterinternacional.org\/es\/wp-json\/wp\/v2\/tags?post=56226"}],"curies":[{"name":"wp","href":"https:\/\/api.w.org\/{rel}","templated":true}]}}