{"id":55660,"date":"2017-06-12T23:18:28","date_gmt":"2017-06-13T02:18:28","guid":{"rendered":"http:\/\/www.fraterinternacional.org\/?p=55660\/"},"modified":"2017-06-12T23:27:14","modified_gmt":"2017-06-13T02:27:14","slug":"inmunidad-1-realidad-por-detras-de-una-epidemia","status":"publish","type":"post","link":"https:\/\/www.fraterinternacional.org\/es\/inmunidad-1-realidad-por-detras-de-una-epidemia\/","title":{"rendered":"Inmunidad 1 \u2013 la realidad, por detr\u00e1s de una epidemia"},"content":{"rendered":"<div style=\"width: 720px;\" class=\"wp-video\"><!--[if lt IE 9]><script>document.createElement('video');<\/script><![endif]-->\n<video class=\"wp-video-shortcode\" id=\"video-55660-1\" width=\"720\" height=\"100\" preload=\"metadata\" controls=\"controls\"><source type=\"video\/mp4\" src=\"http:\/\/www.fraterinternacional.org\/wp-content\/uploads\/2017\/06\/imp_cur_17_06_06_imunidade_epidemia_con_tri_402_es.mp4?_=1\" \/><a href=\"http:\/\/www.fraterinternacional.org\/wp-content\/uploads\/2017\/06\/imp_cur_17_06_06_imunidade_epidemia_con_tri_402_es.mp4\">http:\/\/www.fraterinternacional.org\/wp-content\/uploads\/2017\/06\/imp_cur_17_06_06_imunidade_epidemia_con_tri_402_es.mp4<\/a><\/video><\/div>\n<p>Oigamos lo que nuestro instructor Trigueirinho nos dice respecto al miedo.<\/p>\n<div class=\"fusion-sep-clear\"><\/div><div class=\"fusion-separator fusion-full-width-sep\" style=\"margin-left: auto;margin-right: auto;margin-top:3px;margin-bottom:3px;width:100%;\"><div class=\"fusion-separator-border sep-shadow\" style=\"--awb-height:20px;--awb-amount:20px;--awb-sep-color:rgba(255,152,0,0.78);background:radial-gradient(ellipse at 50% -50% , rgba(255,152,0,0.78) 0px, rgba(255, 255, 255, 0) 80%) repeat scroll 0 0 rgba(0, 0, 0, 0);background:-webkit-radial-gradient(ellipse at 50% -50% , rgba(255,152,0,0.78) 0px, rgba(255, 255, 255, 0) 80%) repeat scroll 0 0 rgba(0, 0, 0, 0);background:-moz-radial-gradient(ellipse at 50% -50% , rgba(255,152,0,0.78) 0px, rgba(255, 255, 255, 0) 80%) repeat scroll 0 0 rgba(0, 0, 0, 0);background:-o-radial-gradient(ellipse at 50% -50% , rgba(255,152,0,0.78) 0px, rgba(255, 255, 255, 0) 80%) repeat scroll 0 0 rgba(0, 0, 0, 0);\"><\/div><\/div><div class=\"fusion-sep-clear\"><\/div>\n<p style=\"text-align: justify;\"><a href=\"http:\/\/www.fraterinternacional.org\/wp-content\/uploads\/2017\/06\/pen_17_06_09.jpg\"><img decoding=\"async\" class=\"alignleft wp-image-55422 size-medium\" src=\"http:\/\/www.fraterinternacional.org\/wp-content\/uploads\/2017\/06\/pen_17_06_09-300x169.jpg\" alt=\"\" width=\"300\" height=\"169\" srcset=\"https:\/\/www.fraterinternacional.org\/wp-content\/uploads\/2017\/06\/pen_17_06_09-200x113.jpg 200w, https:\/\/www.fraterinternacional.org\/wp-content\/uploads\/2017\/06\/pen_17_06_09-300x169.jpg 300w, https:\/\/www.fraterinternacional.org\/wp-content\/uploads\/2017\/06\/pen_17_06_09-400x225.jpg 400w, https:\/\/www.fraterinternacional.org\/wp-content\/uploads\/2017\/06\/pen_17_06_09-600x338.jpg 600w, https:\/\/www.fraterinternacional.org\/wp-content\/uploads\/2017\/06\/pen_17_06_09.jpg 689w\" sizes=\"(max-width: 300px) 100vw, 300px\" \/><\/a>Los medios masivos explotan el tema de la INMUNIDAD, tan acuciante hoy, por sus aspectos m\u00e1s amenazadores y alarmantes, cargando sus titulares con constantes amenazas de grandes epidemias; surgimiento de enfermedades desconocidas y amenazadoras, en parte debido a la creciente resistencia microbiana a los medicamentos ya conocidos; amenazas de guerras qu\u00edmicas, biol\u00f3gicas, ps\u00edquicas, sonoras, cibern\u00e9ticas; a la publicidad y a la manipulaci\u00f3n subliminar de la consciencia colectiva; el tema pol\u00e9mico de las vacunas; la contaminaci\u00f3n incontrolable de los suelos, de las aguas, del aire, de los alimentos, etc. Y, a pesar de los grandes avances de la medicina, ciertos aspectos sutiles de esa condici\u00f3n, sin embargo permanecen a\u00fan no valorados, correctamente, por la ciencia, que se ocupa solo de sus aspectos y manifestaciones materiales.<\/p>\n<p style=\"text-align: justify;\">Este nuevo ciclo de estudios al respecto de la Inmunidad comienza con un relato ins\u00f3lito e intrigante, tomado de la <em>Agenda<\/em> de una disc\u00edpula de <em>Sri Aurobindo, <\/em>conocida como <em>La Madre, <\/em>ambos <em>Iniciados<\/em> que abr\u00edan caminos internos para la manifestaci\u00f3n de una <em>Nueva Consciencia <\/em>\u00a0y de una <em>Nueva Era<\/em> para este planeta y esta humanidad. Ser\u00e1 transcripto integralmente para mantener su energ\u00eda original, sin embargo, dividi\u00f3 en dos partes, debido a su tama\u00f1o.<\/p>\n<div class=\"fusion-sep-clear\"><\/div><div class=\"fusion-separator fusion-full-width-sep\" style=\"margin-left: auto;margin-right: auto;margin-top:3px;margin-bottom:3px;width:100%;\"><div class=\"fusion-separator-border sep-shadow\" style=\"--awb-height:20px;--awb-amount:20px;--awb-sep-color:rgba(255,152,0,0.78);background:radial-gradient(ellipse at 50% -50% , rgba(255,152,0,0.78) 0px, rgba(255, 255, 255, 0) 80%) repeat scroll 0 0 rgba(0, 0, 0, 0);background:-webkit-radial-gradient(ellipse at 50% -50% , rgba(255,152,0,0.78) 0px, rgba(255, 255, 255, 0) 80%) repeat scroll 0 0 rgba(0, 0, 0, 0);background:-moz-radial-gradient(ellipse at 50% -50% , rgba(255,152,0,0.78) 0px, rgba(255, 255, 255, 0) 80%) repeat scroll 0 0 rgba(0, 0, 0, 0);background:-o-radial-gradient(ellipse at 50% -50% , rgba(255,152,0,0.78) 0px, rgba(255, 255, 255, 0) 80%) repeat scroll 0 0 rgba(0, 0, 0, 0);\"><\/div><\/div><div class=\"fusion-sep-clear\"><\/div>\n<p style=\"text-align: center;\"><strong><em>\u201cYo viv\u00ed, y aprend\u00ed\u2026\u201d<br \/>\n<\/em><\/strong><strong><em>(<\/em><\/strong><strong>una historia real<\/strong><strong><em> \u2013 <\/em><\/strong>Parte 1)<\/p>\n<p style=\"text-align: justify;\"><em>Yo estaba en Jap\u00f3n, al principio de enero de 1919. \u00c9poca en que una terrible gripe arrasaba por todo el pa\u00eds, y que ya hab\u00eda matado cientos de miles de personas. Era una epidemia como pocas veces se hab\u00eda visto. En Tokio hab\u00eda cientos de nuevos casos, todos los d\u00edas.<\/em><\/p>\n<p style=\"text-align: justify;\"><em>La enfermedad parec\u00eda transcurrir de la siguiente forma: duraba tres d\u00edas, y en el tercero el paciente mor\u00eda. Las personas mor\u00edan en tal cantidad que no consegu\u00edan cremarlas a todas, era imposible, era mucha gente. No obstante, si un enfermo no mor\u00eda al tercer d\u00eda, al final de los siete d\u00edas estaba totalmente curado; un poco cansado, pero todos por igual, completamente curados: Hab\u00eda un p\u00e1nico en la ciudad, porque las epidemias son muy raras en Jap\u00f3n. Las personas son muy limpias, muy cuidadosas, de una moral muy fina. Las enfermedades son muy raras. Incluso as\u00ed, esta vino como una cat\u00e1strofe. Hab\u00eda un miedo terrible. Se ve\u00eda a las personas en las calles con m\u00e1scaras en la nariz, para purificar el aire que respiraban, para liberarse de los g\u00e9rmenes de la enfermedad. Era un miedo colectivo\u2026<\/em><\/p>\n<p style=\"text-align: justify;\"><em>Ocurri\u00f3 entonces que yo estaba viviendo con alguien que no paraba de importunarme: \u201c\u00bfQu\u00e9 es esta enfermedad? \u00bfQu\u00e9 es lo que est\u00e1 por detr\u00e1s de ella? Lo que yo hac\u00eda era simplemente envolverme con mi fuerza, con mi protecci\u00f3n, para no pegarme la gripe; no pensaba m\u00e1s en ella, pero constantemente continuaba haciendo mi trabajo. Nada sucedi\u00f3 y yo no pensaba m\u00e1s en ella, pero constantemente o\u00eda: \u201c\u00bfQu\u00e9 es esto?\u201d \u00a1Oh! Me gustar\u00eda saber qu\u00e9 es lo que est\u00e1 por detr\u00e1s de esta enfermedad. \u201cPero, \u00bfusted no podr\u00eda decirme lo que est\u00e1 por detr\u00e1s de esta enfermedad porque ella est\u00e1 aqu\u00ed?\u201d Etc.<\/em><\/p>\n<p style=\"text-align: justify;\"><em>Un d\u00eda, una mujer que yo conoc\u00eda, me llam\u00f3 de la otra punta de la ciudad, porque me quer\u00eda presentar unos amigos y mostrarme ciertas cosas. No recuerdo ahora exactamente cu\u00e1l era el asunto, pero de todas formas, ten\u00eda que atravesar toda la ciudad en \u00f3mnibus. Ve\u00eda a las personas con las m\u00e1scaras y hab\u00eda en la atm\u00f3sfera ese miedo constante, y entonces me vino la sugerencia; y comenc\u00e9 a preguntarme: \u201cRealmente, \u00bfqu\u00e9 es esta enfermedad? \u00bfQu\u00e9 es lo que est\u00e1 por detr\u00e1s de ella? \u00bfQu\u00e9 fuerzas humanas act\u00faan en ella?\u201d<\/em><\/p>\n<p style=\"text-align: justify;\"><em>Llegu\u00e9 a la casa de la conocida, permanec\u00ed all\u00ed una hora y regres\u00e9. Volv\u00ed con una fiebre terrible. Ya me hab\u00eda agarrado la enfermedad. Ella llegaba as\u00ed, sin anunciar, repentinamente. Las enfermedades, generalmente las infecciosas, se alojan algunos d\u00edas en el organismo: ellas llegan, hay una peque\u00f1a batalla en el cuerpo, usted gana o pierde; si pierde, llega la enfermedad, no es complicado. En esta enfermedad, sin embargo, termina de recibir una carta, abre el sobre, y ah\u00ed, de pronto \u00a1la cosa sucede! Al momento siguiente, ya est\u00e1 con fiebre. Bien, en esa noche, yo ya estaba con una terrible fiebre.<\/em><\/p>\n<p style=\"text-align: justify;\"><em>Llamaron a un m\u00e9dico (no fui yo quien lo llam\u00f3) y \u00e9l me dijo: \u201cEs muy necesario que tome este medicamento\u201d. Era uno de los mejores medicamentos para la fiebre y todav\u00eda ten\u00eda algunos (todos se le hab\u00edan casi terminado porque todo el mundo estaba tomando. \u201cTengo a\u00fan unas cajas y le dar\u00e9 un poco\u201d. \u201cPor favor, no me lo d\u00e9,\u00a0 pues no lo voy a tomar\u201d. \u201cGu\u00e1rdelo para quien cree en \u00e9l y vaya a tomarlo.\u201d \u00c9l me contest\u00f3 perplejo: \u201cNo val\u00eda la pena venir aqu\u00ed\u201d. Y yo le respond\u00ed; \u201c\u00a1Tal vez no val\u00eda la pena!\u201d Y permanec\u00ed en la cama con mi fiebre, una violenta fiebre. Y todo el tiempo yo me preguntaba: \u201c\u00bfQu\u00e9 es esa enfermedad? \u201c\u00bfQu\u00e9 es esa enfermedad?\u201d \u00bfQu\u00e9 est\u00e1 por detr\u00e1s de ella?&#8230;\u201d<\/em><\/p>\n<p style=\"text-align: justify;\"><em>Al final del segundo d\u00eda, cuando yo estaba en el lecho completamente sola, vi claramente un ser, con una parte de la cabeza seccionada, en uniforme militar (o restos de uniforme militar), acerc\u00e1ndose a m\u00ed; de repente, \u00e9l se precipit\u00f3 sobre mi pecho, con esa media cabeza, para chupar mi energ\u00eda. Tom\u00e9 consciencia y entonces percib\u00ed que yo estaba por morir. \u00c9l estaba succionando toda la energ\u00eda vital (aclaro aqu\u00ed que normalmente las personas mor\u00edan de neumon\u00eda en tres d\u00edas!) Yo me encontraba completamente postrada en la cama, inm\u00f3vil, en un transe profundo. No pod\u00eda moverme m\u00e1s, y \u00e9l succionaba. Yo pens\u00e9: ahora es el fin. Entonces apel\u00e9 a mi poder oculto, trab\u00e9 una gran batalla, y consegu\u00ed repelerlo de tal forma que no pudo permanecer all\u00ed por m\u00e1s tiempo. Y despert\u00e9 <\/em>[\u2026]<\/p>\n<p style=\"text-align: justify;\">Haremos una pausa aqu\u00ed y finalizaremos este relato la semana pr\u00f3xima. Un punto ya muy destacado por <em>La<\/em> <em>Madre<\/em>, y que es de suma importancia para comprender m\u00e1s profundamente el tema de la <em>Inmunidad<\/em>, es la presencia sobresaliente del miedo muy explotada por ciertas facciones del mal, para fines oscuros, como a\u00fan veremos.<\/p>\n<p style=\"text-align: justify;\">Esta gripe referida por la <em>Madre<\/em> se conoci\u00f3 mundialmente como <em>Gripe Espa\u00f1ola<\/em>, la mayor pandemia relatada en la historia humana, de inusitada virulencia y mortalidad, la m\u00e1s devastadora, segando la vida de 50 a 100 millones de seres humanos, y que se expandi\u00f3 por casi todo el planeta, en el per\u00edodo de la <em>Primera Guerra Mundial (1918-1920<\/em><em>)<\/em><\/p>\n<p style=\"text-align: justify;\">Una sencilla oraci\u00f3n, muy eficaz y dirigida a nuestro <em>\u00c1ngel de la Guarda<\/em>, puede ser de gran ayuda para aquellos que se valen de esas realidades sutiles y poderosas que nos protegen, iluminan y nos gu\u00edan. Podemos usarla a cualquier hora de d\u00eda y de noche, por ejemplo, al salir de casa de ma\u00f1ana, antes de dormirse, al despertarse, ante cualquier situaci\u00f3n dif\u00edcil, y en tantas otras oportunidades. Es una oraci\u00f3n poderosa y afirmativa.<\/p>\n<p style=\"text-align: center;\"><strong><em>\u00c1ngel de la Guarda, que impregnas mi ser,<br \/>\n<\/em><\/strong><strong><em>gu\u00edame de noche, gu\u00edame de d\u00eda.<\/em><\/strong><\/p>\n<p style=\"text-align: center;\"><strong><em>Prot\u00e9geme de m\u00ed mismo,<br \/>\n<\/em><\/strong><strong><em>y de las fuerzas oscuras que tratan enga\u00f1arme.<\/em><\/strong><\/p>\n<p style=\"text-align: center;\"><strong><em>De Luz, eres,<br \/>\n<\/em><\/strong><strong><em>en el Amor caminas,<br \/>\n<\/em><\/strong><strong><em>por el Poder de Dios act\u00faas,<br \/>\n<\/em><\/strong><strong><em>colma de Paz mi coraz\u00f3n<\/em><\/strong><\/p>\n<p style=\"text-align: center;\"><strong><em>Am\u00e9n <\/em><\/strong><\/p>\n<p><strong>El tema de la <em>INMUNIDAD<\/em> proseguir\u00e1.<\/strong><\/p>\n<p>&nbsp;<\/p>\n<p><strong>Texto: <\/strong>Fray Ameino<strong><br \/>\nAudio Irdin:<\/strong>\u00a0<em>Conversas com Trigueirinho<\/em> n.402 \u2013 0\u00b405 min hasta 2\u00b420 min<br \/>\n<strong>Audio completo:<\/strong> <a href=\"http:\/\/www.irdin.org.br\/acervo\/detalhes\/\">www.irdin.org.br\/acervo\/detalhes\/<\/a><\/p>\n<p>&nbsp;<\/p>\n","protected":false},"excerpt":{"rendered":"<p>Oigamos lo que nuestro instructor Trigueirinho nos dice respecto al miedo. Los medios masivos explotan el tema de la INMUNIDAD, [&hellip;]<\/p>\n","protected":false},"author":8,"featured_media":55422,"comment_status":"closed","ping_status":"closed","sticky":false,"template":"","format":"standard","meta":{"footnotes":""},"categories":[3237],"tags":[3240],"class_list":["post-55660","post","type-post","status-publish","format-standard","has-post-thumbnail","hentry","category-impulsos-para-la-semana","tag-cura-es"],"yoast_head":"<!-- This site is optimized with the Yoast SEO Premium plugin v21.0 (Yoast SEO v21.0) - https:\/\/yoast.com\/wordpress\/plugins\/seo\/ -->\n<title>Inmunidad 1 \u2013 la realidad, por detr\u00e1s de una epidemia<\/title>\n<meta name=\"description\" content=\"Este ciclo de estudios al respecto de la Inmunidad comienza con un relato intrigante, tomado de la Agenda de una disc\u00edpula de Sri Aurobindo, La Madre.\" \/>\n<meta name=\"robots\" content=\"index, follow, max-snippet:-1, max-image-preview:large, max-video-preview:-1\" \/>\n<link rel=\"canonical\" href=\"https:\/\/www.fraterinternacional.org\/es\/inmunidad-1-realidad-por-detras-de-una-epidemia\/\" \/>\n<meta property=\"og:locale\" content=\"es_ES\" \/>\n<meta property=\"og:type\" content=\"article\" \/>\n<meta property=\"og:title\" content=\"Inmunidad 1 \u2013 la realidad, por detr\u00e1s de una epidemia\" \/>\n<meta property=\"og:description\" content=\"Este ciclo de estudios al respecto de la Inmunidad comienza con un relato intrigante, tomado de la Agenda de una disc\u00edpula de Sri Aurobindo, La Madre.\" \/>\n<meta property=\"og:url\" content=\"https:\/\/www.fraterinternacional.org\/es\/inmunidad-1-realidad-por-detras-de-una-epidemia\/\" \/>\n<meta property=\"og:site_name\" content=\"Fraternidade - Federa\u00e7\u00e3o Humanit\u00e1ria Internacional\" \/>\n<meta property=\"article:publisher\" content=\"https:\/\/www.facebook.com\/fraternidadehumanitaria\" \/>\n<meta property=\"article:published_time\" content=\"2017-06-13T02:18:28+00:00\" \/>\n<meta property=\"article:modified_time\" content=\"2017-06-13T02:27:14+00:00\" \/>\n<meta property=\"og:image\" content=\"https:\/\/www.fraterinternacional.org\/wp-content\/uploads\/2017\/06\/pen_17_06_09.jpg\" \/>\n\t<meta property=\"og:image:width\" content=\"689\" \/>\n\t<meta property=\"og:image:height\" content=\"388\" \/>\n\t<meta property=\"og:image:type\" content=\"image\/jpeg\" \/>\n<meta name=\"author\" content=\"FFHI\" \/>\n<meta name=\"twitter:card\" content=\"summary_large_image\" \/>\n<meta name=\"twitter:creator\" content=\"@fraternidadeFHI\" \/>\n<meta name=\"twitter:site\" content=\"@fraternidadeFHI\" \/>\n<meta name=\"twitter:label1\" content=\"Escrito por\" \/>\n\t<meta name=\"twitter:data1\" content=\"FFHI\" \/>\n\t<meta name=\"twitter:label2\" content=\"Tiempo de lectura\" \/>\n\t<meta name=\"twitter:data2\" content=\"7 minutos\" \/>\n<script type=\"application\/ld+json\" class=\"yoast-schema-graph\">{\"@context\":\"https:\/\/schema.org\",\"@graph\":[{\"@type\":\"WebPage\",\"@id\":\"https:\/\/www.fraterinternacional.org\/es\/inmunidad-1-realidad-por-detras-de-una-epidemia\/\",\"url\":\"https:\/\/www.fraterinternacional.org\/es\/inmunidad-1-realidad-por-detras-de-una-epidemia\/\",\"name\":\"Inmunidad 1 \u2013 la realidad, por detr\u00e1s de una epidemia\",\"isPartOf\":{\"@id\":\"https:\/\/www.fraterinternacional.org\/es\/#website\"},\"datePublished\":\"2017-06-13T02:18:28+00:00\",\"dateModified\":\"2017-06-13T02:27:14+00:00\",\"author\":{\"@id\":\"https:\/\/www.fraterinternacional.org\/es\/#\/schema\/person\/8fd7058ced8aa6a1995cc0feee75819f\"},\"description\":\"Este ciclo de estudios al respecto de la Inmunidad comienza con un relato intrigante, tomado de la Agenda de una disc\u00edpula de Sri Aurobindo, La Madre.\",\"breadcrumb\":{\"@id\":\"https:\/\/www.fraterinternacional.org\/es\/inmunidad-1-realidad-por-detras-de-una-epidemia\/#breadcrumb\"},\"inLanguage\":\"es\",\"potentialAction\":[{\"@type\":\"ReadAction\",\"target\":[\"https:\/\/www.fraterinternacional.org\/es\/inmunidad-1-realidad-por-detras-de-una-epidemia\/\"]}]},{\"@type\":\"BreadcrumbList\",\"@id\":\"https:\/\/www.fraterinternacional.org\/es\/inmunidad-1-realidad-por-detras-de-una-epidemia\/#breadcrumb\",\"itemListElement\":[{\"@type\":\"ListItem\",\"position\":1,\"name\":\"In\u00edcio\",\"item\":\"https:\/\/www.fraterinternacional.org\/es\/\"},{\"@type\":\"ListItem\",\"position\":2,\"name\":\"Inmunidad 1 \u2013 la realidad, por detr\u00e1s de una epidemia\"}]},{\"@type\":\"WebSite\",\"@id\":\"https:\/\/www.fraterinternacional.org\/es\/#website\",\"url\":\"https:\/\/www.fraterinternacional.org\/es\/\",\"name\":\"Fraternidade - Federa\u00e7\u00e3o Humanit\u00e1ria Internacional\",\"description\":\"Fraternidade - Federa\u00e7\u00e3o Humanit\u00e1ria Internacional\",\"potentialAction\":[{\"@type\":\"SearchAction\",\"target\":{\"@type\":\"EntryPoint\",\"urlTemplate\":\"https:\/\/www.fraterinternacional.org\/es\/?s={search_term_string}\"},\"query-input\":\"required name=search_term_string\"}],\"inLanguage\":\"es\"},{\"@type\":\"Person\",\"@id\":\"https:\/\/www.fraterinternacional.org\/es\/#\/schema\/person\/8fd7058ced8aa6a1995cc0feee75819f\",\"name\":\"FFHI\"}]}<\/script>\n<!-- \/ Yoast SEO Premium plugin. -->","yoast_head_json":{"title":"Inmunidad 1 \u2013 la realidad, por detr\u00e1s de una epidemia","description":"Este ciclo de estudios al respecto de la Inmunidad comienza con un relato intrigante, tomado de la Agenda de una disc\u00edpula de Sri Aurobindo, La Madre.","robots":{"index":"index","follow":"follow","max-snippet":"max-snippet:-1","max-image-preview":"max-image-preview:large","max-video-preview":"max-video-preview:-1"},"canonical":"https:\/\/www.fraterinternacional.org\/es\/inmunidad-1-realidad-por-detras-de-una-epidemia\/","og_locale":"es_ES","og_type":"article","og_title":"Inmunidad 1 \u2013 la realidad, por detr\u00e1s de una epidemia","og_description":"Este ciclo de estudios al respecto de la Inmunidad comienza con un relato intrigante, tomado de la Agenda de una disc\u00edpula de Sri Aurobindo, La Madre.","og_url":"https:\/\/www.fraterinternacional.org\/es\/inmunidad-1-realidad-por-detras-de-una-epidemia\/","og_site_name":"Fraternidade - Federa\u00e7\u00e3o Humanit\u00e1ria Internacional","article_publisher":"https:\/\/www.facebook.com\/fraternidadehumanitaria","article_published_time":"2017-06-13T02:18:28+00:00","article_modified_time":"2017-06-13T02:27:14+00:00","og_image":[{"width":689,"height":388,"url":"https:\/\/www.fraterinternacional.org\/wp-content\/uploads\/2017\/06\/pen_17_06_09.jpg","type":"image\/jpeg"}],"author":"FFHI","twitter_card":"summary_large_image","twitter_creator":"@fraternidadeFHI","twitter_site":"@fraternidadeFHI","twitter_misc":{"Escrito por":"FFHI","Tiempo de lectura":"7 minutos"},"schema":{"@context":"https:\/\/schema.org","@graph":[{"@type":"WebPage","@id":"https:\/\/www.fraterinternacional.org\/es\/inmunidad-1-realidad-por-detras-de-una-epidemia\/","url":"https:\/\/www.fraterinternacional.org\/es\/inmunidad-1-realidad-por-detras-de-una-epidemia\/","name":"Inmunidad 1 \u2013 la realidad, por detr\u00e1s de una epidemia","isPartOf":{"@id":"https:\/\/www.fraterinternacional.org\/es\/#website"},"datePublished":"2017-06-13T02:18:28+00:00","dateModified":"2017-06-13T02:27:14+00:00","author":{"@id":"https:\/\/www.fraterinternacional.org\/es\/#\/schema\/person\/8fd7058ced8aa6a1995cc0feee75819f"},"description":"Este ciclo de estudios al respecto de la Inmunidad comienza con un relato intrigante, tomado de la Agenda de una disc\u00edpula de Sri Aurobindo, La Madre.","breadcrumb":{"@id":"https:\/\/www.fraterinternacional.org\/es\/inmunidad-1-realidad-por-detras-de-una-epidemia\/#breadcrumb"},"inLanguage":"es","potentialAction":[{"@type":"ReadAction","target":["https:\/\/www.fraterinternacional.org\/es\/inmunidad-1-realidad-por-detras-de-una-epidemia\/"]}]},{"@type":"BreadcrumbList","@id":"https:\/\/www.fraterinternacional.org\/es\/inmunidad-1-realidad-por-detras-de-una-epidemia\/#breadcrumb","itemListElement":[{"@type":"ListItem","position":1,"name":"In\u00edcio","item":"https:\/\/www.fraterinternacional.org\/es\/"},{"@type":"ListItem","position":2,"name":"Inmunidad 1 \u2013 la realidad, por detr\u00e1s de una epidemia"}]},{"@type":"WebSite","@id":"https:\/\/www.fraterinternacional.org\/es\/#website","url":"https:\/\/www.fraterinternacional.org\/es\/","name":"Fraternidade - Federa\u00e7\u00e3o Humanit\u00e1ria Internacional","description":"Fraternidade - Federa\u00e7\u00e3o Humanit\u00e1ria Internacional","potentialAction":[{"@type":"SearchAction","target":{"@type":"EntryPoint","urlTemplate":"https:\/\/www.fraterinternacional.org\/es\/?s={search_term_string}"},"query-input":"required name=search_term_string"}],"inLanguage":"es"},{"@type":"Person","@id":"https:\/\/www.fraterinternacional.org\/es\/#\/schema\/person\/8fd7058ced8aa6a1995cc0feee75819f","name":"FFHI"}]}},"_links":{"self":[{"href":"https:\/\/www.fraterinternacional.org\/es\/wp-json\/wp\/v2\/posts\/55660"}],"collection":[{"href":"https:\/\/www.fraterinternacional.org\/es\/wp-json\/wp\/v2\/posts"}],"about":[{"href":"https:\/\/www.fraterinternacional.org\/es\/wp-json\/wp\/v2\/types\/post"}],"author":[{"embeddable":true,"href":"https:\/\/www.fraterinternacional.org\/es\/wp-json\/wp\/v2\/users\/8"}],"replies":[{"embeddable":true,"href":"https:\/\/www.fraterinternacional.org\/es\/wp-json\/wp\/v2\/comments?post=55660"}],"version-history":[{"count":0,"href":"https:\/\/www.fraterinternacional.org\/es\/wp-json\/wp\/v2\/posts\/55660\/revisions"}],"wp:featuredmedia":[{"embeddable":true,"href":"https:\/\/www.fraterinternacional.org\/es\/wp-json\/wp\/v2\/media\/55422"}],"wp:attachment":[{"href":"https:\/\/www.fraterinternacional.org\/es\/wp-json\/wp\/v2\/media?parent=55660"}],"wp:term":[{"taxonomy":"category","embeddable":true,"href":"https:\/\/www.fraterinternacional.org\/es\/wp-json\/wp\/v2\/categories?post=55660"},{"taxonomy":"post_tag","embeddable":true,"href":"https:\/\/www.fraterinternacional.org\/es\/wp-json\/wp\/v2\/tags?post=55660"}],"curies":[{"name":"wp","href":"https:\/\/api.w.org\/{rel}","templated":true}]}}