{"id":55630,"date":"2017-06-12T21:11:13","date_gmt":"2017-06-13T00:11:13","guid":{"rendered":"http:\/\/www.fraterinternacional.org\/?p=55630\/"},"modified":"2017-06-12T21:11:13","modified_gmt":"2017-06-13T00:11:13","slug":"elevacion-del-ser-por-la-gratitud","status":"publish","type":"post","link":"https:\/\/www.fraterinternacional.org\/es\/elevacion-del-ser-por-la-gratitud\/","title":{"rendered":"La elevaci\u00f3n del ser por medio de la gratitud"},"content":{"rendered":"<div style=\"width: 720px;\" class=\"wp-video\"><!--[if lt IE 9]><script>document.createElement('video');<\/script><![endif]-->\n<video class=\"wp-video-shortcode\" id=\"video-55630-1\" width=\"720\" height=\"100\" preload=\"metadata\" controls=\"controls\"><source type=\"video\/mp4\" src=\"http:\/\/www.fraterinternacional.org\/wp-content\/uploads\/2017\/06\/imp_ins_17_06_06_elevacao_ser_gratidao_con_tri_613_es.mp4?_=1\" \/><a href=\"http:\/\/www.fraterinternacional.org\/wp-content\/uploads\/2017\/06\/imp_ins_17_06_06_elevacao_ser_gratidao_con_tri_613_es.mp4\">http:\/\/www.fraterinternacional.org\/wp-content\/uploads\/2017\/06\/imp_ins_17_06_06_elevacao_ser_gratidao_con_tri_613_es.mp4<\/a><\/video><\/div>\n<p>&nbsp;<\/p>\n<p class=\"alignleft\" style=\"text-align: justify;\"><a href=\"http:\/\/www.fraterinternacional.org\/wp-content\/uploads\/2016\/10\/ipe_amarelo_2.jpg\"><img decoding=\"async\" class=\"alignleft wp-image-31753 size-medium\" src=\"http:\/\/www.fraterinternacional.org\/wp-content\/uploads\/2016\/10\/ipe_amarelo_2-300x169.jpg\" alt=\"\" width=\"300\" height=\"169\" srcset=\"https:\/\/www.fraterinternacional.org\/wp-content\/uploads\/2016\/10\/ipe_amarelo_2-200x112.jpg 200w, https:\/\/www.fraterinternacional.org\/wp-content\/uploads\/2016\/10\/ipe_amarelo_2-300x169.jpg 300w, https:\/\/www.fraterinternacional.org\/wp-content\/uploads\/2016\/10\/ipe_amarelo_2-400x225.jpg 400w, https:\/\/www.fraterinternacional.org\/wp-content\/uploads\/2016\/10\/ipe_amarelo_2-600x337.jpg 600w, https:\/\/www.fraterinternacional.org\/wp-content\/uploads\/2016\/10\/ipe_amarelo_2.jpg 690w\" sizes=\"(max-width: 300px) 100vw, 300px\" \/><\/a>Sabemos que el hombre deber\u00eda rendirse ante la magnitud de lo Divino, en gratitud y entrega. Mucho le ser\u00eda dado si as\u00ed procediera, reconociendo su verdadera condici\u00f3n y reverenciando los estados de consciencia m\u00e1s elevados. El magn\u00edfico impulso que conduce a la manifestaci\u00f3n de la vida es dotado, en su grandeza, de tal capacidad de absorci\u00f3n, que en \u00e9l, todos los seres donados se disuelven y se elevan, conducidos por una energ\u00eda que ni ellos mismos saben de d\u00f3nde vino. Solo se callan y, a esas sublimes manos, se entregan por entero.<\/p>\n<p style=\"text-align: justify;\">La reverencia es la victoria de una batalla sin lucha, batalla en la que a\u00fan antes de un ataque, el enemigo se rinde. La reverencia est\u00e1 en la planta que se curva al viento, en la luz de las estrellas que se apagan ante el brillo del sol, en la tierra que se transforma en lecho para acoger al r\u00edo, y en el r\u00edo que se moldea al camino que el suelo le ofrece. Est\u00e1 en el nacimiento que trae una nueva oportunidad y en la muerte que anuncia un nacer m\u00e1s profundo. Est\u00e1 en el silencio de los que pudieron llegar a Dios, Fuente de todo conocimiento.<\/p>\n<p style=\"text-align: justify;\">La vida, como sabemos, no es accidental. Surge de la reverencia de todo el Cosmos ante la Luz Creadora, que es Dios. Para que la comprensi\u00f3n de verdades sutiles pueda llegar hasta nosotros, la mente debe estar tranquila, pues cuando hay simplicidad, la verdad se aproxima. En la simplicidad conoceremos la esencia de todas las cosas; en la b\u00fasqueda minuciosa, las perderemos todas. La verdad no se encuentra, la verdad Es.<\/p>\n<p style=\"text-align: justify;\">La gratitud es el faro que permite divisar diferentes rumbos, a\u00fan en momentos de crisis. Sin embargo, la luz visible no atraviesa paredes y sin, aberturas; ella no se deja percibir. Por lo tanto, es necesario gratitud y apertura, pues el conocimiento interno no est\u00e1 escrito sobre garabatos de conceptos antiguos, sino sobre hojas en blanco, v\u00edrgenes, nunca antes manipuladas. De este modo, el ser se ofrece a lo interno.<\/p>\n<p style=\"text-align: justify;\">Sin gratitud, el hombre ni siquiera percibe las d\u00e1divas que la vida le trae; no comprende el mensaje que los rayos de sol buscan transmitirle cuando doran el horizonte. Tampoco entiende el canto de los p\u00e1jaros, llam\u00e1ndolo a compartir la alegr\u00eda que el Universo le concede a todos los seres. Siente el perfume de una flor, pero no penetra en la esencia del aroma oriundo de los jardines de los mundos internos.<\/p>\n<p style=\"text-align: justify;\">Sin gratitud, aunque \u00e9l viva internamente en un Reino Superior, solo ve elementos materiales a su alrededor. Estando inmerso en la plenitud de la Existencia, se limita a su temporalidad. Sin embargo, \u00bfc\u00f3mo mostrarle los colores a los que no pueden ver? El milagro de la vida interior es estar presente, aun cuando el mundo externo se ahogue en torbellinos de conflictos. Ella prevalece y se reafirma como infinita e inextinguible, y sin que su chispa caliente la materia, nada existir\u00eda. Aunque imperceptible, arde en lo \u00edntimo de todas las cosas.<\/p>\n<p style=\"text-align: justify;\">La acci\u00f3n inarm\u00f3nica de los hombres no hace desaparecer esa vida interior. Nubes oscuras no pueden ocultarla, ni el continuo rechazo de su presencia puede hacerla desistir de donarse, pues es la \u00fanica verdad, el \u00fanico por qu\u00e9, el \u00fanico sentido. Es poder cuando los hombres flaquean, es suavidad cuando les falta dulzura; es sabidur\u00eda, cuando no saben c\u00f3mo conducirse; es amor, cuando tienden a ceder a la ira; es luz, cuando se encuentran en la oscuridad. En ella est\u00e1n todas las cualidades y tesoros, en ella todo se inicia y a ella todo se destina.<\/p>\n<p>Art\u00edculo de referencia: Peri\u00f3dico <em>O Tempo<\/em>, del 14\/ ago\/ 2016<br \/>\nNombre del art\u00edculo: La elevaci\u00f3n del ser por medio de la gratitud y de la reverencia a lo Divino.<br \/>\nAudio de la Irdin:\u00a0<a href=\"http:\/\/www.irdin.org.br\/site\/produto\/conversas-com-trigueirinho-no-613-2\/\" target=\"_blank\" rel=\"noopener noreferrer\">http:\/\/www.irdin.org.br\/site\/produto\/conversas-com-trigueirinho-no-613-2\/<\/a><\/p>\n<p>&nbsp;<\/p>\n","protected":false},"excerpt":{"rendered":"<p>&nbsp; Sabemos que el hombre deber\u00eda rendirse ante la magnitud de lo Divino, en gratitud y entrega. Mucho le ser\u00eda [&hellip;]<\/p>\n","protected":false},"author":8,"featured_media":31753,"comment_status":"closed","ping_status":"closed","sticky":false,"template":"","format":"standard","meta":{"footnotes":""},"categories":[3237],"tags":[3239],"class_list":["post-55630","post","type-post","status-publish","format-standard","has-post-thumbnail","hentry","category-impulsos-para-la-semana","tag-instruccion-es"],"yoast_head":"<!-- This site is optimized with the Yoast SEO Premium plugin v21.0 (Yoast SEO v21.0) - https:\/\/yoast.com\/wordpress\/plugins\/seo\/ -->\n<title>La elevaci\u00f3n del ser por medio de la gratitud -<\/title>\n<meta name=\"robots\" content=\"index, follow, max-snippet:-1, max-image-preview:large, max-video-preview:-1\" \/>\n<link rel=\"canonical\" href=\"https:\/\/www.fraterinternacional.org\/es\/elevacion-del-ser-por-la-gratitud\/\" \/>\n<meta property=\"og:locale\" content=\"es_ES\" \/>\n<meta property=\"og:type\" content=\"article\" \/>\n<meta property=\"og:title\" content=\"La elevaci\u00f3n del ser por medio de la gratitud\" \/>\n<meta property=\"og:description\" content=\"&nbsp; Sabemos que el hombre deber\u00eda rendirse ante la magnitud de lo Divino, en gratitud y entrega. Mucho le ser\u00eda [&hellip;]\" \/>\n<meta property=\"og:url\" content=\"https:\/\/www.fraterinternacional.org\/es\/elevacion-del-ser-por-la-gratitud\/\" \/>\n<meta property=\"og:site_name\" content=\"Fraternidade - Federa\u00e7\u00e3o Humanit\u00e1ria Internacional\" \/>\n<meta property=\"article:publisher\" content=\"https:\/\/www.facebook.com\/fraternidadehumanitaria\" \/>\n<meta property=\"article:published_time\" content=\"2017-06-13T00:11:13+00:00\" \/>\n<meta property=\"og:image\" content=\"https:\/\/www.fraterinternacional.org\/wp-content\/uploads\/2016\/10\/ipe_amarelo_2.jpg\" \/>\n\t<meta property=\"og:image:width\" content=\"690\" \/>\n\t<meta property=\"og:image:height\" content=\"388\" \/>\n\t<meta property=\"og:image:type\" content=\"image\/jpeg\" \/>\n<meta name=\"author\" content=\"FFHI\" \/>\n<meta name=\"twitter:card\" content=\"summary_large_image\" \/>\n<meta name=\"twitter:creator\" content=\"@fraternidadeFHI\" \/>\n<meta name=\"twitter:site\" content=\"@fraternidadeFHI\" \/>\n<meta name=\"twitter:label1\" content=\"Escrito por\" \/>\n\t<meta name=\"twitter:data1\" content=\"FFHI\" \/>\n\t<meta name=\"twitter:label2\" content=\"Tiempo de lectura\" \/>\n\t<meta name=\"twitter:data2\" content=\"3 minutos\" \/>\n<script type=\"application\/ld+json\" class=\"yoast-schema-graph\">{\"@context\":\"https:\/\/schema.org\",\"@graph\":[{\"@type\":\"WebPage\",\"@id\":\"https:\/\/www.fraterinternacional.org\/es\/elevacion-del-ser-por-la-gratitud\/\",\"url\":\"https:\/\/www.fraterinternacional.org\/es\/elevacion-del-ser-por-la-gratitud\/\",\"name\":\"La elevaci\u00f3n del ser por medio de la gratitud -\",\"isPartOf\":{\"@id\":\"https:\/\/www.fraterinternacional.org\/es\/#website\"},\"datePublished\":\"2017-06-13T00:11:13+00:00\",\"dateModified\":\"2017-06-13T00:11:13+00:00\",\"author\":{\"@id\":\"https:\/\/www.fraterinternacional.org\/es\/#\/schema\/person\/8fd7058ced8aa6a1995cc0feee75819f\"},\"breadcrumb\":{\"@id\":\"https:\/\/www.fraterinternacional.org\/es\/elevacion-del-ser-por-la-gratitud\/#breadcrumb\"},\"inLanguage\":\"es\",\"potentialAction\":[{\"@type\":\"ReadAction\",\"target\":[\"https:\/\/www.fraterinternacional.org\/es\/elevacion-del-ser-por-la-gratitud\/\"]}]},{\"@type\":\"BreadcrumbList\",\"@id\":\"https:\/\/www.fraterinternacional.org\/es\/elevacion-del-ser-por-la-gratitud\/#breadcrumb\",\"itemListElement\":[{\"@type\":\"ListItem\",\"position\":1,\"name\":\"In\u00edcio\",\"item\":\"https:\/\/www.fraterinternacional.org\/es\/\"},{\"@type\":\"ListItem\",\"position\":2,\"name\":\"La elevaci\u00f3n del ser por medio de la gratitud\"}]},{\"@type\":\"WebSite\",\"@id\":\"https:\/\/www.fraterinternacional.org\/es\/#website\",\"url\":\"https:\/\/www.fraterinternacional.org\/es\/\",\"name\":\"Fraternidade - Federa\u00e7\u00e3o Humanit\u00e1ria Internacional\",\"description\":\"Fraternidade - Federa\u00e7\u00e3o Humanit\u00e1ria Internacional\",\"potentialAction\":[{\"@type\":\"SearchAction\",\"target\":{\"@type\":\"EntryPoint\",\"urlTemplate\":\"https:\/\/www.fraterinternacional.org\/es\/?s={search_term_string}\"},\"query-input\":\"required name=search_term_string\"}],\"inLanguage\":\"es\"},{\"@type\":\"Person\",\"@id\":\"https:\/\/www.fraterinternacional.org\/es\/#\/schema\/person\/8fd7058ced8aa6a1995cc0feee75819f\",\"name\":\"FFHI\"}]}<\/script>\n<!-- \/ Yoast SEO Premium plugin. -->","yoast_head_json":{"title":"La elevaci\u00f3n del ser por medio de la gratitud -","robots":{"index":"index","follow":"follow","max-snippet":"max-snippet:-1","max-image-preview":"max-image-preview:large","max-video-preview":"max-video-preview:-1"},"canonical":"https:\/\/www.fraterinternacional.org\/es\/elevacion-del-ser-por-la-gratitud\/","og_locale":"es_ES","og_type":"article","og_title":"La elevaci\u00f3n del ser por medio de la gratitud","og_description":"&nbsp; Sabemos que el hombre deber\u00eda rendirse ante la magnitud de lo Divino, en gratitud y entrega. Mucho le ser\u00eda [&hellip;]","og_url":"https:\/\/www.fraterinternacional.org\/es\/elevacion-del-ser-por-la-gratitud\/","og_site_name":"Fraternidade - Federa\u00e7\u00e3o Humanit\u00e1ria Internacional","article_publisher":"https:\/\/www.facebook.com\/fraternidadehumanitaria","article_published_time":"2017-06-13T00:11:13+00:00","og_image":[{"width":690,"height":388,"url":"https:\/\/www.fraterinternacional.org\/wp-content\/uploads\/2016\/10\/ipe_amarelo_2.jpg","type":"image\/jpeg"}],"author":"FFHI","twitter_card":"summary_large_image","twitter_creator":"@fraternidadeFHI","twitter_site":"@fraternidadeFHI","twitter_misc":{"Escrito por":"FFHI","Tiempo de lectura":"3 minutos"},"schema":{"@context":"https:\/\/schema.org","@graph":[{"@type":"WebPage","@id":"https:\/\/www.fraterinternacional.org\/es\/elevacion-del-ser-por-la-gratitud\/","url":"https:\/\/www.fraterinternacional.org\/es\/elevacion-del-ser-por-la-gratitud\/","name":"La elevaci\u00f3n del ser por medio de la gratitud -","isPartOf":{"@id":"https:\/\/www.fraterinternacional.org\/es\/#website"},"datePublished":"2017-06-13T00:11:13+00:00","dateModified":"2017-06-13T00:11:13+00:00","author":{"@id":"https:\/\/www.fraterinternacional.org\/es\/#\/schema\/person\/8fd7058ced8aa6a1995cc0feee75819f"},"breadcrumb":{"@id":"https:\/\/www.fraterinternacional.org\/es\/elevacion-del-ser-por-la-gratitud\/#breadcrumb"},"inLanguage":"es","potentialAction":[{"@type":"ReadAction","target":["https:\/\/www.fraterinternacional.org\/es\/elevacion-del-ser-por-la-gratitud\/"]}]},{"@type":"BreadcrumbList","@id":"https:\/\/www.fraterinternacional.org\/es\/elevacion-del-ser-por-la-gratitud\/#breadcrumb","itemListElement":[{"@type":"ListItem","position":1,"name":"In\u00edcio","item":"https:\/\/www.fraterinternacional.org\/es\/"},{"@type":"ListItem","position":2,"name":"La elevaci\u00f3n del ser por medio de la gratitud"}]},{"@type":"WebSite","@id":"https:\/\/www.fraterinternacional.org\/es\/#website","url":"https:\/\/www.fraterinternacional.org\/es\/","name":"Fraternidade - Federa\u00e7\u00e3o Humanit\u00e1ria Internacional","description":"Fraternidade - Federa\u00e7\u00e3o Humanit\u00e1ria Internacional","potentialAction":[{"@type":"SearchAction","target":{"@type":"EntryPoint","urlTemplate":"https:\/\/www.fraterinternacional.org\/es\/?s={search_term_string}"},"query-input":"required name=search_term_string"}],"inLanguage":"es"},{"@type":"Person","@id":"https:\/\/www.fraterinternacional.org\/es\/#\/schema\/person\/8fd7058ced8aa6a1995cc0feee75819f","name":"FFHI"}]}},"_links":{"self":[{"href":"https:\/\/www.fraterinternacional.org\/es\/wp-json\/wp\/v2\/posts\/55630"}],"collection":[{"href":"https:\/\/www.fraterinternacional.org\/es\/wp-json\/wp\/v2\/posts"}],"about":[{"href":"https:\/\/www.fraterinternacional.org\/es\/wp-json\/wp\/v2\/types\/post"}],"author":[{"embeddable":true,"href":"https:\/\/www.fraterinternacional.org\/es\/wp-json\/wp\/v2\/users\/8"}],"replies":[{"embeddable":true,"href":"https:\/\/www.fraterinternacional.org\/es\/wp-json\/wp\/v2\/comments?post=55630"}],"version-history":[{"count":0,"href":"https:\/\/www.fraterinternacional.org\/es\/wp-json\/wp\/v2\/posts\/55630\/revisions"}],"wp:featuredmedia":[{"embeddable":true,"href":"https:\/\/www.fraterinternacional.org\/es\/wp-json\/wp\/v2\/media\/31753"}],"wp:attachment":[{"href":"https:\/\/www.fraterinternacional.org\/es\/wp-json\/wp\/v2\/media?parent=55630"}],"wp:term":[{"taxonomy":"category","embeddable":true,"href":"https:\/\/www.fraterinternacional.org\/es\/wp-json\/wp\/v2\/categories?post=55630"},{"taxonomy":"post_tag","embeddable":true,"href":"https:\/\/www.fraterinternacional.org\/es\/wp-json\/wp\/v2\/tags?post=55630"}],"curies":[{"name":"wp","href":"https:\/\/api.w.org\/{rel}","templated":true}]}}