{"id":55239,"date":"2017-06-05T16:16:45","date_gmt":"2017-06-05T19:16:45","guid":{"rendered":"http:\/\/www.fraterinternacional.org\/?p=55239\/"},"modified":"2017-06-05T16:16:45","modified_gmt":"2017-06-05T19:16:45","slug":"la-superacion-de-los-problemas","status":"publish","type":"post","link":"https:\/\/www.fraterinternacional.org\/es\/la-superacion-de-los-problemas\/","title":{"rendered":"La superaci\u00f3n de los problemas"},"content":{"rendered":"<div style=\"width: 720px;\" class=\"wp-video\"><!--[if lt IE 9]><script>document.createElement('video');<\/script><![endif]-->\n<video class=\"wp-video-shortcode\" id=\"video-55239-1\" width=\"720\" height=\"100\" preload=\"metadata\" controls=\"controls\"><source type=\"video\/mp4\" src=\"http:\/\/www.fraterinternacional.org\/wp-content\/uploads\/2017\/06\/imp_ins_17_05_30_com_tri_superacao_-problemas_es.mp4?_=1\" \/><a href=\"http:\/\/www.fraterinternacional.org\/wp-content\/uploads\/2017\/06\/imp_ins_17_05_30_com_tri_superacao_-problemas_es.mp4\">http:\/\/www.fraterinternacional.org\/wp-content\/uploads\/2017\/06\/imp_ins_17_05_30_com_tri_superacao_-problemas_es.mp4<\/a><\/video><\/div>\n<p>&nbsp;<\/p>\n<p style=\"text-align: justify;\"><a href=\"http:\/\/www.fraterinternacional.org\/wp-content\/uploads\/2017\/06\/caminho.jpg\"><img decoding=\"async\" class=\"alignleft wp-image-55271 size-medium\" src=\"http:\/\/www.fraterinternacional.org\/wp-content\/uploads\/2017\/06\/caminho-300x169.jpg\" alt=\"\" width=\"300\" height=\"169\" srcset=\"https:\/\/www.fraterinternacional.org\/wp-content\/uploads\/2017\/06\/caminho-200x112.jpg 200w, https:\/\/www.fraterinternacional.org\/wp-content\/uploads\/2017\/06\/caminho-300x169.jpg 300w, https:\/\/www.fraterinternacional.org\/wp-content\/uploads\/2017\/06\/caminho-400x225.jpg 400w, https:\/\/www.fraterinternacional.org\/wp-content\/uploads\/2017\/06\/caminho-600x337.jpg 600w, https:\/\/www.fraterinternacional.org\/wp-content\/uploads\/2017\/06\/caminho.jpg 690w\" sizes=\"(max-width: 300px) 100vw, 300px\" \/><\/a>La soluci\u00f3n de los problemas de la sociedad humana no se encuentra en los m\u00e9todos que hasta hoy us\u00f3 para resolverlos. Su ineficiencia es patente en el caos que, de manera acelerada, se arrastra por el planeta. Solamente si el ser humano trasciende la realidad tridimensional y el nivel de relaci\u00f3n meramente material e ingresa en regiones de la consciencia a\u00fan desconocidas para su racionalidad, podr\u00e1 captar las respuestas para superar sus problemas actuales.<\/p>\n<p style=\"text-align: justify;\">Por eso, son de extrema importancia el reconocimiento de la vida interior y la disposici\u00f3n para manifestarla. Es la energ\u00eda de las regiones sublimes del Cosmos la que nutre la existencia en los niveles de la materia; de ella emanan la Luz y la Sabidur\u00eda superiores.<\/p>\n<p style=\"text-align: justify;\">Hoy, delante de la crisis por la cual el planeta pasa, millones de seres se encuentran perdidos, solos, en un estado de insatisfacci\u00f3n que no podr\u00e1 ser curado por medios paliativos. La consciencia que, en tal situaci\u00f3n, despierta a una realidad superior se descubre en una condici\u00f3n semejante a la de los flagelados por las inundaciones: solo pueden salvarse los que alcanzan niveles elevados. Sin embargo, del mismo modo que el cuerpo f\u00edsico solo llegar\u00e1 a una regi\u00f3n si se dirige a ella, la consciencia tambi\u00e9n deber\u00e1 recorrer un camino para encontrar esa energ\u00eda superior y profunda. Para esto, debe vivir las leyes superiores y disponerse a una completa transformaci\u00f3n.<\/p>\n<p style=\"text-align: justify;\">Aunque nos parezcan infinitamente distantes, las chispas de fuego de la sabidur\u00eda c\u00f3smica se aproximan a los que son atra\u00eddos por su luz, eliminando los obst\u00e1culos que les impiden ingresar al centro de esa sublime existencia.<\/p>\n<p style=\"text-align: justify;\">El empe\u00f1o en superar los obst\u00e1culos en la vida que consideramos evolutiva necesita ser diligentemente asumido por el aspirante a la vida superior. Delante de una situaci\u00f3n que le impida proseguir, poco servir\u00e1 lanzarse contra ella, o detenerse pesaroso. Debe reunir sus propias energ\u00edas y, basado en su inspiraci\u00f3n interior, encontrar el modo de superarla.<\/p>\n<p style=\"text-align: justify;\">No hay barrera que no pueda vencerse, no hay oscuridad que no sea permeada por la Luz. Muchas veces sucede que, energ\u00edas contrarias a la Luz, aprovech\u00e1ndose de las debilidades del peregrino, le inculcaron la idea de que es imposible vencer un obst\u00e1culo. Por lo tanto, la determinaci\u00f3n en proseguir debe estar siempre presente en el ser, y tambi\u00e9n la fe, de que estar\u00e1 amparado y suplido en lo que no pueda realizar con sus propias fuerzas.<\/p>\n<p style=\"text-align: justify;\">Por mayor que sea la oscuridad que lo envuelve, el peregrino puede caminar bajo la luz invisible de la fe. Ella coloca sus pies en suelo seguro, aunque el terreno no ofrezca condiciones para proseguir. As\u00ed, el peregrino avanza, sustentado por Manos invisibles que lo protegen y lo impulsan. No hay comienzo ni fin en su camino. Y, cuando las ilusiones se disuelven como brumas ante el calor del sol interior, reconoce que su jornada est\u00e1 lista para transformarse, en comuni\u00f3n con la Paz.<\/p>\n<p>Art\u00edculo de referencia: Peri\u00f3dico <em>O Tempo<\/em>, del 8\/mayo\/2016<br \/>\nNombre del art\u00edculo: La vida interior y la fe en la trascendencia de la realidad material<br \/>\nAudio de la Irdin:\u00a0<a href=\"http:\/\/www.irdin.org.br\/site\/produto\/conversas-com-trigueirinho-no-489-2\/?_sfm_pa_categoria=Palestras&amp;sf_paged=21\" target=\"_blank\" rel=\"noopener noreferrer\">Conversas com Trigueirinho n\u00ba489<\/a><\/p>\n<p>&nbsp;<\/p>\n<p><a href=\"http:\/\/www.fraterinternacional.org\/wp-content\/uploads\/2017\/06\/sol_por.jpg\"><img decoding=\"async\" class=\"aligncenter wp-image-55268 size-full\" src=\"http:\/\/www.fraterinternacional.org\/wp-content\/uploads\/2017\/06\/sol_por.jpg\" alt=\"\" width=\"690\" height=\"388\" srcset=\"https:\/\/www.fraterinternacional.org\/wp-content\/uploads\/2017\/06\/sol_por-200x112.jpg 200w, https:\/\/www.fraterinternacional.org\/wp-content\/uploads\/2017\/06\/sol_por-300x169.jpg 300w, https:\/\/www.fraterinternacional.org\/wp-content\/uploads\/2017\/06\/sol_por-400x225.jpg 400w, https:\/\/www.fraterinternacional.org\/wp-content\/uploads\/2017\/06\/sol_por-600x337.jpg 600w, https:\/\/www.fraterinternacional.org\/wp-content\/uploads\/2017\/06\/sol_por.jpg 690w\" sizes=\"(max-width: 690px) 100vw, 690px\" \/><\/a><\/p>\n","protected":false},"excerpt":{"rendered":"<p>&nbsp; La soluci\u00f3n de los problemas de la sociedad humana no se encuentra en los m\u00e9todos que hasta hoy us\u00f3 [&hellip;]<\/p>\n","protected":false},"author":8,"featured_media":55265,"comment_status":"closed","ping_status":"closed","sticky":false,"template":"","format":"standard","meta":{"footnotes":""},"categories":[3237],"tags":[3239],"class_list":["post-55239","post","type-post","status-publish","format-standard","has-post-thumbnail","hentry","category-impulsos-para-la-semana","tag-instruccion-es"],"yoast_head":"<!-- This site is optimized with the Yoast SEO Premium plugin v21.0 (Yoast SEO v21.0) - https:\/\/yoast.com\/wordpress\/plugins\/seo\/ -->\n<title>La superaci\u00f3n de los problemas<\/title>\n<meta name=\"description\" content=\"As\u00ed, el peregrino avanza, sustentado por Manos invisibles que lo protegen y lo impulsan. No hay comienzo ni fin en su camino.\" \/>\n<meta name=\"robots\" content=\"index, follow, max-snippet:-1, max-image-preview:large, max-video-preview:-1\" \/>\n<link rel=\"canonical\" href=\"https:\/\/www.fraterinternacional.org\/es\/la-superacion-de-los-problemas\/\" \/>\n<meta property=\"og:locale\" content=\"es_ES\" \/>\n<meta property=\"og:type\" content=\"article\" \/>\n<meta property=\"og:title\" content=\"La superaci\u00f3n de los problemas\" \/>\n<meta property=\"og:description\" content=\"As\u00ed, el peregrino avanza, sustentado por Manos invisibles que lo protegen y lo impulsan. No hay comienzo ni fin en su camino.\" \/>\n<meta property=\"og:url\" content=\"https:\/\/www.fraterinternacional.org\/es\/la-superacion-de-los-problemas\/\" \/>\n<meta property=\"og:site_name\" content=\"Fraternidade - Federa\u00e7\u00e3o Humanit\u00e1ria Internacional\" \/>\n<meta property=\"article:publisher\" content=\"https:\/\/www.facebook.com\/fraternidadehumanitaria\" \/>\n<meta property=\"article:published_time\" content=\"2017-06-05T19:16:45+00:00\" \/>\n<meta property=\"og:image\" content=\"https:\/\/www.fraterinternacional.org\/wp-content\/uploads\/2017\/06\/sol_montanha_luz.jpg\" \/>\n\t<meta property=\"og:image:width\" content=\"690\" \/>\n\t<meta property=\"og:image:height\" content=\"388\" \/>\n\t<meta property=\"og:image:type\" content=\"image\/jpeg\" \/>\n<meta name=\"author\" content=\"FFHI\" \/>\n<meta name=\"twitter:card\" content=\"summary_large_image\" \/>\n<meta name=\"twitter:creator\" content=\"@fraternidadeFHI\" \/>\n<meta name=\"twitter:site\" content=\"@fraternidadeFHI\" \/>\n<meta name=\"twitter:label1\" content=\"Escrito por\" \/>\n\t<meta name=\"twitter:data1\" content=\"FFHI\" \/>\n\t<meta name=\"twitter:label2\" content=\"Tiempo de lectura\" \/>\n\t<meta name=\"twitter:data2\" content=\"3 minutos\" \/>\n<script type=\"application\/ld+json\" class=\"yoast-schema-graph\">{\"@context\":\"https:\/\/schema.org\",\"@graph\":[{\"@type\":\"WebPage\",\"@id\":\"https:\/\/www.fraterinternacional.org\/es\/la-superacion-de-los-problemas\/\",\"url\":\"https:\/\/www.fraterinternacional.org\/es\/la-superacion-de-los-problemas\/\",\"name\":\"La superaci\u00f3n de los problemas\",\"isPartOf\":{\"@id\":\"https:\/\/www.fraterinternacional.org\/es\/#website\"},\"datePublished\":\"2017-06-05T19:16:45+00:00\",\"dateModified\":\"2017-06-05T19:16:45+00:00\",\"author\":{\"@id\":\"https:\/\/www.fraterinternacional.org\/es\/#\/schema\/person\/8fd7058ced8aa6a1995cc0feee75819f\"},\"description\":\"As\u00ed, el peregrino avanza, sustentado por Manos invisibles que lo protegen y lo impulsan. No hay comienzo ni fin en su camino.\",\"breadcrumb\":{\"@id\":\"https:\/\/www.fraterinternacional.org\/es\/la-superacion-de-los-problemas\/#breadcrumb\"},\"inLanguage\":\"es\",\"potentialAction\":[{\"@type\":\"ReadAction\",\"target\":[\"https:\/\/www.fraterinternacional.org\/es\/la-superacion-de-los-problemas\/\"]}]},{\"@type\":\"BreadcrumbList\",\"@id\":\"https:\/\/www.fraterinternacional.org\/es\/la-superacion-de-los-problemas\/#breadcrumb\",\"itemListElement\":[{\"@type\":\"ListItem\",\"position\":1,\"name\":\"In\u00edcio\",\"item\":\"https:\/\/www.fraterinternacional.org\/es\/\"},{\"@type\":\"ListItem\",\"position\":2,\"name\":\"La superaci\u00f3n de los problemas\"}]},{\"@type\":\"WebSite\",\"@id\":\"https:\/\/www.fraterinternacional.org\/es\/#website\",\"url\":\"https:\/\/www.fraterinternacional.org\/es\/\",\"name\":\"Fraternidade - Federa\u00e7\u00e3o Humanit\u00e1ria Internacional\",\"description\":\"Fraternidade - Federa\u00e7\u00e3o Humanit\u00e1ria Internacional\",\"potentialAction\":[{\"@type\":\"SearchAction\",\"target\":{\"@type\":\"EntryPoint\",\"urlTemplate\":\"https:\/\/www.fraterinternacional.org\/es\/?s={search_term_string}\"},\"query-input\":\"required name=search_term_string\"}],\"inLanguage\":\"es\"},{\"@type\":\"Person\",\"@id\":\"https:\/\/www.fraterinternacional.org\/es\/#\/schema\/person\/8fd7058ced8aa6a1995cc0feee75819f\",\"name\":\"FFHI\"}]}<\/script>\n<!-- \/ Yoast SEO Premium plugin. -->","yoast_head_json":{"title":"La superaci\u00f3n de los problemas","description":"As\u00ed, el peregrino avanza, sustentado por Manos invisibles que lo protegen y lo impulsan. No hay comienzo ni fin en su camino.","robots":{"index":"index","follow":"follow","max-snippet":"max-snippet:-1","max-image-preview":"max-image-preview:large","max-video-preview":"max-video-preview:-1"},"canonical":"https:\/\/www.fraterinternacional.org\/es\/la-superacion-de-los-problemas\/","og_locale":"es_ES","og_type":"article","og_title":"La superaci\u00f3n de los problemas","og_description":"As\u00ed, el peregrino avanza, sustentado por Manos invisibles que lo protegen y lo impulsan. No hay comienzo ni fin en su camino.","og_url":"https:\/\/www.fraterinternacional.org\/es\/la-superacion-de-los-problemas\/","og_site_name":"Fraternidade - Federa\u00e7\u00e3o Humanit\u00e1ria Internacional","article_publisher":"https:\/\/www.facebook.com\/fraternidadehumanitaria","article_published_time":"2017-06-05T19:16:45+00:00","og_image":[{"width":690,"height":388,"url":"https:\/\/www.fraterinternacional.org\/wp-content\/uploads\/2017\/06\/sol_montanha_luz.jpg","type":"image\/jpeg"}],"author":"FFHI","twitter_card":"summary_large_image","twitter_creator":"@fraternidadeFHI","twitter_site":"@fraternidadeFHI","twitter_misc":{"Escrito por":"FFHI","Tiempo de lectura":"3 minutos"},"schema":{"@context":"https:\/\/schema.org","@graph":[{"@type":"WebPage","@id":"https:\/\/www.fraterinternacional.org\/es\/la-superacion-de-los-problemas\/","url":"https:\/\/www.fraterinternacional.org\/es\/la-superacion-de-los-problemas\/","name":"La superaci\u00f3n de los problemas","isPartOf":{"@id":"https:\/\/www.fraterinternacional.org\/es\/#website"},"datePublished":"2017-06-05T19:16:45+00:00","dateModified":"2017-06-05T19:16:45+00:00","author":{"@id":"https:\/\/www.fraterinternacional.org\/es\/#\/schema\/person\/8fd7058ced8aa6a1995cc0feee75819f"},"description":"As\u00ed, el peregrino avanza, sustentado por Manos invisibles que lo protegen y lo impulsan. No hay comienzo ni fin en su camino.","breadcrumb":{"@id":"https:\/\/www.fraterinternacional.org\/es\/la-superacion-de-los-problemas\/#breadcrumb"},"inLanguage":"es","potentialAction":[{"@type":"ReadAction","target":["https:\/\/www.fraterinternacional.org\/es\/la-superacion-de-los-problemas\/"]}]},{"@type":"BreadcrumbList","@id":"https:\/\/www.fraterinternacional.org\/es\/la-superacion-de-los-problemas\/#breadcrumb","itemListElement":[{"@type":"ListItem","position":1,"name":"In\u00edcio","item":"https:\/\/www.fraterinternacional.org\/es\/"},{"@type":"ListItem","position":2,"name":"La superaci\u00f3n de los problemas"}]},{"@type":"WebSite","@id":"https:\/\/www.fraterinternacional.org\/es\/#website","url":"https:\/\/www.fraterinternacional.org\/es\/","name":"Fraternidade - Federa\u00e7\u00e3o Humanit\u00e1ria Internacional","description":"Fraternidade - Federa\u00e7\u00e3o Humanit\u00e1ria Internacional","potentialAction":[{"@type":"SearchAction","target":{"@type":"EntryPoint","urlTemplate":"https:\/\/www.fraterinternacional.org\/es\/?s={search_term_string}"},"query-input":"required name=search_term_string"}],"inLanguage":"es"},{"@type":"Person","@id":"https:\/\/www.fraterinternacional.org\/es\/#\/schema\/person\/8fd7058ced8aa6a1995cc0feee75819f","name":"FFHI"}]}},"_links":{"self":[{"href":"https:\/\/www.fraterinternacional.org\/es\/wp-json\/wp\/v2\/posts\/55239"}],"collection":[{"href":"https:\/\/www.fraterinternacional.org\/es\/wp-json\/wp\/v2\/posts"}],"about":[{"href":"https:\/\/www.fraterinternacional.org\/es\/wp-json\/wp\/v2\/types\/post"}],"author":[{"embeddable":true,"href":"https:\/\/www.fraterinternacional.org\/es\/wp-json\/wp\/v2\/users\/8"}],"replies":[{"embeddable":true,"href":"https:\/\/www.fraterinternacional.org\/es\/wp-json\/wp\/v2\/comments?post=55239"}],"version-history":[{"count":0,"href":"https:\/\/www.fraterinternacional.org\/es\/wp-json\/wp\/v2\/posts\/55239\/revisions"}],"wp:featuredmedia":[{"embeddable":true,"href":"https:\/\/www.fraterinternacional.org\/es\/wp-json\/wp\/v2\/media\/55265"}],"wp:attachment":[{"href":"https:\/\/www.fraterinternacional.org\/es\/wp-json\/wp\/v2\/media?parent=55239"}],"wp:term":[{"taxonomy":"category","embeddable":true,"href":"https:\/\/www.fraterinternacional.org\/es\/wp-json\/wp\/v2\/categories?post=55239"},{"taxonomy":"post_tag","embeddable":true,"href":"https:\/\/www.fraterinternacional.org\/es\/wp-json\/wp\/v2\/tags?post=55239"}],"curies":[{"name":"wp","href":"https:\/\/api.w.org\/{rel}","templated":true}]}}