{"id":54515,"date":"2017-05-29T22:10:56","date_gmt":"2017-05-30T01:10:56","guid":{"rendered":"http:\/\/www.fraterinternacional.org\/?p=54515\/"},"modified":"2017-05-29T22:14:54","modified_gmt":"2017-05-30T01:14:54","slug":"aborto-4-que-hay-que-hacer-para-cambiar-a-tiempo","status":"publish","type":"post","link":"https:\/\/www.fraterinternacional.org\/es\/aborto-4-que-hay-que-hacer-para-cambiar-a-tiempo\/","title":{"rendered":"Aborto 4 &#8211; \u00bfQu\u00e9 hay que hacer para cambiar a tiempo?"},"content":{"rendered":"<div style=\"width: 720px;\" class=\"wp-video\"><!--[if lt IE 9]><script>document.createElement('video');<\/script><![endif]-->\n<video class=\"wp-video-shortcode\" id=\"video-54515-1\" width=\"720\" height=\"100\" preload=\"metadata\" controls=\"controls\"><source type=\"video\/mp4\" src=\"http:\/\/www.fraterinternacional.org\/wp-content\/uploads\/2017\/05\/imp_-cur_-17_05_25_aborto-4_conversas_trigueirinho148_es.mp4?_=1\" \/><a href=\"http:\/\/www.fraterinternacional.org\/wp-content\/uploads\/2017\/05\/imp_-cur_-17_05_25_aborto-4_conversas_trigueirinho148_es.mp4\">http:\/\/www.fraterinternacional.org\/wp-content\/uploads\/2017\/05\/imp_-cur_-17_05_25_aborto-4_conversas_trigueirinho148_es.mp4<\/a><\/video><\/div>\n<p>&nbsp;<\/p>\n<p style=\"text-align: justify;\">En el audio Trigueirinho prosigue el camino de instrucci\u00f3n.<\/p>\n<p class=\"alignleft\" style=\"text-align: justify;\"><a href=\"http:\/\/www.fraterinternacional.org\/wp-content\/uploads\/2017\/05\/bebe_color.jpg\"><img decoding=\"async\" class=\"alignleft wp-image-54768 size-medium\" src=\"http:\/\/www.fraterinternacional.org\/wp-content\/uploads\/2017\/05\/bebe_color-300x169.jpg\" alt=\"\" width=\"300\" height=\"169\" srcset=\"https:\/\/www.fraterinternacional.org\/wp-content\/uploads\/2017\/05\/bebe_color-200x112.jpg 200w, https:\/\/www.fraterinternacional.org\/wp-content\/uploads\/2017\/05\/bebe_color-300x169.jpg 300w, https:\/\/www.fraterinternacional.org\/wp-content\/uploads\/2017\/05\/bebe_color-400x225.jpg 400w, https:\/\/www.fraterinternacional.org\/wp-content\/uploads\/2017\/05\/bebe_color-600x337.jpg 600w, https:\/\/www.fraterinternacional.org\/wp-content\/uploads\/2017\/05\/bebe_color.jpg 690w\" sizes=\"(max-width: 300px) 100vw, 300px\" \/><\/a><\/p>\n<p style=\"text-align: justify;\">De la perspectiva de los no-nacidos, la legalizaci\u00f3n del aborto es un duro golpe en la consciencia planetaria y en la de la Humanidad; un grave ultraje a las Leyes superiores de la Creaci\u00f3n. Esta decisi\u00f3n mal\u00e9fica abri\u00f3 grandes puertas inciertas, por donde entraron muchos otros intereses oscuros, y en poco tiempo una ola muy virulenta se infiltr\u00f3 y contagi\u00f3 a la consciencia humana. Lamentablemente, hoy el aborto oficial ya presenta una amplia expansi\u00f3n mundial. Un desastroso proceso evolutivo en la historia de esta civilizaci\u00f3n.<\/p>\n<p style=\"text-align: justify;\"><a href=\"http:\/\/www.divinamadre.org\/es\/mensaje-de-maria\/sabado-12-de-diciembre-de-2015\" target=\"_blank\" rel=\"noopener noreferrer\">Mar\u00eda nos advierte<\/a>: <em>Los valores sociales y los valores humanos decayeron much\u00edsimo, despu\u00e9s que esta naci\u00f3n, as\u00ed como otras,\u00a0 abri\u00f3 las puertas al aborto y a las drogas con una tendencia desmedida, que atrajo hasta ahora deudas espirituales impagables.<\/em><\/p>\n<p style=\"text-align: justify;\">Quien consigui\u00f3 acompa\u00f1ar hasta aqu\u00ed este ciclo de Estudios sobre el aborto, se puede preguntar, un tanto aturdido: \u00bfy ahora, qu\u00e9 hay que hacer para mudar todo eso que est\u00e1 ah\u00ed, solo aguardando el momento final para comenzar tambi\u00e9n\u00a0 a caerse? El Amor infinito de la Madre Universal, que observa los corazones de todos sus hijos, nos responde, con nuevos c\u00f3digos de Misericordia.<\/p>\n<p style=\"text-align: justify;\"><em>La indiferencia en esta humanidad, que es falta de servicio de los unos para con los otros, es causa de abandono de los pobres, de la marginalizaci\u00f3n de los que est\u00e1n presos, <a href=\"http:\/\/www.divinamadre.org\/es\/mensaje-de-maria\/martes-9-de-febrero-de-2016\" target=\"_blank\" rel=\"noopener noreferrer\">del dolor de los sometidos y de los abortos hechos<\/a> por las madres del mundo como una moda de estos tiempos. Todo eso es causa cruel de todas las guerras.<\/em><\/p>\n<p style=\"text-align: justify;\"><em>Para que el mundo tenga paz en su interior y se la merezca, el esfuerzo, el sacrificio y la renuncia a todo lo que siempre crey\u00f3 que estaba bien, deber\u00e1n ser muy grandes ante el Reino de Dios.<\/em><\/p>\n<p style=\"text-align: justify;\"><em>El Universo sabe que no todos tendr\u00e1n la consciencia lo suficientemente despierta para percibir qu\u00e9 es urgente cambiar dentro de s\u00ed. Por eso, queridos hijos, vendr\u00e1n los tiempos de purificaci\u00f3n del planeta, de los Reinos de la Naturaleza y de la humanidad.<\/em><\/p>\n<p style=\"text-align: justify;\"><em>El aviso ya fue entregado, y muy pocos en este mundo actual reconocen que <strong>es mejor cambiar a tiempo que<\/strong> <strong>cambiar en un profundo dolor<\/strong>, camino que la humanidad siempre escogi\u00f3.<\/em><\/p>\n<p style=\"text-align: justify;\"><strong><em>\u00bfC\u00f3mo lograr que el tiempo cambie?<\/em><\/strong><\/p>\n<p style=\"text-align: justify;\"><em>Sirvan, d\u00f3nense, entr\u00e9guense, no critiquen, no juzguen, no incomoden, no se mientan ni tampoco mientan a los dem\u00e1s, no transgredan las leyes b\u00e1sicas de la vida, sean generosos, sean pacientes, sean amorosos con los dem\u00e1s, sean pac\u00edficos y ayuden con alegr\u00eda, siempre y cuando los llamen a servir, as\u00ed percibir\u00e1n que no estar\u00e1n perdiendo el tiempo con otras cosas y que todo poco a poco se convertir\u00e1.<\/em><\/p>\n<p style=\"text-align: justify;\"><em>Es por eso, hijos M\u00edos, que el Universo promueve el servicio a trav\u00e9s de las misiones humanitarias para que todos perciban cu\u00e1nto se alejaron de servir al pr\u00f3jimo y de estar disponibles todos los d\u00edas para lo que sea necesario.<\/em><\/p>\n<p style=\"text-align: justify;\"><em><a href=\"http:\/\/www.fraterinternacional.org\/es\/misiones-humanitarias\/\" target=\"_blank\" rel=\"noopener noreferrer\">Las misiones humanitarias<\/a> son una forma de recordar el principio fundamental del apostolado de Cristo en estos tiempos. El servicio humanitario cura la indiferencia que los seres tienen por todo lo que los rodea. El servicio humanitario es una forma de equilibrar las faltas graves que hoy comete la humanidad.<\/em><\/p>\n<p style=\"text-align: justify;\"><em>Los cura, Vuestra Madre Mar\u00eda, Rosa de la Paz y Madre de los Refugiados.<\/em><\/p>\n<p style=\"text-align: justify;\"><div class=\"fusion-sep-clear\"><\/div><div class=\"fusion-separator fusion-full-width-sep\" style=\"margin-left: auto;margin-right: auto;margin-top:7px;margin-bottom:7px;width:100%;\"><div class=\"fusion-separator-border sep-shadow\" style=\"--awb-height:20px;--awb-amount:20px;background:radial-gradient(ellipse at 50% -50% , #e0dede 0px, rgba(255, 255, 255, 0) 80%) repeat scroll 0 0 rgba(0, 0, 0, 0);background:-webkit-radial-gradient(ellipse at 50% -50% , #e0dede 0px, rgba(255, 255, 255, 0) 80%) repeat scroll 0 0 rgba(0, 0, 0, 0);background:-moz-radial-gradient(ellipse at 50% -50% , #e0dede 0px, rgba(255, 255, 255, 0) 80%) repeat scroll 0 0 rgba(0, 0, 0, 0);background:-o-radial-gradient(ellipse at 50% -50% , #e0dede 0px, rgba(255, 255, 255, 0) 80%) repeat scroll 0 0 rgba(0, 0, 0, 0);\"><\/div><\/div><div class=\"fusion-sep-clear\"><\/div><\/p>\n<ul>\n<li style=\"text-align: center;\">Cierto profesor, de una escuela m\u00e9dica, queriendo probar a sus alumnos que fallido puede ser el<br \/>\nrazonamiento humano, usando el racionalismo puro, propuso a su clase la siguiente situaci\u00f3n:<\/li>\n<\/ul>\n<p style=\"text-align: justify;\"><em>Basados en las circunstancias que mencionar\u00e9 a continuaci\u00f3n: \u00bfqu\u00e9 consejo dar\u00edan a cierta se\u00f1ora, embarazada de su quinto hijo? El marido sufre de s\u00edfilis, ella de tuberculosis.\u00a0 Su primer hijo naci\u00f3 ciego. El segundo muri\u00f3. El tercero naci\u00f3 sordo, y el cuarto es tuberculoso. Ella est\u00e1 pensando seriamente en abortar el quinto embarazo. \u00bfQu\u00e9 camino la aconsejar\u00edan tomar?<\/em><\/p>\n<p style=\"text-align: justify;\">Con base en los datos presentados, la mayor\u00eda de los alumnos estuvo de acuerdo en que el aborto ser\u00eda la mejor alternativa. El profesor entonces dijo a los alumnos:<\/p>\n<p style=\"text-align: justify;\"><em>Si dijeran \u201cs\u00ed\u201d a la idea del aborto, acabar\u00edan de matar al\u00a0 gran compositor Ludwig van Beetohoven.<\/em><\/p>\n<p style=\"text-align: justify;\">(Extra\u00eddo de : <em>\u201c<strong>Be alert to spiritual danger<\/strong>\u201d, <strong>Institute in Basic Youth Conflicts<\/strong><\/em>)<\/p>\n<p style=\"text-align: justify;\"><div class=\"fusion-sep-clear\"><\/div><div class=\"fusion-separator fusion-full-width-sep\" style=\"margin-left: auto;margin-right: auto;margin-top:7px;margin-bottom:7px;width:100%;\"><div class=\"fusion-separator-border sep-shadow\" style=\"--awb-height:20px;--awb-amount:20px;background:radial-gradient(ellipse at 50% -50% , #e0dede 0px, rgba(255, 255, 255, 0) 80%) repeat scroll 0 0 rgba(0, 0, 0, 0);background:-webkit-radial-gradient(ellipse at 50% -50% , #e0dede 0px, rgba(255, 255, 255, 0) 80%) repeat scroll 0 0 rgba(0, 0, 0, 0);background:-moz-radial-gradient(ellipse at 50% -50% , #e0dede 0px, rgba(255, 255, 255, 0) 80%) repeat scroll 0 0 rgba(0, 0, 0, 0);background:-o-radial-gradient(ellipse at 50% -50% , #e0dede 0px, rgba(255, 255, 255, 0) 80%) repeat scroll 0 0 rgba(0, 0, 0, 0);\"><\/div><\/div><div class=\"fusion-sep-clear\"><\/div><\/p>\n<p class=\"alignleft\" style=\"text-align: justify;\"><em>Reparen Mi Coraz\u00f3n y as\u00ed Yo podr\u00e9 reparar el mundo, <a href=\"http:\/\/www.divinamadre.org\/pt-br\/mensaje-de-cristo-jesus\/domingo-4-de-setembro-de-2016\" target=\"_blank\" rel=\"noopener noreferrer\">especialmente los no-nacidos<\/a>, que necesitan de muchas oraciones. <\/em><\/p>\n<p class=\"alignleft\" style=\"text-align: justify;\"><strong>El tema del ABORTO deber\u00e1 proseguir.<\/strong><\/p>\n<p style=\"text-align: justify;\">\n","protected":false},"excerpt":{"rendered":"<p>&nbsp; En el audio Trigueirinho prosigue el camino de instrucci\u00f3n. De la perspectiva de los no-nacidos, la legalizaci\u00f3n del aborto [&hellip;]<\/p>\n","protected":false},"author":8,"featured_media":54767,"comment_status":"closed","ping_status":"closed","sticky":false,"template":"","format":"standard","meta":{"footnotes":""},"categories":[3237],"tags":[3240],"class_list":["post-54515","post","type-post","status-publish","format-standard","has-post-thumbnail","hentry","category-impulsos-para-la-semana","tag-cura-es"],"yoast_head":"<!-- This site is optimized with the Yoast SEO Premium plugin v21.0 (Yoast SEO v21.0) - https:\/\/yoast.com\/wordpress\/plugins\/seo\/ -->\n<title>Aborto 4 - \u00bfQu\u00e9 hay que hacer para cambiar a tiempo?<\/title>\n<meta name=\"description\" content=\"Quien consigui\u00f3 acompa\u00f1ar hasta aqu\u00ed este ciclo de Estudios sobre el aborto, se puede preguntar, un tanto aturdido: \u00bfy ahora, qu\u00e9 hay que hacer?\" \/>\n<meta name=\"robots\" content=\"index, follow, max-snippet:-1, max-image-preview:large, max-video-preview:-1\" \/>\n<link rel=\"canonical\" href=\"https:\/\/www.fraterinternacional.org\/es\/aborto-4-que-hay-que-hacer-para-cambiar-a-tiempo\/\" \/>\n<meta property=\"og:locale\" content=\"es_ES\" \/>\n<meta property=\"og:type\" content=\"article\" \/>\n<meta property=\"og:title\" content=\"Aborto 4 - \u00bfQu\u00e9 hay que hacer para cambiar a tiempo?\" \/>\n<meta property=\"og:description\" content=\"Quien consigui\u00f3 acompa\u00f1ar hasta aqu\u00ed este ciclo de Estudios sobre el aborto, se puede preguntar, un tanto aturdido: \u00bfy ahora, qu\u00e9 hay que hacer?\" \/>\n<meta property=\"og:url\" content=\"https:\/\/www.fraterinternacional.org\/es\/aborto-4-que-hay-que-hacer-para-cambiar-a-tiempo\/\" \/>\n<meta property=\"og:site_name\" content=\"Fraternidade - Federa\u00e7\u00e3o Humanit\u00e1ria Internacional\" \/>\n<meta property=\"article:publisher\" content=\"https:\/\/www.facebook.com\/fraternidadehumanitaria\" \/>\n<meta property=\"article:published_time\" content=\"2017-05-30T01:10:56+00:00\" \/>\n<meta property=\"article:modified_time\" content=\"2017-05-30T01:14:54+00:00\" \/>\n<meta property=\"og:image\" content=\"https:\/\/www.fraterinternacional.org\/wp-content\/uploads\/2017\/05\/bebe_colo.jpg\" \/>\n\t<meta property=\"og:image:width\" content=\"690\" \/>\n\t<meta property=\"og:image:height\" content=\"388\" \/>\n\t<meta property=\"og:image:type\" content=\"image\/jpeg\" \/>\n<meta name=\"author\" content=\"FFHI\" \/>\n<meta name=\"twitter:card\" content=\"summary_large_image\" \/>\n<meta name=\"twitter:creator\" content=\"@fraternidadeFHI\" \/>\n<meta name=\"twitter:site\" content=\"@fraternidadeFHI\" \/>\n<meta name=\"twitter:label1\" content=\"Escrito por\" \/>\n\t<meta name=\"twitter:data1\" content=\"FFHI\" \/>\n\t<meta name=\"twitter:label2\" content=\"Tiempo de lectura\" \/>\n\t<meta name=\"twitter:data2\" content=\"4 minutos\" \/>\n<script type=\"application\/ld+json\" class=\"yoast-schema-graph\">{\"@context\":\"https:\/\/schema.org\",\"@graph\":[{\"@type\":\"WebPage\",\"@id\":\"https:\/\/www.fraterinternacional.org\/es\/aborto-4-que-hay-que-hacer-para-cambiar-a-tiempo\/\",\"url\":\"https:\/\/www.fraterinternacional.org\/es\/aborto-4-que-hay-que-hacer-para-cambiar-a-tiempo\/\",\"name\":\"Aborto 4 - \u00bfQu\u00e9 hay que hacer para cambiar a tiempo?\",\"isPartOf\":{\"@id\":\"https:\/\/www.fraterinternacional.org\/es\/#website\"},\"datePublished\":\"2017-05-30T01:10:56+00:00\",\"dateModified\":\"2017-05-30T01:14:54+00:00\",\"author\":{\"@id\":\"https:\/\/www.fraterinternacional.org\/es\/#\/schema\/person\/8fd7058ced8aa6a1995cc0feee75819f\"},\"description\":\"Quien consigui\u00f3 acompa\u00f1ar hasta aqu\u00ed este ciclo de Estudios sobre el aborto, se puede preguntar, un tanto aturdido: \u00bfy ahora, qu\u00e9 hay que hacer?\",\"breadcrumb\":{\"@id\":\"https:\/\/www.fraterinternacional.org\/es\/aborto-4-que-hay-que-hacer-para-cambiar-a-tiempo\/#breadcrumb\"},\"inLanguage\":\"es\",\"potentialAction\":[{\"@type\":\"ReadAction\",\"target\":[\"https:\/\/www.fraterinternacional.org\/es\/aborto-4-que-hay-que-hacer-para-cambiar-a-tiempo\/\"]}]},{\"@type\":\"BreadcrumbList\",\"@id\":\"https:\/\/www.fraterinternacional.org\/es\/aborto-4-que-hay-que-hacer-para-cambiar-a-tiempo\/#breadcrumb\",\"itemListElement\":[{\"@type\":\"ListItem\",\"position\":1,\"name\":\"In\u00edcio\",\"item\":\"https:\/\/www.fraterinternacional.org\/es\/\"},{\"@type\":\"ListItem\",\"position\":2,\"name\":\"Aborto 4 &#8211; \u00bfQu\u00e9 hay que hacer para cambiar a tiempo?\"}]},{\"@type\":\"WebSite\",\"@id\":\"https:\/\/www.fraterinternacional.org\/es\/#website\",\"url\":\"https:\/\/www.fraterinternacional.org\/es\/\",\"name\":\"Fraternidade - Federa\u00e7\u00e3o Humanit\u00e1ria Internacional\",\"description\":\"Fraternidade - Federa\u00e7\u00e3o Humanit\u00e1ria Internacional\",\"potentialAction\":[{\"@type\":\"SearchAction\",\"target\":{\"@type\":\"EntryPoint\",\"urlTemplate\":\"https:\/\/www.fraterinternacional.org\/es\/?s={search_term_string}\"},\"query-input\":\"required name=search_term_string\"}],\"inLanguage\":\"es\"},{\"@type\":\"Person\",\"@id\":\"https:\/\/www.fraterinternacional.org\/es\/#\/schema\/person\/8fd7058ced8aa6a1995cc0feee75819f\",\"name\":\"FFHI\"}]}<\/script>\n<!-- \/ Yoast SEO Premium plugin. -->","yoast_head_json":{"title":"Aborto 4 - \u00bfQu\u00e9 hay que hacer para cambiar a tiempo?","description":"Quien consigui\u00f3 acompa\u00f1ar hasta aqu\u00ed este ciclo de Estudios sobre el aborto, se puede preguntar, un tanto aturdido: \u00bfy ahora, qu\u00e9 hay que hacer?","robots":{"index":"index","follow":"follow","max-snippet":"max-snippet:-1","max-image-preview":"max-image-preview:large","max-video-preview":"max-video-preview:-1"},"canonical":"https:\/\/www.fraterinternacional.org\/es\/aborto-4-que-hay-que-hacer-para-cambiar-a-tiempo\/","og_locale":"es_ES","og_type":"article","og_title":"Aborto 4 - \u00bfQu\u00e9 hay que hacer para cambiar a tiempo?","og_description":"Quien consigui\u00f3 acompa\u00f1ar hasta aqu\u00ed este ciclo de Estudios sobre el aborto, se puede preguntar, un tanto aturdido: \u00bfy ahora, qu\u00e9 hay que hacer?","og_url":"https:\/\/www.fraterinternacional.org\/es\/aborto-4-que-hay-que-hacer-para-cambiar-a-tiempo\/","og_site_name":"Fraternidade - Federa\u00e7\u00e3o Humanit\u00e1ria Internacional","article_publisher":"https:\/\/www.facebook.com\/fraternidadehumanitaria","article_published_time":"2017-05-30T01:10:56+00:00","article_modified_time":"2017-05-30T01:14:54+00:00","og_image":[{"width":690,"height":388,"url":"https:\/\/www.fraterinternacional.org\/wp-content\/uploads\/2017\/05\/bebe_colo.jpg","type":"image\/jpeg"}],"author":"FFHI","twitter_card":"summary_large_image","twitter_creator":"@fraternidadeFHI","twitter_site":"@fraternidadeFHI","twitter_misc":{"Escrito por":"FFHI","Tiempo de lectura":"4 minutos"},"schema":{"@context":"https:\/\/schema.org","@graph":[{"@type":"WebPage","@id":"https:\/\/www.fraterinternacional.org\/es\/aborto-4-que-hay-que-hacer-para-cambiar-a-tiempo\/","url":"https:\/\/www.fraterinternacional.org\/es\/aborto-4-que-hay-que-hacer-para-cambiar-a-tiempo\/","name":"Aborto 4 - \u00bfQu\u00e9 hay que hacer para cambiar a tiempo?","isPartOf":{"@id":"https:\/\/www.fraterinternacional.org\/es\/#website"},"datePublished":"2017-05-30T01:10:56+00:00","dateModified":"2017-05-30T01:14:54+00:00","author":{"@id":"https:\/\/www.fraterinternacional.org\/es\/#\/schema\/person\/8fd7058ced8aa6a1995cc0feee75819f"},"description":"Quien consigui\u00f3 acompa\u00f1ar hasta aqu\u00ed este ciclo de Estudios sobre el aborto, se puede preguntar, un tanto aturdido: \u00bfy ahora, qu\u00e9 hay que hacer?","breadcrumb":{"@id":"https:\/\/www.fraterinternacional.org\/es\/aborto-4-que-hay-que-hacer-para-cambiar-a-tiempo\/#breadcrumb"},"inLanguage":"es","potentialAction":[{"@type":"ReadAction","target":["https:\/\/www.fraterinternacional.org\/es\/aborto-4-que-hay-que-hacer-para-cambiar-a-tiempo\/"]}]},{"@type":"BreadcrumbList","@id":"https:\/\/www.fraterinternacional.org\/es\/aborto-4-que-hay-que-hacer-para-cambiar-a-tiempo\/#breadcrumb","itemListElement":[{"@type":"ListItem","position":1,"name":"In\u00edcio","item":"https:\/\/www.fraterinternacional.org\/es\/"},{"@type":"ListItem","position":2,"name":"Aborto 4 &#8211; \u00bfQu\u00e9 hay que hacer para cambiar a tiempo?"}]},{"@type":"WebSite","@id":"https:\/\/www.fraterinternacional.org\/es\/#website","url":"https:\/\/www.fraterinternacional.org\/es\/","name":"Fraternidade - Federa\u00e7\u00e3o Humanit\u00e1ria Internacional","description":"Fraternidade - Federa\u00e7\u00e3o Humanit\u00e1ria Internacional","potentialAction":[{"@type":"SearchAction","target":{"@type":"EntryPoint","urlTemplate":"https:\/\/www.fraterinternacional.org\/es\/?s={search_term_string}"},"query-input":"required name=search_term_string"}],"inLanguage":"es"},{"@type":"Person","@id":"https:\/\/www.fraterinternacional.org\/es\/#\/schema\/person\/8fd7058ced8aa6a1995cc0feee75819f","name":"FFHI"}]}},"_links":{"self":[{"href":"https:\/\/www.fraterinternacional.org\/es\/wp-json\/wp\/v2\/posts\/54515"}],"collection":[{"href":"https:\/\/www.fraterinternacional.org\/es\/wp-json\/wp\/v2\/posts"}],"about":[{"href":"https:\/\/www.fraterinternacional.org\/es\/wp-json\/wp\/v2\/types\/post"}],"author":[{"embeddable":true,"href":"https:\/\/www.fraterinternacional.org\/es\/wp-json\/wp\/v2\/users\/8"}],"replies":[{"embeddable":true,"href":"https:\/\/www.fraterinternacional.org\/es\/wp-json\/wp\/v2\/comments?post=54515"}],"version-history":[{"count":0,"href":"https:\/\/www.fraterinternacional.org\/es\/wp-json\/wp\/v2\/posts\/54515\/revisions"}],"wp:featuredmedia":[{"embeddable":true,"href":"https:\/\/www.fraterinternacional.org\/es\/wp-json\/wp\/v2\/media\/54767"}],"wp:attachment":[{"href":"https:\/\/www.fraterinternacional.org\/es\/wp-json\/wp\/v2\/media?parent=54515"}],"wp:term":[{"taxonomy":"category","embeddable":true,"href":"https:\/\/www.fraterinternacional.org\/es\/wp-json\/wp\/v2\/categories?post=54515"},{"taxonomy":"post_tag","embeddable":true,"href":"https:\/\/www.fraterinternacional.org\/es\/wp-json\/wp\/v2\/tags?post=54515"}],"curies":[{"name":"wp","href":"https:\/\/api.w.org\/{rel}","templated":true}]}}