{"id":54431,"date":"2017-05-27T21:56:39","date_gmt":"2017-05-28T00:56:39","guid":{"rendered":"http:\/\/www.fraterinternacional.org\/?p=54431\/"},"modified":"2017-05-27T21:58:26","modified_gmt":"2017-05-28T00:58:26","slug":"relatos-red-luz-comunidad-morrinhos-iv-guaruja-dio-su-si","status":"publish","type":"post","link":"https:\/\/www.fraterinternacional.org\/es\/relatos-red-luz-comunidad-morrinhos-iv-guaruja-dio-su-si\/","title":{"rendered":"Relatos Red-Luz &#8211; Comunidad de Morrinhos IV, en Guaruj\u00e1, dio su \u201cSI\u201d"},"content":{"rendered":"<p class=\"p1\" style=\"text-align: justify;\"><strong><i>Relatos de la Red-Luz textos enviados por miembros colaboradores de los grupos de servicio.<\/i><\/strong><\/p>\n<p style=\"text-align: justify;\">Este mi\u00e9rcoles, 17, salimos a prestar servicio en la comunidad de Morrinhos IV, en Guaruj\u00e1, San Pablo, Brasil, a realizar la tarea que acostumbramos hacer semanalmente, pero que en el d\u00eda de hoy se dio de manera diferente.<\/p>\n<p class=\"p1\" style=\"text-align: justify;\"><a href=\"http:\/\/www.fraterinternacional.org\/wp-content\/uploads\/2017\/05\/nossa_senhora_fatima_guaruja_1.jpg\"><img decoding=\"async\" class=\"alignleft size-medium wp-image-54063\" src=\"http:\/\/www.fraterinternacional.org\/wp-content\/uploads\/2017\/05\/nossa_senhora_fatima_guaruja_1-300x169.jpg\" alt=\"\" width=\"300\" height=\"169\" srcset=\"https:\/\/www.fraterinternacional.org\/wp-content\/uploads\/2017\/05\/nossa_senhora_fatima_guaruja_1-200x112.jpg 200w, https:\/\/www.fraterinternacional.org\/wp-content\/uploads\/2017\/05\/nossa_senhora_fatima_guaruja_1-300x169.jpg 300w, https:\/\/www.fraterinternacional.org\/wp-content\/uploads\/2017\/05\/nossa_senhora_fatima_guaruja_1-400x225.jpg 400w, https:\/\/www.fraterinternacional.org\/wp-content\/uploads\/2017\/05\/nossa_senhora_fatima_guaruja_1-600x337.jpg 600w, https:\/\/www.fraterinternacional.org\/wp-content\/uploads\/2017\/05\/nossa_senhora_fatima_guaruja_1.jpg 690w\" sizes=\"(max-width: 300px) 100vw, 300px\" \/><\/a><\/p>\n<p style=\"text-align: justify;\">Est\u00e1bamos unidos al Centenario de las Apariciones en F\u00e1tima, Portugal, e imbuidos del esp\u00edritu de uno de los principales aspectos del Mensaje de F\u00e1tima: \u201cofrecer al mundo un horizonte de esperanza: la certeza de la Presencia de Dios, sembrando el amor, la paz y la oraci\u00f3n\u201d.<\/p>\n<p style=\"text-align: justify;\">Antes de continuar, realizo aqu\u00ed una observaci\u00f3n, para destacar un hecho: el a\u00f1o pasado llevamos una donaci\u00f3n a San Pablo que iba destinada a la <a href=\"http:\/\/www.comunidadefigueira.org.br\/esp\/\" target=\"_blank\" rel=\"noopener noreferrer\">Comunidad-Luz de Figueira<\/a>. Al descargar el carro y comprobando que la Ley de la Necesidad existe (ver el <a href=\"http:\/\/www.irdin.org.br\/site\/produto\/glossario-esoterico\/\" target=\"_blank\" rel=\"noopener noreferrer\">L\u00e9xico Esot\u00e9rico<\/a>, p\u00e1ginas 236 y 237), tuvimos la feliz sorpresa de recibir otra donaci\u00f3n para nuestros hermanos de Morrinhos IV y junto con esta donaci\u00f3n, una imagen de Nuestra Se\u00f1ora del Rosario de F\u00e1tima, que trajimos con mucho celo. En aquella ocasi\u00f3n, sab\u00edamos internamente que la imagen no ser\u00eda del grupo, pero no ten\u00edamos claro para qui\u00e9n donarla. Como celadores de la imagen, la llevamos a la Aparici\u00f3n de Nuestra Se\u00f1ora en Campinas, en el 2016, en donde fue consagrada y permaneci\u00f3 bajo los cuidados del grupo, hasta el momento.<\/p>\n<p class=\"p1\" style=\"text-align: justify;\"><a href=\"http:\/\/www.fraterinternacional.org\/wp-content\/uploads\/2017\/05\/nossa_senhora_fatima_guaruja_2.jpg\"><img decoding=\"async\" class=\"alignright size-medium wp-image-54067\" src=\"http:\/\/www.fraterinternacional.org\/wp-content\/uploads\/2017\/05\/nossa_senhora_fatima_guaruja_2-300x169.jpg\" alt=\"\" width=\"300\" height=\"169\" srcset=\"https:\/\/www.fraterinternacional.org\/wp-content\/uploads\/2017\/05\/nossa_senhora_fatima_guaruja_2-200x112.jpg 200w, https:\/\/www.fraterinternacional.org\/wp-content\/uploads\/2017\/05\/nossa_senhora_fatima_guaruja_2-300x169.jpg 300w, https:\/\/www.fraterinternacional.org\/wp-content\/uploads\/2017\/05\/nossa_senhora_fatima_guaruja_2-400x225.jpg 400w, https:\/\/www.fraterinternacional.org\/wp-content\/uploads\/2017\/05\/nossa_senhora_fatima_guaruja_2-600x337.jpg 600w, https:\/\/www.fraterinternacional.org\/wp-content\/uploads\/2017\/05\/nossa_senhora_fatima_guaruja_2.jpg 690w\" sizes=\"(max-width: 300px) 100vw, 300px\" \/><\/a><\/p>\n<p style=\"text-align: justify;\">Aquel mi\u00e9rcoles, como de costumbre, realizamos toda la distribuci\u00f3n de alimentos en la comunidad, y al final decidimos ofrecerles la imagen de Nuestra Se\u00f1ora, quedando bajo el cuidado de la se\u00f1ora Rosangela, que dio su \u201cSI\u201d tan r\u00e1pido, que nos colm\u00f3 de alegr\u00eda.<\/p>\n<p style=\"text-align: justify;\">Los miembros de la comunidad acordaron entre s\u00ed que la imagen ser\u00eda peregrina, que comenzar\u00edan esta peregrinaci\u00f3n en la propia comunidad, entre las familias y que nos dar\u00edan noticias de los resultados de las ofertas de novenas y dem\u00e1s oraciones que realizar\u00edan.<\/p>\n<p style=\"text-align: justify;\">Sentimos que un nuevo ciclo est\u00e1 abri\u00e9ndose. Y como dijo Jes\u00fas: \u201cNo solo de pan vive el hombre\u201d (Mateo, 4:4). Estamos seguros de que ese sagrado centenario y toda la sinton\u00eda grupal con la fuente del Reino de Lys, traer\u00e1 una profundizaci\u00f3n en las actividades de servicio del grupo <a href=\"http:\/\/www.fraterinternacional.org\/es\/red-luz\/\">Red-Luz<\/a> Guaruj\u00e1 y Luz y Paz para la comunidad.<\/p>\n<p class=\"p1\" style=\"text-align: justify;\"><a href=\"http:\/\/www.fraterinternacional.org\/wp-content\/uploads\/2017\/05\/nossa_senhora_fatima_guaruja_3.jpg\"><img decoding=\"async\" class=\"aligncenter size-medium wp-image-54070\" src=\"http:\/\/www.fraterinternacional.org\/wp-content\/uploads\/2017\/05\/nossa_senhora_fatima_guaruja_3-300x169.jpg\" alt=\"\" width=\"300\" height=\"169\" srcset=\"https:\/\/www.fraterinternacional.org\/wp-content\/uploads\/2017\/05\/nossa_senhora_fatima_guaruja_3-200x112.jpg 200w, https:\/\/www.fraterinternacional.org\/wp-content\/uploads\/2017\/05\/nossa_senhora_fatima_guaruja_3-300x169.jpg 300w, https:\/\/www.fraterinternacional.org\/wp-content\/uploads\/2017\/05\/nossa_senhora_fatima_guaruja_3-400x225.jpg 400w, https:\/\/www.fraterinternacional.org\/wp-content\/uploads\/2017\/05\/nossa_senhora_fatima_guaruja_3-600x337.jpg 600w, https:\/\/www.fraterinternacional.org\/wp-content\/uploads\/2017\/05\/nossa_senhora_fatima_guaruja_3.jpg 690w\" sizes=\"(max-width: 300px) 100vw, 300px\" \/><\/a><\/p>\n","protected":false},"excerpt":{"rendered":"<p>Relatos de la Red-Luz textos enviados por miembros colaboradores de los grupos de servicio. Este mi\u00e9rcoles, 17, salimos a prestar [&hellip;]<\/p>\n","protected":false},"author":11,"featured_media":54065,"comment_status":"closed","ping_status":"closed","sticky":false,"template":"","format":"standard","meta":{"footnotes":""},"categories":[173,120],"tags":[97],"class_list":["post-54431","post","type-post","status-publish","format-standard","has-post-thumbnail","hentry","category-noticia","category-red-luz-es","tag-servicio-humanitario-es"],"yoast_head":"<!-- This site is optimized with the Yoast SEO Premium plugin v21.0 (Yoast SEO v21.0) - https:\/\/yoast.com\/wordpress\/plugins\/seo\/ -->\n<title>Relatos Red-Luz - Comunidad de Morrinhos IV, en Guaruj\u00e1, dio su \u201cSI\u201d<\/title>\n<meta name=\"description\" content=\"Imagen de F\u00e1tima, consagrada en la Aparici\u00f3n en Campinas, San Pablo, Brasil, har\u00e1 peregrinaci\u00f3n en la comunidad de Morrinhos IV, en Guaruj\u00e1.\" \/>\n<meta name=\"robots\" content=\"index, follow, max-snippet:-1, max-image-preview:large, max-video-preview:-1\" \/>\n<link rel=\"canonical\" href=\"https:\/\/www.fraterinternacional.org\/es\/relatos-red-luz-comunidad-morrinhos-iv-guaruja-dio-su-si\/\" \/>\n<meta property=\"og:locale\" content=\"es_ES\" \/>\n<meta property=\"og:type\" content=\"article\" \/>\n<meta property=\"og:title\" content=\"Relatos Red-Luz - Comunidad de Morrinhos IV, en Guaruj\u00e1, dio su \u201cSI\u201d\" \/>\n<meta property=\"og:description\" content=\"Imagen de F\u00e1tima, consagrada en la Aparici\u00f3n en Campinas, San Pablo, Brasil, har\u00e1 peregrinaci\u00f3n en la comunidad de Morrinhos IV, en Guaruj\u00e1.\" \/>\n<meta property=\"og:url\" content=\"https:\/\/www.fraterinternacional.org\/es\/relatos-red-luz-comunidad-morrinhos-iv-guaruja-dio-su-si\/\" \/>\n<meta property=\"og:site_name\" content=\"Fraternidade - Federa\u00e7\u00e3o Humanit\u00e1ria Internacional\" \/>\n<meta property=\"article:publisher\" content=\"https:\/\/www.facebook.com\/fraternidadehumanitaria\" \/>\n<meta property=\"article:published_time\" content=\"2017-05-28T00:56:39+00:00\" \/>\n<meta property=\"article:modified_time\" content=\"2017-05-28T00:58:26+00:00\" \/>\n<meta property=\"og:image\" content=\"https:\/\/www.fraterinternacional.org\/wp-content\/uploads\/2017\/05\/nossa_senhora_fatima_guaruja_1.jpg\" \/>\n\t<meta property=\"og:image:width\" content=\"690\" \/>\n\t<meta property=\"og:image:height\" content=\"388\" \/>\n\t<meta property=\"og:image:type\" content=\"image\/jpeg\" \/>\n<meta name=\"author\" content=\"Nelson Frater\" \/>\n<meta name=\"twitter:card\" content=\"summary_large_image\" \/>\n<meta name=\"twitter:creator\" content=\"@fraternidadeFHI\" \/>\n<meta name=\"twitter:site\" content=\"@fraternidadeFHI\" \/>\n<meta name=\"twitter:label1\" content=\"Escrito por\" \/>\n\t<meta name=\"twitter:data1\" content=\"Nelson Frater\" \/>\n\t<meta name=\"twitter:label2\" content=\"Tiempo de lectura\" \/>\n\t<meta name=\"twitter:data2\" content=\"2 minutos\" \/>\n<script type=\"application\/ld+json\" class=\"yoast-schema-graph\">{\"@context\":\"https:\/\/schema.org\",\"@graph\":[{\"@type\":\"WebPage\",\"@id\":\"https:\/\/www.fraterinternacional.org\/es\/relatos-red-luz-comunidad-morrinhos-iv-guaruja-dio-su-si\/\",\"url\":\"https:\/\/www.fraterinternacional.org\/es\/relatos-red-luz-comunidad-morrinhos-iv-guaruja-dio-su-si\/\",\"name\":\"Relatos Red-Luz - Comunidad de Morrinhos IV, en Guaruj\u00e1, dio su \u201cSI\u201d\",\"isPartOf\":{\"@id\":\"https:\/\/www.fraterinternacional.org\/es\/#website\"},\"datePublished\":\"2017-05-28T00:56:39+00:00\",\"dateModified\":\"2017-05-28T00:58:26+00:00\",\"author\":{\"@id\":\"https:\/\/www.fraterinternacional.org\/es\/#\/schema\/person\/facd24ae5f7e6b4ee1aeec7ad1b960ae\"},\"description\":\"Imagen de F\u00e1tima, consagrada en la Aparici\u00f3n en Campinas, San Pablo, Brasil, har\u00e1 peregrinaci\u00f3n en la comunidad de Morrinhos IV, en Guaruj\u00e1.\",\"breadcrumb\":{\"@id\":\"https:\/\/www.fraterinternacional.org\/es\/relatos-red-luz-comunidad-morrinhos-iv-guaruja-dio-su-si\/#breadcrumb\"},\"inLanguage\":\"es\",\"potentialAction\":[{\"@type\":\"ReadAction\",\"target\":[\"https:\/\/www.fraterinternacional.org\/es\/relatos-red-luz-comunidad-morrinhos-iv-guaruja-dio-su-si\/\"]}]},{\"@type\":\"BreadcrumbList\",\"@id\":\"https:\/\/www.fraterinternacional.org\/es\/relatos-red-luz-comunidad-morrinhos-iv-guaruja-dio-su-si\/#breadcrumb\",\"itemListElement\":[{\"@type\":\"ListItem\",\"position\":1,\"name\":\"In\u00edcio\",\"item\":\"https:\/\/www.fraterinternacional.org\/es\/\"},{\"@type\":\"ListItem\",\"position\":2,\"name\":\"Relatos Red-Luz &#8211; Comunidad de Morrinhos IV, en Guaruj\u00e1, dio su \u201cSI\u201d\"}]},{\"@type\":\"WebSite\",\"@id\":\"https:\/\/www.fraterinternacional.org\/es\/#website\",\"url\":\"https:\/\/www.fraterinternacional.org\/es\/\",\"name\":\"Fraternidade - Federa\u00e7\u00e3o Humanit\u00e1ria Internacional\",\"description\":\"Fraternidade - Federa\u00e7\u00e3o Humanit\u00e1ria Internacional\",\"potentialAction\":[{\"@type\":\"SearchAction\",\"target\":{\"@type\":\"EntryPoint\",\"urlTemplate\":\"https:\/\/www.fraterinternacional.org\/es\/?s={search_term_string}\"},\"query-input\":\"required name=search_term_string\"}],\"inLanguage\":\"es\"},{\"@type\":\"Person\",\"@id\":\"https:\/\/www.fraterinternacional.org\/es\/#\/schema\/person\/facd24ae5f7e6b4ee1aeec7ad1b960ae\",\"name\":\"Nelson Frater\"}]}<\/script>\n<!-- \/ Yoast SEO Premium plugin. -->","yoast_head_json":{"title":"Relatos Red-Luz - Comunidad de Morrinhos IV, en Guaruj\u00e1, dio su \u201cSI\u201d","description":"Imagen de F\u00e1tima, consagrada en la Aparici\u00f3n en Campinas, San Pablo, Brasil, har\u00e1 peregrinaci\u00f3n en la comunidad de Morrinhos IV, en Guaruj\u00e1.","robots":{"index":"index","follow":"follow","max-snippet":"max-snippet:-1","max-image-preview":"max-image-preview:large","max-video-preview":"max-video-preview:-1"},"canonical":"https:\/\/www.fraterinternacional.org\/es\/relatos-red-luz-comunidad-morrinhos-iv-guaruja-dio-su-si\/","og_locale":"es_ES","og_type":"article","og_title":"Relatos Red-Luz - Comunidad de Morrinhos IV, en Guaruj\u00e1, dio su \u201cSI\u201d","og_description":"Imagen de F\u00e1tima, consagrada en la Aparici\u00f3n en Campinas, San Pablo, Brasil, har\u00e1 peregrinaci\u00f3n en la comunidad de Morrinhos IV, en Guaruj\u00e1.","og_url":"https:\/\/www.fraterinternacional.org\/es\/relatos-red-luz-comunidad-morrinhos-iv-guaruja-dio-su-si\/","og_site_name":"Fraternidade - Federa\u00e7\u00e3o Humanit\u00e1ria Internacional","article_publisher":"https:\/\/www.facebook.com\/fraternidadehumanitaria","article_published_time":"2017-05-28T00:56:39+00:00","article_modified_time":"2017-05-28T00:58:26+00:00","og_image":[{"width":"690","height":"388","url":"https:\/\/www.fraterinternacional.org\/wp-content\/uploads\/2017\/05\/nossa_senhora_fatima_guaruja_1.jpg","type":"image\/jpeg"}],"author":"Nelson Frater","twitter_card":"summary_large_image","twitter_creator":"@fraternidadeFHI","twitter_site":"@fraternidadeFHI","twitter_misc":{"Escrito por":"Nelson Frater","Tiempo de lectura":"2 minutos"},"schema":{"@context":"https:\/\/schema.org","@graph":[{"@type":"WebPage","@id":"https:\/\/www.fraterinternacional.org\/es\/relatos-red-luz-comunidad-morrinhos-iv-guaruja-dio-su-si\/","url":"https:\/\/www.fraterinternacional.org\/es\/relatos-red-luz-comunidad-morrinhos-iv-guaruja-dio-su-si\/","name":"Relatos Red-Luz - Comunidad de Morrinhos IV, en Guaruj\u00e1, dio su \u201cSI\u201d","isPartOf":{"@id":"https:\/\/www.fraterinternacional.org\/es\/#website"},"datePublished":"2017-05-28T00:56:39+00:00","dateModified":"2017-05-28T00:58:26+00:00","author":{"@id":"https:\/\/www.fraterinternacional.org\/es\/#\/schema\/person\/facd24ae5f7e6b4ee1aeec7ad1b960ae"},"description":"Imagen de F\u00e1tima, consagrada en la Aparici\u00f3n en Campinas, San Pablo, Brasil, har\u00e1 peregrinaci\u00f3n en la comunidad de Morrinhos IV, en Guaruj\u00e1.","breadcrumb":{"@id":"https:\/\/www.fraterinternacional.org\/es\/relatos-red-luz-comunidad-morrinhos-iv-guaruja-dio-su-si\/#breadcrumb"},"inLanguage":"es","potentialAction":[{"@type":"ReadAction","target":["https:\/\/www.fraterinternacional.org\/es\/relatos-red-luz-comunidad-morrinhos-iv-guaruja-dio-su-si\/"]}]},{"@type":"BreadcrumbList","@id":"https:\/\/www.fraterinternacional.org\/es\/relatos-red-luz-comunidad-morrinhos-iv-guaruja-dio-su-si\/#breadcrumb","itemListElement":[{"@type":"ListItem","position":1,"name":"In\u00edcio","item":"https:\/\/www.fraterinternacional.org\/es\/"},{"@type":"ListItem","position":2,"name":"Relatos Red-Luz &#8211; Comunidad de Morrinhos IV, en Guaruj\u00e1, dio su \u201cSI\u201d"}]},{"@type":"WebSite","@id":"https:\/\/www.fraterinternacional.org\/es\/#website","url":"https:\/\/www.fraterinternacional.org\/es\/","name":"Fraternidade - Federa\u00e7\u00e3o Humanit\u00e1ria Internacional","description":"Fraternidade - Federa\u00e7\u00e3o Humanit\u00e1ria Internacional","potentialAction":[{"@type":"SearchAction","target":{"@type":"EntryPoint","urlTemplate":"https:\/\/www.fraterinternacional.org\/es\/?s={search_term_string}"},"query-input":"required name=search_term_string"}],"inLanguage":"es"},{"@type":"Person","@id":"https:\/\/www.fraterinternacional.org\/es\/#\/schema\/person\/facd24ae5f7e6b4ee1aeec7ad1b960ae","name":"Nelson Frater"}]}},"_links":{"self":[{"href":"https:\/\/www.fraterinternacional.org\/es\/wp-json\/wp\/v2\/posts\/54431"}],"collection":[{"href":"https:\/\/www.fraterinternacional.org\/es\/wp-json\/wp\/v2\/posts"}],"about":[{"href":"https:\/\/www.fraterinternacional.org\/es\/wp-json\/wp\/v2\/types\/post"}],"author":[{"embeddable":true,"href":"https:\/\/www.fraterinternacional.org\/es\/wp-json\/wp\/v2\/users\/11"}],"replies":[{"embeddable":true,"href":"https:\/\/www.fraterinternacional.org\/es\/wp-json\/wp\/v2\/comments?post=54431"}],"version-history":[{"count":0,"href":"https:\/\/www.fraterinternacional.org\/es\/wp-json\/wp\/v2\/posts\/54431\/revisions"}],"wp:featuredmedia":[{"embeddable":true,"href":"https:\/\/www.fraterinternacional.org\/es\/wp-json\/wp\/v2\/media\/54065"}],"wp:attachment":[{"href":"https:\/\/www.fraterinternacional.org\/es\/wp-json\/wp\/v2\/media?parent=54431"}],"wp:term":[{"taxonomy":"category","embeddable":true,"href":"https:\/\/www.fraterinternacional.org\/es\/wp-json\/wp\/v2\/categories?post=54431"},{"taxonomy":"post_tag","embeddable":true,"href":"https:\/\/www.fraterinternacional.org\/es\/wp-json\/wp\/v2\/tags?post=54431"}],"curies":[{"name":"wp","href":"https:\/\/api.w.org\/{rel}","templated":true}]}}