{"id":54168,"date":"2017-05-24T14:06:13","date_gmt":"2017-05-24T17:06:13","guid":{"rendered":"http:\/\/www.fraterinternacional.org\/?p=54168\/"},"modified":"2017-05-25T18:12:19","modified_gmt":"2017-05-25T21:12:19","slug":"red-luz-uniendo-corazones-servidores","status":"publish","type":"post","link":"https:\/\/www.fraterinternacional.org\/es\/red-luz-uniendo-corazones-servidores\/","title":{"rendered":"Red-Luz, Uniendo Corazones Servidores"},"content":{"rendered":"<p class=\"p1\" style=\"text-align: justify;\">El \u00faltimo jueves, 11 de mayo, el grupo de la <a href=\"http:\/\/www.fraterinternacional.org\/es\/red-luz\/\">Red-Luz<\/a> Guaruj\u00e1, representando a la Fraternidade \u2013 Federaci\u00f3n Humanitaria Internacional fue convocado por una de las Terminales Portuarias de la ciudad de Santos, San Pablo, Brasil, para recibir una donaci\u00f3n m\u00e1s del rubro alimenticio. Esas donaciones de alimentos, llamados \u201csaldo de muestras\u201d, forman parte del programa del Ministerio de Agricultura que encamina esos alimentos a entidades filantr\u00f3picas.<\/p>\n<p style=\"text-align: justify;\"><a href=\"http:\/\/www.fraterinternacional.org\/wp-content\/uploads\/2017\/05\/doacao_rede_luz_sp_comunidade_carapicuiba_1.jpg\"><img decoding=\"async\" class=\"alignleft size-medium wp-image-54094\" src=\"http:\/\/www.fraterinternacional.org\/wp-content\/uploads\/2017\/05\/doacao_rede_luz_sp_comunidade_carapicuiba_1-300x169.jpg\" alt=\"\" width=\"300\" height=\"169\" srcset=\"https:\/\/www.fraterinternacional.org\/wp-content\/uploads\/2017\/05\/doacao_rede_luz_sp_comunidade_carapicuiba_1-200x112.jpg 200w, https:\/\/www.fraterinternacional.org\/wp-content\/uploads\/2017\/05\/doacao_rede_luz_sp_comunidade_carapicuiba_1-300x169.jpg 300w, https:\/\/www.fraterinternacional.org\/wp-content\/uploads\/2017\/05\/doacao_rede_luz_sp_comunidade_carapicuiba_1-400x225.jpg 400w, https:\/\/www.fraterinternacional.org\/wp-content\/uploads\/2017\/05\/doacao_rede_luz_sp_comunidade_carapicuiba_1-600x337.jpg 600w, https:\/\/www.fraterinternacional.org\/wp-content\/uploads\/2017\/05\/doacao_rede_luz_sp_comunidade_carapicuiba_1.jpg 690w\" sizes=\"(max-width: 300px) 100vw, 300px\" \/><\/a><strong>Comunidad de Carapicu\u00edba<br \/>\n<\/strong>Esta vez el grupo de la Red-Luz Guaruj\u00e1 se uni\u00f3 al grupo de la Red de Servicio de la Sagrada Casa de Mar\u00eda, Madre Paulista, que desde el a\u00f1o 2012 realiza regularmente, todos los jueves, actividades l\u00fadicas, educativas y servicios sociales en la Comunidad de Carapicu\u00edba, ubicada en la regi\u00f3n metropolitana de San Pablo.<\/p>\n<p class=\"p1\" style=\"text-align: justify;\">En las actividades de servicio que se desarrollaron el 18 de mayo en el sal\u00f3n Comunitario de la Iglesia de San Miguel, en Carapicu\u00edba, 30 ni\u00f1os participaron de distintas actividades y juegos. Adem\u00e1s de los representantes del grupo de Servicio de la Sagrada Casa de Mar\u00eda, Madre Paulista, estuvieron presentes voluntarios, colaboradores, representantes de grupos de la Red-Luz de las ciudades de Santo Andr\u00e9 y San Bernardo y miembros del grupo de Salud y Cura.<\/p>\n<p class=\"p1\" style=\"text-align: justify;\"><strong><a href=\"http:\/\/www.fraterinternacional.org\/wp-content\/uploads\/2017\/05\/doacao_rede_luz_sp_ministerio_agricultura2.jpg\"><img decoding=\"async\" class=\"alignright size-medium wp-image-54109\" src=\"http:\/\/www.fraterinternacional.org\/wp-content\/uploads\/2017\/05\/doacao_rede_luz_sp_ministerio_agricultura2-300x169.jpg\" alt=\"\" width=\"300\" height=\"169\" srcset=\"https:\/\/www.fraterinternacional.org\/wp-content\/uploads\/2017\/05\/doacao_rede_luz_sp_ministerio_agricultura2-200x112.jpg 200w, https:\/\/www.fraterinternacional.org\/wp-content\/uploads\/2017\/05\/doacao_rede_luz_sp_ministerio_agricultura2-300x169.jpg 300w, https:\/\/www.fraterinternacional.org\/wp-content\/uploads\/2017\/05\/doacao_rede_luz_sp_ministerio_agricultura2-400x225.jpg 400w, https:\/\/www.fraterinternacional.org\/wp-content\/uploads\/2017\/05\/doacao_rede_luz_sp_ministerio_agricultura2-600x337.jpg 600w, https:\/\/www.fraterinternacional.org\/wp-content\/uploads\/2017\/05\/doacao_rede_luz_sp_ministerio_agricultura2.jpg 690w\" sizes=\"(max-width: 300px) 100vw, 300px\" \/><\/a>Donaciones del Ministerio de Agricultura de Brasil<br \/>\n<\/strong>Los alimentos recibidos por el grupo de la Red-Luz Guaruj\u00e1, a trav\u00e9s del programa del Ministerio de Agricultura, fueron donados en tres d\u00edas diferentes:<br \/>\n&#8211; D\u00eda 13 de mayo, todos los \u00edtems del T\u00e9rmino con fecha 11 de mayo, excepto las cebollas y los ajos, que se destinaron a la Sagrada Casa de Mar\u00eda, Madre Paulista, afiliada a la <strong>Fraternidade \u2013 Federaci\u00f3n Humanitaria Internacional<\/strong>.<br \/>\n&#8211; Los 220 kilos de rubros alimenticios fueron donados el 17 de mayo en la Comunidad de Morrinhos, en la ciudad de Guaruj\u00e1, San Pablo, y el 18 de mayo, en la Comunidad de Carapicu\u00edba.<\/p>\n<p class=\"p1\" style=\"text-align: justify;\"><a href=\"http:\/\/www.fraterinternacional.org\/wp-content\/uploads\/2017\/05\/doacao_rede_luz_sp_ministerio_agricultura1.jpg\"><img decoding=\"async\" class=\"alignleft size-medium wp-image-54106\" src=\"http:\/\/www.fraterinternacional.org\/wp-content\/uploads\/2017\/05\/doacao_rede_luz_sp_ministerio_agricultura1-300x169.jpg\" alt=\"\" width=\"300\" height=\"169\" srcset=\"https:\/\/www.fraterinternacional.org\/wp-content\/uploads\/2017\/05\/doacao_rede_luz_sp_ministerio_agricultura1-200x112.jpg 200w, https:\/\/www.fraterinternacional.org\/wp-content\/uploads\/2017\/05\/doacao_rede_luz_sp_ministerio_agricultura1-300x169.jpg 300w, https:\/\/www.fraterinternacional.org\/wp-content\/uploads\/2017\/05\/doacao_rede_luz_sp_ministerio_agricultura1-400x225.jpg 400w, https:\/\/www.fraterinternacional.org\/wp-content\/uploads\/2017\/05\/doacao_rede_luz_sp_ministerio_agricultura1-600x337.jpg 600w, https:\/\/www.fraterinternacional.org\/wp-content\/uploads\/2017\/05\/doacao_rede_luz_sp_ministerio_agricultura1.jpg 690w\" sizes=\"(max-width: 300px) 100vw, 300px\" \/><\/a><\/p>\n<p class=\"p1\" style=\"text-align: justify;\">Esta iniciativa grupal promovi\u00f3 una alegr\u00eda entre grupos y uni\u00f3 los corazones servidores.<\/p>\n<p class=\"p1\" style=\"text-align: justify;\">San Jos\u00e9 nos instruy\u00f3 en el mensaje del d\u00eda 15\/10\/15:<br \/>\n<em>\u201c[\u2026] La alegr\u00eda debe estar como esencia en todo lo que hacen: la alegr\u00eda del silencio, la alegr\u00eda de la transformaci\u00f3n, la alegr\u00eda del sacrificio, la alegr\u00eda de la correcci\u00f3n, la alegr\u00eda de orar, la alegr\u00eda de servir, la alegr\u00eda de ser parte viva del Plan de Dios. Si esta alegr\u00eda estuviera viva en el coraz\u00f3n de todos los servidores, ser\u00eda como el fuego que mantiene encendido el amor en el coraz\u00f3n de todos los seres y transforma toda rigidez y toda dificultad en simplicidad y levedad\u2026\u201d<\/em><\/p>\n\n\t\t<style type=\"text\/css\">\n\t\t\t#gallery-1 {\n\t\t\t\tmargin: auto;\n\t\t\t}\n\t\t\t#gallery-1 .gallery-item {\n\t\t\t\tfloat: left;\n\t\t\t\tmargin-top: 10px;\n\t\t\t\ttext-align: center;\n\t\t\t\twidth: 50%;\n\t\t\t}\n\t\t\t#gallery-1 img {\n\t\t\t\tborder: 2px solid #cfcfcf;\n\t\t\t}\n\t\t\t#gallery-1 .gallery-caption {\n\t\t\t\tmargin-left: 0;\n\t\t\t}\n\t\t\t\/* see gallery_shortcode() in wp-includes\/media.php *\/\n\t\t<\/style>\n\t\t<div id='gallery-1' class='gallery galleryid-54168 gallery-columns-2 gallery-size-medium'><dl class='gallery-item'>\n\t\t\t<dt class='gallery-icon landscape'>\n\t\t\t\t<a data-rel=\"iLightbox[postimages]\" data-title=\"doacao_rede_luz_sp_comunidade_carapicuiba_3\" data-caption=\"\" href='https:\/\/www.fraterinternacional.org\/wp-content\/uploads\/2017\/05\/doacao_rede_luz_sp_comunidade_carapicuiba_3.jpg'><img decoding=\"async\" width=\"300\" height=\"169\" src=\"https:\/\/www.fraterinternacional.org\/wp-content\/uploads\/2017\/05\/doacao_rede_luz_sp_comunidade_carapicuiba_3-300x169.jpg\" class=\"attachment-medium size-medium\" alt=\"\" srcset=\"https:\/\/www.fraterinternacional.org\/wp-content\/uploads\/2017\/05\/doacao_rede_luz_sp_comunidade_carapicuiba_3-200x112.jpg 200w, https:\/\/www.fraterinternacional.org\/wp-content\/uploads\/2017\/05\/doacao_rede_luz_sp_comunidade_carapicuiba_3-300x169.jpg 300w, https:\/\/www.fraterinternacional.org\/wp-content\/uploads\/2017\/05\/doacao_rede_luz_sp_comunidade_carapicuiba_3-400x225.jpg 400w, https:\/\/www.fraterinternacional.org\/wp-content\/uploads\/2017\/05\/doacao_rede_luz_sp_comunidade_carapicuiba_3-600x337.jpg 600w, https:\/\/www.fraterinternacional.org\/wp-content\/uploads\/2017\/05\/doacao_rede_luz_sp_comunidade_carapicuiba_3.jpg 690w\" sizes=\"(max-width: 300px) 100vw, 300px\" \/><\/a>\n\t\t\t<\/dt><\/dl><dl class='gallery-item'>\n\t\t\t<dt class='gallery-icon landscape'>\n\t\t\t\t<a data-rel=\"iLightbox[postimages]\" data-title=\"doacao_rede_luz_sp_comunidade_carapicuiba_2\" data-caption=\"\" href='https:\/\/www.fraterinternacional.org\/wp-content\/uploads\/2017\/05\/doacao_rede_luz_sp_comunidade_carapicuiba_2.jpg'><img decoding=\"async\" width=\"300\" height=\"169\" src=\"https:\/\/www.fraterinternacional.org\/wp-content\/uploads\/2017\/05\/doacao_rede_luz_sp_comunidade_carapicuiba_2-300x169.jpg\" class=\"attachment-medium size-medium\" alt=\"\" srcset=\"https:\/\/www.fraterinternacional.org\/wp-content\/uploads\/2017\/05\/doacao_rede_luz_sp_comunidade_carapicuiba_2-200x112.jpg 200w, https:\/\/www.fraterinternacional.org\/wp-content\/uploads\/2017\/05\/doacao_rede_luz_sp_comunidade_carapicuiba_2-300x169.jpg 300w, https:\/\/www.fraterinternacional.org\/wp-content\/uploads\/2017\/05\/doacao_rede_luz_sp_comunidade_carapicuiba_2-400x225.jpg 400w, https:\/\/www.fraterinternacional.org\/wp-content\/uploads\/2017\/05\/doacao_rede_luz_sp_comunidade_carapicuiba_2-600x337.jpg 600w, https:\/\/www.fraterinternacional.org\/wp-content\/uploads\/2017\/05\/doacao_rede_luz_sp_comunidade_carapicuiba_2.jpg 690w\" sizes=\"(max-width: 300px) 100vw, 300px\" \/><\/a>\n\t\t\t<\/dt><\/dl><br style=\"clear: both\" \/>\n\t\t<\/div>\n\n<p><a href=\"http:\/\/www.fraterinternacional.org\/wp-content\/uploads\/2017\/05\/doacao_rede_luz_sp_comunidade_carapicuiba_4.jpg\"><img decoding=\"async\" class=\"aligncenter size-medium wp-image-54103\" src=\"http:\/\/www.fraterinternacional.org\/wp-content\/uploads\/2017\/05\/doacao_rede_luz_sp_comunidade_carapicuiba_4-300x169.jpg\" alt=\"\" width=\"300\" height=\"169\" srcset=\"https:\/\/www.fraterinternacional.org\/wp-content\/uploads\/2017\/05\/doacao_rede_luz_sp_comunidade_carapicuiba_4-200x112.jpg 200w, https:\/\/www.fraterinternacional.org\/wp-content\/uploads\/2017\/05\/doacao_rede_luz_sp_comunidade_carapicuiba_4-300x169.jpg 300w, https:\/\/www.fraterinternacional.org\/wp-content\/uploads\/2017\/05\/doacao_rede_luz_sp_comunidade_carapicuiba_4-400x225.jpg 400w, https:\/\/www.fraterinternacional.org\/wp-content\/uploads\/2017\/05\/doacao_rede_luz_sp_comunidade_carapicuiba_4-600x337.jpg 600w, https:\/\/www.fraterinternacional.org\/wp-content\/uploads\/2017\/05\/doacao_rede_luz_sp_comunidade_carapicuiba_4.jpg 690w\" sizes=\"(max-width: 300px) 100vw, 300px\" \/><\/a><\/p>\n","protected":false},"excerpt":{"rendered":"<p>El \u00faltimo jueves, 11 de mayo, el grupo de la Red-Luz Guaruj\u00e1, representando a la Fraternidade \u2013 Federaci\u00f3n Humanitaria Internacional [&hellip;]<\/p>\n","protected":false},"author":11,"featured_media":54105,"comment_status":"closed","ping_status":"closed","sticky":false,"template":"","format":"standard","meta":{"footnotes":""},"categories":[173,120],"tags":[97],"class_list":["post-54168","post","type-post","status-publish","format-standard","has-post-thumbnail","hentry","category-noticia","category-red-luz-es","tag-servicio-humanitario-es"],"yoast_head":"<!-- This site is optimized with the Yoast SEO Premium plugin v21.0 (Yoast SEO v21.0) - https:\/\/yoast.com\/wordpress\/plugins\/seo\/ -->\n<title>Red-Luz, Uniendo Corazones Servidores<\/title>\n<meta name=\"description\" content=\"Grupos Red-Luz se unen y donan alimentos recibidos del programa del Ministerio de Agricultura del Brasil\" \/>\n<meta name=\"robots\" content=\"index, follow, max-snippet:-1, max-image-preview:large, max-video-preview:-1\" \/>\n<link rel=\"canonical\" href=\"https:\/\/www.fraterinternacional.org\/es\/red-luz-uniendo-corazones-servidores\/\" \/>\n<meta property=\"og:locale\" content=\"es_ES\" \/>\n<meta property=\"og:type\" content=\"article\" \/>\n<meta property=\"og:title\" content=\"Red-Luz, Uniendo Corazones Servidores\" \/>\n<meta property=\"og:description\" content=\"Grupos Red-Luz se unen y donan alimentos recibidos del programa del Ministerio de Agricultura del Brasil\" \/>\n<meta property=\"og:url\" content=\"https:\/\/www.fraterinternacional.org\/es\/red-luz-uniendo-corazones-servidores\/\" \/>\n<meta property=\"og:site_name\" content=\"Fraternidade - Federa\u00e7\u00e3o Humanit\u00e1ria Internacional\" \/>\n<meta property=\"article:publisher\" content=\"https:\/\/www.facebook.com\/fraternidadehumanitaria\" \/>\n<meta property=\"article:published_time\" content=\"2017-05-24T17:06:13+00:00\" \/>\n<meta property=\"article:modified_time\" content=\"2017-05-25T21:12:19+00:00\" \/>\n<meta property=\"og:image\" content=\"https:\/\/www.fraterinternacional.org\/wp-content\/uploads\/2017\/05\/doacao_rede_luz_sp_comunidade_carapicuiba_4.jpg\" \/>\n\t<meta property=\"og:image:width\" content=\"690\" \/>\n\t<meta property=\"og:image:height\" content=\"388\" \/>\n\t<meta property=\"og:image:type\" content=\"image\/jpeg\" \/>\n<meta name=\"author\" content=\"Nelson Frater\" \/>\n<meta name=\"twitter:card\" content=\"summary_large_image\" \/>\n<meta name=\"twitter:creator\" content=\"@fraternidadeFHI\" \/>\n<meta name=\"twitter:site\" content=\"@fraternidadeFHI\" \/>\n<meta name=\"twitter:label1\" content=\"Escrito por\" \/>\n\t<meta name=\"twitter:data1\" content=\"Nelson Frater\" \/>\n\t<meta name=\"twitter:label2\" content=\"Tiempo de lectura\" \/>\n\t<meta name=\"twitter:data2\" content=\"2 minutos\" \/>\n<script type=\"application\/ld+json\" class=\"yoast-schema-graph\">{\"@context\":\"https:\/\/schema.org\",\"@graph\":[{\"@type\":\"WebPage\",\"@id\":\"https:\/\/www.fraterinternacional.org\/es\/red-luz-uniendo-corazones-servidores\/\",\"url\":\"https:\/\/www.fraterinternacional.org\/es\/red-luz-uniendo-corazones-servidores\/\",\"name\":\"Red-Luz, Uniendo Corazones Servidores\",\"isPartOf\":{\"@id\":\"https:\/\/www.fraterinternacional.org\/es\/#website\"},\"datePublished\":\"2017-05-24T17:06:13+00:00\",\"dateModified\":\"2017-05-25T21:12:19+00:00\",\"author\":{\"@id\":\"https:\/\/www.fraterinternacional.org\/es\/#\/schema\/person\/facd24ae5f7e6b4ee1aeec7ad1b960ae\"},\"description\":\"Grupos Red-Luz se unen y donan alimentos recibidos del programa del Ministerio de Agricultura del Brasil\",\"breadcrumb\":{\"@id\":\"https:\/\/www.fraterinternacional.org\/es\/red-luz-uniendo-corazones-servidores\/#breadcrumb\"},\"inLanguage\":\"es\",\"potentialAction\":[{\"@type\":\"ReadAction\",\"target\":[\"https:\/\/www.fraterinternacional.org\/es\/red-luz-uniendo-corazones-servidores\/\"]}]},{\"@type\":\"BreadcrumbList\",\"@id\":\"https:\/\/www.fraterinternacional.org\/es\/red-luz-uniendo-corazones-servidores\/#breadcrumb\",\"itemListElement\":[{\"@type\":\"ListItem\",\"position\":1,\"name\":\"In\u00edcio\",\"item\":\"https:\/\/www.fraterinternacional.org\/es\/\"},{\"@type\":\"ListItem\",\"position\":2,\"name\":\"Red-Luz, Uniendo Corazones Servidores\"}]},{\"@type\":\"WebSite\",\"@id\":\"https:\/\/www.fraterinternacional.org\/es\/#website\",\"url\":\"https:\/\/www.fraterinternacional.org\/es\/\",\"name\":\"Fraternidade - Federa\u00e7\u00e3o Humanit\u00e1ria Internacional\",\"description\":\"Fraternidade - Federa\u00e7\u00e3o Humanit\u00e1ria Internacional\",\"potentialAction\":[{\"@type\":\"SearchAction\",\"target\":{\"@type\":\"EntryPoint\",\"urlTemplate\":\"https:\/\/www.fraterinternacional.org\/es\/?s={search_term_string}\"},\"query-input\":\"required name=search_term_string\"}],\"inLanguage\":\"es\"},{\"@type\":\"Person\",\"@id\":\"https:\/\/www.fraterinternacional.org\/es\/#\/schema\/person\/facd24ae5f7e6b4ee1aeec7ad1b960ae\",\"name\":\"Nelson Frater\"}]}<\/script>\n<!-- \/ Yoast SEO Premium plugin. -->","yoast_head_json":{"title":"Red-Luz, Uniendo Corazones Servidores","description":"Grupos Red-Luz se unen y donan alimentos recibidos del programa del Ministerio de Agricultura del Brasil","robots":{"index":"index","follow":"follow","max-snippet":"max-snippet:-1","max-image-preview":"max-image-preview:large","max-video-preview":"max-video-preview:-1"},"canonical":"https:\/\/www.fraterinternacional.org\/es\/red-luz-uniendo-corazones-servidores\/","og_locale":"es_ES","og_type":"article","og_title":"Red-Luz, Uniendo Corazones Servidores","og_description":"Grupos Red-Luz se unen y donan alimentos recibidos del programa del Ministerio de Agricultura del Brasil","og_url":"https:\/\/www.fraterinternacional.org\/es\/red-luz-uniendo-corazones-servidores\/","og_site_name":"Fraternidade - Federa\u00e7\u00e3o Humanit\u00e1ria Internacional","article_publisher":"https:\/\/www.facebook.com\/fraternidadehumanitaria","article_published_time":"2017-05-24T17:06:13+00:00","article_modified_time":"2017-05-25T21:12:19+00:00","og_image":[{"width":"690","height":"388","url":"https:\/\/www.fraterinternacional.org\/wp-content\/uploads\/2017\/05\/doacao_rede_luz_sp_comunidade_carapicuiba_4.jpg","type":"image\/jpeg"}],"author":"Nelson Frater","twitter_card":"summary_large_image","twitter_creator":"@fraternidadeFHI","twitter_site":"@fraternidadeFHI","twitter_misc":{"Escrito por":"Nelson Frater","Tiempo de lectura":"2 minutos"},"schema":{"@context":"https:\/\/schema.org","@graph":[{"@type":"WebPage","@id":"https:\/\/www.fraterinternacional.org\/es\/red-luz-uniendo-corazones-servidores\/","url":"https:\/\/www.fraterinternacional.org\/es\/red-luz-uniendo-corazones-servidores\/","name":"Red-Luz, Uniendo Corazones Servidores","isPartOf":{"@id":"https:\/\/www.fraterinternacional.org\/es\/#website"},"datePublished":"2017-05-24T17:06:13+00:00","dateModified":"2017-05-25T21:12:19+00:00","author":{"@id":"https:\/\/www.fraterinternacional.org\/es\/#\/schema\/person\/facd24ae5f7e6b4ee1aeec7ad1b960ae"},"description":"Grupos Red-Luz se unen y donan alimentos recibidos del programa del Ministerio de Agricultura del Brasil","breadcrumb":{"@id":"https:\/\/www.fraterinternacional.org\/es\/red-luz-uniendo-corazones-servidores\/#breadcrumb"},"inLanguage":"es","potentialAction":[{"@type":"ReadAction","target":["https:\/\/www.fraterinternacional.org\/es\/red-luz-uniendo-corazones-servidores\/"]}]},{"@type":"BreadcrumbList","@id":"https:\/\/www.fraterinternacional.org\/es\/red-luz-uniendo-corazones-servidores\/#breadcrumb","itemListElement":[{"@type":"ListItem","position":1,"name":"In\u00edcio","item":"https:\/\/www.fraterinternacional.org\/es\/"},{"@type":"ListItem","position":2,"name":"Red-Luz, Uniendo Corazones Servidores"}]},{"@type":"WebSite","@id":"https:\/\/www.fraterinternacional.org\/es\/#website","url":"https:\/\/www.fraterinternacional.org\/es\/","name":"Fraternidade - Federa\u00e7\u00e3o Humanit\u00e1ria Internacional","description":"Fraternidade - Federa\u00e7\u00e3o Humanit\u00e1ria Internacional","potentialAction":[{"@type":"SearchAction","target":{"@type":"EntryPoint","urlTemplate":"https:\/\/www.fraterinternacional.org\/es\/?s={search_term_string}"},"query-input":"required name=search_term_string"}],"inLanguage":"es"},{"@type":"Person","@id":"https:\/\/www.fraterinternacional.org\/es\/#\/schema\/person\/facd24ae5f7e6b4ee1aeec7ad1b960ae","name":"Nelson Frater"}]}},"_links":{"self":[{"href":"https:\/\/www.fraterinternacional.org\/es\/wp-json\/wp\/v2\/posts\/54168"}],"collection":[{"href":"https:\/\/www.fraterinternacional.org\/es\/wp-json\/wp\/v2\/posts"}],"about":[{"href":"https:\/\/www.fraterinternacional.org\/es\/wp-json\/wp\/v2\/types\/post"}],"author":[{"embeddable":true,"href":"https:\/\/www.fraterinternacional.org\/es\/wp-json\/wp\/v2\/users\/11"}],"replies":[{"embeddable":true,"href":"https:\/\/www.fraterinternacional.org\/es\/wp-json\/wp\/v2\/comments?post=54168"}],"version-history":[{"count":0,"href":"https:\/\/www.fraterinternacional.org\/es\/wp-json\/wp\/v2\/posts\/54168\/revisions"}],"wp:featuredmedia":[{"embeddable":true,"href":"https:\/\/www.fraterinternacional.org\/es\/wp-json\/wp\/v2\/media\/54105"}],"wp:attachment":[{"href":"https:\/\/www.fraterinternacional.org\/es\/wp-json\/wp\/v2\/media?parent=54168"}],"wp:term":[{"taxonomy":"category","embeddable":true,"href":"https:\/\/www.fraterinternacional.org\/es\/wp-json\/wp\/v2\/categories?post=54168"},{"taxonomy":"post_tag","embeddable":true,"href":"https:\/\/www.fraterinternacional.org\/es\/wp-json\/wp\/v2\/tags?post=54168"}],"curies":[{"name":"wp","href":"https:\/\/api.w.org\/{rel}","templated":true}]}}